{"id":14,"date":"2014-07-04T12:09:31","date_gmt":"2014-07-04T10:09:31","guid":{"rendered":"https:\/\/www.delsofa.es\/faqs-tapiceria\/?p=14"},"modified":"2020-05-07T21:14:39","modified_gmt":"2020-05-07T19:14:39","slug":"sofas-comodos-para-dormir-la-siesta","status":"publish","type":"post","link":"https:\/\/www.delsofa.es\/faqs-tapiceria\/sofas-comodos-para-dormir-la-siesta\/","title":{"rendered":"\u00bfQu\u00e9 sof\u00e1s son los mejores para dormir la siesta, qu\u00e9 caracter\u00edsticas he de buscar?"},"content":{"rendered":"<p style=\"text-align: justify;\">Hoy en d\u00eda <strong>son muchos los extras que puedes a\u00f1adir a un sof\u00e1<\/strong> para darle una mayor sensaci\u00f3n de suavidad, comodidad, relax, descanso\u2026. Puedes ver una explicaci\u00f3n de los m\u00e1s usuales en <a title=\"Extras a a\u00f1adir a un sof\u00e1 en Delsofa.es\" href=\"https:\/\/www.delsofa.es\/distribuciones-y-extras\/mecanismos-y-tapiceria.php\" target=\"_blank\" rel=\"noopener noreferrer\">este enlace<\/a> de la\u00a0secci\u00f3n de Informaci\u00f3n de producto de Delsofa.es.<\/p>\n<p style=\"text-align: justify;\">En el caso que nos consulta Mar\u00eda Jos\u00e9 A. de Almer\u00eda, la elecci\u00f3n de los extras es muy particular, <strong>a cada uno nos gusta dormir la siesta de una forma distinta<\/strong>. Lo que puede ser c\u00f3modo para m\u00ed, quiz\u00e1 no lo sea tanto para t\u00ed. Ya sabes lo que dicen: \u201cSobre gustos no hay nada escrito\u201d. Sin embargo, podemos daros algunos consejos m\u00e1s generales, teniendo en cuenta la solicitud que nos hace nuestra lectora de que sea un sof\u00e1 suave.<\/p>\n<p style=\"text-align: justify;\"><a href=\"https:\/\/www.delsofa.es\/sofa-atila.php\" target=\"_blank\" rel=\"noopener noreferrer\"><img loading=\"lazy\" class=\"aligncenter wp-image-32 size-full\" title=\"El sof\u00e1 Atila es un sof\u00e1 muy c\u00f3modo para dormir la siesta. Ver m\u00e1s en Delsofa.es\" src=\"https:\/\/www.delsofa.es\/faqs-tapiceria\/wp-content\/uploads\/2014\/07\/ATILA_sofa_0_0.jpg\" alt=\"ATILA_sofa_0_0\" width=\"584\" height=\"438\" srcset=\"https:\/\/www.delsofa.es\/faqs-tapiceria\/wp-content\/uploads\/2014\/07\/ATILA_sofa_0_0.jpg 584w, https:\/\/www.delsofa.es\/faqs-tapiceria\/wp-content\/uploads\/2014\/07\/ATILA_sofa_0_0-300x225.jpg 300w\" sizes=\"(max-width: 584px) 100vw, 584px\" \/><\/a><\/p>\n<p style=\"text-align: justify;\">Los\u00a0<strong>sof\u00e1s c\u00f3modos para dormir la siesta\u00a0<\/strong>son aquellos que\u00a0como t\u00fa misma dices son\u00a0suaves, no excesivamente blandos, con el fin de evitar que tengas la sensaci\u00f3n de que te hundes. Lo m\u00e1s adecuado en este caso ser\u00edan <strong>los sof\u00e1s con relleno de goma espuma de alta densidad<\/strong>, como nuestro modelo Atila. Tambi\u00e9n puedes optar por un mixto de este material y de fibras como el l\u00e1tex, la viscoel\u00e1stica. Los rellenos de pluma son m\u00e1s blandos y puedes tener sensaci\u00f3n de hundimiento, por ello no se aconsejan tanto para el acolchado de los asientos.<\/p>\n<p style=\"text-align: justify;\">Otro aspecto muy importante para domir la siesta pl\u00e1cidamente, es asegurarte de que la cabeza est\u00e1 bien y c\u00f3modamente apoyada, en este caso, <strong>lo mejor es que tu sof\u00e1 tenga apoya brazos blandos y su altura sea similar a la de tu almohada<\/strong>, de otra forma distinta, tus cervicales sufrir\u00e1n y te levantar\u00e1s de la siesta con dolor de cuello y espalda. Una sensaci\u00f3n que queremos evitar de todas las formas. La idea es levantarse de la siesta como nuevo.<\/p>\n<p style=\"text-align: justify;\">No sabemos si sois muchos en casa. Si este es tu caso, y cada uno quiere dormir la siesta al mismo tiempo en el sof\u00e1, no te preocupes, la soluci\u00f3n es muy f\u00e1cil. <strong>Compra un sof\u00e1 con asientos deslizantes y respaldos reclinables, con el fin de que todos pod\u00e1is descansar<\/strong> acostados o semiacostados en el sof\u00e1. Esta opci\u00f3n adem\u00e1s te abre la puerta a que cada uno elija la posici\u00f3n que m\u00e1s le guste. Tambi\u00e9n puedes a\u00f1adirle el extra de reposacabezas reclinable que te permitir\u00e1 una posici\u00f3n m\u00e1s saludable para la columna vertebral.<\/p>\n<p style=\"text-align: justify;\">Otra opci\u00f3n es comprar un <strong>sill\u00f3n con mecanismo relax, son incre\u00edbles para dormir la siesta y tendr\u00e1s tu sitio asegurado<\/strong>. En este caso, lo mejor es que elijas uno con distintas posiciones, acostado, semiacostado&#8230;y que no sea excesivamente blando.<\/p>\n<p style=\"text-align: justify;\"><a href=\"https:\/\/www.delsofa.es\/sillon-badem.php\" target=\"_blank\" rel=\"noopener noreferrer\"><img loading=\"lazy\" class=\"aligncenter wp-image-34 size-full\" title=\"El sill\u00f3n de relax Badem es perfecto para dormir la siesta\" src=\"https:\/\/www.delsofa.es\/faqs-tapiceria\/wp-content\/uploads\/2014\/07\/BADEM_sillon_0_0_0.jpg\" alt=\"BADEM_sillon_0_0_0\" width=\"542\" height=\"641\" srcset=\"https:\/\/www.delsofa.es\/faqs-tapiceria\/wp-content\/uploads\/2014\/07\/BADEM_sillon_0_0_0.jpg 542w, https:\/\/www.delsofa.es\/faqs-tapiceria\/wp-content\/uploads\/2014\/07\/BADEM_sillon_0_0_0-253x300.jpg 253w\" sizes=\"(max-width: 542px) 100vw, 542px\" \/><\/a><\/p>\n<p style=\"text-align: justify;\">Por \u00faltimo, hay algunas recomendaciones sobre <strong>medidas que dotan de\u00a0una mayor comodidad al sof\u00e1:<\/strong><\/p>\n<ul>\n<li>Su profundidad debe ser como m\u00ednimo de 90 a 95 cm<\/li>\n<li>Su anchura m\u00ednima en caso de un sof\u00e1 de dos plazas debe ser de 1,60 metros y para tres plazas de 2 metros.<\/li>\n<li>La altura del respaldo oscila entre 80 y 90 cm. Lo m\u00e1s c\u00f3modo para tu espalda es que quede a la altura de la nuca. Tus cervicales no sufrir\u00e1n tanto.<\/li>\n<\/ul>\n<p>Son muchos los estudios y <strong>expertos que recomiendan un peque\u00f1a siesta despu\u00e9s de comer<\/strong>.\u00a0Un sof\u00e1 con extras nos ayudar\u00e1 a que \u00e9sta sea m\u00e1s placentera.<\/p>\n","protected":false},"excerpt":{"rendered":"<p>Hoy en d\u00eda son muchos los extras que puedes a\u00f1adir a un sof\u00e1 para darle una mayor sensaci\u00f3n de suavidad, comodidad, relax, descanso\u2026. Puedes ver una explicaci\u00f3n de los m\u00e1s usuales en este enlace de la\u00a0secci\u00f3n de Informaci\u00f3n de producto &hellip; <a href=\"https:\/\/www.delsofa.es\/faqs-tapiceria\/sofas-comodos-para-dormir-la-siesta\/\">Sigue leyendo <span class=\"meta-nav\">&rarr;<\/span><\/a><\/p>\n","protected":false},"author":3,"featured_media":0,"comment_status":"open","ping_status":"open","sticky":false,"template":"","format":"standard","meta":[],"categories":[2,16],"tags":[17,18,19,20,22,21],"yoast_head":"<!-- This site is optimized with the Yoast SEO plugin v18.6 - https:\/\/yoast.com\/wordpress\/plugins\/seo\/ -->\n<title>\u00bfQu\u00e9 sof\u00e1s son los mejores para dormir la siesta?<\/title>\n<meta name=\"description\" content=\"Te explicamos los extras que deben tener los sof\u00e1s c\u00f3modos para dormir la siesta. Te levantar\u00e1s como nuevo despu\u00e9s del peque\u00f1o descanso.\" \/>\n<meta name=\"robots\" content=\"index, follow, max-snippet:-1, max-image-preview:large, max-video-preview:-1\" \/>\n<link rel=\"canonical\" href=\"https:\/\/www.delsofa.es\/faqs-tapiceria\/sofas-comodos-para-dormir-la-siesta\/\" \/>\n<meta property=\"og:locale\" content=\"es_ES\" \/>\n<meta property=\"og:type\" content=\"article\" \/>\n<meta property=\"og:title\" content=\"\u00bfQu\u00e9 sof\u00e1s son los mejores para dormir la siesta?\" \/>\n<meta property=\"og:description\" content=\"Te explicamos los extras que deben tener los sof\u00e1s c\u00f3modos para dormir la siesta. Te levantar\u00e1s como nuevo despu\u00e9s del peque\u00f1o descanso.\" \/>\n<meta property=\"og:url\" content=\"https:\/\/www.delsofa.es\/faqs-tapiceria\/sofas-comodos-para-dormir-la-siesta\/\" \/>\n<meta property=\"article:publisher\" content=\"http:\/\/www.facebook.com\/delsofaES\" \/>\n<meta property=\"article:published_time\" content=\"2014-07-04T10:09:31+00:00\" \/>\n<meta property=\"article:modified_time\" content=\"2020-05-07T19:14:39+00:00\" \/>\n<meta property=\"og:image\" content=\"https:\/\/www.delsofa.es\/faqs-tapiceria\/wp-content\/uploads\/2014\/07\/ATILA_sofa_0_0.jpg\" \/>\n<meta name=\"twitter:card\" content=\"summary\" \/>\n<meta name=\"twitter:creator\" content=\"@inmolber\" \/>\n<meta name=\"twitter:site\" content=\"@delsofaES\" \/>\n<meta name=\"twitter:label1\" content=\"Escrito por\" \/>\n\t<meta name=\"twitter:data1\" content=\"Inma Molt\u00f3\" \/>\n\t<meta name=\"twitter:label2\" content=\"Tiempo de lectura\" \/>\n\t<meta name=\"twitter:data2\" content=\"3 minutos\" \/>\n<script type=\"application\/ld+json\" class=\"yoast-schema-graph\">{\"@context\":\"https:\/\/schema.org\",\"@graph\":[{\"@type\":\"WebSite\",\"@id\":\"https:\/\/www.delsofa.es\/faqs-tapiceria\/#website\",\"url\":\"https:\/\/www.delsofa.es\/faqs-tapiceria\/\",\"name\":\"\",\"description\":\"\",\"potentialAction\":[{\"@type\":\"SearchAction\",\"target\":{\"@type\":\"EntryPoint\",\"urlTemplate\":\"https:\/\/www.delsofa.es\/faqs-tapiceria\/?s={search_term_string}\"},\"query-input\":\"required name=search_term_string\"}],\"inLanguage\":\"es\"},{\"@type\":\"ImageObject\",\"@id\":\"https:\/\/www.delsofa.es\/faqs-tapiceria\/sofas-comodos-para-dormir-la-siesta\/#primaryimage\",\"inLanguage\":\"es\",\"url\":\"https:\/\/www.delsofa.es\/faqs-tapiceria\/wp-content\/uploads\/2014\/07\/ATILA_sofa_0_0.jpg\",\"contentUrl\":\"https:\/\/www.delsofa.es\/faqs-tapiceria\/wp-content\/uploads\/2014\/07\/ATILA_sofa_0_0.jpg\",\"width\":584,\"height\":438},{\"@type\":\"WebPage\",\"@id\":\"https:\/\/www.delsofa.es\/faqs-tapiceria\/sofas-comodos-para-dormir-la-siesta\/#webpage\",\"url\":\"https:\/\/www.delsofa.es\/faqs-tapiceria\/sofas-comodos-para-dormir-la-siesta\/\",\"name\":\"\u00bfQu\u00e9 sof\u00e1s son los mejores para dormir la siesta?\",\"isPartOf\":{\"@id\":\"https:\/\/www.delsofa.es\/faqs-tapiceria\/#website\"},\"primaryImageOfPage\":{\"@id\":\"https:\/\/www.delsofa.es\/faqs-tapiceria\/sofas-comodos-para-dormir-la-siesta\/#primaryimage\"},\"datePublished\":\"2014-07-04T10:09:31+00:00\",\"dateModified\":\"2020-05-07T19:14:39+00:00\",\"author\":{\"@id\":\"https:\/\/www.delsofa.es\/faqs-tapiceria\/#\/schema\/person\/8273a145ef5425bfb9a1d3ce07f26a93\"},\"description\":\"Te explicamos los extras que deben tener los sof\u00e1s c\u00f3modos para dormir la siesta. Te levantar\u00e1s como nuevo despu\u00e9s del peque\u00f1o descanso.\",\"breadcrumb\":{\"@id\":\"https:\/\/www.delsofa.es\/faqs-tapiceria\/sofas-comodos-para-dormir-la-siesta\/#breadcrumb\"},\"inLanguage\":\"es\",\"potentialAction\":[{\"@type\":\"ReadAction\",\"target\":[\"https:\/\/www.delsofa.es\/faqs-tapiceria\/sofas-comodos-para-dormir-la-siesta\/\"]}]},{\"@type\":\"BreadcrumbList\",\"@id\":\"https:\/\/www.delsofa.es\/faqs-tapiceria\/sofas-comodos-para-dormir-la-siesta\/#breadcrumb\",\"itemListElement\":[{\"@type\":\"ListItem\",\"position\":1,\"name\":\"Home\",\"item\":\"https:\/\/www.delsofa.es\/faqs-tapiceria\/\"},{\"@type\":\"ListItem\",\"position\":2,\"name\":\"\u00bfQu\u00e9 sof\u00e1s son los mejores para dormir la siesta, qu\u00e9 caracter\u00edsticas he de buscar?\"}]},{\"@type\":\"Person\",\"@id\":\"https:\/\/www.delsofa.es\/faqs-tapiceria\/#\/schema\/person\/8273a145ef5425bfb9a1d3ce07f26a93\",\"name\":\"Inma Molt\u00f3\",\"image\":{\"@type\":\"ImageObject\",\"@id\":\"https:\/\/www.delsofa.es\/faqs-tapiceria\/#personlogo\",\"inLanguage\":\"es\",\"url\":\"https:\/\/secure.gravatar.com\/avatar\/e69c6b2b21dfa0b5a19871a01ed7c30b?s=96&d=mm&r=g\",\"contentUrl\":\"https:\/\/secure.gravatar.com\/avatar\/e69c6b2b21dfa0b5a19871a01ed7c30b?s=96&d=mm&r=g\",\"caption\":\"Inma Molt\u00f3\"},\"description\":\"Soy periodista, community manager y formadora en redes sociales. Desde enero de 2013 escribo en el Blog Delsofa y actualmente tambi\u00e9n me encargo de su supervisi\u00f3n. Me encanta todo lo relacionado con el mundo del sof\u00e1. Si quer\u00e9is saber m\u00e1s os dejo mi web: www.periodistasocialmedia.com\",\"sameAs\":[\"http:\/\/www.periodistasocialmedia.com\",\"https:\/\/twitter.com\/inmolber\"],\"url\":\"https:\/\/www.delsofa.es\/faqs-tapiceria\/author\/inmamolto\/\"}]}<\/script>\n<!-- \/ Yoast SEO plugin. -->","yoast_head_json":{"title":"\u00bfQu\u00e9 sof\u00e1s son los mejores para dormir la siesta?","description":"Te explicamos los extras que deben tener los sof\u00e1s c\u00f3modos para dormir la siesta. Te levantar\u00e1s como nuevo despu\u00e9s del peque\u00f1o descanso.","robots":{"index":"index","follow":"follow","max-snippet":"max-snippet:-1","max-image-preview":"max-image-preview:large","max-video-preview":"max-video-preview:-1"},"canonical":"https:\/\/www.delsofa.es\/faqs-tapiceria\/sofas-comodos-para-dormir-la-siesta\/","og_locale":"es_ES","og_type":"article","og_title":"\u00bfQu\u00e9 sof\u00e1s son los mejores para dormir la siesta?","og_description":"Te explicamos los extras que deben tener los sof\u00e1s c\u00f3modos para dormir la siesta. Te levantar\u00e1s como nuevo despu\u00e9s del peque\u00f1o descanso.","og_url":"https:\/\/www.delsofa.es\/faqs-tapiceria\/sofas-comodos-para-dormir-la-siesta\/","article_publisher":"http:\/\/www.facebook.com\/delsofaES","article_published_time":"2014-07-04T10:09:31+00:00","article_modified_time":"2020-05-07T19:14:39+00:00","og_image":[{"url":"https:\/\/www.delsofa.es\/faqs-tapiceria\/wp-content\/uploads\/2014\/07\/ATILA_sofa_0_0.jpg"}],"twitter_card":"summary","twitter_creator":"@inmolber","twitter_site":"@delsofaES","twitter_misc":{"Escrito por":"Inma Molt\u00f3","Tiempo de lectura":"3 minutos"},"schema":{"@context":"https:\/\/schema.org","@graph":[{"@type":"WebSite","@id":"https:\/\/www.delsofa.es\/faqs-tapiceria\/#website","url":"https:\/\/www.delsofa.es\/faqs-tapiceria\/","name":"","description":"","potentialAction":[{"@type":"SearchAction","target":{"@type":"EntryPoint","urlTemplate":"https:\/\/www.delsofa.es\/faqs-tapiceria\/?s={search_term_string}"},"query-input":"required name=search_term_string"}],"inLanguage":"es"},{"@type":"ImageObject","@id":"https:\/\/www.delsofa.es\/faqs-tapiceria\/sofas-comodos-para-dormir-la-siesta\/#primaryimage","inLanguage":"es","url":"https:\/\/www.delsofa.es\/faqs-tapiceria\/wp-content\/uploads\/2014\/07\/ATILA_sofa_0_0.jpg","contentUrl":"https:\/\/www.delsofa.es\/faqs-tapiceria\/wp-content\/uploads\/2014\/07\/ATILA_sofa_0_0.jpg","width":584,"height":438},{"@type":"WebPage","@id":"https:\/\/www.delsofa.es\/faqs-tapiceria\/sofas-comodos-para-dormir-la-siesta\/#webpage","url":"https:\/\/www.delsofa.es\/faqs-tapiceria\/sofas-comodos-para-dormir-la-siesta\/","name":"\u00bfQu\u00e9 sof\u00e1s son los mejores para dormir la siesta?","isPartOf":{"@id":"https:\/\/www.delsofa.es\/faqs-tapiceria\/#website"},"primaryImageOfPage":{"@id":"https:\/\/www.delsofa.es\/faqs-tapiceria\/sofas-comodos-para-dormir-la-siesta\/#primaryimage"},"datePublished":"2014-07-04T10:09:31+00:00","dateModified":"2020-05-07T19:14:39+00:00","author":{"@id":"https:\/\/www.delsofa.es\/faqs-tapiceria\/#\/schema\/person\/8273a145ef5425bfb9a1d3ce07f26a93"},"description":"Te explicamos los extras que deben tener los sof\u00e1s c\u00f3modos para dormir la siesta. Te levantar\u00e1s como nuevo despu\u00e9s del peque\u00f1o descanso.","breadcrumb":{"@id":"https:\/\/www.delsofa.es\/faqs-tapiceria\/sofas-comodos-para-dormir-la-siesta\/#breadcrumb"},"inLanguage":"es","potentialAction":[{"@type":"ReadAction","target":["https:\/\/www.delsofa.es\/faqs-tapiceria\/sofas-comodos-para-dormir-la-siesta\/"]}]},{"@type":"BreadcrumbList","@id":"https:\/\/www.delsofa.es\/faqs-tapiceria\/sofas-comodos-para-dormir-la-siesta\/#breadcrumb","itemListElement":[{"@type":"ListItem","position":1,"name":"Home","item":"https:\/\/www.delsofa.es\/faqs-tapiceria\/"},{"@type":"ListItem","position":2,"name":"\u00bfQu\u00e9 sof\u00e1s son los mejores para dormir la siesta, qu\u00e9 caracter\u00edsticas he de buscar?"}]},{"@type":"Person","@id":"https:\/\/www.delsofa.es\/faqs-tapiceria\/#\/schema\/person\/8273a145ef5425bfb9a1d3ce07f26a93","name":"Inma Molt\u00f3","image":{"@type":"ImageObject","@id":"https:\/\/www.delsofa.es\/faqs-tapiceria\/#personlogo","inLanguage":"es","url":"https:\/\/secure.gravatar.com\/avatar\/e69c6b2b21dfa0b5a19871a01ed7c30b?s=96&d=mm&r=g","contentUrl":"https:\/\/secure.gravatar.com\/avatar\/e69c6b2b21dfa0b5a19871a01ed7c30b?s=96&d=mm&r=g","caption":"Inma Molt\u00f3"},"description":"Soy periodista, community manager y formadora en redes sociales. Desde enero de 2013 escribo en el Blog Delsofa y actualmente tambi\u00e9n me encargo de su supervisi\u00f3n. Me encanta todo lo relacionado con el mundo del sof\u00e1. Si quer\u00e9is saber m\u00e1s os dejo mi web: www.periodistasocialmedia.com","sameAs":["http:\/\/www.periodistasocialmedia.com","https:\/\/twitter.com\/inmolber"],"url":"https:\/\/www.delsofa.es\/faqs-tapiceria\/author\/inmamolto\/"}]}},"amp_enabled":true,"_links":{"self":[{"href":"https:\/\/www.delsofa.es\/faqs-tapiceria\/wp-json\/wp\/v2\/posts\/14"}],"collection":[{"href":"https:\/\/www.delsofa.es\/faqs-tapiceria\/wp-json\/wp\/v2\/posts"}],"about":[{"href":"https:\/\/www.delsofa.es\/faqs-tapiceria\/wp-json\/wp\/v2\/types\/post"}],"author":[{"embeddable":true,"href":"https:\/\/www.delsofa.es\/faqs-tapiceria\/wp-json\/wp\/v2\/users\/3"}],"replies":[{"embeddable":true,"href":"https:\/\/www.delsofa.es\/faqs-tapiceria\/wp-json\/wp\/v2\/comments?post=14"}],"version-history":[{"count":12,"href":"https:\/\/www.delsofa.es\/faqs-tapiceria\/wp-json\/wp\/v2\/posts\/14\/revisions"}],"predecessor-version":[{"id":291,"href":"https:\/\/www.delsofa.es\/faqs-tapiceria\/wp-json\/wp\/v2\/posts\/14\/revisions\/291"}],"wp:attachment":[{"href":"https:\/\/www.delsofa.es\/faqs-tapiceria\/wp-json\/wp\/v2\/media?parent=14"}],"wp:term":[{"taxonomy":"category","embeddable":true,"href":"https:\/\/www.delsofa.es\/faqs-tapiceria\/wp-json\/wp\/v2\/categories?post=14"},{"taxonomy":"post_tag","embeddable":true,"href":"https:\/\/www.delsofa.es\/faqs-tapiceria\/wp-json\/wp\/v2\/tags?post=14"}],"curies":[{"name":"wp","href":"https:\/\/api.w.org\/{rel}","templated":true}]}}