{"id":173,"date":"2014-12-24T16:57:11","date_gmt":"2014-12-24T14:57:11","guid":{"rendered":"https:\/\/www.delsofa.es\/faqs-tapiceria\/?p=173"},"modified":"2015-10-07T14:01:59","modified_gmt":"2015-10-07T12:01:59","slug":"sirve-de-algo-nutrir-con-crema-hidratante-la-polipiel-o-piel-ecologica","status":"publish","type":"post","link":"https:\/\/www.delsofa.es\/faqs-tapiceria\/sirve-de-algo-nutrir-con-crema-hidratante-la-polipiel-o-piel-ecologica\/","title":{"rendered":"Sirve de algo nutrir con crema hidratante la polipiel o piel ecol\u00f3gica"},"content":{"rendered":"<p style=\"text-align: justify;\">Iban nos ha escrito y tiene la siguiente duda:<\/p>\n<p style=\"text-align: justify;\">Tengo un sof\u00e1 de poli piel o piel ecol\u00f3gica de color marr\u00f3n. Con el tiempo, en menos de dos a\u00f1os, la zona donde apoyo la espalda esta muy acartonada, supongo que de sentarme sin camiseta. He probado a <strong>darle crema hidratante<\/strong>, pero no logr\u00f3 solventar el problema. <strong>Temo que se agriete y se rompa<\/strong>. \u00bfC\u00f3mo puedo solucionarlo?<br \/>\nGracias y saludos.<\/p>\n<p style=\"text-align: justify;\">La respuesta o consejo que le ofrecemos es el siguiente:<\/p>\n<p style=\"text-align: justify;\">Hola Iban. Gracias por confiar en nosotros tu duda. El haberte apoyado con la espalda desnuda, muy probablemente habr\u00e1 transmitido algo de humedad a tu sof\u00e1 de polipiel y, esto, de forma reiterativa, puede acartonar y terminar\u00e1 rompiendo el tapizado de tu sof\u00e1.<\/p>\n<p style=\"text-align: justify;\">Si tu sof\u00e1 es de polipiel, esto es, <strong>un derivado del petroleo<\/strong>, y nos preguntas si sirve de algo nutrir con crema hidratante la polipiel o piel ecol\u00f3gica, hemos de responderte que no sirve de nada que lo hidrates, lo siento. <strong>No puedes nutrir algo que no es natural<\/strong>. A veces, se utiliza el t\u00e9rmino \u00abpiel ecol\u00f3gica\u00bb que pueda dar lugar a error: la piel ecol\u00f3gica es <strong>piel no-natural<\/strong>, fabricada con derivados del petroleo: poliester, polietileno&#8230; Se le llama ecol\u00f3gica pues esta piel\u00a0<strong>no provienen como\u00a0consecuencia de la muerte de un animal<\/strong>.<\/p>\n<p style=\"text-align: justify;\">La \u00fanica soluci\u00f3n ser\u00eda <strong>retapizar las zonas da\u00f1adas<\/strong>. Ojo al hacer esto: ten en cuenta que las polipieles en las que retapices pueden no tener exactamente la misma tintada (color) que las que hay hoy en tu sof\u00e1, y en las zonas en donde se junten polipiel nueva y antigua podr\u00e1 apreciarse una diferencia de tonalidad o textura que no te guste.<\/p>\n<p style=\"text-align: justify;\">Por eso, si vas a retapizar un asiento, <strong>te recomiendo que compares una muestra de la nueva polipiel junto a la antigua<\/strong>, para que valores la diferencia de color, y<strong> a ser posible que lo retapices todo<\/strong>, los asientos, los brazos de los asientos y el respaldo. La estructura del sof\u00e1, si no est\u00e1 da\u00f1ada, puedes no cambiarla, Que haya una diferencia entre los asientos, brazos y respaldos con la estructura del sof\u00e1 (trasera y zona junto a los pies), no tiene mucha importancia est\u00e9tica.<br \/>\nAntes de retapizar, claro, pide presupuesto a un tapicero a domicilio, que te pedir\u00e1 fotos de tu pieza y probablemente se tendr\u00e1 que llevar la pieza a su taller para arreglarla.<\/p>\n<p style=\"text-align: justify;\">Suerte y saludos. Gracias por tu consulta.<\/p>\n","protected":false},"excerpt":{"rendered":"<p>Iban nos ha escrito y tiene la siguiente duda: Tengo un sof\u00e1 de poli piel o piel ecol\u00f3gica de color marr\u00f3n. Con el tiempo, en menos de dos a\u00f1os, la zona donde apoyo la espalda esta muy acartonada, supongo que &hellip; <a href=\"https:\/\/www.delsofa.es\/faqs-tapiceria\/sirve-de-algo-nutrir-con-crema-hidratante-la-polipiel-o-piel-ecologica\/\">Sigue leyendo <span class=\"meta-nav\">&rarr;<\/span><\/a><\/p>\n","protected":false},"author":1,"featured_media":0,"comment_status":"open","ping_status":"open","sticky":false,"template":"","format":"standard","meta":[],"categories":[127,126,6],"tags":[131,130,132],"yoast_head":"<!-- This site is optimized with the Yoast SEO plugin v18.6 - https:\/\/yoast.com\/wordpress\/plugins\/seo\/ -->\n<title>Nutrir con crema hidratante la polipiel o piel ecol\u00f3gica.<\/title>\n<meta name=\"description\" content=\"Iban nos cuenta que su sof\u00e1 se est\u00e1 acartonando y nos pregunta si sirve de algo nutrir con crema hidratante la polipiel o piel ecol\u00f3gica.\" \/>\n<meta name=\"robots\" content=\"index, follow, max-snippet:-1, max-image-preview:large, max-video-preview:-1\" \/>\n<link rel=\"canonical\" href=\"https:\/\/www.delsofa.es\/faqs-tapiceria\/sirve-de-algo-nutrir-con-crema-hidratante-la-polipiel-o-piel-ecologica\/\" \/>\n<meta property=\"og:locale\" content=\"es_ES\" \/>\n<meta property=\"og:type\" content=\"article\" \/>\n<meta property=\"og:title\" content=\"Nutrir con crema hidratante la polipiel o piel ecol\u00f3gica.\" \/>\n<meta property=\"og:description\" content=\"Iban nos cuenta que su sof\u00e1 se est\u00e1 acartonando y nos pregunta si sirve de algo nutrir con crema hidratante la polipiel o piel ecol\u00f3gica.\" \/>\n<meta property=\"og:url\" content=\"https:\/\/www.delsofa.es\/faqs-tapiceria\/sirve-de-algo-nutrir-con-crema-hidratante-la-polipiel-o-piel-ecologica\/\" \/>\n<meta property=\"article:publisher\" content=\"http:\/\/www.facebook.com\/delsofaES\" \/>\n<meta property=\"article:author\" content=\"https:\/\/www.facebook.com\/delsofaES\" \/>\n<meta property=\"article:published_time\" content=\"2014-12-24T14:57:11+00:00\" \/>\n<meta property=\"article:modified_time\" content=\"2015-10-07T12:01:59+00:00\" \/>\n<meta name=\"twitter:card\" content=\"summary\" \/>\n<meta name=\"twitter:creator\" content=\"@https:\/\/twitter.com\/delsofaES\" \/>\n<meta name=\"twitter:site\" content=\"@delsofaES\" \/>\n<meta name=\"twitter:label1\" content=\"Escrito por\" \/>\n\t<meta name=\"twitter:data1\" content=\"Asunci\u00f3n\" \/>\n\t<meta name=\"twitter:label2\" content=\"Tiempo de lectura\" \/>\n\t<meta name=\"twitter:data2\" content=\"2 minutos\" \/>\n<script type=\"application\/ld+json\" class=\"yoast-schema-graph\">{\"@context\":\"https:\/\/schema.org\",\"@graph\":[{\"@type\":\"WebSite\",\"@id\":\"https:\/\/www.delsofa.es\/faqs-tapiceria\/#website\",\"url\":\"https:\/\/www.delsofa.es\/faqs-tapiceria\/\",\"name\":\"\",\"description\":\"\",\"potentialAction\":[{\"@type\":\"SearchAction\",\"target\":{\"@type\":\"EntryPoint\",\"urlTemplate\":\"https:\/\/www.delsofa.es\/faqs-tapiceria\/?s={search_term_string}\"},\"query-input\":\"required name=search_term_string\"}],\"inLanguage\":\"es\"},{\"@type\":\"WebPage\",\"@id\":\"https:\/\/www.delsofa.es\/faqs-tapiceria\/sirve-de-algo-nutrir-con-crema-hidratante-la-polipiel-o-piel-ecologica\/#webpage\",\"url\":\"https:\/\/www.delsofa.es\/faqs-tapiceria\/sirve-de-algo-nutrir-con-crema-hidratante-la-polipiel-o-piel-ecologica\/\",\"name\":\"Nutrir con crema hidratante la polipiel o piel ecol\u00f3gica.\",\"isPartOf\":{\"@id\":\"https:\/\/www.delsofa.es\/faqs-tapiceria\/#website\"},\"datePublished\":\"2014-12-24T14:57:11+00:00\",\"dateModified\":\"2015-10-07T12:01:59+00:00\",\"author\":{\"@id\":\"https:\/\/www.delsofa.es\/faqs-tapiceria\/#\/schema\/person\/efb681e2dda10d385e45c163d3f2eebe\"},\"description\":\"Iban nos cuenta que su sof\u00e1 se est\u00e1 acartonando y nos pregunta si sirve de algo nutrir con crema hidratante la polipiel o piel ecol\u00f3gica.\",\"breadcrumb\":{\"@id\":\"https:\/\/www.delsofa.es\/faqs-tapiceria\/sirve-de-algo-nutrir-con-crema-hidratante-la-polipiel-o-piel-ecologica\/#breadcrumb\"},\"inLanguage\":\"es\",\"potentialAction\":[{\"@type\":\"ReadAction\",\"target\":[\"https:\/\/www.delsofa.es\/faqs-tapiceria\/sirve-de-algo-nutrir-con-crema-hidratante-la-polipiel-o-piel-ecologica\/\"]}]},{\"@type\":\"BreadcrumbList\",\"@id\":\"https:\/\/www.delsofa.es\/faqs-tapiceria\/sirve-de-algo-nutrir-con-crema-hidratante-la-polipiel-o-piel-ecologica\/#breadcrumb\",\"itemListElement\":[{\"@type\":\"ListItem\",\"position\":1,\"name\":\"Home\",\"item\":\"https:\/\/www.delsofa.es\/faqs-tapiceria\/\"},{\"@type\":\"ListItem\",\"position\":2,\"name\":\"Sirve de algo nutrir con crema hidratante la polipiel o piel ecol\u00f3gica\"}]},{\"@type\":\"Person\",\"@id\":\"https:\/\/www.delsofa.es\/faqs-tapiceria\/#\/schema\/person\/efb681e2dda10d385e45c163d3f2eebe\",\"name\":\"Asunci\u00f3n\",\"image\":{\"@type\":\"ImageObject\",\"@id\":\"https:\/\/www.delsofa.es\/faqs-tapiceria\/#personlogo\",\"inLanguage\":\"es\",\"url\":\"https:\/\/secure.gravatar.com\/avatar\/d77a8069cf5ffeb5393ca83ef1586c73?s=96&d=mm&r=g\",\"contentUrl\":\"https:\/\/secure.gravatar.com\/avatar\/d77a8069cf5ffeb5393ca83ef1586c73?s=96&d=mm&r=g\",\"caption\":\"Asunci\u00f3n\"},\"description\":\"Ha dedicado su vida a sus dos grandes pasiones, su familia y el interiorismo. En esta \u00faltima parcela lleva m\u00e1s de 30 a\u00f1os, gerenciando el proyecto Muebles Gala Tienda Estudio, en donde ha ayudado a miles de clientes-amigos a hacer realidad la casa de sus sue\u00f1os.\",\"sameAs\":[\"https:\/\/www.delsofa.es\",\"https:\/\/www.facebook.com\/delsofaES\",\"https:\/\/twitter.com\/https:\/\/twitter.com\/delsofaES\"],\"url\":\"https:\/\/www.delsofa.es\/faqs-tapiceria\/author\/admin_bloginternodelsofa\/\"}]}<\/script>\n<!-- \/ Yoast SEO plugin. -->","yoast_head_json":{"title":"Nutrir con crema hidratante la polipiel o piel ecol\u00f3gica.","description":"Iban nos cuenta que su sof\u00e1 se est\u00e1 acartonando y nos pregunta si sirve de algo nutrir con crema hidratante la polipiel o piel ecol\u00f3gica.","robots":{"index":"index","follow":"follow","max-snippet":"max-snippet:-1","max-image-preview":"max-image-preview:large","max-video-preview":"max-video-preview:-1"},"canonical":"https:\/\/www.delsofa.es\/faqs-tapiceria\/sirve-de-algo-nutrir-con-crema-hidratante-la-polipiel-o-piel-ecologica\/","og_locale":"es_ES","og_type":"article","og_title":"Nutrir con crema hidratante la polipiel o piel ecol\u00f3gica.","og_description":"Iban nos cuenta que su sof\u00e1 se est\u00e1 acartonando y nos pregunta si sirve de algo nutrir con crema hidratante la polipiel o piel ecol\u00f3gica.","og_url":"https:\/\/www.delsofa.es\/faqs-tapiceria\/sirve-de-algo-nutrir-con-crema-hidratante-la-polipiel-o-piel-ecologica\/","article_publisher":"http:\/\/www.facebook.com\/delsofaES","article_author":"https:\/\/www.facebook.com\/delsofaES","article_published_time":"2014-12-24T14:57:11+00:00","article_modified_time":"2015-10-07T12:01:59+00:00","twitter_card":"summary","twitter_creator":"@https:\/\/twitter.com\/delsofaES","twitter_site":"@delsofaES","twitter_misc":{"Escrito por":"Asunci\u00f3n","Tiempo de lectura":"2 minutos"},"schema":{"@context":"https:\/\/schema.org","@graph":[{"@type":"WebSite","@id":"https:\/\/www.delsofa.es\/faqs-tapiceria\/#website","url":"https:\/\/www.delsofa.es\/faqs-tapiceria\/","name":"","description":"","potentialAction":[{"@type":"SearchAction","target":{"@type":"EntryPoint","urlTemplate":"https:\/\/www.delsofa.es\/faqs-tapiceria\/?s={search_term_string}"},"query-input":"required name=search_term_string"}],"inLanguage":"es"},{"@type":"WebPage","@id":"https:\/\/www.delsofa.es\/faqs-tapiceria\/sirve-de-algo-nutrir-con-crema-hidratante-la-polipiel-o-piel-ecologica\/#webpage","url":"https:\/\/www.delsofa.es\/faqs-tapiceria\/sirve-de-algo-nutrir-con-crema-hidratante-la-polipiel-o-piel-ecologica\/","name":"Nutrir con crema hidratante la polipiel o piel ecol\u00f3gica.","isPartOf":{"@id":"https:\/\/www.delsofa.es\/faqs-tapiceria\/#website"},"datePublished":"2014-12-24T14:57:11+00:00","dateModified":"2015-10-07T12:01:59+00:00","author":{"@id":"https:\/\/www.delsofa.es\/faqs-tapiceria\/#\/schema\/person\/efb681e2dda10d385e45c163d3f2eebe"},"description":"Iban nos cuenta que su sof\u00e1 se est\u00e1 acartonando y nos pregunta si sirve de algo nutrir con crema hidratante la polipiel o piel ecol\u00f3gica.","breadcrumb":{"@id":"https:\/\/www.delsofa.es\/faqs-tapiceria\/sirve-de-algo-nutrir-con-crema-hidratante-la-polipiel-o-piel-ecologica\/#breadcrumb"},"inLanguage":"es","potentialAction":[{"@type":"ReadAction","target":["https:\/\/www.delsofa.es\/faqs-tapiceria\/sirve-de-algo-nutrir-con-crema-hidratante-la-polipiel-o-piel-ecologica\/"]}]},{"@type":"BreadcrumbList","@id":"https:\/\/www.delsofa.es\/faqs-tapiceria\/sirve-de-algo-nutrir-con-crema-hidratante-la-polipiel-o-piel-ecologica\/#breadcrumb","itemListElement":[{"@type":"ListItem","position":1,"name":"Home","item":"https:\/\/www.delsofa.es\/faqs-tapiceria\/"},{"@type":"ListItem","position":2,"name":"Sirve de algo nutrir con crema hidratante la polipiel o piel ecol\u00f3gica"}]},{"@type":"Person","@id":"https:\/\/www.delsofa.es\/faqs-tapiceria\/#\/schema\/person\/efb681e2dda10d385e45c163d3f2eebe","name":"Asunci\u00f3n","image":{"@type":"ImageObject","@id":"https:\/\/www.delsofa.es\/faqs-tapiceria\/#personlogo","inLanguage":"es","url":"https:\/\/secure.gravatar.com\/avatar\/d77a8069cf5ffeb5393ca83ef1586c73?s=96&d=mm&r=g","contentUrl":"https:\/\/secure.gravatar.com\/avatar\/d77a8069cf5ffeb5393ca83ef1586c73?s=96&d=mm&r=g","caption":"Asunci\u00f3n"},"description":"Ha dedicado su vida a sus dos grandes pasiones, su familia y el interiorismo. En esta \u00faltima parcela lleva m\u00e1s de 30 a\u00f1os, gerenciando el proyecto Muebles Gala Tienda Estudio, en donde ha ayudado a miles de clientes-amigos a hacer realidad la casa de sus sue\u00f1os.","sameAs":["https:\/\/www.delsofa.es","https:\/\/www.facebook.com\/delsofaES","https:\/\/twitter.com\/https:\/\/twitter.com\/delsofaES"],"url":"https:\/\/www.delsofa.es\/faqs-tapiceria\/author\/admin_bloginternodelsofa\/"}]}},"amp_enabled":true,"_links":{"self":[{"href":"https:\/\/www.delsofa.es\/faqs-tapiceria\/wp-json\/wp\/v2\/posts\/173"}],"collection":[{"href":"https:\/\/www.delsofa.es\/faqs-tapiceria\/wp-json\/wp\/v2\/posts"}],"about":[{"href":"https:\/\/www.delsofa.es\/faqs-tapiceria\/wp-json\/wp\/v2\/types\/post"}],"author":[{"embeddable":true,"href":"https:\/\/www.delsofa.es\/faqs-tapiceria\/wp-json\/wp\/v2\/users\/1"}],"replies":[{"embeddable":true,"href":"https:\/\/www.delsofa.es\/faqs-tapiceria\/wp-json\/wp\/v2\/comments?post=173"}],"version-history":[{"count":1,"href":"https:\/\/www.delsofa.es\/faqs-tapiceria\/wp-json\/wp\/v2\/posts\/173\/revisions"}],"predecessor-version":[{"id":174,"href":"https:\/\/www.delsofa.es\/faqs-tapiceria\/wp-json\/wp\/v2\/posts\/173\/revisions\/174"}],"wp:attachment":[{"href":"https:\/\/www.delsofa.es\/faqs-tapiceria\/wp-json\/wp\/v2\/media?parent=173"}],"wp:term":[{"taxonomy":"category","embeddable":true,"href":"https:\/\/www.delsofa.es\/faqs-tapiceria\/wp-json\/wp\/v2\/categories?post=173"},{"taxonomy":"post_tag","embeddable":true,"href":"https:\/\/www.delsofa.es\/faqs-tapiceria\/wp-json\/wp\/v2\/tags?post=173"}],"curies":[{"name":"wp","href":"https:\/\/api.w.org\/{rel}","templated":true}]}}