{"id":51,"date":"2014-07-09T10:27:35","date_gmt":"2014-07-09T08:27:35","guid":{"rendered":"https:\/\/www.delsofa.es\/faqs-tapiceria\/?p=51"},"modified":"2014-07-07T10:27:48","modified_gmt":"2014-07-07T08:27:48","slug":"cuantos-anos-dura-un-sofa-tengo-que-cambiar-la-tapiceria-antes-de-10-anos","status":"publish","type":"post","link":"https:\/\/www.delsofa.es\/faqs-tapiceria\/cuantos-anos-dura-un-sofa-tengo-que-cambiar-la-tapiceria-antes-de-10-anos\/","title":{"rendered":"\u00bfCu\u00e1ntos a\u00f1os dura un sof\u00e1? \u00bfTengo que cambiar la tapicer\u00eda antes de 10 a\u00f1os?"},"content":{"rendered":"<p style=\"text-align: justify;\">Es dif\u00edcil dar una respuesta precisa a la pregunta de cu\u00e1ntos a\u00f1os dura un sof\u00e1. <strong>Su\u00a0vida \u00fatil depende de muchos factores<\/strong>, entre ellos y quiz\u00e1 los que m\u00e1s la determinen sea la calidad de sus materiales y el uso y cuidado que se haga de \u00e9l. Est\u00e1 claro que cuando <strong>un sof\u00e1 est\u00e1 fabricado con materiales de calidad, su duraci\u00f3n ser\u00e1 mayor<\/strong> y cuanto menos expuesto est\u00e9 a situaciones como las inclemencias del tiempo, manchas abrasivas, un uso inapropiado, podremos disfrutar m\u00e1s a\u00f1os de nuestro sof\u00e1. En t\u00e9rminos generales, si un sof\u00e1 es de calidad y est\u00e1 fabricado con materiales duraderos y se hace un buen uso y mantenimiento, <strong>suele tener una vida \u00fatil de unos quince a\u00f1os.<\/strong><\/p>\n<p style=\"text-align: justify;\">Por tanto, respondiendo a la primera pregunta de Santiago G. de Granada, sobre cu\u00e1ntos a\u00f1os dura un sof\u00e1, \u00a0podemos decir que\u00a0el gran factor que los determina es\u00a0el material o materiales usados para su fabricaci\u00f3n. <strong>En un sof\u00e1 podemos distinguir tres partes: estructura o armaz\u00f3n, acolchados o rellenos y tapicer\u00eda<\/strong>. Seg\u00fan los materiales de cada una de ellas, la vida \u00fatil del sof\u00e1 variar\u00e1.<\/p>\n<p style=\"text-align: justify;\"><a href=\"https:\/\/www.delsofa.es\/sofa-rossmery.php\" target=\"_blank\"><img loading=\"lazy\" class=\"aligncenter wp-image-54 size-full\" title=\"Los sof\u00e1s con armaz\u00f3n de madera de pino como el modelo Rossmery son muy duraderos\" src=\"https:\/\/www.delsofa.es\/faqs-tapiceria\/wp-content\/uploads\/2014\/07\/ROSSMERY_sofa_0.jpg\" alt=\"ROSSMERY_sofa_0\" width=\"419\" height=\"259\" srcset=\"https:\/\/www.delsofa.es\/faqs-tapiceria\/wp-content\/uploads\/2014\/07\/ROSSMERY_sofa_0.jpg 419w, https:\/\/www.delsofa.es\/faqs-tapiceria\/wp-content\/uploads\/2014\/07\/ROSSMERY_sofa_0-300x185.jpg 300w\" sizes=\"(max-width: 419px) 100vw, 419px\" \/><\/a><\/p>\n<p style=\"text-align: justify;\">Si nos centramos en la estructura, cuanto m\u00e1s fuerte y resistente sea \u00e9sta, m\u00e1s tiempo disfrutaremos del sof\u00e1. Las m\u00e1s duraderas, como contamos en su d\u00eda en <a href=\"https:\/\/www.delsofa.es\/informacion\/\" target=\"_blank\">este post del blog de Delsof\u00e1<\/a>, son los <strong>armazones fabricados con madera maciza, la de pino o de haya<\/strong>, son las de mejor calidad, pero debes tener en cuenta que en caso de que te mudes mucho y tengas que desmontar el sof\u00e1 y volver a montarlo, si no lo hacen profesionales, puede que alguna pieza quede suelta y la estructura deje de ser compacta, perdiendo su consistencia. En este caso, te recomiendo que optes por un sof\u00e1 de <strong>armaz\u00f3n met\u00e1lico, los de tubo de hierro son tambi\u00e9n muy fuertes y resistentes<\/strong>, pero cuidado, si vives en una zona h\u00fameda, puedes tener problemas con la formaci\u00f3n de \u00f3xido.<\/p>\n<p style=\"text-align: justify;\">Los sof\u00e1s <strong>menos estables y duraderos son los fabricados con armaz\u00f3n de conglomerado de madera<\/strong> o de metales poco resistentes. En este caso aunque el sof\u00e1 sea econ\u00f3mico, no podr\u00e1s disfrutarlo mucho tiempo. Quiz\u00e1 sea una buena opci\u00f3n para casas de alquiler o segundas residencias, pero no te los aconsejamos para el d\u00eda a d\u00eda.<\/p>\n<p style=\"text-align: justify;\"><a href=\"https:\/\/www.delsofa.es\/sofa-troya.php\" target=\"_blank\"><img loading=\"lazy\" class=\"aligncenter wp-image-55\" title=\"Los sof\u00e1s como el modelo Troya, acolchados de espumaci\u00f3n HR recubierta de fibra son muy duraderos.\" src=\"https:\/\/www.delsofa.es\/faqs-tapiceria\/wp-content\/uploads\/2014\/07\/TROYA_sofa_0_0_0.jpg\" alt=\"TROYA_sofa_0_0_0\" width=\"584\" height=\"364\" srcset=\"https:\/\/www.delsofa.es\/faqs-tapiceria\/wp-content\/uploads\/2014\/07\/TROYA_sofa_0_0_0.jpg 640w, https:\/\/www.delsofa.es\/faqs-tapiceria\/wp-content\/uploads\/2014\/07\/TROYA_sofa_0_0_0-300x187.jpg 300w\" sizes=\"(max-width: 584px) 100vw, 584px\" \/><\/a><\/p>\n<p style=\"text-align: justify;\">Adem\u00e1s de la estructura, el relleno o acolchado tambi\u00e9n afecta. Este puede ser en su mayor\u00eda de goma espuma, de pluma, de fibra hueca siliconada o un mixto de estos materiales. Sin duda, <strong>el relleno m\u00e1s duradero es el de goma espuma de alta densidad mezclada con fibras<\/strong>. La pluma tiende a apelmazarse con el uso diario y debes batir las almohadas para que se suelten, adem\u00e1s tendr\u00e1s que rellenarlos con m\u00e1s frecuencia. La goma espuma tambi\u00e9n deber\u00e1s cambiarla cada cierto tiempo, en <a href=\"https:\/\/www.delsofa.es\/informacion\/\" target=\"_blank\">este post<\/a>, te explicamos c\u00f3mo hacerlo.<\/p>\n<p style=\"text-align: justify;\"><a href=\"https:\/\/www.delsofa.es\/sofa-venus.php\" target=\"_blank\"><img loading=\"lazy\" class=\"aligncenter wp-image-56\" title=\"Las tapicer\u00edas de tela con colores sufridos como en el sof\u00e1 Venus son muy duraderas\" src=\"https:\/\/www.delsofa.es\/faqs-tapiceria\/wp-content\/uploads\/2014\/07\/VENUS_chaiselonque_0_0_0.jpg\" alt=\"VENUS_chaiselonque_0_0_0\" width=\"584\" height=\"326\" srcset=\"https:\/\/www.delsofa.es\/faqs-tapiceria\/wp-content\/uploads\/2014\/07\/VENUS_chaiselonque_0_0_0.jpg 650w, https:\/\/www.delsofa.es\/faqs-tapiceria\/wp-content\/uploads\/2014\/07\/VENUS_chaiselonque_0_0_0-300x167.jpg 300w\" sizes=\"(max-width: 584px) 100vw, 584px\" \/><\/a><\/p>\n<p style=\"text-align: justify;\">Por \u00faltimo est\u00e1 la tapicer\u00eda. <strong>Si eliges telas como se suele decir m\u00e1s sufridas, el sof\u00e1 te durar\u00e1 m\u00e1s<\/strong>. Las tapicer\u00edas de piel son m\u00e1s delicadas y necesitan de m\u00e1s cuidados, debes nutrirlas, limpiarlas bien, hacer un uso m\u00e1s cuidadoso del sof\u00e1.<\/p>\n<p style=\"text-align: justify;\">Las tapicer\u00edas de tela son m\u00e1s duraderas, pero aunque hay telas de muy buena calidad y lleves a cabo un buen uso y cuidado del sof\u00e1, <strong>es dif\u00edcil que la tapicer\u00eda dure m\u00e1s de diez a\u00f1os<\/strong>, por lo que tendr\u00e1s que cambiarla por lo menos una vez.<\/p>\n<p style=\"text-align: justify;\">Te dejo un enlace con instrucciones sobre los <a href=\"https:\/\/www.delsofa.es\/informacion\/\" target=\"_blank\">tipos de tela para tapizar el sof\u00e1<\/a> y c\u00f3mo cuidarlos.<\/p>\n","protected":false},"excerpt":{"rendered":"<p>Es dif\u00edcil dar una respuesta precisa a la pregunta de cu\u00e1ntos a\u00f1os dura un sof\u00e1. Su\u00a0vida \u00fatil depende de muchos factores, entre ellos y quiz\u00e1 los que m\u00e1s la determinen sea la calidad de sus materiales y el uso y &hellip; <a href=\"https:\/\/www.delsofa.es\/faqs-tapiceria\/cuantos-anos-dura-un-sofa-tengo-que-cambiar-la-tapiceria-antes-de-10-anos\/\">Sigue leyendo <span class=\"meta-nav\">&rarr;<\/span><\/a><\/p>\n","protected":false},"author":3,"featured_media":0,"comment_status":"open","ping_status":"open","sticky":false,"template":"","format":"standard","meta":[],"categories":[7,8,2,6],"tags":[35,36,37,38,39,40],"yoast_head":"<!-- This site is optimized with the Yoast SEO plugin v18.6 - https:\/\/yoast.com\/wordpress\/plugins\/seo\/ -->\n<title>\u00bfCu\u00e1ntos a\u00f1os dura un sof\u00e1?<\/title>\n<meta name=\"description\" content=\"Saber cu\u00e1ntos a\u00f1os dura un sof\u00e1 depende de muchos factores. Los materiales de la estructura, acolchados y tapicer\u00eda nos dir\u00e1n la vida \u00fatil de la pieza.\" \/>\n<meta name=\"robots\" content=\"index, follow, max-snippet:-1, max-image-preview:large, max-video-preview:-1\" \/>\n<link rel=\"canonical\" href=\"https:\/\/www.delsofa.es\/faqs-tapiceria\/cuantos-anos-dura-un-sofa-tengo-que-cambiar-la-tapiceria-antes-de-10-anos\/\" \/>\n<meta property=\"og:locale\" content=\"es_ES\" \/>\n<meta property=\"og:type\" content=\"article\" \/>\n<meta property=\"og:title\" content=\"\u00bfCu\u00e1ntos a\u00f1os dura un sof\u00e1?\" \/>\n<meta property=\"og:description\" content=\"Saber cu\u00e1ntos a\u00f1os dura un sof\u00e1 depende de muchos factores. Los materiales de la estructura, acolchados y tapicer\u00eda nos dir\u00e1n la vida \u00fatil de la pieza.\" \/>\n<meta property=\"og:url\" content=\"https:\/\/www.delsofa.es\/faqs-tapiceria\/cuantos-anos-dura-un-sofa-tengo-que-cambiar-la-tapiceria-antes-de-10-anos\/\" \/>\n<meta property=\"article:publisher\" content=\"http:\/\/www.facebook.com\/delsofaES\" \/>\n<meta property=\"article:published_time\" content=\"2014-07-09T08:27:35+00:00\" \/>\n<meta property=\"article:modified_time\" content=\"2014-07-07T08:27:48+00:00\" \/>\n<meta property=\"og:image\" content=\"https:\/\/www.delsofa.es\/faqs-tapiceria\/wp-content\/uploads\/2014\/07\/ROSSMERY_sofa_0.jpg\" \/>\n<meta name=\"twitter:card\" content=\"summary\" \/>\n<meta name=\"twitter:creator\" content=\"@inmolber\" \/>\n<meta name=\"twitter:site\" content=\"@delsofaES\" \/>\n<meta name=\"twitter:label1\" content=\"Escrito por\" \/>\n\t<meta name=\"twitter:data1\" content=\"Inma Molt\u00f3\" \/>\n\t<meta name=\"twitter:label2\" content=\"Tiempo de lectura\" \/>\n\t<meta name=\"twitter:data2\" content=\"3 minutos\" \/>\n<script type=\"application\/ld+json\" class=\"yoast-schema-graph\">{\"@context\":\"https:\/\/schema.org\",\"@graph\":[{\"@type\":\"WebSite\",\"@id\":\"https:\/\/www.delsofa.es\/faqs-tapiceria\/#website\",\"url\":\"https:\/\/www.delsofa.es\/faqs-tapiceria\/\",\"name\":\"\",\"description\":\"\",\"potentialAction\":[{\"@type\":\"SearchAction\",\"target\":{\"@type\":\"EntryPoint\",\"urlTemplate\":\"https:\/\/www.delsofa.es\/faqs-tapiceria\/?s={search_term_string}\"},\"query-input\":\"required name=search_term_string\"}],\"inLanguage\":\"es\"},{\"@type\":\"ImageObject\",\"@id\":\"https:\/\/www.delsofa.es\/faqs-tapiceria\/cuantos-anos-dura-un-sofa-tengo-que-cambiar-la-tapiceria-antes-de-10-anos\/#primaryimage\",\"inLanguage\":\"es\",\"url\":\"https:\/\/www.delsofa.es\/faqs-tapiceria\/wp-content\/uploads\/2014\/07\/ROSSMERY_sofa_0.jpg\",\"contentUrl\":\"https:\/\/www.delsofa.es\/faqs-tapiceria\/wp-content\/uploads\/2014\/07\/ROSSMERY_sofa_0.jpg\",\"width\":419,\"height\":259},{\"@type\":\"WebPage\",\"@id\":\"https:\/\/www.delsofa.es\/faqs-tapiceria\/cuantos-anos-dura-un-sofa-tengo-que-cambiar-la-tapiceria-antes-de-10-anos\/#webpage\",\"url\":\"https:\/\/www.delsofa.es\/faqs-tapiceria\/cuantos-anos-dura-un-sofa-tengo-que-cambiar-la-tapiceria-antes-de-10-anos\/\",\"name\":\"\u00bfCu\u00e1ntos a\u00f1os dura un sof\u00e1?\",\"isPartOf\":{\"@id\":\"https:\/\/www.delsofa.es\/faqs-tapiceria\/#website\"},\"primaryImageOfPage\":{\"@id\":\"https:\/\/www.delsofa.es\/faqs-tapiceria\/cuantos-anos-dura-un-sofa-tengo-que-cambiar-la-tapiceria-antes-de-10-anos\/#primaryimage\"},\"datePublished\":\"2014-07-09T08:27:35+00:00\",\"dateModified\":\"2014-07-07T08:27:48+00:00\",\"author\":{\"@id\":\"https:\/\/www.delsofa.es\/faqs-tapiceria\/#\/schema\/person\/8273a145ef5425bfb9a1d3ce07f26a93\"},\"description\":\"Saber cu\u00e1ntos a\u00f1os dura un sof\u00e1 depende de muchos factores. Los materiales de la estructura, acolchados y tapicer\u00eda nos dir\u00e1n la vida \u00fatil de la pieza.\",\"breadcrumb\":{\"@id\":\"https:\/\/www.delsofa.es\/faqs-tapiceria\/cuantos-anos-dura-un-sofa-tengo-que-cambiar-la-tapiceria-antes-de-10-anos\/#breadcrumb\"},\"inLanguage\":\"es\",\"potentialAction\":[{\"@type\":\"ReadAction\",\"target\":[\"https:\/\/www.delsofa.es\/faqs-tapiceria\/cuantos-anos-dura-un-sofa-tengo-que-cambiar-la-tapiceria-antes-de-10-anos\/\"]}]},{\"@type\":\"BreadcrumbList\",\"@id\":\"https:\/\/www.delsofa.es\/faqs-tapiceria\/cuantos-anos-dura-un-sofa-tengo-que-cambiar-la-tapiceria-antes-de-10-anos\/#breadcrumb\",\"itemListElement\":[{\"@type\":\"ListItem\",\"position\":1,\"name\":\"Home\",\"item\":\"https:\/\/www.delsofa.es\/faqs-tapiceria\/\"},{\"@type\":\"ListItem\",\"position\":2,\"name\":\"\u00bfCu\u00e1ntos a\u00f1os dura un sof\u00e1? \u00bfTengo que cambiar la tapicer\u00eda antes de 10 a\u00f1os?\"}]},{\"@type\":\"Person\",\"@id\":\"https:\/\/www.delsofa.es\/faqs-tapiceria\/#\/schema\/person\/8273a145ef5425bfb9a1d3ce07f26a93\",\"name\":\"Inma Molt\u00f3\",\"image\":{\"@type\":\"ImageObject\",\"@id\":\"https:\/\/www.delsofa.es\/faqs-tapiceria\/#personlogo\",\"inLanguage\":\"es\",\"url\":\"https:\/\/secure.gravatar.com\/avatar\/e69c6b2b21dfa0b5a19871a01ed7c30b?s=96&d=mm&r=g\",\"contentUrl\":\"https:\/\/secure.gravatar.com\/avatar\/e69c6b2b21dfa0b5a19871a01ed7c30b?s=96&d=mm&r=g\",\"caption\":\"Inma Molt\u00f3\"},\"description\":\"Soy periodista, community manager y formadora en redes sociales. Desde enero de 2013 escribo en el Blog Delsofa y actualmente tambi\u00e9n me encargo de su supervisi\u00f3n. Me encanta todo lo relacionado con el mundo del sof\u00e1. Si quer\u00e9is saber m\u00e1s os dejo mi web: www.periodistasocialmedia.com\",\"sameAs\":[\"http:\/\/www.periodistasocialmedia.com\",\"https:\/\/twitter.com\/inmolber\"],\"url\":\"https:\/\/www.delsofa.es\/faqs-tapiceria\/author\/inmamolto\/\"}]}<\/script>\n<!-- \/ Yoast SEO plugin. -->","yoast_head_json":{"title":"\u00bfCu\u00e1ntos a\u00f1os dura un sof\u00e1?","description":"Saber cu\u00e1ntos a\u00f1os dura un sof\u00e1 depende de muchos factores. Los materiales de la estructura, acolchados y tapicer\u00eda nos dir\u00e1n la vida \u00fatil de la pieza.","robots":{"index":"index","follow":"follow","max-snippet":"max-snippet:-1","max-image-preview":"max-image-preview:large","max-video-preview":"max-video-preview:-1"},"canonical":"https:\/\/www.delsofa.es\/faqs-tapiceria\/cuantos-anos-dura-un-sofa-tengo-que-cambiar-la-tapiceria-antes-de-10-anos\/","og_locale":"es_ES","og_type":"article","og_title":"\u00bfCu\u00e1ntos a\u00f1os dura un sof\u00e1?","og_description":"Saber cu\u00e1ntos a\u00f1os dura un sof\u00e1 depende de muchos factores. Los materiales de la estructura, acolchados y tapicer\u00eda nos dir\u00e1n la vida \u00fatil de la pieza.","og_url":"https:\/\/www.delsofa.es\/faqs-tapiceria\/cuantos-anos-dura-un-sofa-tengo-que-cambiar-la-tapiceria-antes-de-10-anos\/","article_publisher":"http:\/\/www.facebook.com\/delsofaES","article_published_time":"2014-07-09T08:27:35+00:00","article_modified_time":"2014-07-07T08:27:48+00:00","og_image":[{"url":"https:\/\/www.delsofa.es\/faqs-tapiceria\/wp-content\/uploads\/2014\/07\/ROSSMERY_sofa_0.jpg"}],"twitter_card":"summary","twitter_creator":"@inmolber","twitter_site":"@delsofaES","twitter_misc":{"Escrito por":"Inma Molt\u00f3","Tiempo de lectura":"3 minutos"},"schema":{"@context":"https:\/\/schema.org","@graph":[{"@type":"WebSite","@id":"https:\/\/www.delsofa.es\/faqs-tapiceria\/#website","url":"https:\/\/www.delsofa.es\/faqs-tapiceria\/","name":"","description":"","potentialAction":[{"@type":"SearchAction","target":{"@type":"EntryPoint","urlTemplate":"https:\/\/www.delsofa.es\/faqs-tapiceria\/?s={search_term_string}"},"query-input":"required name=search_term_string"}],"inLanguage":"es"},{"@type":"ImageObject","@id":"https:\/\/www.delsofa.es\/faqs-tapiceria\/cuantos-anos-dura-un-sofa-tengo-que-cambiar-la-tapiceria-antes-de-10-anos\/#primaryimage","inLanguage":"es","url":"https:\/\/www.delsofa.es\/faqs-tapiceria\/wp-content\/uploads\/2014\/07\/ROSSMERY_sofa_0.jpg","contentUrl":"https:\/\/www.delsofa.es\/faqs-tapiceria\/wp-content\/uploads\/2014\/07\/ROSSMERY_sofa_0.jpg","width":419,"height":259},{"@type":"WebPage","@id":"https:\/\/www.delsofa.es\/faqs-tapiceria\/cuantos-anos-dura-un-sofa-tengo-que-cambiar-la-tapiceria-antes-de-10-anos\/#webpage","url":"https:\/\/www.delsofa.es\/faqs-tapiceria\/cuantos-anos-dura-un-sofa-tengo-que-cambiar-la-tapiceria-antes-de-10-anos\/","name":"\u00bfCu\u00e1ntos a\u00f1os dura un sof\u00e1?","isPartOf":{"@id":"https:\/\/www.delsofa.es\/faqs-tapiceria\/#website"},"primaryImageOfPage":{"@id":"https:\/\/www.delsofa.es\/faqs-tapiceria\/cuantos-anos-dura-un-sofa-tengo-que-cambiar-la-tapiceria-antes-de-10-anos\/#primaryimage"},"datePublished":"2014-07-09T08:27:35+00:00","dateModified":"2014-07-07T08:27:48+00:00","author":{"@id":"https:\/\/www.delsofa.es\/faqs-tapiceria\/#\/schema\/person\/8273a145ef5425bfb9a1d3ce07f26a93"},"description":"Saber cu\u00e1ntos a\u00f1os dura un sof\u00e1 depende de muchos factores. Los materiales de la estructura, acolchados y tapicer\u00eda nos dir\u00e1n la vida \u00fatil de la pieza.","breadcrumb":{"@id":"https:\/\/www.delsofa.es\/faqs-tapiceria\/cuantos-anos-dura-un-sofa-tengo-que-cambiar-la-tapiceria-antes-de-10-anos\/#breadcrumb"},"inLanguage":"es","potentialAction":[{"@type":"ReadAction","target":["https:\/\/www.delsofa.es\/faqs-tapiceria\/cuantos-anos-dura-un-sofa-tengo-que-cambiar-la-tapiceria-antes-de-10-anos\/"]}]},{"@type":"BreadcrumbList","@id":"https:\/\/www.delsofa.es\/faqs-tapiceria\/cuantos-anos-dura-un-sofa-tengo-que-cambiar-la-tapiceria-antes-de-10-anos\/#breadcrumb","itemListElement":[{"@type":"ListItem","position":1,"name":"Home","item":"https:\/\/www.delsofa.es\/faqs-tapiceria\/"},{"@type":"ListItem","position":2,"name":"\u00bfCu\u00e1ntos a\u00f1os dura un sof\u00e1? \u00bfTengo que cambiar la tapicer\u00eda antes de 10 a\u00f1os?"}]},{"@type":"Person","@id":"https:\/\/www.delsofa.es\/faqs-tapiceria\/#\/schema\/person\/8273a145ef5425bfb9a1d3ce07f26a93","name":"Inma Molt\u00f3","image":{"@type":"ImageObject","@id":"https:\/\/www.delsofa.es\/faqs-tapiceria\/#personlogo","inLanguage":"es","url":"https:\/\/secure.gravatar.com\/avatar\/e69c6b2b21dfa0b5a19871a01ed7c30b?s=96&d=mm&r=g","contentUrl":"https:\/\/secure.gravatar.com\/avatar\/e69c6b2b21dfa0b5a19871a01ed7c30b?s=96&d=mm&r=g","caption":"Inma Molt\u00f3"},"description":"Soy periodista, community manager y formadora en redes sociales. Desde enero de 2013 escribo en el Blog Delsofa y actualmente tambi\u00e9n me encargo de su supervisi\u00f3n. Me encanta todo lo relacionado con el mundo del sof\u00e1. Si quer\u00e9is saber m\u00e1s os dejo mi web: www.periodistasocialmedia.com","sameAs":["http:\/\/www.periodistasocialmedia.com","https:\/\/twitter.com\/inmolber"],"url":"https:\/\/www.delsofa.es\/faqs-tapiceria\/author\/inmamolto\/"}]}},"amp_enabled":true,"_links":{"self":[{"href":"https:\/\/www.delsofa.es\/faqs-tapiceria\/wp-json\/wp\/v2\/posts\/51"}],"collection":[{"href":"https:\/\/www.delsofa.es\/faqs-tapiceria\/wp-json\/wp\/v2\/posts"}],"about":[{"href":"https:\/\/www.delsofa.es\/faqs-tapiceria\/wp-json\/wp\/v2\/types\/post"}],"author":[{"embeddable":true,"href":"https:\/\/www.delsofa.es\/faqs-tapiceria\/wp-json\/wp\/v2\/users\/3"}],"replies":[{"embeddable":true,"href":"https:\/\/www.delsofa.es\/faqs-tapiceria\/wp-json\/wp\/v2\/comments?post=51"}],"version-history":[{"count":6,"href":"https:\/\/www.delsofa.es\/faqs-tapiceria\/wp-json\/wp\/v2\/posts\/51\/revisions"}],"predecessor-version":[{"id":71,"href":"https:\/\/www.delsofa.es\/faqs-tapiceria\/wp-json\/wp\/v2\/posts\/51\/revisions\/71"}],"wp:attachment":[{"href":"https:\/\/www.delsofa.es\/faqs-tapiceria\/wp-json\/wp\/v2\/media?parent=51"}],"wp:term":[{"taxonomy":"category","embeddable":true,"href":"https:\/\/www.delsofa.es\/faqs-tapiceria\/wp-json\/wp\/v2\/categories?post=51"},{"taxonomy":"post_tag","embeddable":true,"href":"https:\/\/www.delsofa.es\/faqs-tapiceria\/wp-json\/wp\/v2\/tags?post=51"}],"curies":[{"name":"wp","href":"https:\/\/api.w.org\/{rel}","templated":true}]}}