{"id":1228,"date":"2013-10-22T10:34:38","date_gmt":"2013-10-22T10:34:38","guid":{"rendered":"https:\/\/www.delsofa.es\/informacion\/?p=1228"},"modified":"2015-05-12T07:48:06","modified_gmt":"2015-05-12T07:48:06","slug":"un-apartamento-de-barcelona-gana-el-inside-festival-2013","status":"publish","type":"post","link":"https:\/\/www.delsofa.es\/informacion\/un-apartamento-de-barcelona-gana-el-inside-festival-2013\/","title":{"rendered":"Un apartamento de Barcelona gana el Inside Festival 2013"},"content":{"rendered":"<p style=\"text-align: justify;\">El Inside Festival 2013 o <em>World Festival Of Interiors<\/em> es uno de los eventos m\u00e1s importantes y afamados en el mundo de la arquitectura y el dise\u00f1o de interiores. Durante su celebraci\u00f3n se dan a conocer los mejores proyectos de interiorismos del a\u00f1o. En esta edici\u00f3n el premio <strong><em>World Interior of the Year<\/em><\/strong> ha reca\u00eddo en un apartamento situado en Barcelona.<\/p>\n<p style=\"text-align: justify;\">El proyecto de interiorismo de este apartamento situado en la calle Aviny\u00f3 de la ciudad condal ha sido realizado por el estudio de arquitectura londinense <a href=\"http:\/\/www.davidkohn.co.uk\/\" target=\"_blank\">David Kohn Architects<\/a> que <strong>apost\u00f3 por dotar de mayor amplitud al piso<\/strong>, quitando los tabiques interiores.<\/p>\n<p style=\"text-align: justify;\">Como podemos ver en la imagen siguiente, los suelos de baldosa triangulares en rojo y verde, que van variando el color dominante seg\u00fan la estancia, resaltan sobre los altos techos blancos, en los que se opt\u00f3 por mantener la moldura original. Los grandes ventanales permiten que la casa se llene de luz de forma natural. Seg\u00fan el propio art\u00edfice del proyecto, <strong>la idea era imprimir el esp\u00edritu de Barcelona en el interior de la vivienda<\/strong>, con el objeto de hacer un homenaje a la propia ciudad.<\/p>\n<p style=\"text-align: center;\"><img decoding=\"async\" loading=\"lazy\" class=\"aligncenter wp-image-1233 size-full\" title=\"Premio World Interior Of The Year en el Inside Festival\" src=\"https:\/\/www.delsofa.es\/informacion\/wp-content\/uploads\/2013\/10\/world-interiors-barna.jpg\" alt=\"world-interiors-barna\" width=\"540\" height=\"386\" srcset=\"https:\/\/www.delsofa.es\/informacion\/wp-content\/uploads\/2013\/10\/world-interiors-barna.jpg 540w, https:\/\/www.delsofa.es\/informacion\/wp-content\/uploads\/2013\/10\/world-interiors-barna-300x214.jpg 300w, https:\/\/www.delsofa.es\/informacion\/wp-content\/uploads\/2013\/10\/world-interiors-barna-419x300.jpg 419w\" sizes=\"(max-width: 540px) 100vw, 540px\" \/><\/p>\n<p style=\"text-align: justify;\">El presidente del jurado destac\u00f3 esta amplitud de espacios, la simplicidad en la decoraci\u00f3n que, seg\u00fan sus propias palabras, \u201cestimula la curiosidad\u201d. <strong>La magia est\u00e1 presente en todas las estancias<\/strong> que est\u00e1n pensadas para la celebraci\u00f3n y el entretenimiento. Hemos de tener en cuenta que el piso es una casa de vacaciones de dos hermanos que viven entre Hong Kong y Londres.<\/p>\n<p style=\"text-align: justify;\">El proyecto de David Kohn se impuso en su categor\u00eda de mejor interiorismo residencial a los trabajos de <a href=\"http:\/\/www.marciokogan.com.br\/\" target=\"_blank\">Studio MK27<\/a> en una casa de Brasil, de <a href=\"http:\/\/www.k2ld.com\/\" target=\"_blank\">K2LD Architects<\/a> en una residencia de Singapur y del estudio <a href=\"http:\/\/vwbs.co.uk\/\" target=\"_blank\">VW+BS<\/a> en una casa de Reino Unido.<\/p>\n<p style=\"text-align: justify;\">El <a href=\"https:\/\/www.insidefestival.com\/\" target=\"_blank\">Inside Festival<\/a> reconoce cada dos a\u00f1os <strong>los mejores trabajos de interiorismo en las siguientes categor\u00edas<\/strong>: Bares y Restaurantes, Cultura, Display, Educaci\u00f3n, Salud, Hoteles, Oficinas, Centros Comerciales, Tiendas, Transportes y Reestructuraciones creativas. En la edici\u00f3n de este a\u00f1o 2013 se ha celebrado junto al <strong><em>World Architecture Festival<\/em><\/strong>, donde se dio a conocer el <strong>Mejor Edificio del Mundo en 2013<\/strong>, reconocimiento que ha reca\u00eddo en la galer\u00eda de arte Auckland en Nueva Zelanda, que tambi\u00e9n se alz\u00f3 con el galard\u00f3n al mejor interiorismo en la categor\u00eda de Cultura.<\/p>\n<p style=\"text-align: center;\"><img decoding=\"async\" loading=\"lazy\" class=\"aligncenter wp-image-1231 size-full\" title=\"Premio Mejor edificio de 2013 en el Inside Festival\" src=\"https:\/\/www.delsofa.es\/informacion\/wp-content\/uploads\/2013\/10\/best-buiding-aust.jpg\" alt=\"best-buiding-aust\" width=\"540\" height=\"304\" srcset=\"https:\/\/www.delsofa.es\/informacion\/wp-content\/uploads\/2013\/10\/best-buiding-aust.jpg 540w, https:\/\/www.delsofa.es\/informacion\/wp-content\/uploads\/2013\/10\/best-buiding-aust-300x168.jpg 300w, https:\/\/www.delsofa.es\/informacion\/wp-content\/uploads\/2013\/10\/best-buiding-aust-500x281.jpg 500w\" sizes=\"(max-width: 540px) 100vw, 540px\" \/><\/p>\n<p style=\"text-align: justify;\">La galer\u00eda ha sabido tambi\u00e9n aprovechar el id\u00edlico paisaje en el que se encuentra, rodeada de los hermosos \u00e1rboles locales kauri que cubren el <em>Albert Park<\/em>, como vemos en la imagen anterior.<\/p>\n<p style=\"text-align: justify;\">Si quer\u00e9is <strong>saber m\u00e1s sobre todos los premiados y proyectos<\/strong> que quedaron finalistas en esta edici\u00f3n del Inside Festival os recomendamos que ech\u00e9is un vistazo al magn\u00edfico <a href=\"http:\/\/www.dezeen.com\/events\/2013\/inside-festival-2013\/\" target=\"_blank\">especial que ha preparado la revista Dezeen<\/a>, que ha sido uno de los patrocinadores del evento y que nos ha servido de inspiraci\u00f3n para realizar este post.<\/p>\n<p style=\"text-align: justify;\">Adem\u00e1s en su <a href=\"http:\/\/www.pinterest.com\/dezeen\/waf-and-inside-festival-2013\/\" target=\"_blank\">Pinterest<\/a> est\u00e1 disponible un tablero con muchas im\u00e1genes de los edificios y proyectos de interiores premiados. Son aut\u00e9nticas joyas del dise\u00f1o, el interiorismo y la arquitectura. Algunas verdaderamente sorprendentes como el <strong>Jard\u00edn Bot\u00e1nico de Australia<\/strong>\u00a0-que cierra este post-, ganador del <em>World Landscape Of The Year 2013.<\/em><\/p>\n<p style=\"text-align: center;\"><img decoding=\"async\" loading=\"lazy\" class=\"aligncenter wp-image-1232 size-full\" title=\"Premio World Landscape en el Inside Festival\" src=\"https:\/\/www.delsofa.es\/informacion\/wp-content\/uploads\/2013\/10\/Jardin-botanico-aus.jpg\" alt=\"Jardin-botanico-aus\" width=\"540\" height=\"386\" srcset=\"https:\/\/www.delsofa.es\/informacion\/wp-content\/uploads\/2013\/10\/Jardin-botanico-aus.jpg 540w, https:\/\/www.delsofa.es\/informacion\/wp-content\/uploads\/2013\/10\/Jardin-botanico-aus-300x214.jpg 300w, https:\/\/www.delsofa.es\/informacion\/wp-content\/uploads\/2013\/10\/Jardin-botanico-aus-419x300.jpg 419w\" sizes=\"(max-width: 540px) 100vw, 540px\" \/><\/p>\n<p style=\"text-align: justify;\">\n","protected":false},"excerpt":{"rendered":"<p>El Inside Festival 2013 o World Festival Of Interiors es uno de los eventos m\u00e1s importantes y afamados en el mundo de la arquitectura y el dise\u00f1o de interiores. Durante su celebraci\u00f3n se dan a conocer los mejores proyectos de &hellip; <a href=\"https:\/\/www.delsofa.es\/informacion\/un-apartamento-de-barcelona-gana-el-inside-festival-2013\/\">Sigue leyendo <span class=\"meta-nav\">&rarr;<\/span><\/a><\/p>\n","protected":false},"author":3,"featured_media":0,"comment_status":"open","ping_status":"open","sticky":false,"template":"","format":"standard","meta":[],"categories":[4,405],"tags":[146,406,407,1248,409,1247,408,410],"yoast_head":"<!-- This site is optimized with the Yoast SEO plugin v18.6 - https:\/\/yoast.com\/wordpress\/plugins\/seo\/ -->\n<title>Un apartamento de Barcelona gana el Inside Festival 2013<\/title>\n<meta name=\"description\" content=\"La ciudad de Barcelona acoge el apartamento que se ha alzado con el galard\u00f3n World Festival of Interiors, entregado en el Inside Festival 2013.\" \/>\n<meta name=\"robots\" content=\"index, follow, max-snippet:-1, max-image-preview:large, max-video-preview:-1\" \/>\n<link rel=\"canonical\" href=\"https:\/\/www.delsofa.es\/informacion\/un-apartamento-de-barcelona-gana-el-inside-festival-2013\/\" \/>\n<meta name=\"twitter:card\" content=\"summary_large_image\" \/>\n<meta name=\"twitter:title\" content=\"Un apartamento de Barcelona gana el Inside Festival 2013\" \/>\n<meta name=\"twitter:description\" content=\"La ciudad de Barcelona acoge el apartamento que se ha alzado con el galard\u00f3n World Festival of Interiors, entregado en el Inside Festival 2013.\" \/>\n<meta name=\"twitter:image\" content=\"https:\/\/www.delsofa.es\/informacion\/wp-content\/uploads\/2013\/10\/world-interiors-barna.jpg\" \/>\n<meta name=\"twitter:creator\" content=\"@http:\/\/www.twitter.com\/inmolber\" \/>\n<meta name=\"twitter:site\" content=\"@delsofaES\" \/>\n<meta name=\"twitter:label1\" content=\"Escrito por\" \/>\n\t<meta name=\"twitter:data1\" content=\"Inma Molt\u00f3\" \/>\n\t<meta name=\"twitter:label2\" content=\"Tiempo de lectura\" \/>\n\t<meta name=\"twitter:data2\" content=\"3 minutos\" \/>\n<script type=\"application\/ld+json\" class=\"yoast-schema-graph\">{\"@context\":\"https:\/\/schema.org\",\"@graph\":[{\"@type\":\"WebSite\",\"@id\":\"https:\/\/www.delsofa.es\/informacion\/#website\",\"url\":\"https:\/\/www.delsofa.es\/informacion\/\",\"name\":\"\",\"description\":\"\",\"potentialAction\":[{\"@type\":\"SearchAction\",\"target\":{\"@type\":\"EntryPoint\",\"urlTemplate\":\"https:\/\/www.delsofa.es\/informacion\/?s={search_term_string}\"},\"query-input\":\"required name=search_term_string\"}],\"inLanguage\":\"es\"},{\"@type\":\"ImageObject\",\"@id\":\"https:\/\/www.delsofa.es\/informacion\/un-apartamento-de-barcelona-gana-el-inside-festival-2013\/#primaryimage\",\"inLanguage\":\"es\",\"url\":\"https:\/\/www.delsofa.es\/informacion\/wp-content\/uploads\/2013\/10\/world-interiors-barna.jpg\",\"contentUrl\":\"https:\/\/www.delsofa.es\/informacion\/wp-content\/uploads\/2013\/10\/world-interiors-barna.jpg\",\"width\":540,\"height\":386},{\"@type\":\"WebPage\",\"@id\":\"https:\/\/www.delsofa.es\/informacion\/un-apartamento-de-barcelona-gana-el-inside-festival-2013\/#webpage\",\"url\":\"https:\/\/www.delsofa.es\/informacion\/un-apartamento-de-barcelona-gana-el-inside-festival-2013\/\",\"name\":\"Un apartamento de Barcelona gana el Inside Festival 2013\",\"isPartOf\":{\"@id\":\"https:\/\/www.delsofa.es\/informacion\/#website\"},\"primaryImageOfPage\":{\"@id\":\"https:\/\/www.delsofa.es\/informacion\/un-apartamento-de-barcelona-gana-el-inside-festival-2013\/#primaryimage\"},\"datePublished\":\"2013-10-22T10:34:38+00:00\",\"dateModified\":\"2015-05-12T07:48:06+00:00\",\"author\":{\"@id\":\"https:\/\/www.delsofa.es\/informacion\/#\/schema\/person\/904d00808e282031a3b11f51524d259c\"},\"description\":\"La ciudad de Barcelona acoge el apartamento que se ha alzado con el galard\u00f3n World Festival of Interiors, entregado en el Inside Festival 2013.\",\"breadcrumb\":{\"@id\":\"https:\/\/www.delsofa.es\/informacion\/un-apartamento-de-barcelona-gana-el-inside-festival-2013\/#breadcrumb\"},\"inLanguage\":\"es\",\"potentialAction\":[{\"@type\":\"ReadAction\",\"target\":[\"https:\/\/www.delsofa.es\/informacion\/un-apartamento-de-barcelona-gana-el-inside-festival-2013\/\"]}]},{\"@type\":\"BreadcrumbList\",\"@id\":\"https:\/\/www.delsofa.es\/informacion\/un-apartamento-de-barcelona-gana-el-inside-festival-2013\/#breadcrumb\",\"itemListElement\":[{\"@type\":\"ListItem\",\"position\":1,\"name\":\"Portada\",\"item\":\"https:\/\/www.delsofa.es\/informacion\/\"},{\"@type\":\"ListItem\",\"position\":2,\"name\":\"Un apartamento de Barcelona gana el Inside Festival 2013\"}]},{\"@type\":\"Person\",\"@id\":\"https:\/\/www.delsofa.es\/informacion\/#\/schema\/person\/904d00808e282031a3b11f51524d259c\",\"name\":\"Inma Molt\u00f3\",\"image\":{\"@type\":\"ImageObject\",\"@id\":\"https:\/\/www.delsofa.es\/informacion\/#personlogo\",\"inLanguage\":\"es\",\"url\":\"https:\/\/secure.gravatar.com\/avatar\/6411caf208a31a6dd0c4c353341facb7?s=96&d=mm&r=g\",\"contentUrl\":\"https:\/\/secure.gravatar.com\/avatar\/6411caf208a31a6dd0c4c353341facb7?s=96&d=mm&r=g\",\"caption\":\"Inma Molt\u00f3\"},\"description\":\"Soy periodista, community manager y formadora en redes sociales. Desde enero de 2013 escribo en el Blog Delsofa y actualmente tambi\u00e9n me encargo de su supervisi\u00f3n. Me encanta todo lo relacionado con la decoraci\u00f3n y el dise\u00f1o. Si quer\u00e9is saber m\u00e1s os dejo mi web: www.periodistasocialmedia.com\",\"sameAs\":[\"http:\/\/www.periodistasocialmedia.com\",\"https:\/\/twitter.com\/http:\/\/www.twitter.com\/inmolber\"],\"url\":\"https:\/\/www.delsofa.es\/informacion\/author\/inma\/\"}]}<\/script>\n<!-- \/ Yoast SEO plugin. -->","yoast_head_json":{"title":"Un apartamento de Barcelona gana el Inside Festival 2013","description":"La ciudad de Barcelona acoge el apartamento que se ha alzado con el galard\u00f3n World Festival of Interiors, entregado en el Inside Festival 2013.","robots":{"index":"index","follow":"follow","max-snippet":"max-snippet:-1","max-image-preview":"max-image-preview:large","max-video-preview":"max-video-preview:-1"},"canonical":"https:\/\/www.delsofa.es\/informacion\/un-apartamento-de-barcelona-gana-el-inside-festival-2013\/","twitter_card":"summary_large_image","twitter_title":"Un apartamento de Barcelona gana el Inside Festival 2013","twitter_description":"La ciudad de Barcelona acoge el apartamento que se ha alzado con el galard\u00f3n World Festival of Interiors, entregado en el Inside Festival 2013.","twitter_image":"https:\/\/www.delsofa.es\/informacion\/wp-content\/uploads\/2013\/10\/world-interiors-barna.jpg","twitter_creator":"@http:\/\/www.twitter.com\/inmolber","twitter_site":"@delsofaES","twitter_misc":{"Escrito por":"Inma Molt\u00f3","Tiempo de lectura":"3 minutos"},"schema":{"@context":"https:\/\/schema.org","@graph":[{"@type":"WebSite","@id":"https:\/\/www.delsofa.es\/informacion\/#website","url":"https:\/\/www.delsofa.es\/informacion\/","name":"","description":"","potentialAction":[{"@type":"SearchAction","target":{"@type":"EntryPoint","urlTemplate":"https:\/\/www.delsofa.es\/informacion\/?s={search_term_string}"},"query-input":"required name=search_term_string"}],"inLanguage":"es"},{"@type":"ImageObject","@id":"https:\/\/www.delsofa.es\/informacion\/un-apartamento-de-barcelona-gana-el-inside-festival-2013\/#primaryimage","inLanguage":"es","url":"https:\/\/www.delsofa.es\/informacion\/wp-content\/uploads\/2013\/10\/world-interiors-barna.jpg","contentUrl":"https:\/\/www.delsofa.es\/informacion\/wp-content\/uploads\/2013\/10\/world-interiors-barna.jpg","width":540,"height":386},{"@type":"WebPage","@id":"https:\/\/www.delsofa.es\/informacion\/un-apartamento-de-barcelona-gana-el-inside-festival-2013\/#webpage","url":"https:\/\/www.delsofa.es\/informacion\/un-apartamento-de-barcelona-gana-el-inside-festival-2013\/","name":"Un apartamento de Barcelona gana el Inside Festival 2013","isPartOf":{"@id":"https:\/\/www.delsofa.es\/informacion\/#website"},"primaryImageOfPage":{"@id":"https:\/\/www.delsofa.es\/informacion\/un-apartamento-de-barcelona-gana-el-inside-festival-2013\/#primaryimage"},"datePublished":"2013-10-22T10:34:38+00:00","dateModified":"2015-05-12T07:48:06+00:00","author":{"@id":"https:\/\/www.delsofa.es\/informacion\/#\/schema\/person\/904d00808e282031a3b11f51524d259c"},"description":"La ciudad de Barcelona acoge el apartamento que se ha alzado con el galard\u00f3n World Festival of Interiors, entregado en el Inside Festival 2013.","breadcrumb":{"@id":"https:\/\/www.delsofa.es\/informacion\/un-apartamento-de-barcelona-gana-el-inside-festival-2013\/#breadcrumb"},"inLanguage":"es","potentialAction":[{"@type":"ReadAction","target":["https:\/\/www.delsofa.es\/informacion\/un-apartamento-de-barcelona-gana-el-inside-festival-2013\/"]}]},{"@type":"BreadcrumbList","@id":"https:\/\/www.delsofa.es\/informacion\/un-apartamento-de-barcelona-gana-el-inside-festival-2013\/#breadcrumb","itemListElement":[{"@type":"ListItem","position":1,"name":"Portada","item":"https:\/\/www.delsofa.es\/informacion\/"},{"@type":"ListItem","position":2,"name":"Un apartamento de Barcelona gana el Inside Festival 2013"}]},{"@type":"Person","@id":"https:\/\/www.delsofa.es\/informacion\/#\/schema\/person\/904d00808e282031a3b11f51524d259c","name":"Inma Molt\u00f3","image":{"@type":"ImageObject","@id":"https:\/\/www.delsofa.es\/informacion\/#personlogo","inLanguage":"es","url":"https:\/\/secure.gravatar.com\/avatar\/6411caf208a31a6dd0c4c353341facb7?s=96&d=mm&r=g","contentUrl":"https:\/\/secure.gravatar.com\/avatar\/6411caf208a31a6dd0c4c353341facb7?s=96&d=mm&r=g","caption":"Inma Molt\u00f3"},"description":"Soy periodista, community manager y formadora en redes sociales. Desde enero de 2013 escribo en el Blog Delsofa y actualmente tambi\u00e9n me encargo de su supervisi\u00f3n. Me encanta todo lo relacionado con la decoraci\u00f3n y el dise\u00f1o. Si quer\u00e9is saber m\u00e1s os dejo mi web: www.periodistasocialmedia.com","sameAs":["http:\/\/www.periodistasocialmedia.com","https:\/\/twitter.com\/http:\/\/www.twitter.com\/inmolber"],"url":"https:\/\/www.delsofa.es\/informacion\/author\/inma\/"}]}},"amp_enabled":true,"_links":{"self":[{"href":"https:\/\/www.delsofa.es\/informacion\/wp-json\/wp\/v2\/posts\/1228"}],"collection":[{"href":"https:\/\/www.delsofa.es\/informacion\/wp-json\/wp\/v2\/posts"}],"about":[{"href":"https:\/\/www.delsofa.es\/informacion\/wp-json\/wp\/v2\/types\/post"}],"author":[{"embeddable":true,"href":"https:\/\/www.delsofa.es\/informacion\/wp-json\/wp\/v2\/users\/3"}],"replies":[{"embeddable":true,"href":"https:\/\/www.delsofa.es\/informacion\/wp-json\/wp\/v2\/comments?post=1228"}],"version-history":[{"count":8,"href":"https:\/\/www.delsofa.es\/informacion\/wp-json\/wp\/v2\/posts\/1228\/revisions"}],"predecessor-version":[{"id":3868,"href":"https:\/\/www.delsofa.es\/informacion\/wp-json\/wp\/v2\/posts\/1228\/revisions\/3868"}],"wp:attachment":[{"href":"https:\/\/www.delsofa.es\/informacion\/wp-json\/wp\/v2\/media?parent=1228"}],"wp:term":[{"taxonomy":"category","embeddable":true,"href":"https:\/\/www.delsofa.es\/informacion\/wp-json\/wp\/v2\/categories?post=1228"},{"taxonomy":"post_tag","embeddable":true,"href":"https:\/\/www.delsofa.es\/informacion\/wp-json\/wp\/v2\/tags?post=1228"}],"curies":[{"name":"wp","href":"https:\/\/api.w.org\/{rel}","templated":true}]}}