{"id":1539,"date":"2013-12-02T15:33:34","date_gmt":"2013-12-02T15:33:34","guid":{"rendered":"https:\/\/www.delsofa.es\/informacion\/?p=1539"},"modified":"2014-07-30T10:41:12","modified_gmt":"2014-07-30T10:41:12","slug":"decorar-la-mesa-en-navidad-centros-y-gastronomia-se-unen-para-sorprendernos","status":"publish","type":"post","link":"https:\/\/www.delsofa.es\/informacion\/decorar-la-mesa-en-navidad-centros-y-gastronomia-se-unen-para-sorprendernos\/","title":{"rendered":"Decorar la mesa en Navidad: Centros y gastronom\u00eda se unen para sorprendernos"},"content":{"rendered":"<p style=\"text-align: justify;\">Hace unos d\u00edas os habl\u00e9 sobre la\u00a0<a href=\"https:\/\/www.delsofa.es\/informacion\/decoracion-navidena-para-el-salon-es-hora-de-poner-el-arbol-de-navidad\/\" target=\"_blank\">Decoraci\u00f3n navide\u00f1a para el sal\u00f3n<\/a>, en esta segunda parte, y cumpliendo con lo prometido, os voy a dar <strong>ideas para \u201cDecorar la mesa en Navidad\u201d<\/strong>. No solo con toques decorativos sino tambi\u00e9n con toques culinarios. Hay muchos detalles y platos que seguro logran sorprender a vuestr@s invitad@s.<\/p>\n<p style=\"text-align: justify;\">Si no existieran los calendarios, \u00bfC\u00f3mo notar\u00edas que se acerca la Navidad? Si tuviera que responder yo, mi respuesta ser\u00eda clara: \u201ccasta\u00f1as\u201d. Coges tu abrigo, la bufanda, los guantes y bajas a pasear, nada m\u00e1s llegar a la primera plaza concurrida, un aroma a casta\u00f1as asadas te envuelve, un m\u00edtico y caracter\u00edstico olor que emana de ese peque\u00f1o puestecito que a\u00f1o tras a\u00f1o repite en la misma esquina. \u00bfCurioso verdad? Esa es mi se\u00f1al, y creo que <strong>todos tenemos algo que nos despierta el esp\u00edritu navide\u00f1o<\/strong>:\u00a0las primeras luces en las calles, la decoraci\u00f3n de los parques, la primera nevada, el olor de la le\u00f1a quemada, los escaparates ya decorados de los grandes almacenes o incluso alguien en casa que ya pregunta por El \u00c1rbol\u2026<\/p>\n<p style=\"text-align: justify;\"><img decoding=\"async\" loading=\"lazy\" class=\"aligncenter wp-image-3939 size-full\" title=\"Decoraci\u00f3n navide\u00f1a de la mesa de comedor\" src=\"https:\/\/www.delsofa.es\/informacion\/wp-content\/uploads\/2013\/12\/Mesa-en-Navidad.jpg\" alt=\"Mesa-en-Navidad\" width=\"584\" height=\"438\" srcset=\"https:\/\/www.delsofa.es\/informacion\/wp-content\/uploads\/2013\/12\/Mesa-en-Navidad.jpg 584w, https:\/\/www.delsofa.es\/informacion\/wp-content\/uploads\/2013\/12\/Mesa-en-Navidad-300x225.jpg 300w, https:\/\/www.delsofa.es\/informacion\/wp-content\/uploads\/2013\/12\/Mesa-en-Navidad-400x300.jpg 400w\" sizes=\"(max-width: 584px) 100vw, 584px\" \/><\/p>\n<p style=\"text-align: justify;\">Da igual que falten unas semanas y que todav\u00eda no recordemos d\u00f3nde se encuentran las cajas con los adornos del a\u00f1o pasado, que justo en ese momento en el que sentimos que est\u00e1 cerca, nuestra mente empieza a pensar en <strong>qu\u00e9 es lo que vamos a hacer este a\u00f1o<\/strong>, en c\u00f3mo va a ser el \u00e1rbol de Navidad esta vez, en la decoraci\u00f3n de la chimenea, en el jard\u00edn, en las luces del balc\u00f3n y un sinf\u00edn de tareas m\u00e1s. Os propongo:<\/p>\n<p style=\"text-align: justify;\"><span style=\"font-size: 120%; color: #993366;\">Comenzar con la decoraci\u00f3n de la Mesa<\/span><\/p>\n<p style=\"text-align: justify;\">En el sal\u00f3n <strong>la mesa es el centro de todas las miradas<\/strong>, a la hora del recibimiento, en las comidas y en las cenas, por lo que tenemos que \u00abvestirla\u00bb lo mejor posible, y para ello, se hace imprescindible contar con una muy buena y original decoraci\u00f3n.<\/p>\n<p style=\"text-align: justify;\"><img decoding=\"async\" loading=\"lazy\" class=\"aligncenter wp-image-3940 size-full\" title=\"Mesa navide\u00f1a con el morado como color predominante\" src=\"https:\/\/www.delsofa.es\/informacion\/wp-content\/uploads\/2013\/12\/Mesa-navidena-con-el-morado.jpg\" alt=\"Mesa-navidena-con-el-morado\" width=\"584\" height=\"351\" srcset=\"https:\/\/www.delsofa.es\/informacion\/wp-content\/uploads\/2013\/12\/Mesa-navidena-con-el-morado.jpg 584w, https:\/\/www.delsofa.es\/informacion\/wp-content\/uploads\/2013\/12\/Mesa-navidena-con-el-morado-300x180.jpg 300w, https:\/\/www.delsofa.es\/informacion\/wp-content\/uploads\/2013\/12\/Mesa-navidena-con-el-morado-500x300.jpg 500w\" sizes=\"(max-width: 584px) 100vw, 584px\" \/><\/p>\n<p style=\"text-align: justify;\">\u00bfQu\u00e9 te parece esta mesa? Procede del Blog de <a href=\"http:\/\/www.macarenagea.com\/2012\/12\/17\/deco-purple-christmas\/\" target=\"_blank\">Macarenagea.com<\/a>, y sinceramente, me parece <strong>una opci\u00f3n muy original, aunque tambi\u00e9n atrevida<\/strong>, todo hay que decirlo. Quer\u00eda empezar con algo completamente diferente a lo que estamos acostumbrados, con unos colores que se salen de lo habitual en estas fechas, pero que sin embargo, pueden ser <b>la excusa perfecta para aquellos que dese\u00e9is probar algo nuevo este a\u00f1o.<\/b><\/p>\n<p style=\"text-align: justify;\">Se trata de un sal\u00f3n de madera, que probablemente sea el de una peque\u00f1a caba\u00f1a, pero en un piso como el tuyo, donde predomina el blanco o el plateado, tambi\u00e9n ser\u00eda una muy buena opci\u00f3n, incluso mejor que en un entorno r\u00fastico como este. Eso s\u00ed, <strong>aseg\u00farate de que el \u00c1rbol de Navidad sigue el mismo patr\u00f3n de colores<\/strong>.<\/p>\n<p style=\"text-align: center;\"><img decoding=\"async\" loading=\"lazy\" class=\"aligncenter wp-image-1548 size-full\" title=\"Mesa con decoraci\u00f3n navide\u00f1a en blanco coral y dorado\" src=\"https:\/\/www.delsofa.es\/informacion\/wp-content\/uploads\/2013\/11\/Mesa-decorada-navidad-blanco-coral-y-dorado.jpg\" alt=\"Mesa decorada navidad blanco coral y dorado\" width=\"467\" height=\"670\" srcset=\"https:\/\/www.delsofa.es\/informacion\/wp-content\/uploads\/2013\/11\/Mesa-decorada-navidad-blanco-coral-y-dorado.jpg 467w, https:\/\/www.delsofa.es\/informacion\/wp-content\/uploads\/2013\/11\/Mesa-decorada-navidad-blanco-coral-y-dorado-209x300.jpg 209w\" sizes=\"(max-width: 467px) 100vw, 467px\" \/><\/p>\n<p style=\"text-align: justify;\">Ahora voy a dar un giro de 180 grados y me paso <strong>a lo tradicional, a los dorados y los rojos<\/strong>, justo como esta mesa que nos muestra <a href=\"http:\/\/www.vintageandchicblog.com\/\" target=\"_blank\">Vintageandchicblog.com<\/a>, donde se ha optado por aplicar una decoraci\u00f3n muy sencilla y llamativa a su vez, que no renuncia a lo cl\u00e1sico pero que sin embargo, emplea un mantel blanco y negro que permite que el conjunto no quede demasiado recargado. \u00bfQu\u00e9 hubiera pasado si emple\u00e1semos un mantel rojo? En muchas casas es tradici\u00f3n utilizarlo, incluso con a\u00f1adidos en tonos dorados, blancos y\/o verdes. El contraste habr\u00eda sido m\u00e1s fuerte, pero ideal tambi\u00e9n para los amantes de este tipo de combinaciones tan t\u00edpicas en Navidad.<\/p>\n<p style=\"text-align: justify;\">Y siguiendo con lo tradicional, <strong>el color plateado tambi\u00e9n es uno de los m\u00e1s empleados<\/strong>, proporciona sencillez a la vez que elegancia. Son muchas las opciones que tenemos para decorar la mesa en Navidad optando por el plateado como color predominante.<\/p>\n<p style=\"text-align: justify;\"><img decoding=\"async\" loading=\"lazy\" class=\"aligncenter wp-image-3941 size-full\" title=\"Mesa de navidad decorada con blanco y plata\" src=\"https:\/\/www.delsofa.es\/informacion\/wp-content\/uploads\/2013\/12\/Mesa-de-navidad-decorada-co.jpg\" alt=\"Mesa-de-navidad-decorada-co\" width=\"584\" height=\"411\" srcset=\"https:\/\/www.delsofa.es\/informacion\/wp-content\/uploads\/2013\/12\/Mesa-de-navidad-decorada-co.jpg 584w, https:\/\/www.delsofa.es\/informacion\/wp-content\/uploads\/2013\/12\/Mesa-de-navidad-decorada-co-300x211.jpg 300w, https:\/\/www.delsofa.es\/informacion\/wp-content\/uploads\/2013\/12\/Mesa-de-navidad-decorada-co-426x300.jpg 426w\" sizes=\"(max-width: 584px) 100vw, 584px\" \/><\/p>\n<p style=\"text-align: justify;\">En <a href=\"http:\/\/www.decoesfera.com\/varios\/decoracion-de-navidad-como-decorar-la-mesa-de-navidad\" target=\"_blank\">Decoesfera.com<\/a> as\u00ed lo recomiendan, <strong>la mesa del sal\u00f3n con un toque navide\u00f1o a partir del plateado<\/strong>. Aunque solo se vea reflejado en la iluminaci\u00f3n procedente de las ventanas, <b>el azul tambi\u00e9n puede ser un gran aliado<\/b> para componer la mesa. Imagina que alguno de estos detalles decorativos es azul, o las servilletas\u2026 seguro que aportar\u00eda un toque a\u00fan m\u00e1s original.<\/p>\n<p style=\"text-align: justify;\"><span style=\"font-size: 120%; color: #993366;\">Pero una mesa no est\u00e1 lista si no cuenta con un gran centro navide\u00f1o<\/span><\/p>\n<p style=\"text-align: justify;\">Los centros son fant\u00e1sticos, son la esencia de la mesa, sobre todo en Navidad, sin embargo, debemos calcular primero el tama\u00f1o de \u00e9sta, para poder determinar despu\u00e9s sus dimensiones, y as\u00ed no pasarnos ni tampoco quedarnos cortos. Habr\u00e1 <strong>mesas grandes que podr\u00e1n mantener el centro durante las celebraciones<\/strong>, otras tendr\u00e1n que retirarlo para poder dar cabida a lo m\u00e1s importante, la comida. Sea como sea, este a\u00f1o vamos a conseguir darle un placer superior al sentido de la vista, vamos a lograr que antes de sorprender con el men\u00fa, lo hagamos con la decoraci\u00f3n del centro navide\u00f1o.<\/p>\n<p style=\"text-align: justify;\"><img decoding=\"async\" loading=\"lazy\" class=\"aligncenter wp-image-3942 size-full\" title=\"Centro navide\u00f1o con velas y bolas\" src=\"https:\/\/www.delsofa.es\/informacion\/wp-content\/uploads\/2013\/12\/Centro-con-velas-y-guirnald.jpg\" alt=\"Centro-con-velas-y-guirnald\" width=\"584\" height=\"350\" srcset=\"https:\/\/www.delsofa.es\/informacion\/wp-content\/uploads\/2013\/12\/Centro-con-velas-y-guirnald.jpg 584w, https:\/\/www.delsofa.es\/informacion\/wp-content\/uploads\/2013\/12\/Centro-con-velas-y-guirnald-300x179.jpg 300w, https:\/\/www.delsofa.es\/informacion\/wp-content\/uploads\/2013\/12\/Centro-con-velas-y-guirnald-500x300.jpg 500w\" sizes=\"(max-width: 584px) 100vw, 584px\" \/><\/p>\n<p style=\"text-align: justify;\">\u00bfQu\u00e9 te parece esta primera opci\u00f3n? Pertenece a la colecci\u00f3n de <a href=\"http:\/\/www.hogarutil.com\/\" target=\"_blank\">HogarUtil.com<\/a>, y merece ser el primero en destacar por su <strong>sencillez y facilidad de preparaci\u00f3n<\/strong>, apenas necesitaremos de velas, espumill\u00f3n, lazos y bolas para poder fabricarlo. Eso siempre y cuando deseemos crearlo nosotr@s. <b>Los colores los eliges t\u00fa seg\u00fan la decoraci\u00f3n del sal\u00f3n<\/b>, el \u00e1rbol de Navidad y el resto de la mesa, aunque \u00e9ste de la foto, es ideal para muchos tipos de decoraciones.<\/p>\n<p style=\"text-align: justify;\">Y hablando de colores, creo que ha llegado el momento de ofrecer <strong>algo diferente a lo que vemos todos los a\u00f1os<\/strong>, algo como\u2026<\/p>\n<p style=\"text-align: center;\"><img decoding=\"async\" loading=\"lazy\" class=\"aligncenter wp-image-1555 size-full\" title=\"Centro de mesa navide\u00f1o en color fucsia\" src=\"https:\/\/www.delsofa.es\/informacion\/wp-content\/uploads\/2013\/11\/Centro-de-bolas-color-fucsia.jpg\" alt=\"Centro de bolas color fucsia\" width=\"300\" height=\"300\" srcset=\"https:\/\/www.delsofa.es\/informacion\/wp-content\/uploads\/2013\/11\/Centro-de-bolas-color-fucsia.jpg 300w, https:\/\/www.delsofa.es\/informacion\/wp-content\/uploads\/2013\/11\/Centro-de-bolas-color-fucsia-150x150.jpg 150w\" sizes=\"(max-width: 300px) 100vw, 300px\" \/><\/p>\n<p style=\"text-align: justify;\"><strong>El fucsia.<\/strong> S\u00e9 que se trata de un tono arriesgado el que nos ofrece <a href=\"http:\/\/www.decorahoy.com\/\" target=\"_blank\">DecoraHoy<\/a>, que puede que este color no lo tengas presente ni en el \u00e1rbol ni en ning\u00fan otro lugar, pero te dar\u00e9 una pista-consejo: <b>Hay otro color con el que combina a la perfecci\u00f3n, \u00bfLo ves? Exacto<\/b>, <strong>el dorado<\/strong>. Si este a\u00f1o piensas apostar por \u00e9l, contempla este centro para tu mesa, es <strong>sencillo, elegante, no estorba<\/strong> y se puede duplicar o triplicar en cuanto a longitud, ya que es ideal para mesas que son bastante largas. Solo necesitas bolas de este color y hojas de magnolio, pero no te apures si no encuentras un magnolio cerca, pues tambi\u00e9n las hay artificiales o incluso de cualquier otra variedad de planta o \u00e1rbol, <b>solo tienes que asegurarte de que se trata de un tono de verde oscuro<\/b>, para que haga contraste con el propio fucsia y el dorado de las guirnaldas de bolas.<\/p>\n<p style=\"text-align: justify;\"><img decoding=\"async\" loading=\"lazy\" class=\"aligncenter wp-image-3943 size-full\" title=\"Centro de mesa navide\u00f1os con pi\u00f1as, aves y velas \" src=\"https:\/\/www.delsofa.es\/informacion\/wp-content\/uploads\/2013\/12\/Pinas-aves-y-velas-en-tu-me.jpg\" alt=\"Pinas-aves-y-velas-en-tu-me\" width=\"584\" height=\"325\" srcset=\"https:\/\/www.delsofa.es\/informacion\/wp-content\/uploads\/2013\/12\/Pinas-aves-y-velas-en-tu-me.jpg 584w, https:\/\/www.delsofa.es\/informacion\/wp-content\/uploads\/2013\/12\/Pinas-aves-y-velas-en-tu-me-300x166.jpg 300w, https:\/\/www.delsofa.es\/informacion\/wp-content\/uploads\/2013\/12\/Pinas-aves-y-velas-en-tu-me-500x278.jpg 500w\" sizes=\"(max-width: 584px) 100vw, 584px\" \/><\/p>\n<p style=\"text-align: justify;\">No pod\u00eda continuar con mi recomendaci\u00f3n de centros de Navidad sin hacer una aportaci\u00f3n un tanto m\u00e1s original, algo que realmente llame la atenci\u00f3n. \u00bfQu\u00e9 te parece esta propuesta de <a href=\"http:\/\/interiorismos.com\/\" target=\"_blank\">Interiorismos.com<\/a>? <strong>Las pi\u00f1as siempre estar\u00e1n de moda<\/strong>. Realmente llama la atenci\u00f3n, sobre todo por su originalidad, ya que si nos fijamos, apenas hay l\u00edmites en cuanto a su composici\u00f3n, podemos cambiar las aves por lo que queramos, pintar las pi\u00f1as con el color que m\u00e1s nos guste, poner m\u00e1s velas, etc. Recuerda que yo solo te doy la idea, el punto de partida, despu\u00e9s t\u00fa estar\u00e1s al mando de <strong>aportar ese toque personal y original que tu mesa necesita<\/strong>.<\/p>\n<p style=\"text-align: center;\"><img decoding=\"async\" loading=\"lazy\" class=\"aligncenter wp-image-1559 size-full\" title=\"Mesa navide\u00f1a en rojo\" src=\"https:\/\/www.delsofa.es\/informacion\/wp-content\/uploads\/2013\/11\/Una-opci\u00f3n-interesante-para-tu-mesa-si-lo-que-te-gusta-es-el-rojo.jpg\" alt=\"Una opci\u00f3n interesante para tu mesa si lo que te gusta es el rojo\" width=\"437\" height=\"393\" srcset=\"https:\/\/www.delsofa.es\/informacion\/wp-content\/uploads\/2013\/11\/Una-opci\u00f3n-interesante-para-tu-mesa-si-lo-que-te-gusta-es-el-rojo.jpg 437w, https:\/\/www.delsofa.es\/informacion\/wp-content\/uploads\/2013\/11\/Una-opci\u00f3n-interesante-para-tu-mesa-si-lo-que-te-gusta-es-el-rojo-300x269.jpg 300w, https:\/\/www.delsofa.es\/informacion\/wp-content\/uploads\/2013\/11\/Una-opci\u00f3n-interesante-para-tu-mesa-si-lo-que-te-gusta-es-el-rojo-333x300.jpg 333w\" sizes=\"(max-width: 437px) 100vw, 437px\" \/><\/p>\n<p style=\"text-align: justify;\">Observa la imagen de <a href=\"http:\/\/hogartotal.imujer.com\/\" target=\"_blank\">HogarTotal<\/a>, de ella podemos servirnos tanto de la decoraci\u00f3n y el empleo de los colores, como del sencillo centro que se ha dispuesto, <strong>ideal para mesas en las que se busca la elegancia<\/strong>. Dos robustas velas blancas rodeadas de un par de bolas rojas y espumill\u00f3n con tonos a juego con el resto de la mesa, en este caso, rojos y blancos.<\/p>\n<p style=\"text-align: justify;\"><b>Recuerda que <\/b><strong>un centro navide\u00f1o puede ser del tama\u00f1o que desees<\/strong>, aunque nunca deber\u00eda llegar al punto de estorbar, es mejor uno sencillo y elegante, que otro tan voluminoso que termine tapando los platos y la comida.<\/p>\n<p style=\"text-align: justify;\"><span style=\"font-size: 120%; color: #993366;\">Y hablando de comida, \u00bfQu\u00e9 te parece si pasamos a sorprender a trav\u00e9s del est\u00f3mago?<\/span><\/p>\n<p style=\"text-align: justify;\">Ahora que ya tenemos lista la mesa, \u00bfQu\u00e9 vas a cocinar? \u00bfNo estar\u00e1s pensando en repetir el men\u00fa del a\u00f1o pasado verdad? La Navidad tiene un inconveniente; que son muchos d\u00edas festivos y lo m\u00e1s probable es que nuestra mesa y su centro decorado sean el escenario de m\u00e1s de una comida o cena en familia o con amigos. Os propongo <strong>cocinar algo que guste y sea diferente<\/strong> a lo que se suele comer durante el resto del a\u00f1o.<\/p>\n<p style=\"text-align: justify;\">Si te parece, voy a ofrecerte<strong> un par de platos y un postre<\/strong>, seleccionados por un servidor y recomendados para incluir en tu mesa estas Navidades, para que sorprendas. En los enlaces tienes la receta.<\/p>\n<p style=\"text-align: center;\"><img decoding=\"async\" loading=\"lazy\" class=\"aligncenter wp-image-1562 size-full\" title=\"Men\u00fa navide\u00f1o: Ensalada templada de naranja y marl\u00edn\" src=\"https:\/\/www.delsofa.es\/informacion\/wp-content\/uploads\/2013\/11\/Ensalada-templada-de-naranja-y-marl\u00edn.jpg\" alt=\"Ensalada templada de naranja y marl\u00edn\" width=\"480\" height=\"720\" srcset=\"https:\/\/www.delsofa.es\/informacion\/wp-content\/uploads\/2013\/11\/Ensalada-templada-de-naranja-y-marl\u00edn.jpg 480w, https:\/\/www.delsofa.es\/informacion\/wp-content\/uploads\/2013\/11\/Ensalada-templada-de-naranja-y-marl\u00edn-200x300.jpg 200w\" sizes=\"(max-width: 480px) 100vw, 480px\" \/><\/p>\n<p style=\"text-align: justify;\">Para empezar, lo haremos con una <a href=\"http:\/\/webosfritos.es\/2011\/12\/ensalada-templada-de-naranja-y-marlin\/\" target=\"_blank\">Ensalada de naranja y marl\u00edn<\/a>, ligera y de un sabor diferente. \u00bfSabes lo que es el marl\u00edn? Es un pescado, pero si no quer\u00e9is arriesgaros con un sabor nuevo, siempre se podr\u00e1 sustituir por el bacalao ahumado.<\/p>\n<p style=\"text-align: justify;\"><img decoding=\"async\" loading=\"lazy\" class=\"aligncenter wp-image-3944 size-full\" title=\"Men\u00fa navide\u00f1o: Cordero lechal\" src=\"https:\/\/www.delsofa.es\/informacion\/wp-content\/uploads\/2013\/12\/Cordero-lechal.jpg\" alt=\"Cordero-lechal\" width=\"584\" height=\"390\" srcset=\"https:\/\/www.delsofa.es\/informacion\/wp-content\/uploads\/2013\/12\/Cordero-lechal.jpg 584w, https:\/\/www.delsofa.es\/informacion\/wp-content\/uploads\/2013\/12\/Cordero-lechal-300x200.jpg 300w, https:\/\/www.delsofa.es\/informacion\/wp-content\/uploads\/2013\/12\/Cordero-lechal-449x300.jpg 449w\" sizes=\"(max-width: 584px) 100vw, 584px\" \/><\/p>\n<p style=\"text-align: justify;\">Solo con verlo se me hace la boca agua, \u00bfy a vosotr@s? Si sois de carnes, ten\u00e9is que probar este <a href=\"http:\/\/webosfritos.es\/2012\/12\/cordero-lechal-a-baja-temperatura\/\" target=\"_blank\">Cordero Lechal a baja temperatura<\/a>. Mi consejo es que apost\u00e9is por un men\u00fa de carne,\u00a0el pescado es algo m\u00e1s delicado para muchos, aunque igual o m\u00e1s de sabroso para aquellos que saben disfrutarlo. <strong>La carne suele generar mayores aciertos<\/strong> con la mayor\u00eda de asistentes a la cena, aunque todo depender\u00e1 de tus invitados.<\/p>\n<p style=\"text-align: center;\"><img decoding=\"async\" loading=\"lazy\" class=\"aligncenter wp-image-1566 size-large\" title=\"Postre navide\u00f1o: Leche frita de turr\u00f3n\" src=\"https:\/\/www.delsofa.es\/informacion\/wp-content\/uploads\/2013\/11\/Leche-frita-de-turr\u00f3n-1024x682.jpg\" alt=\"Leche frita de turr\u00f3n\" width=\"584\" height=\"388\" srcset=\"https:\/\/www.delsofa.es\/informacion\/wp-content\/uploads\/2013\/11\/Leche-frita-de-turr\u00f3n-1024x682.jpg 1024w, https:\/\/www.delsofa.es\/informacion\/wp-content\/uploads\/2013\/11\/Leche-frita-de-turr\u00f3n-300x200.jpg 300w, https:\/\/www.delsofa.es\/informacion\/wp-content\/uploads\/2013\/11\/Leche-frita-de-turr\u00f3n-450x300.jpg 450w, https:\/\/www.delsofa.es\/informacion\/wp-content\/uploads\/2013\/11\/Leche-frita-de-turr\u00f3n.jpg 1200w\" sizes=\"(max-width: 584px) 100vw, 584px\" \/><\/p>\n<p style=\"text-align: justify;\">No me he podido resistir al ver la imagen, os puedo asegurar que este a\u00f1o voy a hacer todo lo posible por tener este postre en la mesa al menos una vez. <a href=\"http:\/\/webosfritos.es\/2011\/12\/leche-frita-de-turron\/\" target=\"_blank\">Leche frita de turr\u00f3n<\/a>, un plato que no es precisamente el m\u00e1s indicado para mantener la l\u00ednea pero, <strong>en Navidad es bueno entregarse a los placeres de la gastronom\u00eda. \u00a1Un d\u00eda es un d\u00eda!<\/strong><\/p>\n<p style=\"text-align: justify;\">Estas son mis propuestas para decorar la mesa en Navidad, con adornos, centros y lo m\u00e1s importante el men\u00fa. Nos encantar\u00eda conocer las vuestras, os animo a cont\u00e1rnoslas aprovechando el campo de comentarios de este post. Las esperamos.<b><br \/>\n<\/b><\/p>\n","protected":false},"excerpt":{"rendered":"<p>Hace unos d\u00edas os habl\u00e9 sobre la\u00a0Decoraci\u00f3n navide\u00f1a para el sal\u00f3n, en esta segunda parte, y cumpliendo con lo prometido, os voy a dar ideas para \u201cDecorar la mesa en Navidad\u201d. No solo con toques decorativos sino tambi\u00e9n con toques &hellip; <a href=\"https:\/\/www.delsofa.es\/informacion\/decorar-la-mesa-en-navidad-centros-y-gastronomia-se-unen-para-sorprendernos\/\">Sigue leyendo <span class=\"meta-nav\">&rarr;<\/span><\/a><\/p>\n","protected":false},"author":9,"featured_media":0,"comment_status":"open","ping_status":"open","sticky":false,"template":"","format":"standard","meta":[],"categories":[203,16],"tags":[508,505,506,507,504,485,486,503,509,511,488,510],"yoast_head":"<!-- This site is optimized with the Yoast SEO plugin v18.6 - https:\/\/yoast.com\/wordpress\/plugins\/seo\/ -->\n<title>Decorar la mesa en Navidad. Centros y platos sorprendentes<\/title>\n<meta name=\"description\" content=\"Os propongo una serie de ideas para decorar la mesa en Navidad, este a\u00f1o vamos a sorprender a trav\u00e9s de la vista y del est\u00f3mago. \u00bfOs anim\u00e1is?\" \/>\n<meta name=\"robots\" content=\"index, follow, max-snippet:-1, max-image-preview:large, max-video-preview:-1\" \/>\n<link rel=\"canonical\" href=\"https:\/\/www.delsofa.es\/informacion\/decorar-la-mesa-en-navidad-centros-y-gastronomia-se-unen-para-sorprendernos\/\" \/>\n<meta name=\"twitter:card\" content=\"summary_large_image\" \/>\n<meta name=\"twitter:title\" content=\"Decorar la mesa en Navidad. Centros y platos sorprendentes\" \/>\n<meta name=\"twitter:description\" content=\"Os propongo una serie de ideas para decorar la mesa en Navidad, este a\u00f1o vamos a sorprender a trav\u00e9s de la vista y del est\u00f3mago. \u00bfOs anim\u00e1is?\" \/>\n<meta name=\"twitter:image\" content=\"https:\/\/www.delsofa.es\/informacion\/wp-content\/uploads\/2013\/12\/Mesa-en-Navidad.jpg\" \/>\n<meta name=\"twitter:creator\" content=\"@delsofaES\" \/>\n<meta name=\"twitter:site\" content=\"@delsofaES\" \/>\n<meta name=\"twitter:label1\" content=\"Escrito por\" \/>\n\t<meta name=\"twitter:data1\" content=\"Andr\u00e9s Garrido\" \/>\n\t<meta name=\"twitter:label2\" content=\"Tiempo de lectura\" \/>\n\t<meta name=\"twitter:data2\" content=\"9 minutos\" \/>\n<script type=\"application\/ld+json\" class=\"yoast-schema-graph\">{\"@context\":\"https:\/\/schema.org\",\"@graph\":[{\"@type\":\"WebSite\",\"@id\":\"https:\/\/www.delsofa.es\/informacion\/#website\",\"url\":\"https:\/\/www.delsofa.es\/informacion\/\",\"name\":\"\",\"description\":\"\",\"potentialAction\":[{\"@type\":\"SearchAction\",\"target\":{\"@type\":\"EntryPoint\",\"urlTemplate\":\"https:\/\/www.delsofa.es\/informacion\/?s={search_term_string}\"},\"query-input\":\"required name=search_term_string\"}],\"inLanguage\":\"es\"},{\"@type\":\"ImageObject\",\"@id\":\"https:\/\/www.delsofa.es\/informacion\/decorar-la-mesa-en-navidad-centros-y-gastronomia-se-unen-para-sorprendernos\/#primaryimage\",\"inLanguage\":\"es\",\"url\":\"https:\/\/www.delsofa.es\/informacion\/wp-content\/uploads\/2013\/12\/Mesa-en-Navidad.jpg\",\"contentUrl\":\"https:\/\/www.delsofa.es\/informacion\/wp-content\/uploads\/2013\/12\/Mesa-en-Navidad.jpg\",\"width\":584,\"height\":438},{\"@type\":\"WebPage\",\"@id\":\"https:\/\/www.delsofa.es\/informacion\/decorar-la-mesa-en-navidad-centros-y-gastronomia-se-unen-para-sorprendernos\/#webpage\",\"url\":\"https:\/\/www.delsofa.es\/informacion\/decorar-la-mesa-en-navidad-centros-y-gastronomia-se-unen-para-sorprendernos\/\",\"name\":\"Decorar la mesa en Navidad. Centros y platos sorprendentes\",\"isPartOf\":{\"@id\":\"https:\/\/www.delsofa.es\/informacion\/#website\"},\"primaryImageOfPage\":{\"@id\":\"https:\/\/www.delsofa.es\/informacion\/decorar-la-mesa-en-navidad-centros-y-gastronomia-se-unen-para-sorprendernos\/#primaryimage\"},\"datePublished\":\"2013-12-02T15:33:34+00:00\",\"dateModified\":\"2014-07-30T10:41:12+00:00\",\"author\":{\"@id\":\"https:\/\/www.delsofa.es\/informacion\/#\/schema\/person\/fbd66748501b52f725af3e230fb3afb1\"},\"description\":\"Os propongo una serie de ideas para decorar la mesa en Navidad, este a\u00f1o vamos a sorprender a trav\u00e9s de la vista y del est\u00f3mago. \u00bfOs anim\u00e1is?\",\"breadcrumb\":{\"@id\":\"https:\/\/www.delsofa.es\/informacion\/decorar-la-mesa-en-navidad-centros-y-gastronomia-se-unen-para-sorprendernos\/#breadcrumb\"},\"inLanguage\":\"es\",\"potentialAction\":[{\"@type\":\"ReadAction\",\"target\":[\"https:\/\/www.delsofa.es\/informacion\/decorar-la-mesa-en-navidad-centros-y-gastronomia-se-unen-para-sorprendernos\/\"]}]},{\"@type\":\"BreadcrumbList\",\"@id\":\"https:\/\/www.delsofa.es\/informacion\/decorar-la-mesa-en-navidad-centros-y-gastronomia-se-unen-para-sorprendernos\/#breadcrumb\",\"itemListElement\":[{\"@type\":\"ListItem\",\"position\":1,\"name\":\"Portada\",\"item\":\"https:\/\/www.delsofa.es\/informacion\/\"},{\"@type\":\"ListItem\",\"position\":2,\"name\":\"Decorar la mesa en Navidad: Centros y gastronom\u00eda se unen para sorprendernos\"}]},{\"@type\":\"Person\",\"@id\":\"https:\/\/www.delsofa.es\/informacion\/#\/schema\/person\/fbd66748501b52f725af3e230fb3afb1\",\"name\":\"Andr\u00e9s Garrido\",\"image\":{\"@type\":\"ImageObject\",\"@id\":\"https:\/\/www.delsofa.es\/informacion\/#personlogo\",\"inLanguage\":\"es\",\"url\":\"https:\/\/secure.gravatar.com\/avatar\/d46dec6687b3ea5c07ac515483bb7afc?s=96&d=mm&r=g\",\"contentUrl\":\"https:\/\/secure.gravatar.com\/avatar\/d46dec6687b3ea5c07ac515483bb7afc?s=96&d=mm&r=g\",\"caption\":\"Andr\u00e9s Garrido\"},\"description\":\"Redactor e ingeniero inform\u00e1tico en proceso. Me encanta escribir sobre temas como el dise\u00f1o, blogging o el mundo del emprendedor.\",\"url\":\"https:\/\/www.delsofa.es\/informacion\/author\/andres\/\"}]}<\/script>\n<!-- \/ Yoast SEO plugin. -->","yoast_head_json":{"title":"Decorar la mesa en Navidad. Centros y platos sorprendentes","description":"Os propongo una serie de ideas para decorar la mesa en Navidad, este a\u00f1o vamos a sorprender a trav\u00e9s de la vista y del est\u00f3mago. \u00bfOs anim\u00e1is?","robots":{"index":"index","follow":"follow","max-snippet":"max-snippet:-1","max-image-preview":"max-image-preview:large","max-video-preview":"max-video-preview:-1"},"canonical":"https:\/\/www.delsofa.es\/informacion\/decorar-la-mesa-en-navidad-centros-y-gastronomia-se-unen-para-sorprendernos\/","twitter_card":"summary_large_image","twitter_title":"Decorar la mesa en Navidad. Centros y platos sorprendentes","twitter_description":"Os propongo una serie de ideas para decorar la mesa en Navidad, este a\u00f1o vamos a sorprender a trav\u00e9s de la vista y del est\u00f3mago. \u00bfOs anim\u00e1is?","twitter_image":"https:\/\/www.delsofa.es\/informacion\/wp-content\/uploads\/2013\/12\/Mesa-en-Navidad.jpg","twitter_creator":"@delsofaES","twitter_site":"@delsofaES","twitter_misc":{"Escrito por":"Andr\u00e9s Garrido","Tiempo de lectura":"9 minutos"},"schema":{"@context":"https:\/\/schema.org","@graph":[{"@type":"WebSite","@id":"https:\/\/www.delsofa.es\/informacion\/#website","url":"https:\/\/www.delsofa.es\/informacion\/","name":"","description":"","potentialAction":[{"@type":"SearchAction","target":{"@type":"EntryPoint","urlTemplate":"https:\/\/www.delsofa.es\/informacion\/?s={search_term_string}"},"query-input":"required name=search_term_string"}],"inLanguage":"es"},{"@type":"ImageObject","@id":"https:\/\/www.delsofa.es\/informacion\/decorar-la-mesa-en-navidad-centros-y-gastronomia-se-unen-para-sorprendernos\/#primaryimage","inLanguage":"es","url":"https:\/\/www.delsofa.es\/informacion\/wp-content\/uploads\/2013\/12\/Mesa-en-Navidad.jpg","contentUrl":"https:\/\/www.delsofa.es\/informacion\/wp-content\/uploads\/2013\/12\/Mesa-en-Navidad.jpg","width":584,"height":438},{"@type":"WebPage","@id":"https:\/\/www.delsofa.es\/informacion\/decorar-la-mesa-en-navidad-centros-y-gastronomia-se-unen-para-sorprendernos\/#webpage","url":"https:\/\/www.delsofa.es\/informacion\/decorar-la-mesa-en-navidad-centros-y-gastronomia-se-unen-para-sorprendernos\/","name":"Decorar la mesa en Navidad. Centros y platos sorprendentes","isPartOf":{"@id":"https:\/\/www.delsofa.es\/informacion\/#website"},"primaryImageOfPage":{"@id":"https:\/\/www.delsofa.es\/informacion\/decorar-la-mesa-en-navidad-centros-y-gastronomia-se-unen-para-sorprendernos\/#primaryimage"},"datePublished":"2013-12-02T15:33:34+00:00","dateModified":"2014-07-30T10:41:12+00:00","author":{"@id":"https:\/\/www.delsofa.es\/informacion\/#\/schema\/person\/fbd66748501b52f725af3e230fb3afb1"},"description":"Os propongo una serie de ideas para decorar la mesa en Navidad, este a\u00f1o vamos a sorprender a trav\u00e9s de la vista y del est\u00f3mago. \u00bfOs anim\u00e1is?","breadcrumb":{"@id":"https:\/\/www.delsofa.es\/informacion\/decorar-la-mesa-en-navidad-centros-y-gastronomia-se-unen-para-sorprendernos\/#breadcrumb"},"inLanguage":"es","potentialAction":[{"@type":"ReadAction","target":["https:\/\/www.delsofa.es\/informacion\/decorar-la-mesa-en-navidad-centros-y-gastronomia-se-unen-para-sorprendernos\/"]}]},{"@type":"BreadcrumbList","@id":"https:\/\/www.delsofa.es\/informacion\/decorar-la-mesa-en-navidad-centros-y-gastronomia-se-unen-para-sorprendernos\/#breadcrumb","itemListElement":[{"@type":"ListItem","position":1,"name":"Portada","item":"https:\/\/www.delsofa.es\/informacion\/"},{"@type":"ListItem","position":2,"name":"Decorar la mesa en Navidad: Centros y gastronom\u00eda se unen para sorprendernos"}]},{"@type":"Person","@id":"https:\/\/www.delsofa.es\/informacion\/#\/schema\/person\/fbd66748501b52f725af3e230fb3afb1","name":"Andr\u00e9s Garrido","image":{"@type":"ImageObject","@id":"https:\/\/www.delsofa.es\/informacion\/#personlogo","inLanguage":"es","url":"https:\/\/secure.gravatar.com\/avatar\/d46dec6687b3ea5c07ac515483bb7afc?s=96&d=mm&r=g","contentUrl":"https:\/\/secure.gravatar.com\/avatar\/d46dec6687b3ea5c07ac515483bb7afc?s=96&d=mm&r=g","caption":"Andr\u00e9s Garrido"},"description":"Redactor e ingeniero inform\u00e1tico en proceso. Me encanta escribir sobre temas como el dise\u00f1o, blogging o el mundo del emprendedor.","url":"https:\/\/www.delsofa.es\/informacion\/author\/andres\/"}]}},"amp_enabled":true,"_links":{"self":[{"href":"https:\/\/www.delsofa.es\/informacion\/wp-json\/wp\/v2\/posts\/1539"}],"collection":[{"href":"https:\/\/www.delsofa.es\/informacion\/wp-json\/wp\/v2\/posts"}],"about":[{"href":"https:\/\/www.delsofa.es\/informacion\/wp-json\/wp\/v2\/types\/post"}],"author":[{"embeddable":true,"href":"https:\/\/www.delsofa.es\/informacion\/wp-json\/wp\/v2\/users\/9"}],"replies":[{"embeddable":true,"href":"https:\/\/www.delsofa.es\/informacion\/wp-json\/wp\/v2\/comments?post=1539"}],"version-history":[{"count":49,"href":"https:\/\/www.delsofa.es\/informacion\/wp-json\/wp\/v2\/posts\/1539\/revisions"}],"predecessor-version":[{"id":3946,"href":"https:\/\/www.delsofa.es\/informacion\/wp-json\/wp\/v2\/posts\/1539\/revisions\/3946"}],"wp:attachment":[{"href":"https:\/\/www.delsofa.es\/informacion\/wp-json\/wp\/v2\/media?parent=1539"}],"wp:term":[{"taxonomy":"category","embeddable":true,"href":"https:\/\/www.delsofa.es\/informacion\/wp-json\/wp\/v2\/categories?post=1539"},{"taxonomy":"post_tag","embeddable":true,"href":"https:\/\/www.delsofa.es\/informacion\/wp-json\/wp\/v2\/tags?post=1539"}],"curies":[{"name":"wp","href":"https:\/\/api.w.org\/{rel}","templated":true}]}}