{"id":1582,"date":"2013-12-05T12:38:29","date_gmt":"2013-12-05T12:38:29","guid":{"rendered":"https:\/\/www.delsofa.es\/informacion\/?p=1582"},"modified":"2020-05-07T19:18:05","modified_gmt":"2020-05-07T19:18:05","slug":"sofas-con-arcon-en-delsofa-es","status":"publish","type":"post","link":"https:\/\/www.delsofa.es\/informacion\/sofas-con-arcon-en-delsofa-es\/","title":{"rendered":"Sof\u00e1s con arc\u00f3n, un extra de espacio y comodidad"},"content":{"rendered":"<p style=\"text-align: justify;\">Una de las preocupaciones de muchos hogares es <strong>c\u00f3mo conseguir m\u00e1s espacio en el sal\u00f3n<\/strong>. Nos encontramos con la controversia de no querer sacrificar la est\u00e9tica de la estancia, sobrecarg\u00e1ndola de muebles, pero al mismo tiempo, tenemos la necesidad de m\u00e1s capacidad de almacenamiento, para guardar almohadas, mantas&#8230; En este post te propongo la soluci\u00f3n, los sof\u00e1s con arc\u00f3n.<\/p>\n<p style=\"text-align: justify;\">Si quieres <strong>aprovechar mejor el espacio de tu sal\u00f3n<\/strong>, una idea que est\u00e1 ahora muy de moda son los sof\u00e1s con arc\u00f3n. Se trata de muebles c\u00f3modos con asientos abatibles que nos proporcionan algunos metros m\u00e1s para que guardes lo que quieras. As\u00ed puedes almacenar las mantas del sof\u00e1, los bultos del d\u00eda a d\u00eda y echar mano de todo con facilidad a la hora de disfrutar del sal\u00f3n.<\/p>\n<p style=\"text-align: justify;\">En este art\u00edculo os voy a mostrar tres modelos de sof\u00e1 con arc\u00f3n que est\u00e1n disponibles en la tienda online\u00a0<a href=\"https:\/\/www.delsofa.es?utm_source=smm&amp;utm_medium=linkb&amp;utm_campaign=blog\" target=\"_blank\" rel=\"noopener noreferrer\">Delsofa.es<\/a>. Pueden resultarte muy \u00fatiles si est\u00e1s pensando en renovar tu sal\u00f3n con <strong>un sof\u00e1 m\u00e1s c\u00f3modo y adaptable<\/strong> a distintas circunstancias. Estoy seguro de que te van a encantar.<\/p>\n<p style=\"text-align: justify;\">\n<p style=\"text-align: justify;\"><span style=\"font-size: 120%; color: #993366;\">Sof\u00e1 Gema, con doble arc\u00f3n y mueble-bar<\/span><\/p>\n<p style=\"text-align: justify;\"><img decoding=\"async\" loading=\"lazy\" class=\"aligncenter wp-image-3323 size-full\" title=\"Chaise longue Gema a la venta en Delsofa.es\" src=\"https:\/\/www.delsofa.es\/informacion\/wp-content\/uploads\/2014\/06\/GEMA_chaiselonque_1_0.jpg\" alt=\"GEMA_chaiselonque_1_0\" width=\"584\" height=\"279\" srcset=\"https:\/\/www.delsofa.es\/informacion\/wp-content\/uploads\/2014\/06\/GEMA_chaiselonque_1_0.jpg 584w, https:\/\/www.delsofa.es\/informacion\/wp-content\/uploads\/2014\/06\/GEMA_chaiselonque_1_0-300x143.jpg 300w, https:\/\/www.delsofa.es\/informacion\/wp-content\/uploads\/2014\/06\/GEMA_chaiselonque_1_0-500x238.jpg 500w\" sizes=\"(max-width: 584px) 100vw, 584px\" \/><\/p>\n<p style=\"text-align: justify;\">Este <a href=\"#?utm_source=smm&amp;utm_medium=linkb&amp;utm_campaign=blog\" target=\"_blank\" rel=\"noopener noreferrer\">sof\u00e1 modelo Gema<\/a> dispone de un <strong>brazo bar<\/strong> muy \u00fatil adem\u00e1s de arc\u00f3n, donde podemos guardar las bebidas para no tener que irnos hasta la cocina. Nos ofrece <strong>cojines rellenos de fibra<\/strong> y est\u00e1 disponible en acabados negro, chocolate, rojo, arena y berenjena.<\/p>\n<p style=\"text-align: justify;\">Adem\u00e1s de tener <strong>respaldos reclinables y asientos deslizantes<\/strong>, es un sof\u00e1 muy amplio y flexible para colocar de diferentes formas.<\/p>\n<p style=\"text-align: justify;\">Supongamos que no nos hace falta tanto espacio para el arc\u00f3n y lo que queremos es un <strong>sof\u00e1 cama extensible<\/strong> por si se queda alguien a dormir. Debemos escoger un mueble que nos sirva para estar c\u00f3modos cuando estamos sentados todos en familia, pero tambi\u00e9n cuando se convierta en sof\u00e1 cama.<\/p>\n<p style=\"text-align: justify;\">Todo es cuesti\u00f3n de elegir cu\u00e1l es nuestra prioridad. No hay un sal\u00f3n igual a otro, ni una casa igual a otra. Pero, <strong>con los sof\u00e1s, chaise longue con arc\u00f3n ganas espacio<\/strong> y consigues tener a mano algunas prendas u objetos que son necesarios, pero que nunca sabemos d\u00f3nde colocar.<\/p>\n<p style=\"text-align: justify;\">Te recordamos que nuestro personal experto en sof\u00e1s, tapicer\u00edas, dise\u00f1o, decoraci\u00f3n, est\u00e1 encantado de atender tus dudas y consultas, en nuestro <strong>tel\u00e9fono gratuito de atenci\u00f3n al cliente 900.701.086<\/strong>. Te pueden ayudar a tomar la decisi\u00f3n adecuada que m\u00e1s se adapte a tus gustos y necesidades. Est\u00e1n disponibles de lunes a viernes de 8 a 20 horas.<\/p>\n","protected":false},"excerpt":{"rendered":"<p>Una de las preocupaciones de muchos hogares es c\u00f3mo conseguir m\u00e1s espacio en el sal\u00f3n. Nos encontramos con la controversia de no querer sacrificar la est\u00e9tica de la estancia, sobrecarg\u00e1ndola de muebles, pero al mismo tiempo, tenemos la necesidad de &hellip; <a href=\"https:\/\/www.delsofa.es\/informacion\/sofas-con-arcon-en-delsofa-es\/\">Sigue leyendo <span class=\"meta-nav\">&rarr;<\/span><\/a><\/p>\n","protected":false},"author":8,"featured_media":0,"comment_status":"open","ping_status":"open","sticky":false,"template":"","format":"standard","meta":[],"categories":[135,359,111],"tags":[513,515,105,512,514,516],"yoast_head":"<!-- This site is optimized with the Yoast SEO plugin v18.6 - https:\/\/yoast.com\/wordpress\/plugins\/seo\/ -->\n<title>Sof\u00e1s con arc\u00f3n, un extra de espacio y comodidad<\/title>\n<meta name=\"description\" content=\"Un sof\u00e1s con arc\u00f3n puede ser una gran soluci\u00f3n para los problemas de espacio y almacenamiento en nuestro hogar. Suponen un extra de espacio y comodidad.\" \/>\n<meta name=\"robots\" content=\"index, follow, max-snippet:-1, max-image-preview:large, max-video-preview:-1\" \/>\n<link rel=\"canonical\" href=\"https:\/\/www.delsofa.es\/informacion\/sofas-con-arcon-en-delsofa-es\/\" \/>\n<meta name=\"twitter:card\" content=\"summary_large_image\" \/>\n<meta name=\"twitter:title\" content=\"Sof\u00e1s con arc\u00f3n, un extra de espacio y comodidad\" \/>\n<meta name=\"twitter:description\" content=\"Un sof\u00e1s con arc\u00f3n puede ser una gran soluci\u00f3n para los problemas de espacio y almacenamiento en nuestro hogar. Suponen un extra de espacio y comodidad.\" \/>\n<meta name=\"twitter:image\" content=\"https:\/\/www.delsofa.es\/informacion\/wp-content\/uploads\/2014\/06\/GEMA_chaiselonque_1_0.jpg\" \/>\n<meta name=\"twitter:creator\" content=\"@delsofaES\" \/>\n<meta name=\"twitter:site\" content=\"@delsofaES\" \/>\n<meta name=\"twitter:label1\" content=\"Escrito por\" \/>\n\t<meta name=\"twitter:data1\" content=\"Samuel Juli\u00e1\" \/>\n\t<meta name=\"twitter:label2\" content=\"Tiempo de lectura\" \/>\n\t<meta name=\"twitter:data2\" content=\"2 minutos\" \/>\n<script type=\"application\/ld+json\" class=\"yoast-schema-graph\">{\"@context\":\"https:\/\/schema.org\",\"@graph\":[{\"@type\":\"WebSite\",\"@id\":\"https:\/\/www.delsofa.es\/informacion\/#website\",\"url\":\"https:\/\/www.delsofa.es\/informacion\/\",\"name\":\"\",\"description\":\"\",\"potentialAction\":[{\"@type\":\"SearchAction\",\"target\":{\"@type\":\"EntryPoint\",\"urlTemplate\":\"https:\/\/www.delsofa.es\/informacion\/?s={search_term_string}\"},\"query-input\":\"required name=search_term_string\"}],\"inLanguage\":\"es\"},{\"@type\":\"ImageObject\",\"@id\":\"https:\/\/www.delsofa.es\/informacion\/sofas-con-arcon-en-delsofa-es\/#primaryimage\",\"inLanguage\":\"es\",\"url\":\"https:\/\/www.delsofa.es\/informacion\/wp-content\/uploads\/2014\/06\/GEMA_chaiselonque_1_0.jpg\",\"contentUrl\":\"https:\/\/www.delsofa.es\/informacion\/wp-content\/uploads\/2014\/06\/GEMA_chaiselonque_1_0.jpg\",\"width\":584,\"height\":279},{\"@type\":\"WebPage\",\"@id\":\"https:\/\/www.delsofa.es\/informacion\/sofas-con-arcon-en-delsofa-es\/#webpage\",\"url\":\"https:\/\/www.delsofa.es\/informacion\/sofas-con-arcon-en-delsofa-es\/\",\"name\":\"Sof\u00e1s con arc\u00f3n, un extra de espacio y comodidad\",\"isPartOf\":{\"@id\":\"https:\/\/www.delsofa.es\/informacion\/#website\"},\"primaryImageOfPage\":{\"@id\":\"https:\/\/www.delsofa.es\/informacion\/sofas-con-arcon-en-delsofa-es\/#primaryimage\"},\"datePublished\":\"2013-12-05T12:38:29+00:00\",\"dateModified\":\"2020-05-07T19:18:05+00:00\",\"author\":{\"@id\":\"https:\/\/www.delsofa.es\/informacion\/#\/schema\/person\/43745e6d3a8ff735b6110da6a43d32e9\"},\"description\":\"Un sof\u00e1s con arc\u00f3n puede ser una gran soluci\u00f3n para los problemas de espacio y almacenamiento en nuestro hogar. Suponen un extra de espacio y comodidad.\",\"breadcrumb\":{\"@id\":\"https:\/\/www.delsofa.es\/informacion\/sofas-con-arcon-en-delsofa-es\/#breadcrumb\"},\"inLanguage\":\"es\",\"potentialAction\":[{\"@type\":\"ReadAction\",\"target\":[\"https:\/\/www.delsofa.es\/informacion\/sofas-con-arcon-en-delsofa-es\/\"]}]},{\"@type\":\"BreadcrumbList\",\"@id\":\"https:\/\/www.delsofa.es\/informacion\/sofas-con-arcon-en-delsofa-es\/#breadcrumb\",\"itemListElement\":[{\"@type\":\"ListItem\",\"position\":1,\"name\":\"Portada\",\"item\":\"https:\/\/www.delsofa.es\/informacion\/\"},{\"@type\":\"ListItem\",\"position\":2,\"name\":\"Sof\u00e1s con arc\u00f3n, un extra de espacio y comodidad\"}]},{\"@type\":\"Person\",\"@id\":\"https:\/\/www.delsofa.es\/informacion\/#\/schema\/person\/43745e6d3a8ff735b6110da6a43d32e9\",\"name\":\"Samuel Juli\u00e1\",\"image\":{\"@type\":\"ImageObject\",\"@id\":\"https:\/\/www.delsofa.es\/informacion\/#personlogo\",\"inLanguage\":\"es\",\"url\":\"https:\/\/secure.gravatar.com\/avatar\/63cc242575946deb5c9e2bacf79706b7?s=96&d=mm&r=g\",\"contentUrl\":\"https:\/\/secure.gravatar.com\/avatar\/63cc242575946deb5c9e2bacf79706b7?s=96&d=mm&r=g\",\"caption\":\"Samuel Juli\u00e1\"},\"description\":\"Periodista y community manager (Alicante, 1988). Entusiasmado con el mundo de la comunicaci\u00f3n online y las nuevas formas de expresi\u00f3n. Me encanta todo lo relacionado con la belleza, la est\u00e9tica y el arte. Escribo en El Blog del Sof\u00e1 desde noviembre de 2013.\",\"sameAs\":[\"http:\/\/www.miredactor.com\"],\"url\":\"https:\/\/www.delsofa.es\/informacion\/author\/samuel\/\"}]}<\/script>\n<!-- \/ Yoast SEO plugin. -->","yoast_head_json":{"title":"Sof\u00e1s con arc\u00f3n, un extra de espacio y comodidad","description":"Un sof\u00e1s con arc\u00f3n puede ser una gran soluci\u00f3n para los problemas de espacio y almacenamiento en nuestro hogar. Suponen un extra de espacio y comodidad.","robots":{"index":"index","follow":"follow","max-snippet":"max-snippet:-1","max-image-preview":"max-image-preview:large","max-video-preview":"max-video-preview:-1"},"canonical":"https:\/\/www.delsofa.es\/informacion\/sofas-con-arcon-en-delsofa-es\/","twitter_card":"summary_large_image","twitter_title":"Sof\u00e1s con arc\u00f3n, un extra de espacio y comodidad","twitter_description":"Un sof\u00e1s con arc\u00f3n puede ser una gran soluci\u00f3n para los problemas de espacio y almacenamiento en nuestro hogar. Suponen un extra de espacio y comodidad.","twitter_image":"https:\/\/www.delsofa.es\/informacion\/wp-content\/uploads\/2014\/06\/GEMA_chaiselonque_1_0.jpg","twitter_creator":"@delsofaES","twitter_site":"@delsofaES","twitter_misc":{"Escrito por":"Samuel Juli\u00e1","Tiempo de lectura":"2 minutos"},"schema":{"@context":"https:\/\/schema.org","@graph":[{"@type":"WebSite","@id":"https:\/\/www.delsofa.es\/informacion\/#website","url":"https:\/\/www.delsofa.es\/informacion\/","name":"","description":"","potentialAction":[{"@type":"SearchAction","target":{"@type":"EntryPoint","urlTemplate":"https:\/\/www.delsofa.es\/informacion\/?s={search_term_string}"},"query-input":"required name=search_term_string"}],"inLanguage":"es"},{"@type":"ImageObject","@id":"https:\/\/www.delsofa.es\/informacion\/sofas-con-arcon-en-delsofa-es\/#primaryimage","inLanguage":"es","url":"https:\/\/www.delsofa.es\/informacion\/wp-content\/uploads\/2014\/06\/GEMA_chaiselonque_1_0.jpg","contentUrl":"https:\/\/www.delsofa.es\/informacion\/wp-content\/uploads\/2014\/06\/GEMA_chaiselonque_1_0.jpg","width":584,"height":279},{"@type":"WebPage","@id":"https:\/\/www.delsofa.es\/informacion\/sofas-con-arcon-en-delsofa-es\/#webpage","url":"https:\/\/www.delsofa.es\/informacion\/sofas-con-arcon-en-delsofa-es\/","name":"Sof\u00e1s con arc\u00f3n, un extra de espacio y comodidad","isPartOf":{"@id":"https:\/\/www.delsofa.es\/informacion\/#website"},"primaryImageOfPage":{"@id":"https:\/\/www.delsofa.es\/informacion\/sofas-con-arcon-en-delsofa-es\/#primaryimage"},"datePublished":"2013-12-05T12:38:29+00:00","dateModified":"2020-05-07T19:18:05+00:00","author":{"@id":"https:\/\/www.delsofa.es\/informacion\/#\/schema\/person\/43745e6d3a8ff735b6110da6a43d32e9"},"description":"Un sof\u00e1s con arc\u00f3n puede ser una gran soluci\u00f3n para los problemas de espacio y almacenamiento en nuestro hogar. Suponen un extra de espacio y comodidad.","breadcrumb":{"@id":"https:\/\/www.delsofa.es\/informacion\/sofas-con-arcon-en-delsofa-es\/#breadcrumb"},"inLanguage":"es","potentialAction":[{"@type":"ReadAction","target":["https:\/\/www.delsofa.es\/informacion\/sofas-con-arcon-en-delsofa-es\/"]}]},{"@type":"BreadcrumbList","@id":"https:\/\/www.delsofa.es\/informacion\/sofas-con-arcon-en-delsofa-es\/#breadcrumb","itemListElement":[{"@type":"ListItem","position":1,"name":"Portada","item":"https:\/\/www.delsofa.es\/informacion\/"},{"@type":"ListItem","position":2,"name":"Sof\u00e1s con arc\u00f3n, un extra de espacio y comodidad"}]},{"@type":"Person","@id":"https:\/\/www.delsofa.es\/informacion\/#\/schema\/person\/43745e6d3a8ff735b6110da6a43d32e9","name":"Samuel Juli\u00e1","image":{"@type":"ImageObject","@id":"https:\/\/www.delsofa.es\/informacion\/#personlogo","inLanguage":"es","url":"https:\/\/secure.gravatar.com\/avatar\/63cc242575946deb5c9e2bacf79706b7?s=96&d=mm&r=g","contentUrl":"https:\/\/secure.gravatar.com\/avatar\/63cc242575946deb5c9e2bacf79706b7?s=96&d=mm&r=g","caption":"Samuel Juli\u00e1"},"description":"Periodista y community manager (Alicante, 1988). Entusiasmado con el mundo de la comunicaci\u00f3n online y las nuevas formas de expresi\u00f3n. Me encanta todo lo relacionado con la belleza, la est\u00e9tica y el arte. Escribo en El Blog del Sof\u00e1 desde noviembre de 2013.","sameAs":["http:\/\/www.miredactor.com"],"url":"https:\/\/www.delsofa.es\/informacion\/author\/samuel\/"}]}},"amp_enabled":true,"_links":{"self":[{"href":"https:\/\/www.delsofa.es\/informacion\/wp-json\/wp\/v2\/posts\/1582"}],"collection":[{"href":"https:\/\/www.delsofa.es\/informacion\/wp-json\/wp\/v2\/posts"}],"about":[{"href":"https:\/\/www.delsofa.es\/informacion\/wp-json\/wp\/v2\/types\/post"}],"author":[{"embeddable":true,"href":"https:\/\/www.delsofa.es\/informacion\/wp-json\/wp\/v2\/users\/8"}],"replies":[{"embeddable":true,"href":"https:\/\/www.delsofa.es\/informacion\/wp-json\/wp\/v2\/comments?post=1582"}],"version-history":[{"count":14,"href":"https:\/\/www.delsofa.es\/informacion\/wp-json\/wp\/v2\/posts\/1582\/revisions"}],"predecessor-version":[{"id":4955,"href":"https:\/\/www.delsofa.es\/informacion\/wp-json\/wp\/v2\/posts\/1582\/revisions\/4955"}],"wp:attachment":[{"href":"https:\/\/www.delsofa.es\/informacion\/wp-json\/wp\/v2\/media?parent=1582"}],"wp:term":[{"taxonomy":"category","embeddable":true,"href":"https:\/\/www.delsofa.es\/informacion\/wp-json\/wp\/v2\/categories?post=1582"},{"taxonomy":"post_tag","embeddable":true,"href":"https:\/\/www.delsofa.es\/informacion\/wp-json\/wp\/v2\/tags?post=1582"}],"curies":[{"name":"wp","href":"https:\/\/api.w.org\/{rel}","templated":true}]}}