{"id":174,"date":"2013-03-22T09:30:48","date_gmt":"2013-03-22T09:30:48","guid":{"rendered":"https:\/\/www.delsofa.es\/informacion\/?p=174"},"modified":"2014-07-17T10:51:22","modified_gmt":"2014-07-17T10:51:22","slug":"como-darle-un-toque-primaveral-a-tu-salon-tendencias-2013","status":"publish","type":"post","link":"https:\/\/www.delsofa.es\/informacion\/como-darle-un-toque-primaveral-a-tu-salon-tendencias-2013\/","title":{"rendered":"C\u00f3mo decorar el sal\u00f3n para la primavera, tendencias 2013"},"content":{"rendered":"<p style=\"text-align: justify;\">La primavera ha llegado y con ella llegan las flores, los colores, la luz, el solecito&#8230; No se nos ocurre mejor forma para darle la bienvenida que dejar que nuestro sal\u00f3n se impregne del esp\u00edritu primaveral.<strong>\u00a0<\/strong>En este post os vamos a mostrar algunas im\u00e1genes de <strong>c\u00f3mo decorar el sal\u00f3n para la primavera 2013<\/strong> y vuestro hogar se llene de la alegr\u00eda y del optimismo que se respira en esta \u00e9poca del a\u00f1o.<\/p>\n<p style=\"text-align: justify;\">Una de las mejores formas para dejar entrar la primavera en vuestra casa, es <strong>apostar por los colores pastel<\/strong> que dan mayor luminosidad al hogar. Podemos combinarlos con el blanco, que tambi\u00e9n es fuente de luz, m\u00e1s aun, si lo adornamos con\u00a0<strong>flores naturales<\/strong>. Esta es la apuesta de <a title=\"Salones primaverales\" href=\"http:\/\/www.apartmenttherapy.com\/living-with-white-walls-rooms-with-plants-186538?utm_source=RSS&amp;utm_medium=feed&amp;utm_campaign=Category%2FChannel%3A+Main\" target=\"_blank\">Apartment Therapy<\/a>.<\/p>\n<p><img decoding=\"async\" loading=\"lazy\" class=\"aligncenter\" title=\"Sal\u00f3n primaveral blanco. \" src=\"http:\/\/g-ec2.apartmenttherapy.com\/3903174\/plantsinside01_rect540.jpg\" alt=\"C\u00f3mo decorar el sal\u00f3n para la primavera\" width=\"500\" height=\"334\" \/><\/p>\n<p style=\"text-align: justify;\">Pero no solo el blanco y los colores pastel, nos sirven para dar luminosidad. La luz de la primavera se puede reflejar en nuestro sal\u00f3n <strong>combinando multitud de colores, que den alegr\u00eda a nuestro hogar<\/strong>. En el <a title=\"salones primaverales\" href=\"http:\/\/blogs.hogarutil.com\/2013\/03\/decoracion-multicolor-primavera\/\" target=\"_blank\">blog de @hogarutil<\/a> hemos encontrado este primaveral sal\u00f3n.<\/p>\n<p><img decoding=\"async\" loading=\"lazy\" class=\"aligncenter\" title=\"Sal\u00f3n primaveral con alegres colores\" src=\"http:\/\/blogs.hogarutil.com\/wp-content\/uploads\/2013\/03\/deco-primavera-1.jpg\" alt=\"C\u00f3mo decorar el sal\u00f3n para la primavera\" width=\"550\" height=\"458\" \/><\/p>\n<p style=\"text-align: justify;\">Apostar por <strong>peque\u00f1os detalles<\/strong>,<strong> el<\/strong> <strong>estilo natural<\/strong>, <strong>con un aire escandinavo<\/strong>, es lo que nos propone @Rocio_esquilas desde su <a title=\"Blog de meu canto\" href=\"http:\/\/corcovadore.blogspot.com.es\/2013\/03\/ideas-de-decoracion-primavera-verano.html\" target=\"_blank\">blog meu canto<\/a>.<\/p>\n<p style=\"text-align: center;\"><img decoding=\"async\" loading=\"lazy\" class=\"aligncenter\" title=\"Sal\u00f3n primaveral en azul\" src=\"http:\/\/2.bp.blogspot.com\/-2iZjE7bMF60\/UStM6WfWANI\/AAAAAAAAG2I\/zVqkojec-2Y\/s400\/meu+canto_03.png\" alt=\"C\u00f3mo decorar el sal\u00f3n para la primavera\" width=\"274\" height=\"400\" \/><\/p>\n<p style=\"text-align: justify;\">La primavera tambi\u00e9n trae con ella el renacer de las flores. No dud\u00e9is en <strong>apostar por detalles florales<\/strong> que nos recuerdan la \u00e9poca del a\u00f1o en la que estamos. Vestir nuestro sof\u00e1 con cojines estampados de flores nos ayudar\u00e1 en nuestra misi\u00f3n. Os dejamos esta idea de <a title=\"post salones primaverales decoestilo\" href=\"http:\/\/decoestilo.hoymujer.com\/articulo\/un-salon-muy-primaveral\/\" target=\"_blank\">@decoestilo<\/a>.<\/p>\n<p style=\"text-align: center;\"><img decoding=\"async\" loading=\"lazy\" class=\"aligncenter\" title=\"Sal\u00f3n con cojines de estampados primaverales\" src=\"http:\/\/decoestilo.hoymujer.com\/wp-content\/uploads\/2013\/03\/salon_1_3.jpg\" alt=\"C\u00f3mo decorar el sal\u00f3n para la primavera\" width=\"580\" height=\"400\" \/><\/p>\n<p style=\"text-align: justify;\">Tambi\u00e9n podemos utilizar <strong>mantas y plaids de colores vistosos<\/strong> y estampados para dar una mayor sensaci\u00f3n de primavera a nuestro sal\u00f3n, como nos ense\u00f1a <a href=\"http:\/\/www.decorablog.com\/mantas-y-plaids-para-la-primavera\/\" target=\"_blank\">Decorablog<\/a>.<\/p>\n<p style=\"text-align: justify;\"><img decoding=\"async\" loading=\"lazy\" class=\"aligncenter wp-image-3689 size-full\" title=\"Sal\u00f3n con mantas y plaids de estampado primaveral\" src=\"https:\/\/www.delsofa.es\/informacion\/wp-content\/uploads\/2013\/03\/Bright-Throws-and-Cushions-.jpg\" alt=\"Bright-Throws-and-Cushions-\" width=\"584\" height=\"321\" srcset=\"https:\/\/www.delsofa.es\/informacion\/wp-content\/uploads\/2013\/03\/Bright-Throws-and-Cushions-.jpg 584w, https:\/\/www.delsofa.es\/informacion\/wp-content\/uploads\/2013\/03\/Bright-Throws-and-Cushions--300x164.jpg 300w, https:\/\/www.delsofa.es\/informacion\/wp-content\/uploads\/2013\/03\/Bright-Throws-and-Cushions--500x274.jpg 500w\" sizes=\"(max-width: 584px) 100vw, 584px\" \/><\/p>\n<p style=\"text-align: justify;\">Si sois de l@s que segu\u00eds las tendencias, os informamos que adem\u00e1s del verde, <strong>esta primavera 2013, el color de moda es el azul turquesa<\/strong>, como remarca el <a href=\"http:\/\/www.brightbazaarblog.com\/2013\/03\/sneak-peek-inside-out-magazine-april-2013.html\" target=\"_blank\">blog de Bright Bazaar <\/a>(muy recomendable).<\/p>\n<p style=\"text-align: center;\"><img decoding=\"async\" loading=\"lazy\" class=\"aligncenter\" title=\"Salon decorado para la primavera en azul.\" src=\"https:\/\/fbcdn-sphotos-a-a.akamaihd.net\/hphotos-ak-ash4\/253660_571842026181477_233685233_n.png\" alt=\"c\u00f3mo decorar el sal\u00f3n para la primavera\" width=\"514\" height=\"730\" \/><\/p>\n<p style=\"text-align: justify;\">Si ten\u00e9is m\u00e1s <strong>ideas de c\u00f3mo darle un toque primaveral<\/strong> al sal\u00f3n no dud\u00e9is en hac\u00e9rnoslas llegar.<\/p>\n<p style=\"text-align: justify;\"><strong>\u00a1Las esperamos!<\/strong><\/p>\n","protected":false},"excerpt":{"rendered":"<p>La primavera ha llegado y con ella llegan las flores, los colores, la luz, el solecito&#8230; No se nos ocurre mejor forma para darle la bienvenida que dejar que nuestro sal\u00f3n se impregne del esp\u00edritu primaveral.\u00a0En este post os vamos &hellip; <a href=\"https:\/\/www.delsofa.es\/informacion\/como-darle-un-toque-primaveral-a-tu-salon-tendencias-2013\/\">Sigue leyendo <span class=\"meta-nav\">&rarr;<\/span><\/a><\/p>\n","protected":false},"author":3,"featured_media":0,"comment_status":"open","ping_status":"open","sticky":false,"template":"","format":"standard","meta":[],"categories":[4,405],"tags":[52,49,48,47,51,50,46,53,1185],"yoast_head":"<!-- This site is optimized with the Yoast SEO plugin v18.6 - https:\/\/yoast.com\/wordpress\/plugins\/seo\/ -->\n<title>C\u00f3mo decorar el sal\u00f3n para la primavera, tendencias 2013<\/title>\n<meta name=\"description\" content=\"\u00a1La primavera ya est\u00e1 aqu\u00ed! An\u00edmate a decorar tu sal\u00f3n con un toque primaveral. Los colores pastel, las flores, los peque\u00f1os detalles, te pueden ayudar.\" \/>\n<meta name=\"robots\" content=\"index, follow, max-snippet:-1, max-image-preview:large, max-video-preview:-1\" \/>\n<link rel=\"canonical\" href=\"https:\/\/www.delsofa.es\/informacion\/como-darle-un-toque-primaveral-a-tu-salon-tendencias-2013\/\" \/>\n<meta name=\"twitter:card\" content=\"summary_large_image\" \/>\n<meta name=\"twitter:title\" content=\"C\u00f3mo decorar el sal\u00f3n para la primavera, tendencias 2013\" \/>\n<meta name=\"twitter:description\" content=\"\u00a1La primavera ya est\u00e1 aqu\u00ed! An\u00edmate a decorar tu sal\u00f3n con un toque primaveral. Los colores pastel, las flores, los peque\u00f1os detalles, te pueden ayudar.\" \/>\n<meta name=\"twitter:image\" content=\"http:\/\/g-ec2.apartmenttherapy.com\/3903174\/plantsinside01_rect540.jpg\" \/>\n<meta name=\"twitter:creator\" content=\"@http:\/\/www.twitter.com\/inmolber\" \/>\n<meta name=\"twitter:site\" content=\"@delsofaES\" \/>\n<meta name=\"twitter:label1\" content=\"Escrito por\" \/>\n\t<meta name=\"twitter:data1\" content=\"Inma Molt\u00f3\" \/>\n\t<meta name=\"twitter:label2\" content=\"Tiempo de lectura\" \/>\n\t<meta name=\"twitter:data2\" content=\"2 minutos\" \/>\n<script type=\"application\/ld+json\" class=\"yoast-schema-graph\">{\"@context\":\"https:\/\/schema.org\",\"@graph\":[{\"@type\":\"WebSite\",\"@id\":\"https:\/\/www.delsofa.es\/informacion\/#website\",\"url\":\"https:\/\/www.delsofa.es\/informacion\/\",\"name\":\"\",\"description\":\"\",\"potentialAction\":[{\"@type\":\"SearchAction\",\"target\":{\"@type\":\"EntryPoint\",\"urlTemplate\":\"https:\/\/www.delsofa.es\/informacion\/?s={search_term_string}\"},\"query-input\":\"required name=search_term_string\"}],\"inLanguage\":\"es\"},{\"@type\":\"ImageObject\",\"@id\":\"https:\/\/www.delsofa.es\/informacion\/como-darle-un-toque-primaveral-a-tu-salon-tendencias-2013\/#primaryimage\",\"inLanguage\":\"es\",\"url\":\"http:\/\/g-ec2.apartmenttherapy.com\/3903174\/plantsinside01_rect540.jpg\",\"contentUrl\":\"http:\/\/g-ec2.apartmenttherapy.com\/3903174\/plantsinside01_rect540.jpg\"},{\"@type\":\"WebPage\",\"@id\":\"https:\/\/www.delsofa.es\/informacion\/como-darle-un-toque-primaveral-a-tu-salon-tendencias-2013\/#webpage\",\"url\":\"https:\/\/www.delsofa.es\/informacion\/como-darle-un-toque-primaveral-a-tu-salon-tendencias-2013\/\",\"name\":\"C\u00f3mo decorar el sal\u00f3n para la primavera, tendencias 2013\",\"isPartOf\":{\"@id\":\"https:\/\/www.delsofa.es\/informacion\/#website\"},\"primaryImageOfPage\":{\"@id\":\"https:\/\/www.delsofa.es\/informacion\/como-darle-un-toque-primaveral-a-tu-salon-tendencias-2013\/#primaryimage\"},\"datePublished\":\"2013-03-22T09:30:48+00:00\",\"dateModified\":\"2014-07-17T10:51:22+00:00\",\"author\":{\"@id\":\"https:\/\/www.delsofa.es\/informacion\/#\/schema\/person\/904d00808e282031a3b11f51524d259c\"},\"description\":\"\u00a1La primavera ya est\u00e1 aqu\u00ed! An\u00edmate a decorar tu sal\u00f3n con un toque primaveral. Los colores pastel, las flores, los peque\u00f1os detalles, te pueden ayudar.\",\"breadcrumb\":{\"@id\":\"https:\/\/www.delsofa.es\/informacion\/como-darle-un-toque-primaveral-a-tu-salon-tendencias-2013\/#breadcrumb\"},\"inLanguage\":\"es\",\"potentialAction\":[{\"@type\":\"ReadAction\",\"target\":[\"https:\/\/www.delsofa.es\/informacion\/como-darle-un-toque-primaveral-a-tu-salon-tendencias-2013\/\"]}]},{\"@type\":\"BreadcrumbList\",\"@id\":\"https:\/\/www.delsofa.es\/informacion\/como-darle-un-toque-primaveral-a-tu-salon-tendencias-2013\/#breadcrumb\",\"itemListElement\":[{\"@type\":\"ListItem\",\"position\":1,\"name\":\"Portada\",\"item\":\"https:\/\/www.delsofa.es\/informacion\/\"},{\"@type\":\"ListItem\",\"position\":2,\"name\":\"C\u00f3mo decorar el sal\u00f3n para la primavera, tendencias 2013\"}]},{\"@type\":\"Person\",\"@id\":\"https:\/\/www.delsofa.es\/informacion\/#\/schema\/person\/904d00808e282031a3b11f51524d259c\",\"name\":\"Inma Molt\u00f3\",\"image\":{\"@type\":\"ImageObject\",\"@id\":\"https:\/\/www.delsofa.es\/informacion\/#personlogo\",\"inLanguage\":\"es\",\"url\":\"https:\/\/secure.gravatar.com\/avatar\/6411caf208a31a6dd0c4c353341facb7?s=96&d=mm&r=g\",\"contentUrl\":\"https:\/\/secure.gravatar.com\/avatar\/6411caf208a31a6dd0c4c353341facb7?s=96&d=mm&r=g\",\"caption\":\"Inma Molt\u00f3\"},\"description\":\"Soy periodista, community manager y formadora en redes sociales. Desde enero de 2013 escribo en el Blog Delsofa y actualmente tambi\u00e9n me encargo de su supervisi\u00f3n. Me encanta todo lo relacionado con la decoraci\u00f3n y el dise\u00f1o. Si quer\u00e9is saber m\u00e1s os dejo mi web: www.periodistasocialmedia.com\",\"sameAs\":[\"http:\/\/www.periodistasocialmedia.com\",\"https:\/\/twitter.com\/http:\/\/www.twitter.com\/inmolber\"],\"url\":\"https:\/\/www.delsofa.es\/informacion\/author\/inma\/\"}]}<\/script>\n<!-- \/ Yoast SEO plugin. -->","yoast_head_json":{"title":"C\u00f3mo decorar el sal\u00f3n para la primavera, tendencias 2013","description":"\u00a1La primavera ya est\u00e1 aqu\u00ed! An\u00edmate a decorar tu sal\u00f3n con un toque primaveral. Los colores pastel, las flores, los peque\u00f1os detalles, te pueden ayudar.","robots":{"index":"index","follow":"follow","max-snippet":"max-snippet:-1","max-image-preview":"max-image-preview:large","max-video-preview":"max-video-preview:-1"},"canonical":"https:\/\/www.delsofa.es\/informacion\/como-darle-un-toque-primaveral-a-tu-salon-tendencias-2013\/","twitter_card":"summary_large_image","twitter_title":"C\u00f3mo decorar el sal\u00f3n para la primavera, tendencias 2013","twitter_description":"\u00a1La primavera ya est\u00e1 aqu\u00ed! An\u00edmate a decorar tu sal\u00f3n con un toque primaveral. Los colores pastel, las flores, los peque\u00f1os detalles, te pueden ayudar.","twitter_image":"http:\/\/g-ec2.apartmenttherapy.com\/3903174\/plantsinside01_rect540.jpg","twitter_creator":"@http:\/\/www.twitter.com\/inmolber","twitter_site":"@delsofaES","twitter_misc":{"Escrito por":"Inma Molt\u00f3","Tiempo de lectura":"2 minutos"},"schema":{"@context":"https:\/\/schema.org","@graph":[{"@type":"WebSite","@id":"https:\/\/www.delsofa.es\/informacion\/#website","url":"https:\/\/www.delsofa.es\/informacion\/","name":"","description":"","potentialAction":[{"@type":"SearchAction","target":{"@type":"EntryPoint","urlTemplate":"https:\/\/www.delsofa.es\/informacion\/?s={search_term_string}"},"query-input":"required name=search_term_string"}],"inLanguage":"es"},{"@type":"ImageObject","@id":"https:\/\/www.delsofa.es\/informacion\/como-darle-un-toque-primaveral-a-tu-salon-tendencias-2013\/#primaryimage","inLanguage":"es","url":"http:\/\/g-ec2.apartmenttherapy.com\/3903174\/plantsinside01_rect540.jpg","contentUrl":"http:\/\/g-ec2.apartmenttherapy.com\/3903174\/plantsinside01_rect540.jpg"},{"@type":"WebPage","@id":"https:\/\/www.delsofa.es\/informacion\/como-darle-un-toque-primaveral-a-tu-salon-tendencias-2013\/#webpage","url":"https:\/\/www.delsofa.es\/informacion\/como-darle-un-toque-primaveral-a-tu-salon-tendencias-2013\/","name":"C\u00f3mo decorar el sal\u00f3n para la primavera, tendencias 2013","isPartOf":{"@id":"https:\/\/www.delsofa.es\/informacion\/#website"},"primaryImageOfPage":{"@id":"https:\/\/www.delsofa.es\/informacion\/como-darle-un-toque-primaveral-a-tu-salon-tendencias-2013\/#primaryimage"},"datePublished":"2013-03-22T09:30:48+00:00","dateModified":"2014-07-17T10:51:22+00:00","author":{"@id":"https:\/\/www.delsofa.es\/informacion\/#\/schema\/person\/904d00808e282031a3b11f51524d259c"},"description":"\u00a1La primavera ya est\u00e1 aqu\u00ed! An\u00edmate a decorar tu sal\u00f3n con un toque primaveral. Los colores pastel, las flores, los peque\u00f1os detalles, te pueden ayudar.","breadcrumb":{"@id":"https:\/\/www.delsofa.es\/informacion\/como-darle-un-toque-primaveral-a-tu-salon-tendencias-2013\/#breadcrumb"},"inLanguage":"es","potentialAction":[{"@type":"ReadAction","target":["https:\/\/www.delsofa.es\/informacion\/como-darle-un-toque-primaveral-a-tu-salon-tendencias-2013\/"]}]},{"@type":"BreadcrumbList","@id":"https:\/\/www.delsofa.es\/informacion\/como-darle-un-toque-primaveral-a-tu-salon-tendencias-2013\/#breadcrumb","itemListElement":[{"@type":"ListItem","position":1,"name":"Portada","item":"https:\/\/www.delsofa.es\/informacion\/"},{"@type":"ListItem","position":2,"name":"C\u00f3mo decorar el sal\u00f3n para la primavera, tendencias 2013"}]},{"@type":"Person","@id":"https:\/\/www.delsofa.es\/informacion\/#\/schema\/person\/904d00808e282031a3b11f51524d259c","name":"Inma Molt\u00f3","image":{"@type":"ImageObject","@id":"https:\/\/www.delsofa.es\/informacion\/#personlogo","inLanguage":"es","url":"https:\/\/secure.gravatar.com\/avatar\/6411caf208a31a6dd0c4c353341facb7?s=96&d=mm&r=g","contentUrl":"https:\/\/secure.gravatar.com\/avatar\/6411caf208a31a6dd0c4c353341facb7?s=96&d=mm&r=g","caption":"Inma Molt\u00f3"},"description":"Soy periodista, community manager y formadora en redes sociales. Desde enero de 2013 escribo en el Blog Delsofa y actualmente tambi\u00e9n me encargo de su supervisi\u00f3n. Me encanta todo lo relacionado con la decoraci\u00f3n y el dise\u00f1o. Si quer\u00e9is saber m\u00e1s os dejo mi web: www.periodistasocialmedia.com","sameAs":["http:\/\/www.periodistasocialmedia.com","https:\/\/twitter.com\/http:\/\/www.twitter.com\/inmolber"],"url":"https:\/\/www.delsofa.es\/informacion\/author\/inma\/"}]}},"amp_enabled":true,"_links":{"self":[{"href":"https:\/\/www.delsofa.es\/informacion\/wp-json\/wp\/v2\/posts\/174"}],"collection":[{"href":"https:\/\/www.delsofa.es\/informacion\/wp-json\/wp\/v2\/posts"}],"about":[{"href":"https:\/\/www.delsofa.es\/informacion\/wp-json\/wp\/v2\/types\/post"}],"author":[{"embeddable":true,"href":"https:\/\/www.delsofa.es\/informacion\/wp-json\/wp\/v2\/users\/3"}],"replies":[{"embeddable":true,"href":"https:\/\/www.delsofa.es\/informacion\/wp-json\/wp\/v2\/comments?post=174"}],"version-history":[{"count":20,"href":"https:\/\/www.delsofa.es\/informacion\/wp-json\/wp\/v2\/posts\/174\/revisions"}],"predecessor-version":[{"id":3690,"href":"https:\/\/www.delsofa.es\/informacion\/wp-json\/wp\/v2\/posts\/174\/revisions\/3690"}],"wp:attachment":[{"href":"https:\/\/www.delsofa.es\/informacion\/wp-json\/wp\/v2\/media?parent=174"}],"wp:term":[{"taxonomy":"category","embeddable":true,"href":"https:\/\/www.delsofa.es\/informacion\/wp-json\/wp\/v2\/categories?post=174"},{"taxonomy":"post_tag","embeddable":true,"href":"https:\/\/www.delsofa.es\/informacion\/wp-json\/wp\/v2\/tags?post=174"}],"curies":[{"name":"wp","href":"https:\/\/api.w.org\/{rel}","templated":true}]}}