{"id":1840,"date":"2014-04-07T11:22:58","date_gmt":"2014-04-07T11:22:58","guid":{"rendered":"https:\/\/www.delsofa.es\/informacion\/?p=1840"},"modified":"2014-04-07T11:22:58","modified_gmt":"2014-04-07T11:22:58","slug":"decoracion-salones-victorianos","status":"publish","type":"post","link":"https:\/\/www.delsofa.es\/informacion\/decoracion-salones-victorianos\/","title":{"rendered":"Decoraci\u00f3n salones de estilo victoriano"},"content":{"rendered":"<p style=\"text-align: justify;\">El estilo victoriano es uno de los estilos decorativos m\u00e1s caracter\u00edsticos de \u00e9pocas pasadas y que hoy en d\u00eda sigue conservando sus fieles. Los elementos que lo componen reflejan la grandeza y elegancia propias del reinado de la reina Victoria de Inglaterra, que se extendi\u00f3 desde 1837 hasta 1901. Se caracteriza por su toque rom\u00e1ntico y femenino.<\/p>\n<p style=\"text-align: justify;\">En la decoraci\u00f3n de estilo victoriano destaca la <strong>combinaci\u00f3n de\u00a0muebles de madera maciza con la calidez de las alfombras<\/strong>, la gran cantidad de elementos decorativos y la riqueza de sus tejidos. Donde vemos el gran protagonismo del terciopelo, las sedas, brocados y adamascados.<\/p>\n<p style=\"text-align: center;\"><img decoding=\"async\" loading=\"lazy\" class=\"size-full wp-image-2673 aligncenter\" title=\"Sal\u00f3n de estilo victoriano moderno\" alt=\"flickr4\" src=\"https:\/\/www.delsofa.es\/informacion\/wp-content\/uploads\/2014\/04\/flickr4.jpg\" width=\"530\" height=\"398\" srcset=\"https:\/\/www.delsofa.es\/informacion\/wp-content\/uploads\/2014\/04\/flickr4.jpg 530w, https:\/\/www.delsofa.es\/informacion\/wp-content\/uploads\/2014\/04\/flickr4-300x225.jpg 300w, https:\/\/www.delsofa.es\/informacion\/wp-content\/uploads\/2014\/04\/flickr4-399x300.jpg 399w\" sizes=\"(max-width: 530px) 100vw, 530px\" \/><\/p>\n<p style=\"text-align: justify;\">Se trata de un <strong>estilo mezcla de cl\u00e1sico y g\u00f3tico<\/strong> que ha permanecido hasta nuestros d\u00edas, recobrando un nuevo protagonismo en la actualidad, como podemos ver en la imagen anterior de\u00a0<a href=\"http:\/\/decoracion.about.com\/od\/estilovictoriano\/ig\/Insp-rate--Salas-estilo-victoriano\/Ventanas-y-el-estilo-victoriano.htm\" target=\"_blank\">Decoraci\u00f3n About<\/a>.<\/p>\n<p style=\"text-align: justify;\">As\u00ed, podemos ver multitud de ejemplos de salones victorianos, donde <strong>la decoraci\u00f3n se ha ido adaptando a las tendencias actuales<\/strong>, consiguiendo un resultado moderno y distinguido, gracias a la incorporaci\u00f3n de elementos propios de nuestros d\u00edas, tal y como muestra este ejemplo de <a href=\"http:\/\/www.ideasparadecorar.es\/decoracion-en-estilo-victoriano-hagalo-con-gracia-y-elegancia\/\" target=\"_blank\">Ideasparadecorar<\/a>.<\/p>\n<p style=\"text-align: center;\"><img decoding=\"async\" loading=\"lazy\" class=\"aligncenter\" title=\"Sal\u00f3n de estilo victoriano\" alt=\"\" src=\"http:\/\/www.ideasparadecorar.es\/wp-content\/uploads\/2010\/05\/Decoraci%C3%B3n-en-estilo-victoriano.jpg\" width=\"400\" height=\"400\" \/><\/p>\n<p style=\"text-align: justify;\">El sal\u00f3n, como principal estancia de la casa, muestra el esplendor y majestuosidad de la \u00e9poca, totalmente opuesta al minimalismo. <strong>Los muebles de estilo victoriano suelen tener las patas torneadas<\/strong>, los marcos de los espejos destacan por su labrado, los candelabros y figuras de porcelana completan la decoraci\u00f3n de la estancia.<\/p>\n<p style=\"text-align: justify;\">Las paredes se cubren de <strong>tonos intensos, dorados, ocres, azules, verdes o morados<\/strong>. El oro, s\u00edmbolo de lujo y poder, tiene un especial protagonismo en el estilo victoriano, estando presente en los elementos decorativos, en los brocados y todo tipo de tejidos.<\/p>\n<p style=\"text-align: justify;\">La ostentosidad de los salones victorianos muestra la riqueza de estos tejidos en el tapizado de los muebles, los <strong>cojines, las cortinas, y enormes alfombras que cubren gran parte de la superficie<\/strong>, situadas especialmente bajo la mesa del sal\u00f3n. Los flecos, cordones y borlas no pueden faltar en los cojines, cortinas y manteler\u00eda, todo elemento que se utilice en este conjunto derrocha elegancia y estilo propios, \u00a0como se ve en el ejemplo de\u00a0<a href=\"http:\/\/hogartotal.imujer.com\/2011\/09\/18\/decorando-al-estilo-victoriano\" target=\"_blank\">HogarTotal<\/a>..<\/p>\n<p style=\"text-align: center;\"><a href=\"https:\/\/www.delsofa.es\/informacion\/wp-content\/uploads\/2013\/12\/o-brien-john-dama-victoriana-iv.jpg\"><img decoding=\"async\" loading=\"lazy\" class=\" wp-image-2670 aligncenter\" title=\"Sof\u00e1s de estilo victoriano\" alt=\"o-brien-john-dama-victoriana-iv\" src=\"https:\/\/www.delsofa.es\/informacion\/wp-content\/uploads\/2013\/12\/o-brien-john-dama-victoriana-iv.jpg\" width=\"554\" height=\"310\" srcset=\"https:\/\/www.delsofa.es\/informacion\/wp-content\/uploads\/2013\/12\/o-brien-john-dama-victoriana-iv.jpg 792w, https:\/\/www.delsofa.es\/informacion\/wp-content\/uploads\/2013\/12\/o-brien-john-dama-victoriana-iv-300x167.jpg 300w, https:\/\/www.delsofa.es\/informacion\/wp-content\/uploads\/2013\/12\/o-brien-john-dama-victoriana-iv-500x279.jpg 500w\" sizes=\"(max-width: 554px) 100vw, 554px\" \/><\/a><\/p>\n<p style=\"text-align: justify;\">Las paredes de los salones de estilo victoriano tambi\u00e9n se visten para la ocasi\u00f3n. Bien sea con <strong>papel pintado, representando motivos florales propios de la \u00e9poca victoriana<\/strong> y brocados, o pintados en tonos intensos. Asimismo, las paredes se rematan con z\u00f3calos y molduras, que enmarcan y destacan los colores de la pintura o papel final. Todo el conjunto reviste armon\u00eda y suntuosidad.<\/p>\n<p style=\"text-align: justify;\">Para decorar un sal\u00f3n con estilo victoriano conviene elegir debidamente todos los elementos. Desde <strong>el sof\u00e1, que ha de tener ese toque cl\u00e1sico<\/strong>, apreciable tanto en sus patas torneadas, como en el tipo de tapicer\u00eda. As\u00ed, existe gran cantidad de acabados que se adaptan a este estilo, con una amplia variedad de colores, desde los m\u00e1s cl\u00e1sicos, hasta los m\u00e1s modernos.<\/p>\n<p style=\"text-align: justify;\">\u00bfQu\u00e9 te parece el estilo de decoraci\u00f3n victoriano? Nos encantar\u00eda saber tu opini\u00f3n. Puedes aprovechar el campo de comentario para darla. Y <strong>si decides a\u00f1adir a tu casa un toque de esta \u00e9poca, nos gustar\u00eda ver c\u00f3mo queda<\/strong>. Puedes compartir el resultado en nuestro <a href=\"https:\/\/www.facebook.com\/delsofaES\" target=\"_blank\">Facebook de Delsof\u00e1.es<\/a> o en el Twitter, mencionando a <a href=\"https:\/\/twitter.com\/delsofaes\" target=\"_blank\">@delsofaES<\/a> y te haremos RT. \u00a1Las esperamos!<\/p>\n","protected":false},"excerpt":{"rendered":"<p>El estilo victoriano es uno de los estilos decorativos m\u00e1s caracter\u00edsticos de \u00e9pocas pasadas y que hoy en d\u00eda sigue conservando sus fieles. Los elementos que lo componen reflejan la grandeza y elegancia propias del reinado de la reina Victoria &hellip; <a href=\"https:\/\/www.delsofa.es\/informacion\/decoracion-salones-victorianos\/\">Sigue leyendo <span class=\"meta-nav\">&rarr;<\/span><\/a><\/p>\n","protected":false},"author":10,"featured_media":0,"comment_status":"open","ping_status":"open","sticky":false,"template":"","format":"standard","meta":[],"categories":[4,203,16],"tags":[377,856,857,19,426,858],"yoast_head":"<!-- This site is optimized with the Yoast SEO plugin v18.6 - https:\/\/yoast.com\/wordpress\/plugins\/seo\/ -->\n<title>Ideas para decorar el sal\u00f3n con estilo victoriano<\/title>\n<meta name=\"description\" content=\"Descubre c\u00f3mo darle a tu sal\u00f3n un aspecto elegante, cl\u00e1sico...propio de la \u00e9poca de la Reina Victoria de Inglaterra. Un estilo para casas majestuosas.\" \/>\n<meta name=\"robots\" content=\"index, follow, max-snippet:-1, max-image-preview:large, max-video-preview:-1\" \/>\n<link rel=\"canonical\" href=\"https:\/\/www.delsofa.es\/informacion\/decoracion-salones-victorianos\/\" \/>\n<meta name=\"twitter:card\" content=\"summary_large_image\" \/>\n<meta name=\"twitter:title\" content=\"Ideas para decorar el sal\u00f3n con estilo victoriano\" \/>\n<meta name=\"twitter:description\" content=\"Descubre c\u00f3mo darle a tu sal\u00f3n un aspecto elegante, cl\u00e1sico...propio de la \u00e9poca de la Reina Victoria de Inglaterra. Un estilo para casas majestuosas.\" \/>\n<meta name=\"twitter:image\" content=\"https:\/\/www.delsofa.es\/informacion\/wp-content\/uploads\/2014\/04\/flickr4.jpg\" \/>\n<meta name=\"twitter:creator\" content=\"@https:\/\/twitter.com\/karimesan\" \/>\n<meta name=\"twitter:site\" content=\"@delsofaES\" \/>\n<meta name=\"twitter:label1\" content=\"Escrito por\" \/>\n\t<meta name=\"twitter:data1\" content=\"Carmen Santo\" \/>\n\t<meta name=\"twitter:label2\" content=\"Tiempo de lectura\" \/>\n\t<meta name=\"twitter:data2\" content=\"3 minutos\" \/>\n<script type=\"application\/ld+json\" class=\"yoast-schema-graph\">{\"@context\":\"https:\/\/schema.org\",\"@graph\":[{\"@type\":\"WebSite\",\"@id\":\"https:\/\/www.delsofa.es\/informacion\/#website\",\"url\":\"https:\/\/www.delsofa.es\/informacion\/\",\"name\":\"\",\"description\":\"\",\"potentialAction\":[{\"@type\":\"SearchAction\",\"target\":{\"@type\":\"EntryPoint\",\"urlTemplate\":\"https:\/\/www.delsofa.es\/informacion\/?s={search_term_string}\"},\"query-input\":\"required name=search_term_string\"}],\"inLanguage\":\"es\"},{\"@type\":\"ImageObject\",\"@id\":\"https:\/\/www.delsofa.es\/informacion\/decoracion-salones-victorianos\/#primaryimage\",\"inLanguage\":\"es\",\"url\":\"https:\/\/www.delsofa.es\/informacion\/wp-content\/uploads\/2014\/04\/flickr4.jpg\",\"contentUrl\":\"https:\/\/www.delsofa.es\/informacion\/wp-content\/uploads\/2014\/04\/flickr4.jpg\",\"width\":530,\"height\":398},{\"@type\":\"WebPage\",\"@id\":\"https:\/\/www.delsofa.es\/informacion\/decoracion-salones-victorianos\/#webpage\",\"url\":\"https:\/\/www.delsofa.es\/informacion\/decoracion-salones-victorianos\/\",\"name\":\"Ideas para decorar el sal\u00f3n con estilo victoriano\",\"isPartOf\":{\"@id\":\"https:\/\/www.delsofa.es\/informacion\/#website\"},\"primaryImageOfPage\":{\"@id\":\"https:\/\/www.delsofa.es\/informacion\/decoracion-salones-victorianos\/#primaryimage\"},\"datePublished\":\"2014-04-07T11:22:58+00:00\",\"dateModified\":\"2014-04-07T11:22:58+00:00\",\"author\":{\"@id\":\"https:\/\/www.delsofa.es\/informacion\/#\/schema\/person\/e8b966e5778ff0f60831b82e0d35a297\"},\"description\":\"Descubre c\u00f3mo darle a tu sal\u00f3n un aspecto elegante, cl\u00e1sico...propio de la \u00e9poca de la Reina Victoria de Inglaterra. Un estilo para casas majestuosas.\",\"breadcrumb\":{\"@id\":\"https:\/\/www.delsofa.es\/informacion\/decoracion-salones-victorianos\/#breadcrumb\"},\"inLanguage\":\"es\",\"potentialAction\":[{\"@type\":\"ReadAction\",\"target\":[\"https:\/\/www.delsofa.es\/informacion\/decoracion-salones-victorianos\/\"]}]},{\"@type\":\"BreadcrumbList\",\"@id\":\"https:\/\/www.delsofa.es\/informacion\/decoracion-salones-victorianos\/#breadcrumb\",\"itemListElement\":[{\"@type\":\"ListItem\",\"position\":1,\"name\":\"Portada\",\"item\":\"https:\/\/www.delsofa.es\/informacion\/\"},{\"@type\":\"ListItem\",\"position\":2,\"name\":\"Decoraci\u00f3n salones de estilo victoriano\"}]},{\"@type\":\"Person\",\"@id\":\"https:\/\/www.delsofa.es\/informacion\/#\/schema\/person\/e8b966e5778ff0f60831b82e0d35a297\",\"name\":\"Carmen Santo\",\"image\":{\"@type\":\"ImageObject\",\"@id\":\"https:\/\/www.delsofa.es\/informacion\/#personlogo\",\"inLanguage\":\"es\",\"url\":\"https:\/\/secure.gravatar.com\/avatar\/ed494de04c6901a10da67638da1c8e60?s=96&d=mm&r=g\",\"contentUrl\":\"https:\/\/secure.gravatar.com\/avatar\/ed494de04c6901a10da67638da1c8e60?s=96&d=mm&r=g\",\"caption\":\"Carmen Santo\"},\"description\":\"Consultora de Branding Personal. Social Media Manager y gesti\u00f3n de la Reputaci\u00f3n Online. Publicista y Periodista de formaci\u00f3n, profesional de la comunicaci\u00f3n por vocaci\u00f3n. Me apasiona la decoraci\u00f3n y he encontrado en este blog una oportunidad para mostrar mi visi\u00f3n particular y aprender con grandes profesionales del sector. M\u00e1s sobre mi trabajo en carmensanto.es\",\"sameAs\":[\"http:\/\/carmensanto.es\/\",\"https:\/\/www.facebook.com\/carmensanto.karimesan\",\"http:\/\/www.linkedin.com\/in\/carmensanto\",\"https:\/\/twitter.com\/https:\/\/twitter.com\/karimesan\"],\"url\":\"https:\/\/www.delsofa.es\/informacion\/author\/carmen\/\"}]}<\/script>\n<!-- \/ Yoast SEO plugin. -->","yoast_head_json":{"title":"Ideas para decorar el sal\u00f3n con estilo victoriano","description":"Descubre c\u00f3mo darle a tu sal\u00f3n un aspecto elegante, cl\u00e1sico...propio de la \u00e9poca de la Reina Victoria de Inglaterra. Un estilo para casas majestuosas.","robots":{"index":"index","follow":"follow","max-snippet":"max-snippet:-1","max-image-preview":"max-image-preview:large","max-video-preview":"max-video-preview:-1"},"canonical":"https:\/\/www.delsofa.es\/informacion\/decoracion-salones-victorianos\/","twitter_card":"summary_large_image","twitter_title":"Ideas para decorar el sal\u00f3n con estilo victoriano","twitter_description":"Descubre c\u00f3mo darle a tu sal\u00f3n un aspecto elegante, cl\u00e1sico...propio de la \u00e9poca de la Reina Victoria de Inglaterra. Un estilo para casas majestuosas.","twitter_image":"https:\/\/www.delsofa.es\/informacion\/wp-content\/uploads\/2014\/04\/flickr4.jpg","twitter_creator":"@https:\/\/twitter.com\/karimesan","twitter_site":"@delsofaES","twitter_misc":{"Escrito por":"Carmen Santo","Tiempo de lectura":"3 minutos"},"schema":{"@context":"https:\/\/schema.org","@graph":[{"@type":"WebSite","@id":"https:\/\/www.delsofa.es\/informacion\/#website","url":"https:\/\/www.delsofa.es\/informacion\/","name":"","description":"","potentialAction":[{"@type":"SearchAction","target":{"@type":"EntryPoint","urlTemplate":"https:\/\/www.delsofa.es\/informacion\/?s={search_term_string}"},"query-input":"required name=search_term_string"}],"inLanguage":"es"},{"@type":"ImageObject","@id":"https:\/\/www.delsofa.es\/informacion\/decoracion-salones-victorianos\/#primaryimage","inLanguage":"es","url":"https:\/\/www.delsofa.es\/informacion\/wp-content\/uploads\/2014\/04\/flickr4.jpg","contentUrl":"https:\/\/www.delsofa.es\/informacion\/wp-content\/uploads\/2014\/04\/flickr4.jpg","width":530,"height":398},{"@type":"WebPage","@id":"https:\/\/www.delsofa.es\/informacion\/decoracion-salones-victorianos\/#webpage","url":"https:\/\/www.delsofa.es\/informacion\/decoracion-salones-victorianos\/","name":"Ideas para decorar el sal\u00f3n con estilo victoriano","isPartOf":{"@id":"https:\/\/www.delsofa.es\/informacion\/#website"},"primaryImageOfPage":{"@id":"https:\/\/www.delsofa.es\/informacion\/decoracion-salones-victorianos\/#primaryimage"},"datePublished":"2014-04-07T11:22:58+00:00","dateModified":"2014-04-07T11:22:58+00:00","author":{"@id":"https:\/\/www.delsofa.es\/informacion\/#\/schema\/person\/e8b966e5778ff0f60831b82e0d35a297"},"description":"Descubre c\u00f3mo darle a tu sal\u00f3n un aspecto elegante, cl\u00e1sico...propio de la \u00e9poca de la Reina Victoria de Inglaterra. Un estilo para casas majestuosas.","breadcrumb":{"@id":"https:\/\/www.delsofa.es\/informacion\/decoracion-salones-victorianos\/#breadcrumb"},"inLanguage":"es","potentialAction":[{"@type":"ReadAction","target":["https:\/\/www.delsofa.es\/informacion\/decoracion-salones-victorianos\/"]}]},{"@type":"BreadcrumbList","@id":"https:\/\/www.delsofa.es\/informacion\/decoracion-salones-victorianos\/#breadcrumb","itemListElement":[{"@type":"ListItem","position":1,"name":"Portada","item":"https:\/\/www.delsofa.es\/informacion\/"},{"@type":"ListItem","position":2,"name":"Decoraci\u00f3n salones de estilo victoriano"}]},{"@type":"Person","@id":"https:\/\/www.delsofa.es\/informacion\/#\/schema\/person\/e8b966e5778ff0f60831b82e0d35a297","name":"Carmen Santo","image":{"@type":"ImageObject","@id":"https:\/\/www.delsofa.es\/informacion\/#personlogo","inLanguage":"es","url":"https:\/\/secure.gravatar.com\/avatar\/ed494de04c6901a10da67638da1c8e60?s=96&d=mm&r=g","contentUrl":"https:\/\/secure.gravatar.com\/avatar\/ed494de04c6901a10da67638da1c8e60?s=96&d=mm&r=g","caption":"Carmen Santo"},"description":"Consultora de Branding Personal. Social Media Manager y gesti\u00f3n de la Reputaci\u00f3n Online. Publicista y Periodista de formaci\u00f3n, profesional de la comunicaci\u00f3n por vocaci\u00f3n. Me apasiona la decoraci\u00f3n y he encontrado en este blog una oportunidad para mostrar mi visi\u00f3n particular y aprender con grandes profesionales del sector. M\u00e1s sobre mi trabajo en carmensanto.es","sameAs":["http:\/\/carmensanto.es\/","https:\/\/www.facebook.com\/carmensanto.karimesan","http:\/\/www.linkedin.com\/in\/carmensanto","https:\/\/twitter.com\/https:\/\/twitter.com\/karimesan"],"url":"https:\/\/www.delsofa.es\/informacion\/author\/carmen\/"}]}},"amp_enabled":true,"_links":{"self":[{"href":"https:\/\/www.delsofa.es\/informacion\/wp-json\/wp\/v2\/posts\/1840"}],"collection":[{"href":"https:\/\/www.delsofa.es\/informacion\/wp-json\/wp\/v2\/posts"}],"about":[{"href":"https:\/\/www.delsofa.es\/informacion\/wp-json\/wp\/v2\/types\/post"}],"author":[{"embeddable":true,"href":"https:\/\/www.delsofa.es\/informacion\/wp-json\/wp\/v2\/users\/10"}],"replies":[{"embeddable":true,"href":"https:\/\/www.delsofa.es\/informacion\/wp-json\/wp\/v2\/comments?post=1840"}],"version-history":[{"count":10,"href":"https:\/\/www.delsofa.es\/informacion\/wp-json\/wp\/v2\/posts\/1840\/revisions"}],"predecessor-version":[{"id":2669,"href":"https:\/\/www.delsofa.es\/informacion\/wp-json\/wp\/v2\/posts\/1840\/revisions\/2669"}],"wp:attachment":[{"href":"https:\/\/www.delsofa.es\/informacion\/wp-json\/wp\/v2\/media?parent=1840"}],"wp:term":[{"taxonomy":"category","embeddable":true,"href":"https:\/\/www.delsofa.es\/informacion\/wp-json\/wp\/v2\/categories?post=1840"},{"taxonomy":"post_tag","embeddable":true,"href":"https:\/\/www.delsofa.es\/informacion\/wp-json\/wp\/v2\/tags?post=1840"}],"curies":[{"name":"wp","href":"https:\/\/api.w.org\/{rel}","templated":true}]}}