{"id":1856,"date":"2014-02-24T12:01:51","date_gmt":"2014-02-24T12:01:51","guid":{"rendered":"https:\/\/www.delsofa.es\/informacion\/?p=1856"},"modified":"2014-07-30T16:37:14","modified_gmt":"2014-07-30T16:37:14","slug":"chaise-longues-en-modulos-la-mejor-forma-de-ganar-comodidad-y-espacio","status":"publish","type":"post","link":"https:\/\/www.delsofa.es\/informacion\/chaise-longues-en-modulos-la-mejor-forma-de-ganar-comodidad-y-espacio\/","title":{"rendered":"Sof\u00e1s con m\u00f3dulo chaise longue: descanso y versatilidad"},"content":{"rendered":"<p align=\"justify\">Cuando estamos sentados en el sof\u00e1 viendo una pel\u00edcula, muchas veces buscamos en el sal\u00f3n alg\u00fan elemento para poner los pies en alto, sobre todo por la noche, queremos disfrutar del m\u00e1ximo confort y relax para pasar la velada sin dar vueltas en el asiento porque no sabemos c\u00f3mo colocarnos.\u00a0En este art\u00edculo te voy a dar algunas <strong>sugerencias de\u00a0sof\u00e1s con m\u00f3dulo chaise longue\u00a0<\/strong>que cubrir\u00e1n c\u00f3modamente esta necesidad de descanso.<\/p>\n<p align=\"justify\">La soluci\u00f3n m\u00e1s f\u00e1cil para elevar las piernas cuando estamos sentados en el sof\u00e1, suele ser recurrir a <strong>banquetas o taburetes, <\/strong>pero \u00e9stos no siempre se ajustan a nuestras dimensiones y, seg\u00fan la complexi\u00f3n de nuestro cuerpo, a veces pueden llegar a resultar inc\u00f3modos, te hacen perder el equilibrio y tus piernas acaban cayendo al suelo, sin obtener el descanso que buscas.<\/p>\n<p align=\"justify\">Si queremos disponer de un asiento en el sal\u00f3n en el que podamos <strong>tumbarnos y reclinarnos con la mayor confortabilidad<\/strong>, lo mejor es conseguir un sof\u00e1 con m\u00f3dulo chaise longue. De esta forma evitas tener que utilizar peque\u00f1os muebles que muchas veces se convierten en un estorbo.<\/p>\n<p style=\"text-align: justify;\"><span style=\"font-size: 120%; color: #993366;\">Ventajas de los Chaise longues<br \/>\n<\/span><\/p>\n<p style=\"text-align: justify;\">Adem\u00e1s de resultar extremadamente c\u00f3modos para el cuerpo, otra de las ventajas que nos aporta un sof\u00e1 con m\u00f3dulo chaise longue es su <strong>gran versatilidad,\u00a0<\/strong>puedes colocarlo a derecha o izquierda. Resulta muy c\u00f3modo para los que quieran dise\u00f1ar el <strong>sal\u00f3n con una rinconera<\/strong>, o por si un d\u00eda decidimos cambiar los muebles de pared y no queremos que se estropee la disposici\u00f3n de la sala.<\/p>\n<p style=\"text-align: justify;\">Este <a href=\"#?utm_source=smm&amp;utm_medium=linkb&amp;utm_campaign=blog\" target=\"_blank\">modelo Elena<\/a> de 3 plazas con respaldos reclinables resulta muy \u00fatil para este prop\u00f3sito. Adem\u00e1s cuenta con almohadas y cojines de fibra hueca muy c\u00f3modos y est\u00e1 hecho con un precioso acabado en negro muy pulcro y elegante, altamente confortable y f\u00e1cil de combinar.<\/p>\n<p style=\"text-align: center;\"><img decoding=\"async\" loading=\"lazy\" class=\"aligncenter  wp-image-1883\" title=\"Chaise longue modelo Elena a la venta en Delsofa.es\" src=\"https:\/\/www.delsofa.es\/informacion\/wp-content\/uploads\/2013\/12\/modelo-Elena-Chaise-Longue.jpg\" alt=\"Chaise Longue con respaldos reclinables\" width=\"584\" height=\"240\" srcset=\"https:\/\/www.delsofa.es\/informacion\/wp-content\/uploads\/2013\/12\/modelo-Elena-Chaise-Longue.jpg 584w, https:\/\/www.delsofa.es\/informacion\/wp-content\/uploads\/2013\/12\/modelo-Elena-Chaise-Longue-300x123.jpg 300w, https:\/\/www.delsofa.es\/informacion\/wp-content\/uploads\/2013\/12\/modelo-Elena-Chaise-Longue-500x205.jpg 500w\" sizes=\"(max-width: 584px) 100vw, 584px\" \/><\/p>\n<p style=\"text-align: justify;\">Otra forma de lograr libertad de movimientos es utilizando un <strong>chaise longue con puff movible<\/strong>. Se pueden utilizar para reclinarse y tumbarse a ver una pel\u00edcula o leer un libro, pero por otro lado, tambi\u00e9n lo puedes retirar y utilizar como un asiento normal. Esto siempre viene muy bien para la mesilla del caf\u00e9, ya que la persona que se siente ah\u00ed podr\u00e1 acercarse a la mesa sin tener que desplazar \u00e9sta, como solemos hacer.<\/p>\n<p style=\"text-align: justify;\">Los <strong>chaise longues<\/strong> te permiten disfrutar del mayor descanso sin necesidad de recurrir a muebles auxiliares, o tener que poner en peligro tu espalda reclin\u00e1ndote m\u00e1s de lo que es bueno para ti. Adem\u00e1s te permiten organizar mejor los asientos en el sal\u00f3n, de manera que puedes colocarlos de diferentes formas y sin comprometer el dise\u00f1o de la sala.<\/p>\n<p style=\"text-align: justify;\">\u00bfHas pensando en tener un chaise longue integrado en tu sof\u00e1 para poder descansar mejor mientra est\u00e1s viendo la televisi\u00f3n? En Delsofa.es te podemos <strong>ayudar y asesorar para que tomes la mejor decisi\u00f3n<\/strong>, no dudes en llamarnos a nuestros <strong>tel\u00e9fono gratuito de atenci\u00f3n al cliente 900.701.086<\/strong> en horario de 8 a 20 horas, de lunes a viernes.<\/p>\n<p style=\"text-align: justify;\"><strong>Nuestros expertos en sof\u00e1s est\u00e1n encantados de ayudarte.<\/strong><\/p>\n","protected":false},"excerpt":{"rendered":"<p>Cuando estamos sentados en el sof\u00e1 viendo una pel\u00edcula, muchas veces buscamos en el sal\u00f3n alg\u00fan elemento para poner los pies en alto, sobre todo por la noche, queremos disfrutar del m\u00e1ximo confort y relax para pasar la velada sin &hellip; <a href=\"https:\/\/www.delsofa.es\/informacion\/chaise-longues-en-modulos-la-mejor-forma-de-ganar-comodidad-y-espacio\/\">Sigue leyendo <span class=\"meta-nav\">&rarr;<\/span><\/a><\/p>\n","protected":false},"author":8,"featured_media":0,"comment_status":"open","ping_status":"open","sticky":false,"template":"","format":"standard","meta":[],"categories":[135,359],"tags":[742,448,743,744,745],"yoast_head":"<!-- This site is optimized with the Yoast SEO plugin v18.6 - https:\/\/yoast.com\/wordpress\/plugins\/seo\/ -->\n<title>Sof\u00e1s con m\u00f3dulo chaise longue: descanso y versatilidad<\/title>\n<meta name=\"description\" content=\"Si os gusta sentaros en el sof\u00e1 y elevar las piernas, la opci\u00f3n m\u00e1s c\u00f3moda son los sof\u00e1s con m\u00f3dulo chaise longue. El descanso est\u00e1 asegurado.\" \/>\n<meta name=\"robots\" content=\"index, follow, max-snippet:-1, max-image-preview:large, max-video-preview:-1\" \/>\n<link rel=\"canonical\" href=\"https:\/\/www.delsofa.es\/informacion\/chaise-longues-en-modulos-la-mejor-forma-de-ganar-comodidad-y-espacio\/\" \/>\n<meta name=\"twitter:card\" content=\"summary_large_image\" \/>\n<meta name=\"twitter:title\" content=\"Sof\u00e1s con m\u00f3dulo chaise longue: descanso y versatilidad\" \/>\n<meta name=\"twitter:description\" content=\"Si os gusta sentaros en el sof\u00e1 y elevar las piernas, la opci\u00f3n m\u00e1s c\u00f3moda son los sof\u00e1s con m\u00f3dulo chaise longue. El descanso est\u00e1 asegurado.\" \/>\n<meta name=\"twitter:image\" content=\"https:\/\/www.delsofa.es\/informacion\/wp-content\/uploads\/2013\/12\/modelo-Elena-Chaise-Longue.jpg\" \/>\n<meta name=\"twitter:creator\" content=\"@delsofaES\" \/>\n<meta name=\"twitter:site\" content=\"@delsofaES\" \/>\n<meta name=\"twitter:label1\" content=\"Escrito por\" \/>\n\t<meta name=\"twitter:data1\" content=\"Samuel Juli\u00e1\" \/>\n\t<meta name=\"twitter:label2\" content=\"Tiempo de lectura\" \/>\n\t<meta name=\"twitter:data2\" content=\"3 minutos\" \/>\n<script type=\"application\/ld+json\" class=\"yoast-schema-graph\">{\"@context\":\"https:\/\/schema.org\",\"@graph\":[{\"@type\":\"WebSite\",\"@id\":\"https:\/\/www.delsofa.es\/informacion\/#website\",\"url\":\"https:\/\/www.delsofa.es\/informacion\/\",\"name\":\"\",\"description\":\"\",\"potentialAction\":[{\"@type\":\"SearchAction\",\"target\":{\"@type\":\"EntryPoint\",\"urlTemplate\":\"https:\/\/www.delsofa.es\/informacion\/?s={search_term_string}\"},\"query-input\":\"required name=search_term_string\"}],\"inLanguage\":\"es\"},{\"@type\":\"ImageObject\",\"@id\":\"https:\/\/www.delsofa.es\/informacion\/chaise-longues-en-modulos-la-mejor-forma-de-ganar-comodidad-y-espacio\/#primaryimage\",\"inLanguage\":\"es\",\"url\":\"https:\/\/www.delsofa.es\/informacion\/wp-content\/uploads\/2013\/12\/modelo-Elena-Chaise-Longue.jpg\",\"contentUrl\":\"https:\/\/www.delsofa.es\/informacion\/wp-content\/uploads\/2013\/12\/modelo-Elena-Chaise-Longue.jpg\",\"width\":584,\"height\":240,\"caption\":\"Chaise Longue con respaldos reclinables\"},{\"@type\":\"WebPage\",\"@id\":\"https:\/\/www.delsofa.es\/informacion\/chaise-longues-en-modulos-la-mejor-forma-de-ganar-comodidad-y-espacio\/#webpage\",\"url\":\"https:\/\/www.delsofa.es\/informacion\/chaise-longues-en-modulos-la-mejor-forma-de-ganar-comodidad-y-espacio\/\",\"name\":\"Sof\u00e1s con m\u00f3dulo chaise longue: descanso y versatilidad\",\"isPartOf\":{\"@id\":\"https:\/\/www.delsofa.es\/informacion\/#website\"},\"primaryImageOfPage\":{\"@id\":\"https:\/\/www.delsofa.es\/informacion\/chaise-longues-en-modulos-la-mejor-forma-de-ganar-comodidad-y-espacio\/#primaryimage\"},\"datePublished\":\"2014-02-24T12:01:51+00:00\",\"dateModified\":\"2014-07-30T16:37:14+00:00\",\"author\":{\"@id\":\"https:\/\/www.delsofa.es\/informacion\/#\/schema\/person\/43745e6d3a8ff735b6110da6a43d32e9\"},\"description\":\"Si os gusta sentaros en el sof\u00e1 y elevar las piernas, la opci\u00f3n m\u00e1s c\u00f3moda son los sof\u00e1s con m\u00f3dulo chaise longue. El descanso est\u00e1 asegurado.\",\"breadcrumb\":{\"@id\":\"https:\/\/www.delsofa.es\/informacion\/chaise-longues-en-modulos-la-mejor-forma-de-ganar-comodidad-y-espacio\/#breadcrumb\"},\"inLanguage\":\"es\",\"potentialAction\":[{\"@type\":\"ReadAction\",\"target\":[\"https:\/\/www.delsofa.es\/informacion\/chaise-longues-en-modulos-la-mejor-forma-de-ganar-comodidad-y-espacio\/\"]}]},{\"@type\":\"BreadcrumbList\",\"@id\":\"https:\/\/www.delsofa.es\/informacion\/chaise-longues-en-modulos-la-mejor-forma-de-ganar-comodidad-y-espacio\/#breadcrumb\",\"itemListElement\":[{\"@type\":\"ListItem\",\"position\":1,\"name\":\"Portada\",\"item\":\"https:\/\/www.delsofa.es\/informacion\/\"},{\"@type\":\"ListItem\",\"position\":2,\"name\":\"Sof\u00e1s con m\u00f3dulo chaise longue: descanso y versatilidad\"}]},{\"@type\":\"Person\",\"@id\":\"https:\/\/www.delsofa.es\/informacion\/#\/schema\/person\/43745e6d3a8ff735b6110da6a43d32e9\",\"name\":\"Samuel Juli\u00e1\",\"image\":{\"@type\":\"ImageObject\",\"@id\":\"https:\/\/www.delsofa.es\/informacion\/#personlogo\",\"inLanguage\":\"es\",\"url\":\"https:\/\/secure.gravatar.com\/avatar\/63cc242575946deb5c9e2bacf79706b7?s=96&d=mm&r=g\",\"contentUrl\":\"https:\/\/secure.gravatar.com\/avatar\/63cc242575946deb5c9e2bacf79706b7?s=96&d=mm&r=g\",\"caption\":\"Samuel Juli\u00e1\"},\"description\":\"Periodista y community manager (Alicante, 1988). Entusiasmado con el mundo de la comunicaci\u00f3n online y las nuevas formas de expresi\u00f3n. Me encanta todo lo relacionado con la belleza, la est\u00e9tica y el arte. Escribo en El Blog del Sof\u00e1 desde noviembre de 2013.\",\"sameAs\":[\"http:\/\/www.miredactor.com\"],\"url\":\"https:\/\/www.delsofa.es\/informacion\/author\/samuel\/\"}]}<\/script>\n<!-- \/ Yoast SEO plugin. -->","yoast_head_json":{"title":"Sof\u00e1s con m\u00f3dulo chaise longue: descanso y versatilidad","description":"Si os gusta sentaros en el sof\u00e1 y elevar las piernas, la opci\u00f3n m\u00e1s c\u00f3moda son los sof\u00e1s con m\u00f3dulo chaise longue. El descanso est\u00e1 asegurado.","robots":{"index":"index","follow":"follow","max-snippet":"max-snippet:-1","max-image-preview":"max-image-preview:large","max-video-preview":"max-video-preview:-1"},"canonical":"https:\/\/www.delsofa.es\/informacion\/chaise-longues-en-modulos-la-mejor-forma-de-ganar-comodidad-y-espacio\/","twitter_card":"summary_large_image","twitter_title":"Sof\u00e1s con m\u00f3dulo chaise longue: descanso y versatilidad","twitter_description":"Si os gusta sentaros en el sof\u00e1 y elevar las piernas, la opci\u00f3n m\u00e1s c\u00f3moda son los sof\u00e1s con m\u00f3dulo chaise longue. El descanso est\u00e1 asegurado.","twitter_image":"https:\/\/www.delsofa.es\/informacion\/wp-content\/uploads\/2013\/12\/modelo-Elena-Chaise-Longue.jpg","twitter_creator":"@delsofaES","twitter_site":"@delsofaES","twitter_misc":{"Escrito por":"Samuel Juli\u00e1","Tiempo de lectura":"3 minutos"},"schema":{"@context":"https:\/\/schema.org","@graph":[{"@type":"WebSite","@id":"https:\/\/www.delsofa.es\/informacion\/#website","url":"https:\/\/www.delsofa.es\/informacion\/","name":"","description":"","potentialAction":[{"@type":"SearchAction","target":{"@type":"EntryPoint","urlTemplate":"https:\/\/www.delsofa.es\/informacion\/?s={search_term_string}"},"query-input":"required name=search_term_string"}],"inLanguage":"es"},{"@type":"ImageObject","@id":"https:\/\/www.delsofa.es\/informacion\/chaise-longues-en-modulos-la-mejor-forma-de-ganar-comodidad-y-espacio\/#primaryimage","inLanguage":"es","url":"https:\/\/www.delsofa.es\/informacion\/wp-content\/uploads\/2013\/12\/modelo-Elena-Chaise-Longue.jpg","contentUrl":"https:\/\/www.delsofa.es\/informacion\/wp-content\/uploads\/2013\/12\/modelo-Elena-Chaise-Longue.jpg","width":584,"height":240,"caption":"Chaise Longue con respaldos reclinables"},{"@type":"WebPage","@id":"https:\/\/www.delsofa.es\/informacion\/chaise-longues-en-modulos-la-mejor-forma-de-ganar-comodidad-y-espacio\/#webpage","url":"https:\/\/www.delsofa.es\/informacion\/chaise-longues-en-modulos-la-mejor-forma-de-ganar-comodidad-y-espacio\/","name":"Sof\u00e1s con m\u00f3dulo chaise longue: descanso y versatilidad","isPartOf":{"@id":"https:\/\/www.delsofa.es\/informacion\/#website"},"primaryImageOfPage":{"@id":"https:\/\/www.delsofa.es\/informacion\/chaise-longues-en-modulos-la-mejor-forma-de-ganar-comodidad-y-espacio\/#primaryimage"},"datePublished":"2014-02-24T12:01:51+00:00","dateModified":"2014-07-30T16:37:14+00:00","author":{"@id":"https:\/\/www.delsofa.es\/informacion\/#\/schema\/person\/43745e6d3a8ff735b6110da6a43d32e9"},"description":"Si os gusta sentaros en el sof\u00e1 y elevar las piernas, la opci\u00f3n m\u00e1s c\u00f3moda son los sof\u00e1s con m\u00f3dulo chaise longue. El descanso est\u00e1 asegurado.","breadcrumb":{"@id":"https:\/\/www.delsofa.es\/informacion\/chaise-longues-en-modulos-la-mejor-forma-de-ganar-comodidad-y-espacio\/#breadcrumb"},"inLanguage":"es","potentialAction":[{"@type":"ReadAction","target":["https:\/\/www.delsofa.es\/informacion\/chaise-longues-en-modulos-la-mejor-forma-de-ganar-comodidad-y-espacio\/"]}]},{"@type":"BreadcrumbList","@id":"https:\/\/www.delsofa.es\/informacion\/chaise-longues-en-modulos-la-mejor-forma-de-ganar-comodidad-y-espacio\/#breadcrumb","itemListElement":[{"@type":"ListItem","position":1,"name":"Portada","item":"https:\/\/www.delsofa.es\/informacion\/"},{"@type":"ListItem","position":2,"name":"Sof\u00e1s con m\u00f3dulo chaise longue: descanso y versatilidad"}]},{"@type":"Person","@id":"https:\/\/www.delsofa.es\/informacion\/#\/schema\/person\/43745e6d3a8ff735b6110da6a43d32e9","name":"Samuel Juli\u00e1","image":{"@type":"ImageObject","@id":"https:\/\/www.delsofa.es\/informacion\/#personlogo","inLanguage":"es","url":"https:\/\/secure.gravatar.com\/avatar\/63cc242575946deb5c9e2bacf79706b7?s=96&d=mm&r=g","contentUrl":"https:\/\/secure.gravatar.com\/avatar\/63cc242575946deb5c9e2bacf79706b7?s=96&d=mm&r=g","caption":"Samuel Juli\u00e1"},"description":"Periodista y community manager (Alicante, 1988). Entusiasmado con el mundo de la comunicaci\u00f3n online y las nuevas formas de expresi\u00f3n. Me encanta todo lo relacionado con la belleza, la est\u00e9tica y el arte. Escribo en El Blog del Sof\u00e1 desde noviembre de 2013.","sameAs":["http:\/\/www.miredactor.com"],"url":"https:\/\/www.delsofa.es\/informacion\/author\/samuel\/"}]}},"amp_enabled":true,"_links":{"self":[{"href":"https:\/\/www.delsofa.es\/informacion\/wp-json\/wp\/v2\/posts\/1856"}],"collection":[{"href":"https:\/\/www.delsofa.es\/informacion\/wp-json\/wp\/v2\/posts"}],"about":[{"href":"https:\/\/www.delsofa.es\/informacion\/wp-json\/wp\/v2\/types\/post"}],"author":[{"embeddable":true,"href":"https:\/\/www.delsofa.es\/informacion\/wp-json\/wp\/v2\/users\/8"}],"replies":[{"embeddable":true,"href":"https:\/\/www.delsofa.es\/informacion\/wp-json\/wp\/v2\/comments?post=1856"}],"version-history":[{"count":11,"href":"https:\/\/www.delsofa.es\/informacion\/wp-json\/wp\/v2\/posts\/1856\/revisions"}],"predecessor-version":[{"id":3976,"href":"https:\/\/www.delsofa.es\/informacion\/wp-json\/wp\/v2\/posts\/1856\/revisions\/3976"}],"wp:attachment":[{"href":"https:\/\/www.delsofa.es\/informacion\/wp-json\/wp\/v2\/media?parent=1856"}],"wp:term":[{"taxonomy":"category","embeddable":true,"href":"https:\/\/www.delsofa.es\/informacion\/wp-json\/wp\/v2\/categories?post=1856"},{"taxonomy":"post_tag","embeddable":true,"href":"https:\/\/www.delsofa.es\/informacion\/wp-json\/wp\/v2\/tags?post=1856"}],"curies":[{"name":"wp","href":"https:\/\/api.w.org\/{rel}","templated":true}]}}