{"id":1943,"date":"2014-01-14T14:41:50","date_gmt":"2014-01-14T14:41:50","guid":{"rendered":"https:\/\/www.delsofa.es\/informacion\/?p=1943"},"modified":"2014-01-14T14:41:50","modified_gmt":"2014-01-14T14:41:50","slug":"tendencias-decoracion-invierno","status":"publish","type":"post","link":"https:\/\/www.delsofa.es\/informacion\/tendencias-decoracion-invierno\/","title":{"rendered":"Tendencias de decoraci\u00f3n de invierno en salones"},"content":{"rendered":"<p style=\"text-align: justify;\">2014 viene con renovados prop\u00f3sitos, y, hablando de renovar, tambi\u00e9n veremos nuevas tendencias de decoraci\u00f3n de invierno. \u00bfQuieres saber cu\u00e1les son? Te las contamos todas en este art\u00edculo, \u00a1no te pierdas nada!<\/p>\n<p style=\"text-align: justify;\"><span style=\"font-size: 120%; color: #993366;\">Colores neutros<\/span><\/p>\n<p style=\"text-align: justify;\">No sorprende que la estaci\u00f3n m\u00e1s fr\u00eda acoja los tonos neutros: los tonos tierra causar\u00e1n furor y los grises, reciclados de la estaci\u00f3n anterior, seguir\u00e1n siendo tendencia en sus tonalidades m\u00e1s oscuras, como el gris marengo. Una buena noticia para quienes quieran ahorrar en decoraci\u00f3n: la apuesta de los grises sigue vigente, \u00bfpor qu\u00e9 no invertir en piezas clave de estos tonos, como quien invierte en prendas de fondo de armario?<\/p>\n<p style=\"text-align: justify;\">Si est\u00e1s pensando en cambiar las fundas al sof\u00e1, o, inclusive, en comprar uno nuevo, <strong>el gris est\u00e1 m\u00e1s que recomendado<\/strong>. No s\u00f3lo es un color excelente para cualquier estaci\u00f3n, sino que combina a la perfecci\u00f3n con cualquier estilo: r\u00fastico, \u00e9tnico o elegante, como podemos comprobar en las fotograf\u00edas inferiores.<\/p>\n<p style=\"text-align: center;\"><img decoding=\"async\" loading=\"lazy\" class=\"size-full wp-image-1959 aligncenter\" title=\"sal\u00f3n invernal en gris\" alt=\"sofa gris 3 plazas\" src=\"https:\/\/www.delsofa.es\/informacion\/wp-content\/uploads\/2013\/12\/sofa-gris-3-plazas.jpg\" width=\"450\" height=\"355\" srcset=\"https:\/\/www.delsofa.es\/informacion\/wp-content\/uploads\/2013\/12\/sofa-gris-3-plazas.jpg 450w, https:\/\/www.delsofa.es\/informacion\/wp-content\/uploads\/2013\/12\/sofa-gris-3-plazas-300x236.jpg 300w, https:\/\/www.delsofa.es\/informacion\/wp-content\/uploads\/2013\/12\/sofa-gris-3-plazas-380x300.jpg 380w\" sizes=\"(max-width: 450px) 100vw, 450px\" \/><\/p>\n<p style=\"text-align: justify;\">\u00bfEsta temporada ya no veremos m\u00e1s rojos y verdes? \u00bfEl azul el\u00e9ctrico pas\u00f3 a la historia?<strong> No solo de grises y tonos tierra va a vivir el invierno: los verdes, rojos y azules seguir\u00e1n presentes<\/strong>, pero en sus tonalidades m\u00e1s apagadas. El <em>must<\/em> de la temporada en decoraci\u00f3n ser\u00e1 el naranja calabaza, y tambi\u00e9n el violeta oscuro tendr\u00e1 su protagonismo. Dos tonos que dar\u00e1n el toque rebelde a nuestros salones y que combinan a la perfecci\u00f3n con los tierra y los grises.<\/p>\n<p style=\"text-align: justify;\"><span style=\"font-size: 120%; color: #993366;\">Eclecticismo met\u00e1lico<\/span><\/p>\n<p style=\"text-align: justify;\">Este invierno, <strong>la decoraci\u00f3n combinar\u00e1 estilos<\/strong>. La base ser\u00e1 la elegancia, pero mezclada con lo \u00e9tnico, lo r\u00fastico, lo pop: no ser\u00e1 complicado hacerlo con una base neutra de colores. Las tendencias de decoraci\u00f3n de invierno apuntan por el eclecticismo para que el hogar resulte acogedor. Si no te atreves con las combinaciones de estilos, opta por introducir peque\u00f1os detalles: un candelabro de metal vintage en la entrada puede dar otro aire a este espacio, y adem\u00e1s tambi\u00e9n entra dentro de otra tendencia de la temporada: los metalizados.<\/p>\n<p style=\"text-align: justify;\"><span style=\"font-size: 120%; color: #993366;\">Colores metalizados<\/span><\/p>\n<p style=\"text-align: justify;\">Cojines dorados, marcos en tonos bronce, jarrones de aspecto metalizados: <strong>este invierno, el oro y el cobre no pueden faltar en tu hogar<\/strong>. La neutralidad de los colores tendencia del invierno se ve contrarrestada por los detalles metalizados, que aportan calidez a la casa.<\/p>\n<div id=\"attachment_1961\" style=\"width: 510px\" class=\"wp-caption aligncenter\"><img aria-describedby=\"caption-attachment-1961\" decoding=\"async\" loading=\"lazy\" class=\"size-full wp-image-1961  \" title=\"cojines dorados\" alt=\"\" src=\"https:\/\/www.delsofa.es\/informacion\/wp-content\/uploads\/2013\/12\/cojines-dorados.jpg\" width=\"500\" height=\"344\" srcset=\"https:\/\/www.delsofa.es\/informacion\/wp-content\/uploads\/2013\/12\/cojines-dorados.jpg 500w, https:\/\/www.delsofa.es\/informacion\/wp-content\/uploads\/2013\/12\/cojines-dorados-300x206.jpg 300w, https:\/\/www.delsofa.es\/informacion\/wp-content\/uploads\/2013\/12\/cojines-dorados-436x300.jpg 436w\" sizes=\"(max-width: 500px) 100vw, 500px\" \/><p id=\"caption-attachment-1961\" class=\"wp-caption-text\">Del blog ayudaradecorar.blogspot.com<\/p><\/div>\n<p style=\"text-align: justify;\">Si tu presupuesto no es muy amplio, apuesta por acentos \u00fanicos y llamativos: una l\u00e1mpara barroca puede ser el contrapunto perfecto para un sal\u00f3n elegante en tonos neutros y tierra. Los cojines en tono oro viejo ser\u00e1n perfectos para el sof\u00e1 beis, d\u00e1ndole un toque particular. Recuerda, menos es m\u00e1s: m\u00e1s vale invertir en una pieza \u00fanica sobre la que gire todo el sal\u00f3n, que comprar varios objetos de mala calidad y que nuestro hogar quede vulgar.<\/p>\n<p style=\"text-align: justify;\"><span style=\"font-size: 120%; color: #993366;\">Mezclas crom\u00e1ticas arriesgadas<\/span><\/p>\n<p style=\"text-align: justify;\">Entre las tendencias de decoraci\u00f3n de invierno 2013-2014, una de las m\u00e1s atractivas es el contraste crom\u00e1tico, en contraposici\u00f3n a los colores neutros que mencion\u00e1bamos anteriormente: <strong>la apuesta blanco-negro sigue vigente<\/strong>, pero los m\u00e1s atrevidos pueden probar mezclando amarillos, naranjas, verdes y azules.<\/p>\n<p style=\"text-align: justify;\">Un buen ejemplo de una mezcla <em>black and white<\/em> sofisticada es la de este \u00e1tico en Estocolmo, que hemos podido ver en el blog <a href=\"http:\/\/www.vintageandchicblog.com\/2013\/11\/un-atico-duplex-en-blanco-y-negro-en.html\" target=\"_blank\">Vintage and Chic<\/a>: estilo minimalista para una exitosa decoraci\u00f3n de invierno. Este contraste crea sensaci\u00f3n de amplitud, aporta luminosidad y brillo, pero sin dar sensaci\u00f3n de espacio fr\u00edo.<\/p>\n<p style=\"text-align: center;\"><img decoding=\"async\" loading=\"lazy\" class=\"size-full wp-image-1956 aligncenter\" title=\"Sal\u00f3n en blanco y negro\" alt=\"salon blanco y negro\" src=\"https:\/\/www.delsofa.es\/informacion\/wp-content\/uploads\/2013\/12\/atico-duplex-estocolmo-decorado-blanco-y-negro.jpg\" width=\"500\" height=\"333\" srcset=\"https:\/\/www.delsofa.es\/informacion\/wp-content\/uploads\/2013\/12\/atico-duplex-estocolmo-decorado-blanco-y-negro.jpg 500w, https:\/\/www.delsofa.es\/informacion\/wp-content\/uploads\/2013\/12\/atico-duplex-estocolmo-decorado-blanco-y-negro-300x199.jpg 300w, https:\/\/www.delsofa.es\/informacion\/wp-content\/uploads\/2013\/12\/atico-duplex-estocolmo-decorado-blanco-y-negro-450x300.jpg 450w\" sizes=\"(max-width: 500px) 100vw, 500px\" \/><\/p>\n<p style=\"text-align: justify;\"><span style=\"font-size: 120%; color: #993366;\">Estilo Urban Chic<\/span><\/p>\n<p style=\"text-align: justify;\">Este invierno, las tendencias de decoraci\u00f3n apuntan hacia el estilo Urban Chic. Siendo ortodoxos, este \u00a0estilo no es tal, sino una mezcla de estilos que consiste en dar un aire desenfadado a la estancia combinando, como apunta <a href=\"http:\/\/www.espaciodeco.com\/ideas\/trucos-para-decorar\/el-estilo-urban-chic--c9472\" target=\"_blank\">Espacio Dec\u00f3<\/a>, \u00abalg\u00fan elemento vintage con alg\u00fan elemento contempor\u00e1neo\u00bb.<\/p>\n<p style=\"text-align: justify;\">Lo bueno del <strong>estilo Urban Chic es que permite dar un aire sofisticado y elegante<\/strong>, reciclando muebles (un mueble de casa de nuestros abuelos, o de alg\u00fan rastro o anticuario) e invirtiendo menos en la decoraci\u00f3n: en el blog Espacio Dec\u00f3 podemos encontrar excelentes ideas, como combinar unos marcos antiguos y restaurados con una silla Barcelona y un suelo de madera sin tratar.<\/p>\n<p style=\"text-align: center;\"><img decoding=\"async\" loading=\"lazy\" class=\"size-full wp-image-1957 aligncenter\" title=\"sal\u00f3n decorado con estilo Urban Chic\" alt=\"Urban chic Entorno deco\" src=\"https:\/\/www.delsofa.es\/informacion\/wp-content\/uploads\/2013\/12\/Urban-chic-Entorno-deco.jpg\" width=\"450\" height=\"360\" srcset=\"https:\/\/www.delsofa.es\/informacion\/wp-content\/uploads\/2013\/12\/Urban-chic-Entorno-deco.jpg 450w, https:\/\/www.delsofa.es\/informacion\/wp-content\/uploads\/2013\/12\/Urban-chic-Entorno-deco-300x240.jpg 300w, https:\/\/www.delsofa.es\/informacion\/wp-content\/uploads\/2013\/12\/Urban-chic-Entorno-deco-375x300.jpg 375w\" sizes=\"(max-width: 450px) 100vw, 450px\" \/><\/p>\n<p style=\"text-align: justify;\">La combinaci\u00f3n de una pieza de piel (un sof\u00e1 o un sill\u00f3n, por ejemplo) con elementos vintage suele ser muy efectiva en estos casos, pudiendo tambi\u00e9n a\u00f1adir elementos y colores de lo m\u00e1s ecl\u00e9cticos: estanter\u00edas de obra, sillas Luis XVI, muebles cromados y modernas esculturas son algunas de las piezas que casar\u00e1n a la perfecci\u00f3n en el estilo Urban Chic.<\/p>\n<p style=\"text-align: justify;\"><span style=\"font-size: 120%; color: #993366;\">Apuesta por la madera y el animal print<\/span><\/p>\n<p style=\"text-align: justify;\">La madera es un material noble, t\u00edpicamente invernal. La tendencia contin\u00faa este invierno, combinada con los estampados animales: si lograste hacerte con una alfombra de estampado de cebra este oto\u00f1o, podr\u00e1s aprovecharla tambi\u00e9n esta temporada.<\/p>\n<p style=\"text-align: center;\"><img decoding=\"async\" loading=\"lazy\" class=\"aligncenter  wp-image-1052\" title=\"sal\u00f3n con alfombra de cebra. Fuente Kenyahome.com\" alt=\"Alfombra cebra en blanco y negro\" src=\"https:\/\/www.delsofa.es\/informacion\/wp-content\/uploads\/2013\/09\/Alfombra-cebra-en-blanco-y-negro.png\" width=\"570\" height=\"449\" srcset=\"https:\/\/www.delsofa.es\/informacion\/wp-content\/uploads\/2013\/09\/Alfombra-cebra-en-blanco-y-negro.png 713w, https:\/\/www.delsofa.es\/informacion\/wp-content\/uploads\/2013\/09\/Alfombra-cebra-en-blanco-y-negro-300x236.png 300w, https:\/\/www.delsofa.es\/informacion\/wp-content\/uploads\/2013\/09\/Alfombra-cebra-en-blanco-y-negro-381x300.png 381w\" sizes=\"(max-width: 570px) 100vw, 570px\" \/><\/p>\n<p style=\"text-align: justify;\">Las tendencias de decoraci\u00f3n de invierno 2013-2014 incluyen un tejido noble: el terciopelo. Este textil da un aire elegante y sofisticado a su hogar, con un aire rom\u00e1ntico inolvidable.<\/p>\n<p style=\"text-align: justify;\"><strong>Incluir terciopelo en el sal\u00f3n<\/strong> (en las cortinas, o los accesorios para el sof\u00e1) dar\u00e1 calidez a esta estancia. Eso s\u00ed, es conveniente no abusar de este textil, \u00a1o podemos rememorar una casa victoriana al sentarnos a ver la televisi\u00f3n!<\/p>\n<p style=\"text-align: justify;\"><span style=\"font-size: 120%; color: #993366;\">Textiles con mensaje<\/span><\/p>\n<p style=\"text-align: justify;\">Una curiosa apuesta para las <strong>tendencias de decoraci\u00f3n de invierno<\/strong> es la de a\u00f1adir mensajes a los textiles, en complementos o en las paredes: los cuadros con bordados, las colchas decoradas o los felpudos de bienvenida dar\u00e1n el toque amistoso que nuestro hogar precisa.<\/p>\n<p style=\"text-align: justify;\">Si te parece demasiado arriesgado, puedes adaptar esta tendencia con un cuadro o una escultura que tenga un mensaje: es una buena opci\u00f3n para lograr un <em>must<\/em> de temporada que no descuadre en exceso nuestra decoraci\u00f3n.<\/p>\n<p style=\"text-align: justify;\">\u00bfTe han gustado estos consejos? \u00bfTienes alg\u00fan otro que compartir con nosotros? \u00a1Estamos deseando escuchar tus ideas! Si necesitas <strong>ayuda para renovar la decoraci\u00f3n del sal\u00f3n y te gustar\u00eda recibir consejos<\/strong>, como \u00bfqu\u00e9 sof\u00e1 comprar? \u00bfqu\u00e9 distribuci\u00f3n es mejor? No dudes en consultarnos. Puedes aprovechar el campo de comentario de este post, o puedes compartir tus dudas y fotos de tu sal\u00f3n en nuestros perfiles sociales. En el twitter: <a href=\"https:\/\/twitter.com\/delsofaes\" target=\"_blank\">@delsofaES<\/a> o en nuestra p\u00e1gina de <a href=\"https:\/\/www.facebook.com\/delsofaES\" target=\"_blank\">Facebook de Delsofa.es<\/a>. Adem\u00e1s puedes llamar gratis a nuestro <strong>tel\u00e9fono de atenci\u00f3n al cliente 900.701.086<\/strong>.<\/p>\n<p style=\"text-align: justify;\"><strong>Las esperamos.<\/strong><\/p>\n","protected":false},"excerpt":{"rendered":"<p>2014 viene con renovados prop\u00f3sitos, y, hablando de renovar, tambi\u00e9n veremos nuevas tendencias de decoraci\u00f3n de invierno. \u00bfQuieres saber cu\u00e1les son? Te las contamos todas en este art\u00edculo, \u00a1no te pierdas nada! Colores neutros No sorprende que la estaci\u00f3n m\u00e1s &hellip; <a href=\"https:\/\/www.delsofa.es\/informacion\/tendencias-decoracion-invierno\/\">Sigue leyendo <span class=\"meta-nav\">&rarr;<\/span><\/a><\/p>\n","protected":false},"author":5,"featured_media":0,"comment_status":"open","ping_status":"open","sticky":false,"template":"","format":"standard","meta":[],"categories":[4,203,405],"tags":[616,613,27,393,614,559,615],"yoast_head":"<!-- This site is optimized with the Yoast SEO plugin v18.6 - https:\/\/yoast.com\/wordpress\/plugins\/seo\/ -->\n<title>Tendencias de decoraci\u00f3n de invierno en salones<\/title>\n<meta name=\"description\" content=\"Descubre las tendencias que est\u00e1n marcando la decoraci\u00f3n de este invierno 2013-2014. A\u00fan est\u00e1s a tiempo de incluirlas en tu casa.\" \/>\n<meta name=\"robots\" content=\"index, follow, max-snippet:-1, max-image-preview:large, max-video-preview:-1\" \/>\n<link rel=\"canonical\" href=\"https:\/\/www.delsofa.es\/informacion\/tendencias-decoracion-invierno\/\" \/>\n<meta name=\"twitter:card\" content=\"summary_large_image\" \/>\n<meta name=\"twitter:title\" content=\"Tendencias de decoraci\u00f3n de invierno en salones\" \/>\n<meta name=\"twitter:description\" content=\"Descubre las tendencias que est\u00e1n marcando la decoraci\u00f3n de este invierno 2013-2014. A\u00fan est\u00e1s a tiempo de incluirlas en tu casa.\" \/>\n<meta name=\"twitter:image\" content=\"https:\/\/www.delsofa.es\/informacion\/wp-content\/uploads\/2013\/12\/sofa-gris-3-plazas.jpg\" \/>\n<meta name=\"twitter:creator\" content=\"@https:\/\/twitter.com\/san_arias_\" \/>\n<meta name=\"twitter:site\" content=\"@delsofaES\" \/>\n<meta name=\"twitter:label1\" content=\"Escrito por\" \/>\n\t<meta name=\"twitter:data1\" content=\"Sandra Arias\" \/>\n\t<meta name=\"twitter:label2\" content=\"Tiempo de lectura\" \/>\n\t<meta name=\"twitter:data2\" content=\"6 minutos\" \/>\n<script type=\"application\/ld+json\" class=\"yoast-schema-graph\">{\"@context\":\"https:\/\/schema.org\",\"@graph\":[{\"@type\":\"WebSite\",\"@id\":\"https:\/\/www.delsofa.es\/informacion\/#website\",\"url\":\"https:\/\/www.delsofa.es\/informacion\/\",\"name\":\"\",\"description\":\"\",\"potentialAction\":[{\"@type\":\"SearchAction\",\"target\":{\"@type\":\"EntryPoint\",\"urlTemplate\":\"https:\/\/www.delsofa.es\/informacion\/?s={search_term_string}\"},\"query-input\":\"required name=search_term_string\"}],\"inLanguage\":\"es\"},{\"@type\":\"ImageObject\",\"@id\":\"https:\/\/www.delsofa.es\/informacion\/tendencias-decoracion-invierno\/#primaryimage\",\"inLanguage\":\"es\",\"url\":\"https:\/\/www.delsofa.es\/informacion\/wp-content\/uploads\/2013\/12\/sofa-gris-3-plazas.jpg\",\"contentUrl\":\"https:\/\/www.delsofa.es\/informacion\/wp-content\/uploads\/2013\/12\/sofa-gris-3-plazas.jpg\",\"width\":450,\"height\":355},{\"@type\":\"WebPage\",\"@id\":\"https:\/\/www.delsofa.es\/informacion\/tendencias-decoracion-invierno\/#webpage\",\"url\":\"https:\/\/www.delsofa.es\/informacion\/tendencias-decoracion-invierno\/\",\"name\":\"Tendencias de decoraci\u00f3n de invierno en salones\",\"isPartOf\":{\"@id\":\"https:\/\/www.delsofa.es\/informacion\/#website\"},\"primaryImageOfPage\":{\"@id\":\"https:\/\/www.delsofa.es\/informacion\/tendencias-decoracion-invierno\/#primaryimage\"},\"datePublished\":\"2014-01-14T14:41:50+00:00\",\"dateModified\":\"2014-01-14T14:41:50+00:00\",\"author\":{\"@id\":\"https:\/\/www.delsofa.es\/informacion\/#\/schema\/person\/e18982e43bfb628c1565001b2deb2569\"},\"description\":\"Descubre las tendencias que est\u00e1n marcando la decoraci\u00f3n de este invierno 2013-2014. A\u00fan est\u00e1s a tiempo de incluirlas en tu casa.\",\"breadcrumb\":{\"@id\":\"https:\/\/www.delsofa.es\/informacion\/tendencias-decoracion-invierno\/#breadcrumb\"},\"inLanguage\":\"es\",\"potentialAction\":[{\"@type\":\"ReadAction\",\"target\":[\"https:\/\/www.delsofa.es\/informacion\/tendencias-decoracion-invierno\/\"]}]},{\"@type\":\"BreadcrumbList\",\"@id\":\"https:\/\/www.delsofa.es\/informacion\/tendencias-decoracion-invierno\/#breadcrumb\",\"itemListElement\":[{\"@type\":\"ListItem\",\"position\":1,\"name\":\"Portada\",\"item\":\"https:\/\/www.delsofa.es\/informacion\/\"},{\"@type\":\"ListItem\",\"position\":2,\"name\":\"Tendencias de decoraci\u00f3n de invierno en salones\"}]},{\"@type\":\"Person\",\"@id\":\"https:\/\/www.delsofa.es\/informacion\/#\/schema\/person\/e18982e43bfb628c1565001b2deb2569\",\"name\":\"Sandra Arias\",\"image\":{\"@type\":\"ImageObject\",\"@id\":\"https:\/\/www.delsofa.es\/informacion\/#personlogo\",\"inLanguage\":\"es\",\"url\":\"https:\/\/secure.gravatar.com\/avatar\/c0f1f5ad568354d92dd8f154a1bc86e6?s=96&d=mm&r=g\",\"contentUrl\":\"https:\/\/secure.gravatar.com\/avatar\/c0f1f5ad568354d92dd8f154a1bc86e6?s=96&d=mm&r=g\",\"caption\":\"Sandra Arias\"},\"description\":\"Marketeer y apasionada de los Social Media, de peque\u00f1a quer\u00eda ser escritora y he acabado siendo blogguer. Me encuentras en solomarketing.es y en blogdelsofa.es.\",\"sameAs\":[\"http:\/\/www.solomarketing.es\/author\/sanblogs\/\",\"https:\/\/www.facebook.com\/sandra.arias.948011\",\"https:\/\/www.linkedin.com\/profile\/view?id=116114683&#038;locale=es_es&#038;trk=tyah&#038;trkinfo=tarid1398266361325tassandraariasidx1-1-1\",\"https:\/\/twitter.com\/https:\/\/twitter.com\/san_arias_\"],\"url\":\"https:\/\/www.delsofa.es\/informacion\/author\/sandra\/\"}]}<\/script>\n<!-- \/ Yoast SEO plugin. -->","yoast_head_json":{"title":"Tendencias de decoraci\u00f3n de invierno en salones","description":"Descubre las tendencias que est\u00e1n marcando la decoraci\u00f3n de este invierno 2013-2014. A\u00fan est\u00e1s a tiempo de incluirlas en tu casa.","robots":{"index":"index","follow":"follow","max-snippet":"max-snippet:-1","max-image-preview":"max-image-preview:large","max-video-preview":"max-video-preview:-1"},"canonical":"https:\/\/www.delsofa.es\/informacion\/tendencias-decoracion-invierno\/","twitter_card":"summary_large_image","twitter_title":"Tendencias de decoraci\u00f3n de invierno en salones","twitter_description":"Descubre las tendencias que est\u00e1n marcando la decoraci\u00f3n de este invierno 2013-2014. A\u00fan est\u00e1s a tiempo de incluirlas en tu casa.","twitter_image":"https:\/\/www.delsofa.es\/informacion\/wp-content\/uploads\/2013\/12\/sofa-gris-3-plazas.jpg","twitter_creator":"@https:\/\/twitter.com\/san_arias_","twitter_site":"@delsofaES","twitter_misc":{"Escrito por":"Sandra Arias","Tiempo de lectura":"6 minutos"},"schema":{"@context":"https:\/\/schema.org","@graph":[{"@type":"WebSite","@id":"https:\/\/www.delsofa.es\/informacion\/#website","url":"https:\/\/www.delsofa.es\/informacion\/","name":"","description":"","potentialAction":[{"@type":"SearchAction","target":{"@type":"EntryPoint","urlTemplate":"https:\/\/www.delsofa.es\/informacion\/?s={search_term_string}"},"query-input":"required name=search_term_string"}],"inLanguage":"es"},{"@type":"ImageObject","@id":"https:\/\/www.delsofa.es\/informacion\/tendencias-decoracion-invierno\/#primaryimage","inLanguage":"es","url":"https:\/\/www.delsofa.es\/informacion\/wp-content\/uploads\/2013\/12\/sofa-gris-3-plazas.jpg","contentUrl":"https:\/\/www.delsofa.es\/informacion\/wp-content\/uploads\/2013\/12\/sofa-gris-3-plazas.jpg","width":450,"height":355},{"@type":"WebPage","@id":"https:\/\/www.delsofa.es\/informacion\/tendencias-decoracion-invierno\/#webpage","url":"https:\/\/www.delsofa.es\/informacion\/tendencias-decoracion-invierno\/","name":"Tendencias de decoraci\u00f3n de invierno en salones","isPartOf":{"@id":"https:\/\/www.delsofa.es\/informacion\/#website"},"primaryImageOfPage":{"@id":"https:\/\/www.delsofa.es\/informacion\/tendencias-decoracion-invierno\/#primaryimage"},"datePublished":"2014-01-14T14:41:50+00:00","dateModified":"2014-01-14T14:41:50+00:00","author":{"@id":"https:\/\/www.delsofa.es\/informacion\/#\/schema\/person\/e18982e43bfb628c1565001b2deb2569"},"description":"Descubre las tendencias que est\u00e1n marcando la decoraci\u00f3n de este invierno 2013-2014. A\u00fan est\u00e1s a tiempo de incluirlas en tu casa.","breadcrumb":{"@id":"https:\/\/www.delsofa.es\/informacion\/tendencias-decoracion-invierno\/#breadcrumb"},"inLanguage":"es","potentialAction":[{"@type":"ReadAction","target":["https:\/\/www.delsofa.es\/informacion\/tendencias-decoracion-invierno\/"]}]},{"@type":"BreadcrumbList","@id":"https:\/\/www.delsofa.es\/informacion\/tendencias-decoracion-invierno\/#breadcrumb","itemListElement":[{"@type":"ListItem","position":1,"name":"Portada","item":"https:\/\/www.delsofa.es\/informacion\/"},{"@type":"ListItem","position":2,"name":"Tendencias de decoraci\u00f3n de invierno en salones"}]},{"@type":"Person","@id":"https:\/\/www.delsofa.es\/informacion\/#\/schema\/person\/e18982e43bfb628c1565001b2deb2569","name":"Sandra Arias","image":{"@type":"ImageObject","@id":"https:\/\/www.delsofa.es\/informacion\/#personlogo","inLanguage":"es","url":"https:\/\/secure.gravatar.com\/avatar\/c0f1f5ad568354d92dd8f154a1bc86e6?s=96&d=mm&r=g","contentUrl":"https:\/\/secure.gravatar.com\/avatar\/c0f1f5ad568354d92dd8f154a1bc86e6?s=96&d=mm&r=g","caption":"Sandra Arias"},"description":"Marketeer y apasionada de los Social Media, de peque\u00f1a quer\u00eda ser escritora y he acabado siendo blogguer. Me encuentras en solomarketing.es y en blogdelsofa.es.","sameAs":["http:\/\/www.solomarketing.es\/author\/sanblogs\/","https:\/\/www.facebook.com\/sandra.arias.948011","https:\/\/www.linkedin.com\/profile\/view?id=116114683&#038;locale=es_es&#038;trk=tyah&#038;trkinfo=tarid1398266361325tassandraariasidx1-1-1","https:\/\/twitter.com\/https:\/\/twitter.com\/san_arias_"],"url":"https:\/\/www.delsofa.es\/informacion\/author\/sandra\/"}]}},"amp_enabled":true,"_links":{"self":[{"href":"https:\/\/www.delsofa.es\/informacion\/wp-json\/wp\/v2\/posts\/1943"}],"collection":[{"href":"https:\/\/www.delsofa.es\/informacion\/wp-json\/wp\/v2\/posts"}],"about":[{"href":"https:\/\/www.delsofa.es\/informacion\/wp-json\/wp\/v2\/types\/post"}],"author":[{"embeddable":true,"href":"https:\/\/www.delsofa.es\/informacion\/wp-json\/wp\/v2\/users\/5"}],"replies":[{"embeddable":true,"href":"https:\/\/www.delsofa.es\/informacion\/wp-json\/wp\/v2\/comments?post=1943"}],"version-history":[{"count":21,"href":"https:\/\/www.delsofa.es\/informacion\/wp-json\/wp\/v2\/posts\/1943\/revisions"}],"predecessor-version":[{"id":2064,"href":"https:\/\/www.delsofa.es\/informacion\/wp-json\/wp\/v2\/posts\/1943\/revisions\/2064"}],"wp:attachment":[{"href":"https:\/\/www.delsofa.es\/informacion\/wp-json\/wp\/v2\/media?parent=1943"}],"wp:term":[{"taxonomy":"category","embeddable":true,"href":"https:\/\/www.delsofa.es\/informacion\/wp-json\/wp\/v2\/categories?post=1943"},{"taxonomy":"post_tag","embeddable":true,"href":"https:\/\/www.delsofa.es\/informacion\/wp-json\/wp\/v2\/tags?post=1943"}],"curies":[{"name":"wp","href":"https:\/\/api.w.org\/{rel}","templated":true}]}}