{"id":2005,"date":"2014-02-03T11:07:21","date_gmt":"2014-02-03T11:07:21","guid":{"rendered":"https:\/\/www.delsofa.es\/informacion\/?p=2005"},"modified":"2014-02-03T11:07:21","modified_gmt":"2014-02-03T11:07:21","slug":"plantas-ideales-para-el-salon","status":"publish","type":"post","link":"https:\/\/www.delsofa.es\/informacion\/plantas-ideales-para-el-salon\/","title":{"rendered":"Plantas ideales para el sal\u00f3n. Factores a tener en cuenta"},"content":{"rendered":"<p style=\"text-align: justify;\">Las plantas son m\u00e1s que un elemento decorativo. Con ellas acercamos una peque\u00f1a porci\u00f3n de naturaleza a nuestro hogar, creando estancias m\u00e1s completas, armoniosas y vitales. Combinan a la perfecci\u00f3n con cualquier estilo decorativo, complementando la decoraci\u00f3n y realzando la belleza del lugar. Pero para ello debemos acertar en la elecci\u00f3n, no podemos olvidar que hay algunos\u00a0<strong>factores a tener en cuenta para elegir la planta que mejor se adapte<\/strong> a cada estancia. En este post los conoceremos. \u00bfMe acompa\u00f1as en la lectura?<\/p>\n<p style=\"text-align: justify;\">Al optar por una planta para nuestro hogar, no debemos olvidar que se trata de un ser vivo y como tal <strong>debemos garantizar las condiciones \u00f3ptimas para su desarrollo y plenitud<\/strong>. Con el fin de que brille siempre como el primer d\u00eda. Los siguientes elementos condicionar\u00e1n la elecci\u00f3n ideal para nuestras plantas de sal\u00f3n.<\/p>\n<p style=\"text-align: justify;\"><span style=\"font-size: 120%; color: #993366;\">El tama\u00f1o de la habitaci\u00f3n<\/span><\/p>\n<p style=\"text-align: justify;\">Grandes espacios permiten plantas de grandes dimensiones. As\u00ed, si tienes la ventaja de disponer de un sitio amplio, que permita <strong>albergar una gran planta<\/strong>, puedes optar por alg\u00fan tipo de ficus. Se trata de una planta de interior, que muestra todo su esplendor cuando recibe gran cantidad de luz, aunque no necesariamente directa.<\/p>\n<p style=\"text-align: justify;\">Si decides optar por un ficus, conviene que tengas en cuenta que existen diversos tipos, desde el <strong>ficus linguae, de hoja peque\u00f1a<\/strong>, hasta el ficus el\u00e1stica, que se caracteriza por sus grandes hojas. Cuidado, ambos pueden alcanzar grandes dimensiones, llegando a superar los 2,5 metros de altura.<\/p>\n<p style=\"text-align: center;\"><img decoding=\"async\" loading=\"lazy\" class=\"aligncenter  wp-image-2228\" title=\"Ficus, una planta ideal para el sal\u00f3n. Fuente: Hogarutil.com\" alt=\"ficus-salon\" src=\"https:\/\/www.delsofa.es\/informacion\/wp-content\/uploads\/2014\/01\/ficus-salon.jpg\" width=\"536\" height=\"322\" srcset=\"https:\/\/www.delsofa.es\/informacion\/wp-content\/uploads\/2014\/01\/ficus-salon.jpg 670w, https:\/\/www.delsofa.es\/informacion\/wp-content\/uploads\/2014\/01\/ficus-salon-300x180.jpg 300w, https:\/\/www.delsofa.es\/informacion\/wp-content\/uploads\/2014\/01\/ficus-salon-500x300.jpg 500w\" sizes=\"(max-width: 536px) 100vw, 536px\" \/><\/p>\n<p style=\"text-align: justify;\">Tambi\u00e9n existen <strong>plantas ideales para peque\u00f1os espacios<\/strong>, que contribuyen a dar ese toque de vitalidad al sal\u00f3n. As\u00ed, podemos contar con las bromelias, que tal y como nos indican en <a href=\"http:\/\/www.hogarutil.com\/jardineria\/fichas\/plantas\/201310\/bromelias-exoticas-energicas-22095.html\" target=\"_blank\">Hogarutil<\/a>\u00a0es una una planta llamativa -lo pod\u00e9is ver en la imagen siguiente-, tanto por la forma de sus hojas, como por el color de sus flores. Existen diversas variedades en el mercado, y adem\u00e1s es fuerte y resistente.<\/p>\n<p style=\"text-align: justify;\">Si prefer\u00eds una planta m\u00e1s <strong>f\u00e1cil de cuidar y resistente a cualquier ambiente<\/strong> siempre pod\u00e9is optar por los cactus, requieren poco riego y algunas variedades os sorprender\u00e1n con la aparici\u00f3n de preciosas flores.<\/p>\n<p style=\"text-align: center;\"><img decoding=\"async\" loading=\"lazy\" class=\"aligncenter  wp-image-2229\" title=\"Bromelia, una planta ideal para llenar de vida y color el sal\u00f3n\" alt=\"bromelia\" src=\"https:\/\/www.delsofa.es\/informacion\/wp-content\/uploads\/2014\/01\/bromelia.jpg\" width=\"584\" height=\"400\" srcset=\"https:\/\/www.delsofa.es\/informacion\/wp-content\/uploads\/2014\/01\/bromelia.jpg 584w, https:\/\/www.delsofa.es\/informacion\/wp-content\/uploads\/2014\/01\/bromelia-300x205.jpg 300w, https:\/\/www.delsofa.es\/informacion\/wp-content\/uploads\/2014\/01\/bromelia-438x300.jpg 438w\" sizes=\"(max-width: 584px) 100vw, 584px\" \/><\/p>\n<p style=\"text-align: justify;\"><span style=\"font-size: 120%; color: #993366;\">La luminosidad de la estancia<\/span><\/p>\n<p style=\"text-align: justify;\">Hay plantas que requieren mucha luz para desarrollarse, incluso si \u00e9sta es directa; en cambio, otras se mantienen perfectamente en espacios con poca iluminaci\u00f3n natural. Nada como <strong>la majestuosidad de una palmera tipo Kentia<\/strong> para inundar de naturaleza tu sal\u00f3n. Una de sus principales ventajas es que se adapta perfectamente a la luz que recibe. Es capaz de vivir en un espacio de luminosidad d\u00e9bil, y adem\u00e1s requiere de pocos cuidados. Sin duda una gran opci\u00f3n, recomendada para todas las condiciones ambientales, debido a su gran resistencia y capacidad de adaptaci\u00f3n. Apta incluso para jardineros poco expertos.<\/p>\n<p style=\"text-align: center;\"><a href=\"https:\/\/www.delsofa.es\/informacion\/wp-content\/uploads\/2014\/01\/kentia.jpg\"><img decoding=\"async\" loading=\"lazy\" class=\"aligncenter  wp-image-2230\" title=\"Kentia, una planta ideal para todo tipo de salones. Fuente femenic.com\" alt=\"kentia\" src=\"https:\/\/www.delsofa.es\/informacion\/wp-content\/uploads\/2014\/01\/kentia.jpg\" width=\"584\" height=\"778\" srcset=\"https:\/\/www.delsofa.es\/informacion\/wp-content\/uploads\/2014\/01\/kentia.jpg 584w, https:\/\/www.delsofa.es\/informacion\/wp-content\/uploads\/2014\/01\/kentia-225x300.jpg 225w\" sizes=\"(max-width: 584px) 100vw, 584px\" \/><\/a><\/p>\n<p style=\"text-align: justify;\"><span style=\"font-size: 120%; color: #993366;\">La temperatura media<\/span><\/p>\n<p style=\"text-align: justify;\">Las plantas de interior requieren de una temperatura media, <strong>un clima que les posibilite mantener su nivel de humedad<\/strong> y como os dec\u00eda al principio, desarrollarse en toda su plenitud. No es aconsejable someter a este tipo de plantas a menos de 15 grados; as\u00ed como no abusar de la calefacci\u00f3n. En este \u00faltimo caso, conviene alejarlas de las fuentes directas de calor.<\/p>\n<p style=\"text-align: justify;\">Adem\u00e1s, conviene <strong>alejar a las plantas de las ventanas en invierno<\/strong>, dado que es la parte m\u00e1s fr\u00eda de la habitaci\u00f3n, adem\u00e1s de una fuente de corrientes de aire, tambi\u00e9n es conveniente evitar temperaturas elevadas provocadas por la calefacci\u00f3n, que pueden resecar el ambiente, y con ello a nuestras queridas y delicadas plantas ornamentales.<\/p>\n<p style=\"text-align: justify;\">Si quer\u00e9is <strong>recomendarnos algunas plantas de sal\u00f3n<\/strong> que os parezcan ideales para esta estancia y darnos algunos consejos para cuidarlas, nos encantar\u00eda que aprovech\u00e9is el campo de comentarios de este post o las compart\u00e1is en nuestro perfil de <a href=\"https:\/\/www.facebook.com\/delsofaES\" target=\"_blank\">Facebook de Delsofa.es<\/a>.<\/p>\n<p style=\"text-align: justify;\"><strong>\u00a1Las esperamos con mucha ilusi\u00f3n!<\/strong><\/p>\n<p><a href=\"https:\/\/www.delsofa.es\/informacion\/wp-content\/uploads\/2014\/01\/plantas-interior-kentia-200x266.jpg\">\u00a0<\/a><\/p>\n","protected":false},"excerpt":{"rendered":"<p>Las plantas son m\u00e1s que un elemento decorativo. Con ellas acercamos una peque\u00f1a porci\u00f3n de naturaleza a nuestro hogar, creando estancias m\u00e1s completas, armoniosas y vitales. Combinan a la perfecci\u00f3n con cualquier estilo decorativo, complementando la decoraci\u00f3n y realzando la &hellip; <a href=\"https:\/\/www.delsofa.es\/informacion\/plantas-ideales-para-el-salon\/\">Sigue leyendo <span class=\"meta-nav\">&rarr;<\/span><\/a><\/p>\n","protected":false},"author":10,"featured_media":0,"comment_status":"open","ping_status":"open","sticky":false,"template":"","format":"standard","meta":[],"categories":[4,203,405],"tags":[661,663,664,665,668,662,667,660,666],"yoast_head":"<!-- This site is optimized with the Yoast SEO plugin v18.6 - https:\/\/yoast.com\/wordpress\/plugins\/seo\/ -->\n<title>Plantas ideales para el sal\u00f3n. Factores a tener en cuenta<\/title>\n<meta name=\"description\" content=\"Decorar el sal\u00f3n con plantas es una opci\u00f3n recomendada para llenarlo de vida y color, pero hemos de tener algunos factores en cuenta para elegir bien.\" \/>\n<meta name=\"robots\" content=\"index, follow, max-snippet:-1, max-image-preview:large, max-video-preview:-1\" \/>\n<link rel=\"canonical\" href=\"https:\/\/www.delsofa.es\/informacion\/plantas-ideales-para-el-salon\/\" \/>\n<meta name=\"twitter:card\" content=\"summary_large_image\" \/>\n<meta name=\"twitter:title\" content=\"Plantas ideales para el sal\u00f3n. Factores a tener en cuenta\" \/>\n<meta name=\"twitter:description\" content=\"Decorar el sal\u00f3n con plantas es una opci\u00f3n recomendada para llenarlo de vida y color, pero hemos de tener algunos factores en cuenta para elegir bien.\" \/>\n<meta name=\"twitter:image\" content=\"https:\/\/www.delsofa.es\/informacion\/wp-content\/uploads\/2014\/01\/ficus-salon.jpg\" \/>\n<meta name=\"twitter:creator\" content=\"@https:\/\/twitter.com\/karimesan\" \/>\n<meta name=\"twitter:site\" content=\"@delsofaES\" \/>\n<meta name=\"twitter:label1\" content=\"Escrito por\" \/>\n\t<meta name=\"twitter:data1\" content=\"Carmen Santo\" \/>\n\t<meta name=\"twitter:label2\" content=\"Tiempo de lectura\" \/>\n\t<meta name=\"twitter:data2\" content=\"3 minutos\" \/>\n<script type=\"application\/ld+json\" class=\"yoast-schema-graph\">{\"@context\":\"https:\/\/schema.org\",\"@graph\":[{\"@type\":\"WebSite\",\"@id\":\"https:\/\/www.delsofa.es\/informacion\/#website\",\"url\":\"https:\/\/www.delsofa.es\/informacion\/\",\"name\":\"\",\"description\":\"\",\"potentialAction\":[{\"@type\":\"SearchAction\",\"target\":{\"@type\":\"EntryPoint\",\"urlTemplate\":\"https:\/\/www.delsofa.es\/informacion\/?s={search_term_string}\"},\"query-input\":\"required name=search_term_string\"}],\"inLanguage\":\"es\"},{\"@type\":\"ImageObject\",\"@id\":\"https:\/\/www.delsofa.es\/informacion\/plantas-ideales-para-el-salon\/#primaryimage\",\"inLanguage\":\"es\",\"url\":\"https:\/\/www.delsofa.es\/informacion\/wp-content\/uploads\/2014\/01\/ficus-salon.jpg\",\"contentUrl\":\"https:\/\/www.delsofa.es\/informacion\/wp-content\/uploads\/2014\/01\/ficus-salon.jpg\",\"width\":670,\"height\":402},{\"@type\":\"WebPage\",\"@id\":\"https:\/\/www.delsofa.es\/informacion\/plantas-ideales-para-el-salon\/#webpage\",\"url\":\"https:\/\/www.delsofa.es\/informacion\/plantas-ideales-para-el-salon\/\",\"name\":\"Plantas ideales para el sal\u00f3n. Factores a tener en cuenta\",\"isPartOf\":{\"@id\":\"https:\/\/www.delsofa.es\/informacion\/#website\"},\"primaryImageOfPage\":{\"@id\":\"https:\/\/www.delsofa.es\/informacion\/plantas-ideales-para-el-salon\/#primaryimage\"},\"datePublished\":\"2014-02-03T11:07:21+00:00\",\"dateModified\":\"2014-02-03T11:07:21+00:00\",\"author\":{\"@id\":\"https:\/\/www.delsofa.es\/informacion\/#\/schema\/person\/e8b966e5778ff0f60831b82e0d35a297\"},\"description\":\"Decorar el sal\u00f3n con plantas es una opci\u00f3n recomendada para llenarlo de vida y color, pero hemos de tener algunos factores en cuenta para elegir bien.\",\"breadcrumb\":{\"@id\":\"https:\/\/www.delsofa.es\/informacion\/plantas-ideales-para-el-salon\/#breadcrumb\"},\"inLanguage\":\"es\",\"potentialAction\":[{\"@type\":\"ReadAction\",\"target\":[\"https:\/\/www.delsofa.es\/informacion\/plantas-ideales-para-el-salon\/\"]}]},{\"@type\":\"BreadcrumbList\",\"@id\":\"https:\/\/www.delsofa.es\/informacion\/plantas-ideales-para-el-salon\/#breadcrumb\",\"itemListElement\":[{\"@type\":\"ListItem\",\"position\":1,\"name\":\"Portada\",\"item\":\"https:\/\/www.delsofa.es\/informacion\/\"},{\"@type\":\"ListItem\",\"position\":2,\"name\":\"Plantas ideales para el sal\u00f3n. Factores a tener en cuenta\"}]},{\"@type\":\"Person\",\"@id\":\"https:\/\/www.delsofa.es\/informacion\/#\/schema\/person\/e8b966e5778ff0f60831b82e0d35a297\",\"name\":\"Carmen Santo\",\"image\":{\"@type\":\"ImageObject\",\"@id\":\"https:\/\/www.delsofa.es\/informacion\/#personlogo\",\"inLanguage\":\"es\",\"url\":\"https:\/\/secure.gravatar.com\/avatar\/ed494de04c6901a10da67638da1c8e60?s=96&d=mm&r=g\",\"contentUrl\":\"https:\/\/secure.gravatar.com\/avatar\/ed494de04c6901a10da67638da1c8e60?s=96&d=mm&r=g\",\"caption\":\"Carmen Santo\"},\"description\":\"Consultora de Branding Personal. Social Media Manager y gesti\u00f3n de la Reputaci\u00f3n Online. Publicista y Periodista de formaci\u00f3n, profesional de la comunicaci\u00f3n por vocaci\u00f3n. Me apasiona la decoraci\u00f3n y he encontrado en este blog una oportunidad para mostrar mi visi\u00f3n particular y aprender con grandes profesionales del sector. M\u00e1s sobre mi trabajo en carmensanto.es\",\"sameAs\":[\"http:\/\/carmensanto.es\/\",\"https:\/\/www.facebook.com\/carmensanto.karimesan\",\"http:\/\/www.linkedin.com\/in\/carmensanto\",\"https:\/\/twitter.com\/https:\/\/twitter.com\/karimesan\"],\"url\":\"https:\/\/www.delsofa.es\/informacion\/author\/carmen\/\"}]}<\/script>\n<!-- \/ Yoast SEO plugin. -->","yoast_head_json":{"title":"Plantas ideales para el sal\u00f3n. Factores a tener en cuenta","description":"Decorar el sal\u00f3n con plantas es una opci\u00f3n recomendada para llenarlo de vida y color, pero hemos de tener algunos factores en cuenta para elegir bien.","robots":{"index":"index","follow":"follow","max-snippet":"max-snippet:-1","max-image-preview":"max-image-preview:large","max-video-preview":"max-video-preview:-1"},"canonical":"https:\/\/www.delsofa.es\/informacion\/plantas-ideales-para-el-salon\/","twitter_card":"summary_large_image","twitter_title":"Plantas ideales para el sal\u00f3n. Factores a tener en cuenta","twitter_description":"Decorar el sal\u00f3n con plantas es una opci\u00f3n recomendada para llenarlo de vida y color, pero hemos de tener algunos factores en cuenta para elegir bien.","twitter_image":"https:\/\/www.delsofa.es\/informacion\/wp-content\/uploads\/2014\/01\/ficus-salon.jpg","twitter_creator":"@https:\/\/twitter.com\/karimesan","twitter_site":"@delsofaES","twitter_misc":{"Escrito por":"Carmen Santo","Tiempo de lectura":"3 minutos"},"schema":{"@context":"https:\/\/schema.org","@graph":[{"@type":"WebSite","@id":"https:\/\/www.delsofa.es\/informacion\/#website","url":"https:\/\/www.delsofa.es\/informacion\/","name":"","description":"","potentialAction":[{"@type":"SearchAction","target":{"@type":"EntryPoint","urlTemplate":"https:\/\/www.delsofa.es\/informacion\/?s={search_term_string}"},"query-input":"required name=search_term_string"}],"inLanguage":"es"},{"@type":"ImageObject","@id":"https:\/\/www.delsofa.es\/informacion\/plantas-ideales-para-el-salon\/#primaryimage","inLanguage":"es","url":"https:\/\/www.delsofa.es\/informacion\/wp-content\/uploads\/2014\/01\/ficus-salon.jpg","contentUrl":"https:\/\/www.delsofa.es\/informacion\/wp-content\/uploads\/2014\/01\/ficus-salon.jpg","width":670,"height":402},{"@type":"WebPage","@id":"https:\/\/www.delsofa.es\/informacion\/plantas-ideales-para-el-salon\/#webpage","url":"https:\/\/www.delsofa.es\/informacion\/plantas-ideales-para-el-salon\/","name":"Plantas ideales para el sal\u00f3n. Factores a tener en cuenta","isPartOf":{"@id":"https:\/\/www.delsofa.es\/informacion\/#website"},"primaryImageOfPage":{"@id":"https:\/\/www.delsofa.es\/informacion\/plantas-ideales-para-el-salon\/#primaryimage"},"datePublished":"2014-02-03T11:07:21+00:00","dateModified":"2014-02-03T11:07:21+00:00","author":{"@id":"https:\/\/www.delsofa.es\/informacion\/#\/schema\/person\/e8b966e5778ff0f60831b82e0d35a297"},"description":"Decorar el sal\u00f3n con plantas es una opci\u00f3n recomendada para llenarlo de vida y color, pero hemos de tener algunos factores en cuenta para elegir bien.","breadcrumb":{"@id":"https:\/\/www.delsofa.es\/informacion\/plantas-ideales-para-el-salon\/#breadcrumb"},"inLanguage":"es","potentialAction":[{"@type":"ReadAction","target":["https:\/\/www.delsofa.es\/informacion\/plantas-ideales-para-el-salon\/"]}]},{"@type":"BreadcrumbList","@id":"https:\/\/www.delsofa.es\/informacion\/plantas-ideales-para-el-salon\/#breadcrumb","itemListElement":[{"@type":"ListItem","position":1,"name":"Portada","item":"https:\/\/www.delsofa.es\/informacion\/"},{"@type":"ListItem","position":2,"name":"Plantas ideales para el sal\u00f3n. Factores a tener en cuenta"}]},{"@type":"Person","@id":"https:\/\/www.delsofa.es\/informacion\/#\/schema\/person\/e8b966e5778ff0f60831b82e0d35a297","name":"Carmen Santo","image":{"@type":"ImageObject","@id":"https:\/\/www.delsofa.es\/informacion\/#personlogo","inLanguage":"es","url":"https:\/\/secure.gravatar.com\/avatar\/ed494de04c6901a10da67638da1c8e60?s=96&d=mm&r=g","contentUrl":"https:\/\/secure.gravatar.com\/avatar\/ed494de04c6901a10da67638da1c8e60?s=96&d=mm&r=g","caption":"Carmen Santo"},"description":"Consultora de Branding Personal. Social Media Manager y gesti\u00f3n de la Reputaci\u00f3n Online. Publicista y Periodista de formaci\u00f3n, profesional de la comunicaci\u00f3n por vocaci\u00f3n. Me apasiona la decoraci\u00f3n y he encontrado en este blog una oportunidad para mostrar mi visi\u00f3n particular y aprender con grandes profesionales del sector. M\u00e1s sobre mi trabajo en carmensanto.es","sameAs":["http:\/\/carmensanto.es\/","https:\/\/www.facebook.com\/carmensanto.karimesan","http:\/\/www.linkedin.com\/in\/carmensanto","https:\/\/twitter.com\/https:\/\/twitter.com\/karimesan"],"url":"https:\/\/www.delsofa.es\/informacion\/author\/carmen\/"}]}},"amp_enabled":true,"_links":{"self":[{"href":"https:\/\/www.delsofa.es\/informacion\/wp-json\/wp\/v2\/posts\/2005"}],"collection":[{"href":"https:\/\/www.delsofa.es\/informacion\/wp-json\/wp\/v2\/posts"}],"about":[{"href":"https:\/\/www.delsofa.es\/informacion\/wp-json\/wp\/v2\/types\/post"}],"author":[{"embeddable":true,"href":"https:\/\/www.delsofa.es\/informacion\/wp-json\/wp\/v2\/users\/10"}],"replies":[{"embeddable":true,"href":"https:\/\/www.delsofa.es\/informacion\/wp-json\/wp\/v2\/comments?post=2005"}],"version-history":[{"count":10,"href":"https:\/\/www.delsofa.es\/informacion\/wp-json\/wp\/v2\/posts\/2005\/revisions"}],"predecessor-version":[{"id":2235,"href":"https:\/\/www.delsofa.es\/informacion\/wp-json\/wp\/v2\/posts\/2005\/revisions\/2235"}],"wp:attachment":[{"href":"https:\/\/www.delsofa.es\/informacion\/wp-json\/wp\/v2\/media?parent=2005"}],"wp:term":[{"taxonomy":"category","embeddable":true,"href":"https:\/\/www.delsofa.es\/informacion\/wp-json\/wp\/v2\/categories?post=2005"},{"taxonomy":"post_tag","embeddable":true,"href":"https:\/\/www.delsofa.es\/informacion\/wp-json\/wp\/v2\/tags?post=2005"}],"curies":[{"name":"wp","href":"https:\/\/api.w.org\/{rel}","templated":true}]}}