{"id":2013,"date":"2014-01-29T11:34:05","date_gmt":"2014-01-29T11:34:05","guid":{"rendered":"https:\/\/www.delsofa.es\/informacion\/?p=2013"},"modified":"2014-01-29T11:34:05","modified_gmt":"2014-01-29T11:34:05","slug":"consejos-para-decorar-salon-interior-sin-luz-natural","status":"publish","type":"post","link":"https:\/\/www.delsofa.es\/informacion\/consejos-para-decorar-salon-interior-sin-luz-natural\/","title":{"rendered":"Consejos para decorar un sal\u00f3n interior"},"content":{"rendered":"<p style=\"text-align: justify;\">\u00bfTu sal\u00f3n no recibe luz natural? Sabemos que \u00e9sta juega un papel importante a la hora de darle color y vida, que nos ayuda a resaltar diferentes caracter\u00edsticas de la decoraci\u00f3n, que aporta luminosidad y permite jugar con multitud de tonos, sin embargo, no todos los salones son exteriores, no todos cuentan con amplios ventanales ni est\u00e1n orientados para recibir toda la luz que quisi\u00e9ramos.\u00a0Entonces, \u00bfQu\u00e9 hacemos? \u00bfRenunciamos a decorarlo? Ni mucho menos, es el momento de <strong>ponernos manos a la obra y buscar alternativas<\/strong>\u00a0como las que te muestro en las siguientes l\u00edneas.<\/p>\n<p style=\"text-align: justify;\">He recabado multitud de propuestas para decorar un sal\u00f3n sin luz natural, con ellas creo que <strong>vuestro sal\u00f3n interior lucir\u00e1 m\u00e1s que antes<\/strong>, solo es cuesti\u00f3n de encontrar ese toque ideal que cada uno pretendemos darle. \u00bfQuieres descubrir c\u00f3mo lograrlo? Te invito a que me acompa\u00f1es por este recorrido de ideas\u2026<\/p>\n<p style=\"text-align: center;\" align=\"center\"><img decoding=\"async\" loading=\"lazy\" class=\"aligncenter  wp-image-2014\" title=\"Salon comedor sin ventanas\" alt=\"Salon comedor sin ventanas\" src=\"https:\/\/www.delsofa.es\/informacion\/wp-content\/uploads\/2014\/01\/Salon-comedor-sin-ventanas.jpg\" width=\"590\" height=\"355\" srcset=\"https:\/\/www.delsofa.es\/informacion\/wp-content\/uploads\/2014\/01\/Salon-comedor-sin-ventanas.jpg 656w, https:\/\/www.delsofa.es\/informacion\/wp-content\/uploads\/2014\/01\/Salon-comedor-sin-ventanas-300x180.jpg 300w, https:\/\/www.delsofa.es\/informacion\/wp-content\/uploads\/2014\/01\/Salon-comedor-sin-ventanas-500x300.jpg 500w\" sizes=\"(max-width: 590px) 100vw, 590px\" \/><\/p>\n<p style=\"text-align: justify;\">\u00bfQu\u00e9 te parece el sal\u00f3n comedor de <a href=\"http:\/\/interiorismos.com\/\" target=\"_blank\">Interiorismos<\/a>? S\u00e9 que no todos tenemos un comedor y sal\u00f3n integrados, a veces \u00e9ste es tan peque\u00f1o que pensamos en cent\u00edmetros, pero he querido mostrarte este ejemplo inicial porque refleja perfectamente la esencia de nuestro prop\u00f3sito, que no es otro que recuperar esa <strong>iluminaci\u00f3n ideal que siempre ha de acompa\u00f1ar a la decoraci\u00f3n del sal\u00f3n<\/strong>.<\/p>\n<p style=\"text-align: justify;\"><span style=\"font-size: 120%; color: #993366;\">Lo m\u00e1s importante es el tono de las paredes<\/span><\/p>\n<p style=\"text-align: justify;\">El color que elijamos para cubrir las paredes es un punto clave si lo que pretendemos es ofrecer esa sensaci\u00f3n de luminosidad y amplitud que tanto buscamos. Como es obvio, elegir <strong>un tono demasiado oscuro no es lo m\u00e1s indicado para nuestro sal\u00f3n sin luz natural<\/strong>, por lo que comenzar\u00e9 con propuestas menos arriesgadas y bastante luminosas.<\/p>\n<p style=\"text-align: center;\" align=\"center\"><img decoding=\"async\" loading=\"lazy\" class=\"aligncenter  wp-image-2015\" title=\"Sal\u00f3n con paredes blancas, ideales para este tipo de decoraci\u00f3n\" alt=\"Sal\u00f3n con paredes blancas, ideales para este tipo de decoraci\u00f3n\" src=\"https:\/\/www.delsofa.es\/informacion\/wp-content\/uploads\/2014\/01\/Sal\u00f3n-con-paredes-blancas-ideales-para-este-tipo-de-decoraci\u00f3n.jpg\" width=\"534\" height=\"320\" srcset=\"https:\/\/www.delsofa.es\/informacion\/wp-content\/uploads\/2014\/01\/Sal\u00f3n-con-paredes-blancas-ideales-para-este-tipo-de-decoraci\u00f3n.jpg 668w, https:\/\/www.delsofa.es\/informacion\/wp-content\/uploads\/2014\/01\/Sal\u00f3n-con-paredes-blancas-ideales-para-este-tipo-de-decoraci\u00f3n-300x179.jpg 300w, https:\/\/www.delsofa.es\/informacion\/wp-content\/uploads\/2014\/01\/Sal\u00f3n-con-paredes-blancas-ideales-para-este-tipo-de-decoraci\u00f3n-500x300.jpg 500w\" sizes=\"(max-width: 534px) 100vw, 534px\" \/><\/p>\n<p style=\"text-align: justify;\">Propuesta como la que nos ofrece el sal\u00f3n que nos muestra <a href=\"http:\/\/www.hogarutil.com\/\" target=\"_blank\">HogarUtil.com<\/a>, con <strong>el blanco como principal protagonista<\/strong>. \u00bfPor qu\u00e9 un tono tan claro como el blanco? Porque adem\u00e1s de proporcionar una sensaci\u00f3n de amplitud, punto que la mayor\u00eda perseguimos, tambi\u00e9n permite que el sal\u00f3n sea mucho m\u00e1s luminoso, justo lo que busc\u00e1bamos.<\/p>\n<p style=\"text-align: justify;\">Se trata de una idea sencilla y muy \u00fatil, ya que la mayor\u00eda de salones son de tama\u00f1o peque\u00f1o o medio y este tipo de propuestas son de las que m\u00e1s nos gustan para poder hacer mucho con muy poco. M\u00e1s adelante te mostrar\u00e9 m\u00e1s recursos en cuanto a la decoraci\u00f3n, pero antes, pasemos a unas <strong>propuestas un tanto m\u00e1s atrevidas<\/strong>.<\/p>\n<p style=\"text-align: center;\" align=\"center\"><img decoding=\"async\" loading=\"lazy\" class=\"aligncenter size-full wp-image-2016\" title=\"El azul es uno de los colores primarios y tambi\u00e9n favorece la iluminaci\u00f3n\" alt=\"El azul es uno de los colores primarios y tambi\u00e9n favorece la iluminaci\u00f3n\" src=\"https:\/\/www.delsofa.es\/informacion\/wp-content\/uploads\/2014\/01\/El-azul-es-uno-de-los-colores-primarios-y-tambi\u00e9n-favorece-la-iluminaci\u00f3n.jpg\" width=\"450\" height=\"390\" srcset=\"https:\/\/www.delsofa.es\/informacion\/wp-content\/uploads\/2014\/01\/El-azul-es-uno-de-los-colores-primarios-y-tambi\u00e9n-favorece-la-iluminaci\u00f3n.jpg 450w, https:\/\/www.delsofa.es\/informacion\/wp-content\/uploads\/2014\/01\/El-azul-es-uno-de-los-colores-primarios-y-tambi\u00e9n-favorece-la-iluminaci\u00f3n-300x260.jpg 300w, https:\/\/www.delsofa.es\/informacion\/wp-content\/uploads\/2014\/01\/El-azul-es-uno-de-los-colores-primarios-y-tambi\u00e9n-favorece-la-iluminaci\u00f3n-346x300.jpg 346w\" sizes=\"(max-width: 450px) 100vw, 450px\" \/><\/p>\n<p style=\"text-align: justify;\"><a href=\"http:\/\/blog.hola.com\/elrincondesonia\" target=\"_blank\">El Rinc\u00f3n de Sonia<\/a> incluye este sal\u00f3n en una de sus galer\u00edas del blog y hace especial menci\u00f3n al tono azul, tanto en el sal\u00f3n como en cualquier otra estancia de la casa. Particularmente, creo que podr\u00eda ser una opci\u00f3n muy interesante para ti, aunque todo depender\u00e1 de la intensidad del tono que escojas.<\/p>\n<p style=\"text-align: justify;\">Para potenciar la idea de <strong>emplear tonos diferentes al blanco<\/strong> y dejando al margen azules tan intensos como el anterior, he seleccionado un sal\u00f3n que, aunque presuponemos que cuenta con una ventana con luz natural a la derecha, sus tonos pueden resultar realmente interesante para los salones interiores.<\/p>\n<p style=\"text-align: center;\" align=\"center\"><img decoding=\"async\" loading=\"lazy\" class=\"aligncenter  wp-image-2017\" title=\"Emplea tonos pastel para darle luz al sal\u00f3n\" alt=\"Emplea tonos pastel para darle luz al sal\u00f3n\" src=\"https:\/\/www.delsofa.es\/informacion\/wp-content\/uploads\/2014\/01\/Emplea-tonos-pastel-para-darle-luz-al-sal\u00f3n.jpg\" width=\"547\" height=\"430\" srcset=\"https:\/\/www.delsofa.es\/informacion\/wp-content\/uploads\/2014\/01\/Emplea-tonos-pastel-para-darle-luz-al-sal\u00f3n.jpg 547w, https:\/\/www.delsofa.es\/informacion\/wp-content\/uploads\/2014\/01\/Emplea-tonos-pastel-para-darle-luz-al-sal\u00f3n-300x235.jpg 300w, https:\/\/www.delsofa.es\/informacion\/wp-content\/uploads\/2014\/01\/Emplea-tonos-pastel-para-darle-luz-al-sal\u00f3n-381x300.jpg 381w\" sizes=\"(max-width: 547px) 100vw, 547px\" \/><\/p>\n<p style=\"text-align: justify;\">Emplear tonos pastel como el que recoge en su blog la dise\u00f1adora de interiores <a href=\"http:\/\/rustikchateaux.blogspot.com.es\/\" target=\"_blank\">Luz Rodr\u00edguez<\/a> podr\u00eda ser una idea fant\u00e1stica para <strong>darle brillo a todo el conjunto de la habitaci\u00f3n<\/strong>. Quiz\u00e1 tu decoraci\u00f3n permita que puedas tomar esta sugerencia como una opci\u00f3n realmente interesante.<\/p>\n<p style=\"text-align: justify;\"><span style=\"font-size: 120%; color: #993366;\">Iluminaci\u00f3n artificial, imprescindible<\/span><\/p>\n<p style=\"text-align: justify;\">Dejando atr\u00e1s las sugerencias en cuanto a la elecci\u00f3n del tono de las paredes, debes tener claro que aunque no reciba luz natural, <strong>tu sal\u00f3n debe mostrarse siempre con las mejores galas<\/strong>, tanto para las visitas que lleguen como para ti, que pasas la mayor parte del tiempo en \u00e9l, para que te haga sentir c\u00f3mod@ y proporcione ese toque agradable a la vista. La iluminaci\u00f3n artificial jugar\u00e1 un papel importante.<\/p>\n<p style=\"text-align: center;\" align=\"center\"><img decoding=\"async\" loading=\"lazy\" class=\"aligncenter size-full wp-image-2018\" title=\"Lamparas de techo para iluminar tu sal\u00f3n, una opci\u00f3n realmente interesante\" alt=\"Lamparas de techo para iluminar tu sal\u00f3n, una opci\u00f3n realmente interesante\" src=\"https:\/\/www.delsofa.es\/informacion\/wp-content\/uploads\/2014\/01\/Lamparas-de-techo-para-iluminar-tu-sal\u00f3n-una-opci\u00f3n-realmente-interesante.jpg\" width=\"512\" height=\"384\" srcset=\"https:\/\/www.delsofa.es\/informacion\/wp-content\/uploads\/2014\/01\/Lamparas-de-techo-para-iluminar-tu-sal\u00f3n-una-opci\u00f3n-realmente-interesante.jpg 512w, https:\/\/www.delsofa.es\/informacion\/wp-content\/uploads\/2014\/01\/Lamparas-de-techo-para-iluminar-tu-sal\u00f3n-una-opci\u00f3n-realmente-interesante-300x225.jpg 300w, https:\/\/www.delsofa.es\/informacion\/wp-content\/uploads\/2014\/01\/Lamparas-de-techo-para-iluminar-tu-sal\u00f3n-una-opci\u00f3n-realmente-interesante-400x300.jpg 400w\" sizes=\"(max-width: 512px) 100vw, 512px\" \/><\/p>\n<p style=\"text-align: justify;\">Para lograr crear el ambiente perfecto es fundamental tener en cuenta una serie de detalles clave, como los que se recogen en la imagen que he rescatado del <a href=\"http:\/\/amorporladecoracion.blogspot.com.es\/\" target=\"_blank\">blog de Lorena Pose<\/a>. Aqu\u00ed vemos c\u00f3mo <strong>las l\u00e1mparas juegan tambi\u00e9n un papel realmente importante<\/strong>, incluso se ha permitido el lujo de a\u00f1adir una pared en negro. Todo es cuesti\u00f3n de analizar y proponer opciones para nuestro sal\u00f3n.<\/p>\n<p style=\"text-align: justify;\">En este caso se ha optado por <strong>emplear varios puntos de luz<\/strong>, vemos en la imagen que con la l\u00e1mpara del techo es m\u00e1s que suficiente como para iluminar toda la sala, aunque si nos fijamos, en la esquina entre los sof\u00e1s y a la derecha debajo del reloj, se encuentran otras dos l\u00e1mparas adicionales que encendidas proporcionan otro tipo de ambiente mucho m\u00e1s personal, veamos la siguiente composici\u00f3n para comprobarlo.<\/p>\n<p style=\"text-align: center;\" align=\"center\"><img decoding=\"async\" loading=\"lazy\" class=\"aligncenter size-full wp-image-2019\" title=\"Las l\u00e1mparas auxiliares proporcionan un ambiente m\u00e1s c\u00e1lido\" alt=\"Las-l\u00e1mparas-auxiliares-proporcionan-un-ambiente-m\u00e1s-c\u00e1lido\" src=\"https:\/\/www.delsofa.es\/informacion\/wp-content\/uploads\/2014\/01\/Las-l\u00e1mparas-auxiliares-proporcionan-un-ambiente-m\u00e1s-c\u00e1lido.jpg\" width=\"500\" height=\"400\" srcset=\"https:\/\/www.delsofa.es\/informacion\/wp-content\/uploads\/2014\/01\/Las-l\u00e1mparas-auxiliares-proporcionan-un-ambiente-m\u00e1s-c\u00e1lido.jpg 500w, https:\/\/www.delsofa.es\/informacion\/wp-content\/uploads\/2014\/01\/Las-l\u00e1mparas-auxiliares-proporcionan-un-ambiente-m\u00e1s-c\u00e1lido-300x240.jpg 300w, https:\/\/www.delsofa.es\/informacion\/wp-content\/uploads\/2014\/01\/Las-l\u00e1mparas-auxiliares-proporcionan-un-ambiente-m\u00e1s-c\u00e1lido-375x300.jpg 375w\" sizes=\"(max-width: 500px) 100vw, 500px\" \/><\/p>\n<p style=\"text-align: justify;\">\u00bfHas visto como tu sal\u00f3n puede lograr mantenerse bien iluminado aunque no reciba luz natural? Si prefieres luz de d\u00eda en vez del tradicional amarillo de las bombillas, solo ser\u00eda cuesti\u00f3n de sustituirlas, recuerda que\u2026 <strong>\u00a1En la variedad est\u00e1 el gusto!<\/strong><\/p>\n<p style=\"text-align: justify;\"><span style=\"font-size: 120%; color: #993366;\">Factores a tener en cuenta a la hora de decorar tu sal\u00f3n<\/span><\/p>\n<p style=\"text-align: justify;\">Ahora que ya hemos comprobado como la ausencia de ventanas no implica tener descuidado el sal\u00f3n, y que con un buen tono en las paredes y un toque m\u00e1gico con la iluminaci\u00f3n se pueden lograr grandes cosas, pasemos a los <strong>detalles que marcar\u00e1n la diferencia<\/strong>, esos peque\u00f1os toques decorativos que hacen que tu sal\u00f3n sea especial.<\/p>\n<p style=\"text-align: justify;\">Lo primero de todo es <strong>evitar el desorden<\/strong>, no podemos permitirnos recargarlo demasiado ni tampoco pretender que muchos objetos se conviertan en puntos de atenci\u00f3n, sobre todo, si nuestro sal\u00f3n es de dimensiones reducidas.<\/p>\n<p style=\"text-align: center;\" align=\"center\"><img decoding=\"async\" loading=\"lazy\" class=\"aligncenter  wp-image-2020\" title=\"No recargues demasiado tu sal\u00f3n\" alt=\"No recargues demasiado tu sal\u00f3n\" src=\"https:\/\/www.delsofa.es\/informacion\/wp-content\/uploads\/2014\/01\/No-recargues-demasiado-tu-sal\u00f3n.jpg\" width=\"468\" height=\"327\" srcset=\"https:\/\/www.delsofa.es\/informacion\/wp-content\/uploads\/2014\/01\/No-recargues-demasiado-tu-sal\u00f3n.jpg 468w, https:\/\/www.delsofa.es\/informacion\/wp-content\/uploads\/2014\/01\/No-recargues-demasiado-tu-sal\u00f3n-300x209.jpg 300w, https:\/\/www.delsofa.es\/informacion\/wp-content\/uploads\/2014\/01\/No-recargues-demasiado-tu-sal\u00f3n-429x300.jpg 429w\" sizes=\"(max-width: 468px) 100vw, 468px\" \/><\/p>\n<p style=\"text-align: justify;\">Aunque no siempre lo consiga, siempre me gusta ofrecer diferentes puntos de vista y ejemplos para poder mostrarte las opciones que m\u00e1s te puedan interesar, en este caso, creo que muchos coincidir\u00e9is con una estancia similar a la que se recoge en la imagen de <a href=\"http:\/\/www.decoesfera.com\/\" target=\"_blank\">Decoesfera<\/a>, que aun no siguiendo el mismo patr\u00f3n de colores en la decoraci\u00f3n, seguro que las dimensiones o la organizaci\u00f3n de los elementos decorativos s\u00ed podr\u00edan asemejarse a la tuya.<\/p>\n<p style=\"text-align: justify;\">Si este es tu caso, observa como se ha preferido no recargar nada, c\u00f3mo incluso contando con una alfombra, se ha logrado <strong>desviar la atenci\u00f3n gracias a la iluminaci\u00f3n<\/strong> y homogeneidad de sus paredes claras. Son peque\u00f1os trucos que permiten decorar bajo cualquier circunstancia y en cualquier sal\u00f3n, incluido el tuyo.<\/p>\n<p style=\"text-align: justify;\">Ahora solo es cuesti\u00f3n de ponernos manos a la obra y probar las diferentes propuestas que te he mostrado, seguro que algunas te vienen como anillo al dedo.<\/p>\n<p style=\"text-align: justify;\">Decorar el sal\u00f3n sin luz natural nunca hab\u00eda sido tan sencillo. Y recuerda, <strong>\u00a1No te olvides de contarnos qu\u00e9 tal han quedado los consejos!<\/strong> Esperamos las fotos del antes y el despu\u00e9s, puedes mostr\u00e1rnoslas a trav\u00e9s de nuestra p\u00e1gina de <a href=\"https:\/\/www.facebook.com\/delsofaES\" target=\"_blank\">Facebook de Delsofa.es<\/a>.<\/p>\n<p style=\"text-align: justify;\">Te recuerdo que si necesitas <strong>consejo para decorar tu sal\u00f3n<\/strong>, no dudes en acudir a nosotros. Nuestros expertos resolver\u00e1n tus dudas en el <strong>tel\u00e9fono gratuito 900.701.086<\/strong>, en horario de lunes a viernes de 8 a 20 horas.<\/p>\n","protected":false},"excerpt":{"rendered":"<p>\u00bfTu sal\u00f3n no recibe luz natural? Sabemos que \u00e9sta juega un papel importante a la hora de darle color y vida, que nos ayuda a resaltar diferentes caracter\u00edsticas de la decoraci\u00f3n, que aporta luminosidad y permite jugar con multitud de &hellip; <a href=\"https:\/\/www.delsofa.es\/informacion\/consejos-para-decorar-salon-interior-sin-luz-natural\/\">Sigue leyendo <span class=\"meta-nav\">&rarr;<\/span><\/a><\/p>\n","protected":false},"author":9,"featured_media":0,"comment_status":"open","ping_status":"open","sticky":false,"template":"","format":"standard","meta":[],"categories":[4,203,438],"tags":[609,608,604,606,603,607,605,654],"yoast_head":"<!-- This site is optimized with the Yoast SEO plugin v18.6 - https:\/\/yoast.com\/wordpress\/plugins\/seo\/ -->\n<title>C\u00f3mo decorar un sal\u00f3n interior. Ideas y consejos<\/title>\n<meta name=\"description\" content=\"\u00bfTu sal\u00f3n no tiene ventanas ni recibe luz natural? No te preocupes, con estos consejos decorar tu sal\u00f3n interior para sacarle el m\u00e1ximo partido es f\u00e1cil.\" \/>\n<meta name=\"robots\" content=\"index, follow, max-snippet:-1, max-image-preview:large, max-video-preview:-1\" \/>\n<link rel=\"canonical\" href=\"https:\/\/www.delsofa.es\/informacion\/consejos-para-decorar-salon-interior-sin-luz-natural\/\" \/>\n<meta name=\"twitter:card\" content=\"summary_large_image\" \/>\n<meta name=\"twitter:title\" content=\"C\u00f3mo decorar un sal\u00f3n interior. Ideas y consejos\" \/>\n<meta name=\"twitter:description\" content=\"\u00bfTu sal\u00f3n no tiene ventanas ni recibe luz natural? No te preocupes, con estos consejos decorar tu sal\u00f3n interior para sacarle el m\u00e1ximo partido es f\u00e1cil.\" \/>\n<meta name=\"twitter:image\" content=\"https:\/\/www.delsofa.es\/informacion\/wp-content\/uploads\/2014\/01\/Salon-comedor-sin-ventanas.jpg\" \/>\n<meta name=\"twitter:creator\" content=\"@delsofaES\" \/>\n<meta name=\"twitter:site\" content=\"@delsofaES\" \/>\n<meta name=\"twitter:label1\" content=\"Escrito por\" \/>\n\t<meta name=\"twitter:data1\" content=\"Andr\u00e9s Garrido\" \/>\n\t<meta name=\"twitter:label2\" content=\"Tiempo de lectura\" \/>\n\t<meta name=\"twitter:data2\" content=\"6 minutos\" \/>\n<script type=\"application\/ld+json\" class=\"yoast-schema-graph\">{\"@context\":\"https:\/\/schema.org\",\"@graph\":[{\"@type\":\"WebSite\",\"@id\":\"https:\/\/www.delsofa.es\/informacion\/#website\",\"url\":\"https:\/\/www.delsofa.es\/informacion\/\",\"name\":\"\",\"description\":\"\",\"potentialAction\":[{\"@type\":\"SearchAction\",\"target\":{\"@type\":\"EntryPoint\",\"urlTemplate\":\"https:\/\/www.delsofa.es\/informacion\/?s={search_term_string}\"},\"query-input\":\"required name=search_term_string\"}],\"inLanguage\":\"es\"},{\"@type\":\"ImageObject\",\"@id\":\"https:\/\/www.delsofa.es\/informacion\/consejos-para-decorar-salon-interior-sin-luz-natural\/#primaryimage\",\"inLanguage\":\"es\",\"url\":\"https:\/\/www.delsofa.es\/informacion\/wp-content\/uploads\/2014\/01\/Salon-comedor-sin-ventanas.jpg\",\"contentUrl\":\"https:\/\/www.delsofa.es\/informacion\/wp-content\/uploads\/2014\/01\/Salon-comedor-sin-ventanas.jpg\",\"width\":656,\"height\":394},{\"@type\":\"WebPage\",\"@id\":\"https:\/\/www.delsofa.es\/informacion\/consejos-para-decorar-salon-interior-sin-luz-natural\/#webpage\",\"url\":\"https:\/\/www.delsofa.es\/informacion\/consejos-para-decorar-salon-interior-sin-luz-natural\/\",\"name\":\"C\u00f3mo decorar un sal\u00f3n interior. Ideas y consejos\",\"isPartOf\":{\"@id\":\"https:\/\/www.delsofa.es\/informacion\/#website\"},\"primaryImageOfPage\":{\"@id\":\"https:\/\/www.delsofa.es\/informacion\/consejos-para-decorar-salon-interior-sin-luz-natural\/#primaryimage\"},\"datePublished\":\"2014-01-29T11:34:05+00:00\",\"dateModified\":\"2014-01-29T11:34:05+00:00\",\"author\":{\"@id\":\"https:\/\/www.delsofa.es\/informacion\/#\/schema\/person\/fbd66748501b52f725af3e230fb3afb1\"},\"description\":\"\u00bfTu sal\u00f3n no tiene ventanas ni recibe luz natural? No te preocupes, con estos consejos decorar tu sal\u00f3n interior para sacarle el m\u00e1ximo partido es f\u00e1cil.\",\"breadcrumb\":{\"@id\":\"https:\/\/www.delsofa.es\/informacion\/consejos-para-decorar-salon-interior-sin-luz-natural\/#breadcrumb\"},\"inLanguage\":\"es\",\"potentialAction\":[{\"@type\":\"ReadAction\",\"target\":[\"https:\/\/www.delsofa.es\/informacion\/consejos-para-decorar-salon-interior-sin-luz-natural\/\"]}]},{\"@type\":\"BreadcrumbList\",\"@id\":\"https:\/\/www.delsofa.es\/informacion\/consejos-para-decorar-salon-interior-sin-luz-natural\/#breadcrumb\",\"itemListElement\":[{\"@type\":\"ListItem\",\"position\":1,\"name\":\"Portada\",\"item\":\"https:\/\/www.delsofa.es\/informacion\/\"},{\"@type\":\"ListItem\",\"position\":2,\"name\":\"Consejos para decorar un sal\u00f3n interior\"}]},{\"@type\":\"Person\",\"@id\":\"https:\/\/www.delsofa.es\/informacion\/#\/schema\/person\/fbd66748501b52f725af3e230fb3afb1\",\"name\":\"Andr\u00e9s Garrido\",\"image\":{\"@type\":\"ImageObject\",\"@id\":\"https:\/\/www.delsofa.es\/informacion\/#personlogo\",\"inLanguage\":\"es\",\"url\":\"https:\/\/secure.gravatar.com\/avatar\/d46dec6687b3ea5c07ac515483bb7afc?s=96&d=mm&r=g\",\"contentUrl\":\"https:\/\/secure.gravatar.com\/avatar\/d46dec6687b3ea5c07ac515483bb7afc?s=96&d=mm&r=g\",\"caption\":\"Andr\u00e9s Garrido\"},\"description\":\"Redactor e ingeniero inform\u00e1tico en proceso. Me encanta escribir sobre temas como el dise\u00f1o, blogging o el mundo del emprendedor.\",\"url\":\"https:\/\/www.delsofa.es\/informacion\/author\/andres\/\"}]}<\/script>\n<!-- \/ Yoast SEO plugin. -->","yoast_head_json":{"title":"C\u00f3mo decorar un sal\u00f3n interior. Ideas y consejos","description":"\u00bfTu sal\u00f3n no tiene ventanas ni recibe luz natural? No te preocupes, con estos consejos decorar tu sal\u00f3n interior para sacarle el m\u00e1ximo partido es f\u00e1cil.","robots":{"index":"index","follow":"follow","max-snippet":"max-snippet:-1","max-image-preview":"max-image-preview:large","max-video-preview":"max-video-preview:-1"},"canonical":"https:\/\/www.delsofa.es\/informacion\/consejos-para-decorar-salon-interior-sin-luz-natural\/","twitter_card":"summary_large_image","twitter_title":"C\u00f3mo decorar un sal\u00f3n interior. Ideas y consejos","twitter_description":"\u00bfTu sal\u00f3n no tiene ventanas ni recibe luz natural? No te preocupes, con estos consejos decorar tu sal\u00f3n interior para sacarle el m\u00e1ximo partido es f\u00e1cil.","twitter_image":"https:\/\/www.delsofa.es\/informacion\/wp-content\/uploads\/2014\/01\/Salon-comedor-sin-ventanas.jpg","twitter_creator":"@delsofaES","twitter_site":"@delsofaES","twitter_misc":{"Escrito por":"Andr\u00e9s Garrido","Tiempo de lectura":"6 minutos"},"schema":{"@context":"https:\/\/schema.org","@graph":[{"@type":"WebSite","@id":"https:\/\/www.delsofa.es\/informacion\/#website","url":"https:\/\/www.delsofa.es\/informacion\/","name":"","description":"","potentialAction":[{"@type":"SearchAction","target":{"@type":"EntryPoint","urlTemplate":"https:\/\/www.delsofa.es\/informacion\/?s={search_term_string}"},"query-input":"required name=search_term_string"}],"inLanguage":"es"},{"@type":"ImageObject","@id":"https:\/\/www.delsofa.es\/informacion\/consejos-para-decorar-salon-interior-sin-luz-natural\/#primaryimage","inLanguage":"es","url":"https:\/\/www.delsofa.es\/informacion\/wp-content\/uploads\/2014\/01\/Salon-comedor-sin-ventanas.jpg","contentUrl":"https:\/\/www.delsofa.es\/informacion\/wp-content\/uploads\/2014\/01\/Salon-comedor-sin-ventanas.jpg","width":656,"height":394},{"@type":"WebPage","@id":"https:\/\/www.delsofa.es\/informacion\/consejos-para-decorar-salon-interior-sin-luz-natural\/#webpage","url":"https:\/\/www.delsofa.es\/informacion\/consejos-para-decorar-salon-interior-sin-luz-natural\/","name":"C\u00f3mo decorar un sal\u00f3n interior. Ideas y consejos","isPartOf":{"@id":"https:\/\/www.delsofa.es\/informacion\/#website"},"primaryImageOfPage":{"@id":"https:\/\/www.delsofa.es\/informacion\/consejos-para-decorar-salon-interior-sin-luz-natural\/#primaryimage"},"datePublished":"2014-01-29T11:34:05+00:00","dateModified":"2014-01-29T11:34:05+00:00","author":{"@id":"https:\/\/www.delsofa.es\/informacion\/#\/schema\/person\/fbd66748501b52f725af3e230fb3afb1"},"description":"\u00bfTu sal\u00f3n no tiene ventanas ni recibe luz natural? No te preocupes, con estos consejos decorar tu sal\u00f3n interior para sacarle el m\u00e1ximo partido es f\u00e1cil.","breadcrumb":{"@id":"https:\/\/www.delsofa.es\/informacion\/consejos-para-decorar-salon-interior-sin-luz-natural\/#breadcrumb"},"inLanguage":"es","potentialAction":[{"@type":"ReadAction","target":["https:\/\/www.delsofa.es\/informacion\/consejos-para-decorar-salon-interior-sin-luz-natural\/"]}]},{"@type":"BreadcrumbList","@id":"https:\/\/www.delsofa.es\/informacion\/consejos-para-decorar-salon-interior-sin-luz-natural\/#breadcrumb","itemListElement":[{"@type":"ListItem","position":1,"name":"Portada","item":"https:\/\/www.delsofa.es\/informacion\/"},{"@type":"ListItem","position":2,"name":"Consejos para decorar un sal\u00f3n interior"}]},{"@type":"Person","@id":"https:\/\/www.delsofa.es\/informacion\/#\/schema\/person\/fbd66748501b52f725af3e230fb3afb1","name":"Andr\u00e9s Garrido","image":{"@type":"ImageObject","@id":"https:\/\/www.delsofa.es\/informacion\/#personlogo","inLanguage":"es","url":"https:\/\/secure.gravatar.com\/avatar\/d46dec6687b3ea5c07ac515483bb7afc?s=96&d=mm&r=g","contentUrl":"https:\/\/secure.gravatar.com\/avatar\/d46dec6687b3ea5c07ac515483bb7afc?s=96&d=mm&r=g","caption":"Andr\u00e9s Garrido"},"description":"Redactor e ingeniero inform\u00e1tico en proceso. Me encanta escribir sobre temas como el dise\u00f1o, blogging o el mundo del emprendedor.","url":"https:\/\/www.delsofa.es\/informacion\/author\/andres\/"}]}},"amp_enabled":true,"_links":{"self":[{"href":"https:\/\/www.delsofa.es\/informacion\/wp-json\/wp\/v2\/posts\/2013"}],"collection":[{"href":"https:\/\/www.delsofa.es\/informacion\/wp-json\/wp\/v2\/posts"}],"about":[{"href":"https:\/\/www.delsofa.es\/informacion\/wp-json\/wp\/v2\/types\/post"}],"author":[{"embeddable":true,"href":"https:\/\/www.delsofa.es\/informacion\/wp-json\/wp\/v2\/users\/9"}],"replies":[{"embeddable":true,"href":"https:\/\/www.delsofa.es\/informacion\/wp-json\/wp\/v2\/comments?post=2013"}],"version-history":[{"count":13,"href":"https:\/\/www.delsofa.es\/informacion\/wp-json\/wp\/v2\/posts\/2013\/revisions"}],"predecessor-version":[{"id":2209,"href":"https:\/\/www.delsofa.es\/informacion\/wp-json\/wp\/v2\/posts\/2013\/revisions\/2209"}],"wp:attachment":[{"href":"https:\/\/www.delsofa.es\/informacion\/wp-json\/wp\/v2\/media?parent=2013"}],"wp:term":[{"taxonomy":"category","embeddable":true,"href":"https:\/\/www.delsofa.es\/informacion\/wp-json\/wp\/v2\/categories?post=2013"},{"taxonomy":"post_tag","embeddable":true,"href":"https:\/\/www.delsofa.es\/informacion\/wp-json\/wp\/v2\/tags?post=2013"}],"curies":[{"name":"wp","href":"https:\/\/api.w.org\/{rel}","templated":true}]}}