{"id":2286,"date":"2014-02-19T10:14:55","date_gmt":"2014-02-19T10:14:55","guid":{"rendered":"https:\/\/www.delsofa.es\/informacion\/?p=2286"},"modified":"2014-02-19T10:14:55","modified_gmt":"2014-02-19T10:14:55","slug":"decoracion-de-estilo-industrial","status":"publish","type":"post","link":"https:\/\/www.delsofa.es\/informacion\/decoracion-de-estilo-industrial\/","title":{"rendered":"Decoraci\u00f3n de estilo industrial, espacios con un gran toque de personalidad"},"content":{"rendered":"<p style=\"text-align: justify;\">Hoy en d\u00eda el estilo industrial est\u00e1 cada vez m\u00e1s presente en revistas de decoraci\u00f3n, blogs, escaparates&#8230;es innegable su poder de atracci\u00f3n. Se pueden encontrar verdaderos espacios creativos en hogares de todo el mundo, tambi\u00e9n en restaurantes, tiendas&#8230; \u00bfQu\u00e9 tal si os muestro algunos ejemplos de decoraci\u00f3n con estilo industrial?<\/p>\n<p style=\"text-align: justify;\">Este estilo tiene su origen en los inmigrantes y artistas que se alojaban en almacenes, f\u00e1bricas y dem\u00e1s lugares similares que no estuvieran ocupadas. Estos lugares ten\u00edan dos cosas fundamentales a su favor para desarrollar este estilo: luz y espacio.\u00a0<strong>Es una decoraci\u00f3n que no pasa de moda<\/strong>, todo lo contrario, se ha reconvertido en un estilo neo-industrial que destaca por su singular personalidad.<\/p>\n<p style=\"text-align: justify;\">A grandes rasgos, en el estilo industrial<strong> se utilizan como base el hierro, el acero, la madera sin tratar y la propia estructura del edificio.<\/strong>\u00a0 Utiliza muchos elementos del propio edificio para mostrarlos al descubierto y que formen parte de la decoraci\u00f3n. Estos son: vigas met\u00e1licas, paredes de ladrillo tuber\u00edas, instalaci\u00f3n el\u00e9ctrica&#8230;<\/p>\n<p style=\"text-align: center;\"><a href=\"http:\/\/www.pinterest.com\/pin\/106679084896563276\/\" target=\"_blank\"><img decoding=\"async\" loading=\"lazy\" class=\"aligncenter size-full wp-image-2394\" title=\"Sal\u00f3n con decoraci\u00f3n industrial\" alt=\"salon industrial\" src=\"https:\/\/www.delsofa.es\/informacion\/wp-content\/uploads\/2014\/02\/salon-industrial.jpg\" width=\"518\" height=\"794\" srcset=\"https:\/\/www.delsofa.es\/informacion\/wp-content\/uploads\/2014\/02\/salon-industrial.jpg 518w, https:\/\/www.delsofa.es\/informacion\/wp-content\/uploads\/2014\/02\/salon-industrial-195x300.jpg 195w\" sizes=\"(max-width: 518px) 100vw, 518px\" \/><\/a><\/p>\n<p style=\"text-align: justify;\"><span style=\"font-size: 120%; color: #993366;\">Claves de la decoraci\u00f3n industrial<\/span><\/p>\n<p style=\"text-align: justify;\"><strong>Paredes a la vista:<\/strong> Una de las bases del estilo industrial es dejar las paredes al descubierto. Nada de paredes lisas, cuanto m\u00e1s desgastadas y envejecidas est\u00e9n, mejor, la personalidad de las paredes en este estilo radica en mostrar su interior, el alma de la construcci\u00f3n, los defectos que ha ido provocando el paso del tiempo.<strong> La belleza no es sin\u00f3nimo de perfecci\u00f3n<\/strong>, como comprobamos en esta imagen de <a href=\"http:\/\/www.estilosdeco.com\/2012\/paredes-de-ladrillo-a-la-vista\/\" target=\"_blank\">estilodeco.com<\/a>.<\/p>\n<p style=\"text-align: center;\"><img decoding=\"async\" loading=\"lazy\" class=\"aligncenter size-full wp-image-2329\" title=\"Paredes de ladrillo son un punto clave de la decoraci\u00f3n industrial\" alt=\"paredes-ladrillo-3\" src=\"https:\/\/www.delsofa.es\/informacion\/wp-content\/uploads\/2014\/02\/paredes-ladrillo-3.jpg\" width=\"500\" height=\"753\" srcset=\"https:\/\/www.delsofa.es\/informacion\/wp-content\/uploads\/2014\/02\/paredes-ladrillo-3.jpg 500w, https:\/\/www.delsofa.es\/informacion\/wp-content\/uploads\/2014\/02\/paredes-ladrillo-3-199x300.jpg 199w\" sizes=\"(max-width: 500px) 100vw, 500px\" \/><\/p>\n<p style=\"text-align: justify;\"><strong>L\u00edneas rectas:<\/strong> Mobiliario, accesorios, decoraci\u00f3n, hay que cuidar todos estos detalles y evitar que sean curvos. Hay que apostar fuerte por las l\u00edneas y formas rectas.<\/p>\n<p style=\"text-align: justify;\"><strong>Mobiliario:<\/strong> Imprescindible un mueble al menos de estilo industrial y si no es original, al menos una reproducci\u00f3n. Es una muy buena idea hacer de ese mueble el centro de la estancia. El tama\u00f1o de \u00e9ste es importante, es conveniente que sea de<strong> grandes dimensiones<\/strong> y no colocar demasiada decoraci\u00f3n a su alrededor, el espacio es importante y es conveniente que los muebles clave \u00abrespiren\u00bb. Un consejo:\u00a0<strong>combinarlos con materiales c\u00e1lidos como la madera,<\/strong> si los muebles tienen demasiadas partes met\u00e1licas, as\u00ed evitaremos que transmitan frialdad.<\/p>\n<p style=\"text-align: justify;\">Una apuesta segura es <strong>el sof\u00e1 Chesterfield, com\u00fanmente conocido como Chester<\/strong>. Es un sof\u00e1 que pr\u00e1cticamente se puede encontrar ya en casi cualquier color. En Delsofa.es puedes encontrar un modelo similar al Chester, el <a href=\"#?utm_source=smm&amp;utm_medium=linkb&amp;utm_campaign=blog\" target=\"_blank\">sof\u00e1 Zenaida<\/a>, muy original e ideal para ser el centro decorativo de tu sal\u00f3n.<\/p>\n<p style=\"text-align: center;\">\u00a0<img decoding=\"async\" loading=\"lazy\" class=\"aligncenter  wp-image-2393\" title=\"sof\u00e1 tipo chesterfield a la venta en Delsofa.es\" alt=\"sof\u00e1 tipo chesterfield\" src=\"https:\/\/www.delsofa.es\/informacion\/wp-content\/uploads\/2014\/02\/sofa-zenaida-delsofa.es_1.jpeg\" width=\"586\" height=\"200\" srcset=\"https:\/\/www.delsofa.es\/informacion\/wp-content\/uploads\/2014\/02\/sofa-zenaida-delsofa.es_1.jpeg 586w, https:\/\/www.delsofa.es\/informacion\/wp-content\/uploads\/2014\/02\/sofa-zenaida-delsofa.es_1-300x102.jpeg 300w, https:\/\/www.delsofa.es\/informacion\/wp-content\/uploads\/2014\/02\/sofa-zenaida-delsofa.es_1-500x170.jpeg 500w\" sizes=\"(max-width: 586px) 100vw, 586px\" \/><\/p>\n<p style=\"text-align: justify;\"><strong>Textiles:\u00a0<\/strong>Es sumamente importante cuidar el tono de los tejidos en este estilo, en invierno son aconsejables las telas c\u00e1lidas que aporten contraste. Mientras que en verano podemos <strong>enfatizar el ambiente urbano<\/strong> con telas mas frescas y que lleven rayas. Podemos encontrar tambi\u00e9n textiles que ya est\u00e9n confeccionados para este estilo, almohadones, cojines y cortinas que incorporen cuadros y n\u00fameros en sus dise\u00f1os ser\u00e1n nuestra prioridad.<\/p>\n<p style=\"text-align: justify;\"><strong>Elementos decorativos:<\/strong> Son variados y sobre todo con estilo.<\/p>\n<p style=\"text-align: justify;\"><strong>Fotograf\u00edas, l\u00e1minas o grabados en blanco y negro<\/strong> de los a\u00f1os 20 a los 50, causar\u00e1n un gran impacto a tus invitados y no ser\u00eda de extra\u00f1ar que se embobaran contemplando im\u00e1genes de tiempos pasados, seguro sale una buena conversaci\u00f3n.<\/p>\n<p style=\"text-align: justify;\"><strong>L\u00e1mparas\u00a0met\u00e1licas, de cualquier tipo.\u00a0<\/strong>Son uno de los recursos decorativos m\u00e1s utilizados en este estilo. L\u00e1mparas de techo, de pie, de mesa. Triunfan las l\u00e1mparas de colores mates y aspecto desgastado.<\/p>\n<p style=\"text-align: center;\"><img decoding=\"async\" loading=\"lazy\" class=\"aligncenter  wp-image-2348\" title=\"l\u00e1mparas industriales\" alt=\"l\u00e1mparas industriales\" src=\"https:\/\/www.delsofa.es\/informacion\/wp-content\/uploads\/2014\/02\/l\u00e1mparas-industriales.jpg\" width=\"584\" height=\"387\" srcset=\"https:\/\/www.delsofa.es\/informacion\/wp-content\/uploads\/2014\/02\/l\u00e1mparas-industriales.jpg 584w, https:\/\/www.delsofa.es\/informacion\/wp-content\/uploads\/2014\/02\/l\u00e1mparas-industriales-300x198.jpg 300w, https:\/\/www.delsofa.es\/informacion\/wp-content\/uploads\/2014\/02\/l\u00e1mparas-industriales-452x300.jpg 452w\" sizes=\"(max-width: 584px) 100vw, 584px\" \/><\/p>\n<p style=\"text-align: justify;\"><strong>Relojes de pared. <\/strong>Por supuesto de estilo industrial,<strong> pr\u00e1cticos, con estilo y muy de moda,<\/strong> no se puede pedir nada m\u00e1s. Los hay grandes, medianos y peque\u00f1os, recomendamos los primeros. Los dise\u00f1os son variados, los hay vintage, con n\u00fameros y letras industriales. Pueden servir perfectamente para esa pared vac\u00eda en la que no sabes qu\u00e9 poner.<\/p>\n<p style=\"text-align: center;\"><img decoding=\"async\" loading=\"lazy\" class=\"aligncenter  wp-image-2347\" title=\"relojes industriales\" alt=\"relojes industriales\" src=\"https:\/\/www.delsofa.es\/informacion\/wp-content\/uploads\/2014\/02\/relojes-industriales.jpg\" width=\"584\" height=\"507\" srcset=\"https:\/\/www.delsofa.es\/informacion\/wp-content\/uploads\/2014\/02\/relojes-industriales.jpg 584w, https:\/\/www.delsofa.es\/informacion\/wp-content\/uploads\/2014\/02\/relojes-industriales-300x260.jpg 300w, https:\/\/www.delsofa.es\/informacion\/wp-content\/uploads\/2014\/02\/relojes-industriales-345x300.jpg 345w\" sizes=\"(max-width: 584px) 100vw, 584px\" \/><\/p>\n<p style=\"text-align: justify;\"><strong>Colores<\/strong>. Estar al tanto de los colores de temporada es muy importante para terminar de dar el toque que anhelas a tu estilo industrial. Una apuesta segura son los frambuesa, morados y ciruelas. <strong>El gris, el negro y el rojo acompa\u00f1an perfectamente <\/strong>en caso de indecisi\u00f3n.\u00a0Para esta temporada recomendamos los verdes-azulados en todas sus tonalidades.<\/p>\n<p style=\"text-align: justify;\">Las combinaciones son tantas como uno quiera, mejor si vemos unos buenos ejemplos.<\/p>\n<p style=\"text-align: justify;\"><strong><span style=\"color: #993366;\">Loft moderno e industrial<\/span><\/strong><\/p>\n<p style=\"text-align: justify;\">Este loft en concreto se encuentra situado en Barcelona y se podr\u00eda decir que es el aut\u00e9ntico arquetipo de loft,<strong> techos altos, ventanales enormes, mucha iluminaci\u00f3n y un gran espacio,<\/strong>\u00a0170 metros\u00b2 nada menos.<\/p>\n<p style=\"text-align: center;\"><img decoding=\"async\" loading=\"lazy\" class=\"aligncenter size-full wp-image-2343\" title=\"loft con decoraci\u00f3n industrial. \" alt=\"loft barcelona industrial\" src=\"https:\/\/www.delsofa.es\/informacion\/wp-content\/uploads\/2014\/02\/loft-barcelona-industrial.jpg\" width=\"400\" height=\"500\" srcset=\"https:\/\/www.delsofa.es\/informacion\/wp-content\/uploads\/2014\/02\/loft-barcelona-industrial.jpg 400w, https:\/\/www.delsofa.es\/informacion\/wp-content\/uploads\/2014\/02\/loft-barcelona-industrial-240x300.jpg 240w\" sizes=\"(max-width: 400px) 100vw, 400px\" \/><\/p>\n<p style=\"text-align: justify;\">En la decoraci\u00f3n <strong>se ha hecho hincapi\u00e9 en dar una apariencia moderna, combinando diferentes estilos<\/strong> de mobiliario y texturas. En primer plano podemos ver un sof\u00e1 chaise longue modular, de estilo moderno al igual que los cojines que ponen el contraste con sus colores negro y gris. En el centro una bonita mesa con patas de hierro y una exquisita alfombra de yute.\u00a0En el fondo se encuentra el comedor, m\u00e1s cl\u00e1sico, mesa y sillas de madera junto con una estanter\u00eda met\u00e1lica a modo de biblioteca, t\u00edpicas de las oficinas.<\/p>\n<p style=\"text-align: justify;\"><span style=\"color: #993366;\"><strong>Sal\u00f3n estilo industrial<\/strong><\/span><\/p>\n<p style=\"text-align: center;\"><img decoding=\"async\" loading=\"lazy\" class=\"aligncenter  wp-image-2350\" title=\"sal\u00f3n industrial con l\u00e1mpara desgastada\" alt=\"sal\u00f3n industrial con l\u00e1mpara desgastada\" src=\"https:\/\/www.delsofa.es\/informacion\/wp-content\/uploads\/2014\/02\/sal\u00f3n-industrial-con-l\u00e1mpara-desgastada.jpg\" width=\"584\" height=\"385\" srcset=\"https:\/\/www.delsofa.es\/informacion\/wp-content\/uploads\/2014\/02\/sal\u00f3n-industrial-con-l\u00e1mpara-desgastada.jpg 584w, https:\/\/www.delsofa.es\/informacion\/wp-content\/uploads\/2014\/02\/sal\u00f3n-industrial-con-l\u00e1mpara-desgastada-300x197.jpg 300w, https:\/\/www.delsofa.es\/informacion\/wp-content\/uploads\/2014\/02\/sal\u00f3n-industrial-con-l\u00e1mpara-desgastada-455x300.jpg 455w\" sizes=\"(max-width: 584px) 100vw, 584px\" \/><\/p>\n<p style=\"text-align: justify;\">Cada rinc\u00f3n de este sal\u00f3n respira una <strong>personalidad propia<\/strong>, los sof\u00e1s de tela con partes modulares de cuero, la mesa de patas met\u00e1licas entrelazadas, la butaca de madera, la silla cl\u00e1sica a su derecha, y por supuesto la magn\u00edfica l\u00e1mpara industrial que hace de centro en este particular sal\u00f3n en que los grandes ventanales hacen que todo brille con luz propia.<\/p>\n<p style=\"text-align: justify;\"><span style=\"color: #993366;\"><strong>Bar estilo industrial<\/strong><\/span><\/p>\n<p style=\"text-align: justify;\">En sus or\u00edgenes este bar que hemos encontrado en <a title=\"El taller de Carola Blog\" href=\"http:\/\/www.eltallerdecarola.com\/novedades\/casas-del-mundo-atelier-mecanic-2\/\" target=\"_blank\">El Taller de Carola<\/a>,\u00a0era un taller, quiz\u00e1 de ah\u00ed sac\u00f3 la inspiraci\u00f3n <strong>Cristian Corvin<\/strong>, su dise\u00f1ador, para convertir este Bar situado en Bucarest en un aut\u00e9ntico <strong>referente del dise\u00f1o industrial<\/strong>. En \u00e9l se encuentran aut\u00e9nticas piezas de los a\u00f1os 50 y 70. El resultado es una combinaci\u00f3n perfecta: estilo vintage a la vez que contempor\u00e1neo.<\/p>\n<p style=\"text-align: center;\"><img decoding=\"async\" loading=\"lazy\" class=\"aligncenter  wp-image-2351\" title=\"bar dise\u00f1o industrial de corvin cristian\" alt=\"bar dise\u00f1o industrial de corvin cristian\" src=\"https:\/\/www.delsofa.es\/informacion\/wp-content\/uploads\/2014\/02\/bar-dise\u00f1o-industrial-de-corvin-cristian.jpg\" width=\"584\" height=\"379\" srcset=\"https:\/\/www.delsofa.es\/informacion\/wp-content\/uploads\/2014\/02\/bar-dise\u00f1o-industrial-de-corvin-cristian.jpg 584w, https:\/\/www.delsofa.es\/informacion\/wp-content\/uploads\/2014\/02\/bar-dise\u00f1o-industrial-de-corvin-cristian-300x194.jpg 300w, https:\/\/www.delsofa.es\/informacion\/wp-content\/uploads\/2014\/02\/bar-dise\u00f1o-industrial-de-corvin-cristian-462x300.jpg 462w\" sizes=\"(max-width: 584px) 100vw, 584px\" \/><\/p>\n<p style=\"text-align: justify;\">Como puedes observar<strong> hay diferentes niveles de interiorismo y decoraci\u00f3n industrial<\/strong>, desde el m\u00e1s puro hasta opciones m\u00e1s modernas y tambi\u00e9n perfectamente viables. Adem\u00e1s tambi\u00e9n<strong> influye mucho el espacio del que dispongamos<\/strong>, pues como hemos dicho es casi un requisito de este estilo el tener un poco de amplitud.<\/p>\n<p style=\"text-align: justify;\">Si os decid\u00eds por decorar alg\u00fan rinc\u00f3n o varios de vuestro hogar con estilo industrial, nos encantar\u00eda recibir fotos.\u00a0Lo pod\u00e9is hacer v\u00eda Twitter: <a href=\"https:\/\/twitter.com\/delsofaES\" target=\"_blank\">@delsofaES<\/a> o colgarlas en nuestra p\u00e1gina de <a href=\"https:\/\/www.facebook.com\/delsofaES\" target=\"_blank\">Facebook Delsofa.es<\/a>. <strong>\u00a1Las esperamos!<\/strong><\/p>\n<p style=\"text-align: justify;\"><em>Fuentes de las im\u00e1genes: estilosdeco.com y eltallerdecarola.com<\/em><\/p>\n","protected":false},"excerpt":{"rendered":"<p>Hoy en d\u00eda el estilo industrial est\u00e1 cada vez m\u00e1s presente en revistas de decoraci\u00f3n, blogs, escaparates&#8230;es innegable su poder de atracci\u00f3n. Se pueden encontrar verdaderos espacios creativos en hogares de todo el mundo, tambi\u00e9n en restaurantes, tiendas&#8230; \u00bfQu\u00e9 tal &hellip; <a href=\"https:\/\/www.delsofa.es\/informacion\/decoracion-de-estilo-industrial\/\">Sigue leyendo <span class=\"meta-nav\">&rarr;<\/span><\/a><\/p>\n","protected":false},"author":7,"featured_media":0,"comment_status":"open","ping_status":"open","sticky":false,"template":"","format":"standard","meta":[],"categories":[4,405,255],"tags":[731,736,734,726,735,733,724,725,729,730,727,728,732],"yoast_head":"<!-- This site is optimized with the Yoast SEO plugin v18.6 - https:\/\/yoast.com\/wordpress\/plugins\/seo\/ -->\n<title>Decoraci\u00f3n de estilo industrial, una apuesta muy personal<\/title>\n<meta name=\"description\" content=\"Apostar por una decoraci\u00f3n de estilo industrial es una apuesta muy personal, nos permite a\u00f1adir a nuestro hogar elementos singulares y tendencias originales\" \/>\n<meta name=\"robots\" content=\"index, follow, max-snippet:-1, max-image-preview:large, max-video-preview:-1\" \/>\n<link rel=\"canonical\" href=\"https:\/\/www.delsofa.es\/informacion\/decoracion-de-estilo-industrial\/\" \/>\n<meta name=\"twitter:card\" content=\"summary_large_image\" \/>\n<meta name=\"twitter:title\" content=\"Decoraci\u00f3n de estilo industrial, una apuesta muy personal\" \/>\n<meta name=\"twitter:description\" content=\"Apostar por una decoraci\u00f3n de estilo industrial es una apuesta muy personal, nos permite a\u00f1adir a nuestro hogar elementos singulares y tendencias originales\" \/>\n<meta name=\"twitter:image\" content=\"https:\/\/www.delsofa.es\/informacion\/wp-content\/uploads\/2014\/02\/salon-industrial.jpg\" \/>\n<meta name=\"twitter:creator\" content=\"@https:\/\/twitter.com\/valentines86\" \/>\n<meta name=\"twitter:site\" content=\"@delsofaES\" \/>\n<meta name=\"twitter:label1\" content=\"Escrito por\" \/>\n\t<meta name=\"twitter:data1\" content=\"Javier Fuentes\" \/>\n\t<meta name=\"twitter:label2\" content=\"Tiempo de lectura\" \/>\n\t<meta name=\"twitter:data2\" content=\"6 minutos\" \/>\n<script type=\"application\/ld+json\" class=\"yoast-schema-graph\">{\"@context\":\"https:\/\/schema.org\",\"@graph\":[{\"@type\":\"WebSite\",\"@id\":\"https:\/\/www.delsofa.es\/informacion\/#website\",\"url\":\"https:\/\/www.delsofa.es\/informacion\/\",\"name\":\"\",\"description\":\"\",\"potentialAction\":[{\"@type\":\"SearchAction\",\"target\":{\"@type\":\"EntryPoint\",\"urlTemplate\":\"https:\/\/www.delsofa.es\/informacion\/?s={search_term_string}\"},\"query-input\":\"required name=search_term_string\"}],\"inLanguage\":\"es\"},{\"@type\":\"ImageObject\",\"@id\":\"https:\/\/www.delsofa.es\/informacion\/decoracion-de-estilo-industrial\/#primaryimage\",\"inLanguage\":\"es\",\"url\":\"https:\/\/www.delsofa.es\/informacion\/wp-content\/uploads\/2014\/02\/salon-industrial.jpg\",\"contentUrl\":\"https:\/\/www.delsofa.es\/informacion\/wp-content\/uploads\/2014\/02\/salon-industrial.jpg\",\"width\":518,\"height\":794},{\"@type\":\"WebPage\",\"@id\":\"https:\/\/www.delsofa.es\/informacion\/decoracion-de-estilo-industrial\/#webpage\",\"url\":\"https:\/\/www.delsofa.es\/informacion\/decoracion-de-estilo-industrial\/\",\"name\":\"Decoraci\u00f3n de estilo industrial, una apuesta muy personal\",\"isPartOf\":{\"@id\":\"https:\/\/www.delsofa.es\/informacion\/#website\"},\"primaryImageOfPage\":{\"@id\":\"https:\/\/www.delsofa.es\/informacion\/decoracion-de-estilo-industrial\/#primaryimage\"},\"datePublished\":\"2014-02-19T10:14:55+00:00\",\"dateModified\":\"2014-02-19T10:14:55+00:00\",\"author\":{\"@id\":\"https:\/\/www.delsofa.es\/informacion\/#\/schema\/person\/824e77e9e5f999b06e2fbfd4736f8559\"},\"description\":\"Apostar por una decoraci\u00f3n de estilo industrial es una apuesta muy personal, nos permite a\u00f1adir a nuestro hogar elementos singulares y tendencias originales\",\"breadcrumb\":{\"@id\":\"https:\/\/www.delsofa.es\/informacion\/decoracion-de-estilo-industrial\/#breadcrumb\"},\"inLanguage\":\"es\",\"potentialAction\":[{\"@type\":\"ReadAction\",\"target\":[\"https:\/\/www.delsofa.es\/informacion\/decoracion-de-estilo-industrial\/\"]}]},{\"@type\":\"BreadcrumbList\",\"@id\":\"https:\/\/www.delsofa.es\/informacion\/decoracion-de-estilo-industrial\/#breadcrumb\",\"itemListElement\":[{\"@type\":\"ListItem\",\"position\":1,\"name\":\"Portada\",\"item\":\"https:\/\/www.delsofa.es\/informacion\/\"},{\"@type\":\"ListItem\",\"position\":2,\"name\":\"Decoraci\u00f3n de estilo industrial, espacios con un gran toque de personalidad\"}]},{\"@type\":\"Person\",\"@id\":\"https:\/\/www.delsofa.es\/informacion\/#\/schema\/person\/824e77e9e5f999b06e2fbfd4736f8559\",\"name\":\"Javier Fuentes\",\"image\":{\"@type\":\"ImageObject\",\"@id\":\"https:\/\/www.delsofa.es\/informacion\/#personlogo\",\"inLanguage\":\"es\",\"url\":\"https:\/\/secure.gravatar.com\/avatar\/e8ff6832fd1ad499c98590a47ee03232?s=96&d=mm&r=g\",\"contentUrl\":\"https:\/\/secure.gravatar.com\/avatar\/e8ff6832fd1ad499c98590a47ee03232?s=96&d=mm&r=g\",\"caption\":\"Javier Fuentes\"},\"description\":\"De origen grafista publicitario, apasionado por el dise\u00f1o, las nuevas tecnolog\u00edas, la redes sociales y la comunicaci\u00f3n social media, \u00a1me encanta escribir! y he encontrado en este blog la oportunidad de hacerlo. Tambi\u00e9n he colaborado anteriormente en http:\/\/colchonesblog.es.\",\"sameAs\":[\"https:\/\/www.linkedin.com\/profile\/view?id=261905883&#038;trk=nav_responsive_tab_profile\",\"https:\/\/twitter.com\/https:\/\/twitter.com\/valentines86\"],\"url\":\"https:\/\/www.delsofa.es\/informacion\/author\/javier\/\"}]}<\/script>\n<!-- \/ Yoast SEO plugin. -->","yoast_head_json":{"title":"Decoraci\u00f3n de estilo industrial, una apuesta muy personal","description":"Apostar por una decoraci\u00f3n de estilo industrial es una apuesta muy personal, nos permite a\u00f1adir a nuestro hogar elementos singulares y tendencias originales","robots":{"index":"index","follow":"follow","max-snippet":"max-snippet:-1","max-image-preview":"max-image-preview:large","max-video-preview":"max-video-preview:-1"},"canonical":"https:\/\/www.delsofa.es\/informacion\/decoracion-de-estilo-industrial\/","twitter_card":"summary_large_image","twitter_title":"Decoraci\u00f3n de estilo industrial, una apuesta muy personal","twitter_description":"Apostar por una decoraci\u00f3n de estilo industrial es una apuesta muy personal, nos permite a\u00f1adir a nuestro hogar elementos singulares y tendencias originales","twitter_image":"https:\/\/www.delsofa.es\/informacion\/wp-content\/uploads\/2014\/02\/salon-industrial.jpg","twitter_creator":"@https:\/\/twitter.com\/valentines86","twitter_site":"@delsofaES","twitter_misc":{"Escrito por":"Javier Fuentes","Tiempo de lectura":"6 minutos"},"schema":{"@context":"https:\/\/schema.org","@graph":[{"@type":"WebSite","@id":"https:\/\/www.delsofa.es\/informacion\/#website","url":"https:\/\/www.delsofa.es\/informacion\/","name":"","description":"","potentialAction":[{"@type":"SearchAction","target":{"@type":"EntryPoint","urlTemplate":"https:\/\/www.delsofa.es\/informacion\/?s={search_term_string}"},"query-input":"required name=search_term_string"}],"inLanguage":"es"},{"@type":"ImageObject","@id":"https:\/\/www.delsofa.es\/informacion\/decoracion-de-estilo-industrial\/#primaryimage","inLanguage":"es","url":"https:\/\/www.delsofa.es\/informacion\/wp-content\/uploads\/2014\/02\/salon-industrial.jpg","contentUrl":"https:\/\/www.delsofa.es\/informacion\/wp-content\/uploads\/2014\/02\/salon-industrial.jpg","width":518,"height":794},{"@type":"WebPage","@id":"https:\/\/www.delsofa.es\/informacion\/decoracion-de-estilo-industrial\/#webpage","url":"https:\/\/www.delsofa.es\/informacion\/decoracion-de-estilo-industrial\/","name":"Decoraci\u00f3n de estilo industrial, una apuesta muy personal","isPartOf":{"@id":"https:\/\/www.delsofa.es\/informacion\/#website"},"primaryImageOfPage":{"@id":"https:\/\/www.delsofa.es\/informacion\/decoracion-de-estilo-industrial\/#primaryimage"},"datePublished":"2014-02-19T10:14:55+00:00","dateModified":"2014-02-19T10:14:55+00:00","author":{"@id":"https:\/\/www.delsofa.es\/informacion\/#\/schema\/person\/824e77e9e5f999b06e2fbfd4736f8559"},"description":"Apostar por una decoraci\u00f3n de estilo industrial es una apuesta muy personal, nos permite a\u00f1adir a nuestro hogar elementos singulares y tendencias originales","breadcrumb":{"@id":"https:\/\/www.delsofa.es\/informacion\/decoracion-de-estilo-industrial\/#breadcrumb"},"inLanguage":"es","potentialAction":[{"@type":"ReadAction","target":["https:\/\/www.delsofa.es\/informacion\/decoracion-de-estilo-industrial\/"]}]},{"@type":"BreadcrumbList","@id":"https:\/\/www.delsofa.es\/informacion\/decoracion-de-estilo-industrial\/#breadcrumb","itemListElement":[{"@type":"ListItem","position":1,"name":"Portada","item":"https:\/\/www.delsofa.es\/informacion\/"},{"@type":"ListItem","position":2,"name":"Decoraci\u00f3n de estilo industrial, espacios con un gran toque de personalidad"}]},{"@type":"Person","@id":"https:\/\/www.delsofa.es\/informacion\/#\/schema\/person\/824e77e9e5f999b06e2fbfd4736f8559","name":"Javier Fuentes","image":{"@type":"ImageObject","@id":"https:\/\/www.delsofa.es\/informacion\/#personlogo","inLanguage":"es","url":"https:\/\/secure.gravatar.com\/avatar\/e8ff6832fd1ad499c98590a47ee03232?s=96&d=mm&r=g","contentUrl":"https:\/\/secure.gravatar.com\/avatar\/e8ff6832fd1ad499c98590a47ee03232?s=96&d=mm&r=g","caption":"Javier Fuentes"},"description":"De origen grafista publicitario, apasionado por el dise\u00f1o, las nuevas tecnolog\u00edas, la redes sociales y la comunicaci\u00f3n social media, \u00a1me encanta escribir! y he encontrado en este blog la oportunidad de hacerlo. Tambi\u00e9n he colaborado anteriormente en http:\/\/colchonesblog.es.","sameAs":["https:\/\/www.linkedin.com\/profile\/view?id=261905883&#038;trk=nav_responsive_tab_profile","https:\/\/twitter.com\/https:\/\/twitter.com\/valentines86"],"url":"https:\/\/www.delsofa.es\/informacion\/author\/javier\/"}]}},"amp_enabled":true,"_links":{"self":[{"href":"https:\/\/www.delsofa.es\/informacion\/wp-json\/wp\/v2\/posts\/2286"}],"collection":[{"href":"https:\/\/www.delsofa.es\/informacion\/wp-json\/wp\/v2\/posts"}],"about":[{"href":"https:\/\/www.delsofa.es\/informacion\/wp-json\/wp\/v2\/types\/post"}],"author":[{"embeddable":true,"href":"https:\/\/www.delsofa.es\/informacion\/wp-json\/wp\/v2\/users\/7"}],"replies":[{"embeddable":true,"href":"https:\/\/www.delsofa.es\/informacion\/wp-json\/wp\/v2\/comments?post=2286"}],"version-history":[{"count":21,"href":"https:\/\/www.delsofa.es\/informacion\/wp-json\/wp\/v2\/posts\/2286\/revisions"}],"predecessor-version":[{"id":2429,"href":"https:\/\/www.delsofa.es\/informacion\/wp-json\/wp\/v2\/posts\/2286\/revisions\/2429"}],"wp:attachment":[{"href":"https:\/\/www.delsofa.es\/informacion\/wp-json\/wp\/v2\/media?parent=2286"}],"wp:term":[{"taxonomy":"category","embeddable":true,"href":"https:\/\/www.delsofa.es\/informacion\/wp-json\/wp\/v2\/categories?post=2286"},{"taxonomy":"post_tag","embeddable":true,"href":"https:\/\/www.delsofa.es\/informacion\/wp-json\/wp\/v2\/tags?post=2286"}],"curies":[{"name":"wp","href":"https:\/\/api.w.org\/{rel}","templated":true}]}}