{"id":2291,"date":"2014-03-17T10:32:22","date_gmt":"2014-03-17T10:32:22","guid":{"rendered":"https:\/\/www.delsofa.es\/informacion\/?p=2291"},"modified":"2014-03-17T10:32:22","modified_gmt":"2014-03-17T10:32:22","slug":"como-pintar-un-salon-para-que-parezca-mas-grande","status":"publish","type":"post","link":"https:\/\/www.delsofa.es\/informacion\/como-pintar-un-salon-para-que-parezca-mas-grande\/","title":{"rendered":"C\u00f3mo pintar salones peque\u00f1os para que parezcan m\u00e1s grandes"},"content":{"rendered":"<p style=\"text-align: justify;\">Una de las grandes ventajas que tiene la decoraci\u00f3n es su capacidad para realzar la belleza del hogar, sacar partido a cada detalle, haciendo que cada rinc\u00f3n sea especial. Por ello, si tu sal\u00f3n no es de dimensiones descomunales, no te preocupes, hoy te vamos a presentar varios trucos para pintarlo y hacer que parezca m\u00e1s grande.<\/p>\n<p style=\"text-align: justify;\">Disponer de un sal\u00f3n de grandes dimensiones no es muy habitual hoy en d\u00eda, pero\u00a0<strong>existen formas de crear la ilusi\u00f3n \u00f3ptica de amplitud, altura y profundidad. <\/strong>Con las t\u00e9cnicas que a continuaci\u00f3n te presentamos, los salones peque\u00f1os dejar\u00e1n de serlo a la vista.<\/p>\n<ul>\n<li style=\"text-align: justify;\"><strong style=\"color: #000000; font-style: normal;\">Utiliza colores claros, que irradien luz.<\/strong> Los colores oscuros reducen visualmente las dimensiones. Si adem\u00e1s apuestas por la uniformidad con el resto de elementos de decoraci\u00f3n, la habitaci\u00f3n parecer\u00e1 mucho m\u00e1s espaciosa. Por ejemplo, puedes elegir las cortinas del mismo color que la pintura.<\/li>\n<\/ul>\n<div id=\"attachment_2302\" style=\"width: 595px\" class=\"wp-caption aligncenter\"><img aria-describedby=\"caption-attachment-2302\" decoding=\"async\" loading=\"lazy\" class=\" wp-image-2302 \" title=\"Pintar el sal\u00f3n con colores claros har\u00e1 que parezca m\u00e1s grande\" alt=\"Sal\u00f3n colores claros EspacioHogar.com\" src=\"https:\/\/www.delsofa.es\/informacion\/wp-content\/uploads\/2014\/02\/salon-colores-claros.jpg\" width=\"585\" height=\"526\" srcset=\"https:\/\/www.delsofa.es\/informacion\/wp-content\/uploads\/2014\/02\/salon-colores-claros.jpg 585w, https:\/\/www.delsofa.es\/informacion\/wp-content\/uploads\/2014\/02\/salon-colores-claros-300x269.jpg 300w, https:\/\/www.delsofa.es\/informacion\/wp-content\/uploads\/2014\/02\/salon-colores-claros-333x300.jpg 333w\" sizes=\"(max-width: 585px) 100vw, 585px\" \/><p id=\"caption-attachment-2302\" class=\"wp-caption-text\">Sal\u00f3n con colores claros. Fuente EspacioHogar.com<\/p><\/div>\n<ul>\n<li style=\"text-align: justify;\"><strong style=\"color: #000000; font-style: normal;\">Aumentar \u00f3pticamente la distancia hasta el techo.<\/strong> Si adem\u00e1s de ser un espacio peque\u00f1o, el techo es bajo, lo recomendable es que pintes el techo de un color todav\u00eda m\u00e1s claro que las paredes. No es necesario que sea blanco nuclear, ser\u00e1 suficiente con que sea un par de tonos m\u00e1s claro que el que hayas elegido para \u00e9stas.<\/li>\n<\/ul>\n<p style=\"text-align: justify;\">En el caso de que <strong>el techo tenga una altura est\u00e1ndar, lo aconsejable es pintarlo del mismo color que la pared<\/strong>, para as\u00ed lograr mayor amplitud, y propiciar la continuidad visual. Si tienes la oportunidad de elegir el tono del suelo en el momento en que vayas a pintar la habitaci\u00f3n, opta por tonos oscuros, con el fin de crear \u00f3pticamente mayor distanciamiento entre suelo y techo.<\/p>\n<ul>\n<li style=\"text-align: justify;\"><strong style=\"color: #000000; font-style: normal;\">Utiliza l\u00edneas horizontales.<\/strong> En contra de lo que se pueda pensar, la horizontalidad estiliza y aporta visualmente m\u00e1s altura a los elementos. Por ello, si lo que necesitas es una habitaci\u00f3n m\u00e1s alta y, por tanto, m\u00e1s grande, pinta las paredes con l\u00edneas verticales. Aqu\u00ed te dejo varios ejemplos, extra\u00eddos de <a style=\"font-style: normal;\" href=\"http:\/\/www.milideas.net\/30-fotos-e-ideas-para-decorar-y-pintar-las-paredes-a-rayas\" target=\"_blank\">Milideas.net<\/a>.<\/li>\n<\/ul>\n<p style=\"text-align: center;\"><img decoding=\"async\" loading=\"lazy\" class=\"size-full wp-image-2561 aligncenter\" title=\"Pintar las paredes a rayas horizontales con colores claro ayuda a dar sensaci\u00f3n de un sal\u00f3n m\u00e1s grande\" alt=\"salon-pintado-a-rayas\" src=\"https:\/\/www.delsofa.es\/informacion\/wp-content\/uploads\/2014\/03\/salon-pintado-a-rayas.jpg\" width=\"426\" height=\"900\" srcset=\"https:\/\/www.delsofa.es\/informacion\/wp-content\/uploads\/2014\/03\/salon-pintado-a-rayas.jpg 426w, https:\/\/www.delsofa.es\/informacion\/wp-content\/uploads\/2014\/03\/salon-pintado-a-rayas-142x300.jpg 142w\" sizes=\"(max-width: 426px) 100vw, 426px\" \/><\/p>\n<ul>\n<li style=\"text-align: justify;\">\u00a0<strong style=\"color: #000000; font-style: normal; text-align: justify;\">Apuesta por los contrastes<\/strong>, te ayudan a diferenciar espacios, ampliando el conjunto.<span> Dependiendo de la distribuci\u00f3n del sal\u00f3n, puedes optar por <a href=\"https:\/\/www.delsofa.es\/informacion\/paredes-del-salon-decoradas-con-color\/\" target=\"_blank\">destacar una pared en un tono diferente<\/a>, m\u00e1s oscuro, para que contraste con el resto del entorno. Esto tiene varias ventajas. De una parte, creas una ruptura visual que capta poderosamente la atenci\u00f3n, por lo que es m\u00e1s dif\u00edcil percibir de un solo golpe de vista el tama\u00f1o real de la estancia. De otra, en funci\u00f3n de la disposici\u00f3n del sal\u00f3n y qu\u00e9 pared elijas, puedes crear sensaci\u00f3n de profundidad, cumpliendo as\u00ed satisfactoriamente tu objetivo.<\/span><\/li>\n<\/ul>\n<p style=\"text-align: center;\"><img decoding=\"async\" loading=\"lazy\" class=\" wp-image-676 aligncenter\" title=\"Pintar una pared de un color fuerte tambi\u00e9n dar\u00e1 sensaci\u00f3n de amplitud. Fuente: Decoracionsalas.com\" alt=\"Sal\u00f3n peque\u00f1o pintado en violeta\" src=\"https:\/\/www.delsofa.es\/informacion\/wp-content\/uploads\/2013\/07\/sala-pequena-moderna.jpg\" width=\"589\" height=\"393\" srcset=\"https:\/\/www.delsofa.es\/informacion\/wp-content\/uploads\/2013\/07\/sala-pequena-moderna.jpg 589w, https:\/\/www.delsofa.es\/informacion\/wp-content\/uploads\/2013\/07\/sala-pequena-moderna-300x200.jpg 300w, https:\/\/www.delsofa.es\/informacion\/wp-content\/uploads\/2013\/07\/sala-pequena-moderna-449x300.jpg 449w\" sizes=\"(max-width: 589px) 100vw, 589px\" \/><\/p>\n<p style=\"text-align: justify;\">Sin embargo, antes de lanzarte a destacar una pared de tu sal\u00f3n, conviene <strong>tener en cuenta la distribuci\u00f3n de la habitaci\u00f3n<\/strong>. Si es cuadrada, o por el contrario demasiado alargada, e incluso irregular. Pintar una pared de un tono llamativo puede evidenciar estas diferencias y perjudicar el resultado final. En este caso puedes optar por jugar con varios colores como ves en la imagen anterior.<\/p>\n<ul>\n<ul>\n<li style=\"text-align: justify;\"><strong>Aligerar visualmente el volumen del sof\u00e1 dentro de la estancia<\/strong>. Para ello es muy \u00fatil acercar el sof\u00e1 a la ventana, y unificar el tono de pared, ventana y cortinas, con el fin de dar esta sensaci\u00f3n.<\/li>\n<\/ul>\n<\/ul>\n<p style=\"text-align: center;\"><img decoding=\"async\" loading=\"lazy\" class=\"aligncenter  wp-image-2299\" title=\"Vinilos para crear sensaci\u00f3n de profundidad\" alt=\"\" src=\"https:\/\/www.delsofa.es\/informacion\/wp-content\/uploads\/2014\/02\/Vinilos-para-decorar-la-pared-del-sal\u00f3n.jpg\" width=\"585\" height=\"439\" srcset=\"https:\/\/www.delsofa.es\/informacion\/wp-content\/uploads\/2014\/02\/Vinilos-para-decorar-la-pared-del-sal\u00f3n.jpg 585w, https:\/\/www.delsofa.es\/informacion\/wp-content\/uploads\/2014\/02\/Vinilos-para-decorar-la-pared-del-sal\u00f3n-300x225.jpg 300w, https:\/\/www.delsofa.es\/informacion\/wp-content\/uploads\/2014\/02\/Vinilos-para-decorar-la-pared-del-sal\u00f3n-399x300.jpg 399w\" sizes=\"(max-width: 585px) 100vw, 585px\" \/><\/p>\n<ul>\n<li style=\"text-align: justify;\"><strong style=\"color: #000000; font-style: normal;\">Crear sensaci\u00f3n de profundidad con vinilos adhesivos.<\/strong> Elige una imagen con perspectiva y podr\u00e1s multiplicar \u00f3pticamente hasta el infinito el espacio de tu sal\u00f3n. El ejemplo que nos muestra <a href=\"http:\/\/decoracionyestilos.com\/\" target=\"_blank\">Decoracionyestilos<\/a> es realmente espectacular.<\/li>\n<\/ul>\n<p style=\"text-align: justify;\">Como has podido observar hay algunos trucos que te ayudar\u00e1n a que tu sal\u00f3n de peque\u00f1as dimensiones parezca m\u00e1s grande. <strong>Nos encantar\u00eda saber cu\u00e1l de estos trucos te parece m\u00e1s \u00fatil<\/strong>. Te invitamos a que nos lo cuentes aprovechando el campo de comentario de este post. An\u00edmate a dejar tu opini\u00f3n. \u00a1Nos hace mucha ilusi\u00f3n!<\/p>\n","protected":false},"excerpt":{"rendered":"<p>Una de las grandes ventajas que tiene la decoraci\u00f3n es su capacidad para realzar la belleza del hogar, sacar partido a cada detalle, haciendo que cada rinc\u00f3n sea especial. Por ello, si tu sal\u00f3n no es de dimensiones descomunales, no &hellip; <a href=\"https:\/\/www.delsofa.es\/informacion\/como-pintar-un-salon-para-que-parezca-mas-grande\/\">Sigue leyendo <span class=\"meta-nav\">&rarr;<\/span><\/a><\/p>\n","protected":false},"author":10,"featured_media":0,"comment_status":"open","ping_status":"open","sticky":false,"template":"","format":"standard","meta":[],"categories":[4,405,438],"tags":[809,806,808,810,807,811],"yoast_head":"<!-- This site is optimized with the Yoast SEO plugin v18.6 - https:\/\/yoast.com\/wordpress\/plugins\/seo\/ -->\n<title>C\u00f3mo pintar salones peque\u00f1os para que parezcan m\u00e1s grandes<\/title>\n<meta name=\"description\" content=\"Os dejamos una serie de trucos y consejos para pintar salones peque\u00f1os que har\u00e1n que parezcan m\u00e1s grandes. Es posible. Te descubrimos c\u00f3mo.\" \/>\n<meta name=\"robots\" content=\"index, follow, max-snippet:-1, max-image-preview:large, max-video-preview:-1\" \/>\n<link rel=\"canonical\" href=\"https:\/\/www.delsofa.es\/informacion\/como-pintar-un-salon-para-que-parezca-mas-grande\/\" \/>\n<meta name=\"twitter:card\" content=\"summary_large_image\" \/>\n<meta name=\"twitter:title\" content=\"C\u00f3mo pintar salones peque\u00f1os para que parezcan m\u00e1s grandes\" \/>\n<meta name=\"twitter:description\" content=\"Os dejamos una serie de trucos y consejos para pintar salones peque\u00f1os que har\u00e1n que parezcan m\u00e1s grandes. Es posible. Te descubrimos c\u00f3mo.\" \/>\n<meta name=\"twitter:image\" content=\"https:\/\/www.delsofa.es\/informacion\/wp-content\/uploads\/2014\/02\/salon-colores-claros.jpg\" \/>\n<meta name=\"twitter:creator\" content=\"@https:\/\/twitter.com\/karimesan\" \/>\n<meta name=\"twitter:site\" content=\"@delsofaES\" \/>\n<meta name=\"twitter:label1\" content=\"Escrito por\" \/>\n\t<meta name=\"twitter:data1\" content=\"Carmen Santo\" \/>\n\t<meta name=\"twitter:label2\" content=\"Tiempo de lectura\" \/>\n\t<meta name=\"twitter:data2\" content=\"3 minutos\" \/>\n<script type=\"application\/ld+json\" class=\"yoast-schema-graph\">{\"@context\":\"https:\/\/schema.org\",\"@graph\":[{\"@type\":\"WebSite\",\"@id\":\"https:\/\/www.delsofa.es\/informacion\/#website\",\"url\":\"https:\/\/www.delsofa.es\/informacion\/\",\"name\":\"\",\"description\":\"\",\"potentialAction\":[{\"@type\":\"SearchAction\",\"target\":{\"@type\":\"EntryPoint\",\"urlTemplate\":\"https:\/\/www.delsofa.es\/informacion\/?s={search_term_string}\"},\"query-input\":\"required name=search_term_string\"}],\"inLanguage\":\"es\"},{\"@type\":\"ImageObject\",\"@id\":\"https:\/\/www.delsofa.es\/informacion\/como-pintar-un-salon-para-que-parezca-mas-grande\/#primaryimage\",\"inLanguage\":\"es\",\"url\":\"https:\/\/www.delsofa.es\/informacion\/wp-content\/uploads\/2014\/02\/salon-colores-claros.jpg\",\"contentUrl\":\"https:\/\/www.delsofa.es\/informacion\/wp-content\/uploads\/2014\/02\/salon-colores-claros.jpg\",\"width\":585,\"height\":526,\"caption\":\"Sal\u00f3n colores claros EspacioHogar.com\"},{\"@type\":\"WebPage\",\"@id\":\"https:\/\/www.delsofa.es\/informacion\/como-pintar-un-salon-para-que-parezca-mas-grande\/#webpage\",\"url\":\"https:\/\/www.delsofa.es\/informacion\/como-pintar-un-salon-para-que-parezca-mas-grande\/\",\"name\":\"C\u00f3mo pintar salones peque\u00f1os para que parezcan m\u00e1s grandes\",\"isPartOf\":{\"@id\":\"https:\/\/www.delsofa.es\/informacion\/#website\"},\"primaryImageOfPage\":{\"@id\":\"https:\/\/www.delsofa.es\/informacion\/como-pintar-un-salon-para-que-parezca-mas-grande\/#primaryimage\"},\"datePublished\":\"2014-03-17T10:32:22+00:00\",\"dateModified\":\"2014-03-17T10:32:22+00:00\",\"author\":{\"@id\":\"https:\/\/www.delsofa.es\/informacion\/#\/schema\/person\/e8b966e5778ff0f60831b82e0d35a297\"},\"description\":\"Os dejamos una serie de trucos y consejos para pintar salones peque\u00f1os que har\u00e1n que parezcan m\u00e1s grandes. Es posible. Te descubrimos c\u00f3mo.\",\"breadcrumb\":{\"@id\":\"https:\/\/www.delsofa.es\/informacion\/como-pintar-un-salon-para-que-parezca-mas-grande\/#breadcrumb\"},\"inLanguage\":\"es\",\"potentialAction\":[{\"@type\":\"ReadAction\",\"target\":[\"https:\/\/www.delsofa.es\/informacion\/como-pintar-un-salon-para-que-parezca-mas-grande\/\"]}]},{\"@type\":\"BreadcrumbList\",\"@id\":\"https:\/\/www.delsofa.es\/informacion\/como-pintar-un-salon-para-que-parezca-mas-grande\/#breadcrumb\",\"itemListElement\":[{\"@type\":\"ListItem\",\"position\":1,\"name\":\"Portada\",\"item\":\"https:\/\/www.delsofa.es\/informacion\/\"},{\"@type\":\"ListItem\",\"position\":2,\"name\":\"C\u00f3mo pintar salones peque\u00f1os para que parezcan m\u00e1s grandes\"}]},{\"@type\":\"Person\",\"@id\":\"https:\/\/www.delsofa.es\/informacion\/#\/schema\/person\/e8b966e5778ff0f60831b82e0d35a297\",\"name\":\"Carmen Santo\",\"image\":{\"@type\":\"ImageObject\",\"@id\":\"https:\/\/www.delsofa.es\/informacion\/#personlogo\",\"inLanguage\":\"es\",\"url\":\"https:\/\/secure.gravatar.com\/avatar\/ed494de04c6901a10da67638da1c8e60?s=96&d=mm&r=g\",\"contentUrl\":\"https:\/\/secure.gravatar.com\/avatar\/ed494de04c6901a10da67638da1c8e60?s=96&d=mm&r=g\",\"caption\":\"Carmen Santo\"},\"description\":\"Consultora de Branding Personal. Social Media Manager y gesti\u00f3n de la Reputaci\u00f3n Online. Publicista y Periodista de formaci\u00f3n, profesional de la comunicaci\u00f3n por vocaci\u00f3n. Me apasiona la decoraci\u00f3n y he encontrado en este blog una oportunidad para mostrar mi visi\u00f3n particular y aprender con grandes profesionales del sector. M\u00e1s sobre mi trabajo en carmensanto.es\",\"sameAs\":[\"http:\/\/carmensanto.es\/\",\"https:\/\/www.facebook.com\/carmensanto.karimesan\",\"http:\/\/www.linkedin.com\/in\/carmensanto\",\"https:\/\/twitter.com\/https:\/\/twitter.com\/karimesan\"],\"url\":\"https:\/\/www.delsofa.es\/informacion\/author\/carmen\/\"}]}<\/script>\n<!-- \/ Yoast SEO plugin. -->","yoast_head_json":{"title":"C\u00f3mo pintar salones peque\u00f1os para que parezcan m\u00e1s grandes","description":"Os dejamos una serie de trucos y consejos para pintar salones peque\u00f1os que har\u00e1n que parezcan m\u00e1s grandes. Es posible. Te descubrimos c\u00f3mo.","robots":{"index":"index","follow":"follow","max-snippet":"max-snippet:-1","max-image-preview":"max-image-preview:large","max-video-preview":"max-video-preview:-1"},"canonical":"https:\/\/www.delsofa.es\/informacion\/como-pintar-un-salon-para-que-parezca-mas-grande\/","twitter_card":"summary_large_image","twitter_title":"C\u00f3mo pintar salones peque\u00f1os para que parezcan m\u00e1s grandes","twitter_description":"Os dejamos una serie de trucos y consejos para pintar salones peque\u00f1os que har\u00e1n que parezcan m\u00e1s grandes. Es posible. Te descubrimos c\u00f3mo.","twitter_image":"https:\/\/www.delsofa.es\/informacion\/wp-content\/uploads\/2014\/02\/salon-colores-claros.jpg","twitter_creator":"@https:\/\/twitter.com\/karimesan","twitter_site":"@delsofaES","twitter_misc":{"Escrito por":"Carmen Santo","Tiempo de lectura":"3 minutos"},"schema":{"@context":"https:\/\/schema.org","@graph":[{"@type":"WebSite","@id":"https:\/\/www.delsofa.es\/informacion\/#website","url":"https:\/\/www.delsofa.es\/informacion\/","name":"","description":"","potentialAction":[{"@type":"SearchAction","target":{"@type":"EntryPoint","urlTemplate":"https:\/\/www.delsofa.es\/informacion\/?s={search_term_string}"},"query-input":"required name=search_term_string"}],"inLanguage":"es"},{"@type":"ImageObject","@id":"https:\/\/www.delsofa.es\/informacion\/como-pintar-un-salon-para-que-parezca-mas-grande\/#primaryimage","inLanguage":"es","url":"https:\/\/www.delsofa.es\/informacion\/wp-content\/uploads\/2014\/02\/salon-colores-claros.jpg","contentUrl":"https:\/\/www.delsofa.es\/informacion\/wp-content\/uploads\/2014\/02\/salon-colores-claros.jpg","width":585,"height":526,"caption":"Sal\u00f3n colores claros EspacioHogar.com"},{"@type":"WebPage","@id":"https:\/\/www.delsofa.es\/informacion\/como-pintar-un-salon-para-que-parezca-mas-grande\/#webpage","url":"https:\/\/www.delsofa.es\/informacion\/como-pintar-un-salon-para-que-parezca-mas-grande\/","name":"C\u00f3mo pintar salones peque\u00f1os para que parezcan m\u00e1s grandes","isPartOf":{"@id":"https:\/\/www.delsofa.es\/informacion\/#website"},"primaryImageOfPage":{"@id":"https:\/\/www.delsofa.es\/informacion\/como-pintar-un-salon-para-que-parezca-mas-grande\/#primaryimage"},"datePublished":"2014-03-17T10:32:22+00:00","dateModified":"2014-03-17T10:32:22+00:00","author":{"@id":"https:\/\/www.delsofa.es\/informacion\/#\/schema\/person\/e8b966e5778ff0f60831b82e0d35a297"},"description":"Os dejamos una serie de trucos y consejos para pintar salones peque\u00f1os que har\u00e1n que parezcan m\u00e1s grandes. Es posible. Te descubrimos c\u00f3mo.","breadcrumb":{"@id":"https:\/\/www.delsofa.es\/informacion\/como-pintar-un-salon-para-que-parezca-mas-grande\/#breadcrumb"},"inLanguage":"es","potentialAction":[{"@type":"ReadAction","target":["https:\/\/www.delsofa.es\/informacion\/como-pintar-un-salon-para-que-parezca-mas-grande\/"]}]},{"@type":"BreadcrumbList","@id":"https:\/\/www.delsofa.es\/informacion\/como-pintar-un-salon-para-que-parezca-mas-grande\/#breadcrumb","itemListElement":[{"@type":"ListItem","position":1,"name":"Portada","item":"https:\/\/www.delsofa.es\/informacion\/"},{"@type":"ListItem","position":2,"name":"C\u00f3mo pintar salones peque\u00f1os para que parezcan m\u00e1s grandes"}]},{"@type":"Person","@id":"https:\/\/www.delsofa.es\/informacion\/#\/schema\/person\/e8b966e5778ff0f60831b82e0d35a297","name":"Carmen Santo","image":{"@type":"ImageObject","@id":"https:\/\/www.delsofa.es\/informacion\/#personlogo","inLanguage":"es","url":"https:\/\/secure.gravatar.com\/avatar\/ed494de04c6901a10da67638da1c8e60?s=96&d=mm&r=g","contentUrl":"https:\/\/secure.gravatar.com\/avatar\/ed494de04c6901a10da67638da1c8e60?s=96&d=mm&r=g","caption":"Carmen Santo"},"description":"Consultora de Branding Personal. Social Media Manager y gesti\u00f3n de la Reputaci\u00f3n Online. Publicista y Periodista de formaci\u00f3n, profesional de la comunicaci\u00f3n por vocaci\u00f3n. Me apasiona la decoraci\u00f3n y he encontrado en este blog una oportunidad para mostrar mi visi\u00f3n particular y aprender con grandes profesionales del sector. M\u00e1s sobre mi trabajo en carmensanto.es","sameAs":["http:\/\/carmensanto.es\/","https:\/\/www.facebook.com\/carmensanto.karimesan","http:\/\/www.linkedin.com\/in\/carmensanto","https:\/\/twitter.com\/https:\/\/twitter.com\/karimesan"],"url":"https:\/\/www.delsofa.es\/informacion\/author\/carmen\/"}]}},"amp_enabled":true,"_links":{"self":[{"href":"https:\/\/www.delsofa.es\/informacion\/wp-json\/wp\/v2\/posts\/2291"}],"collection":[{"href":"https:\/\/www.delsofa.es\/informacion\/wp-json\/wp\/v2\/posts"}],"about":[{"href":"https:\/\/www.delsofa.es\/informacion\/wp-json\/wp\/v2\/types\/post"}],"author":[{"embeddable":true,"href":"https:\/\/www.delsofa.es\/informacion\/wp-json\/wp\/v2\/users\/10"}],"replies":[{"embeddable":true,"href":"https:\/\/www.delsofa.es\/informacion\/wp-json\/wp\/v2\/comments?post=2291"}],"version-history":[{"count":12,"href":"https:\/\/www.delsofa.es\/informacion\/wp-json\/wp\/v2\/posts\/2291\/revisions"}],"predecessor-version":[{"id":2559,"href":"https:\/\/www.delsofa.es\/informacion\/wp-json\/wp\/v2\/posts\/2291\/revisions\/2559"}],"wp:attachment":[{"href":"https:\/\/www.delsofa.es\/informacion\/wp-json\/wp\/v2\/media?parent=2291"}],"wp:term":[{"taxonomy":"category","embeddable":true,"href":"https:\/\/www.delsofa.es\/informacion\/wp-json\/wp\/v2\/categories?post=2291"},{"taxonomy":"post_tag","embeddable":true,"href":"https:\/\/www.delsofa.es\/informacion\/wp-json\/wp\/v2\/tags?post=2291"}],"curies":[{"name":"wp","href":"https:\/\/api.w.org\/{rel}","templated":true}]}}