{"id":2349,"date":"2014-02-13T08:02:57","date_gmt":"2014-02-13T08:02:57","guid":{"rendered":"https:\/\/www.delsofa.es\/informacion\/?p=2349"},"modified":"2015-05-12T07:39:41","modified_gmt":"2015-05-12T07:39:41","slug":"como-decorar-el-salon-para-el-dia-de-san-valentin","status":"publish","type":"post","link":"https:\/\/www.delsofa.es\/informacion\/como-decorar-el-salon-para-el-dia-de-san-valentin\/","title":{"rendered":"Feliz D\u00eda de San Valent\u00edn! Ideas que lo har\u00e1n inolvidable"},"content":{"rendered":"<p align=\"justify\">\u00bfNecesitas alg\u00fan consejo de<strong> decorac\u00edon para el d\u00eda de San Valent\u00edn<\/strong>?. Es una fecha se\u00f1alada para pasar un tiempo especial al lado de nuestra pareja. Intercambiar regalos no es suficiente. Unos se ir\u00e1n de viaje de fin de semana, otros habr\u00e1n elegido un rinconcito en un restaurante preferido y muchos, muchos otros, habr\u00e1n decidido hacer planes en casa para disfrutar de una cena rom\u00e1ntica a la luz de las velas.<\/p>\n<p align=\"justify\">Para los que hay\u00e1is decidido <strong>cenar en casa para el d\u00eda de los Enamorados<\/strong>, es importante crear un ambiente bello y sugestivo. Como el tiempo se echa encima y no es posible hacer demasiados cambios con todos los preparativos, bastar\u00e1 con que adornemos nuestro sal\u00f3n con algunos detalles decorativos sencillos y un poco de imaginaci\u00f3n para que esta noche se convierta en algo m\u00e1gica.<\/p>\n<p align=\"justify\">No hay una \u00fanica opci\u00f3n y siempre habr\u00e1 detalles sorprendentes que s\u00f3lo pueden nacer de tu imaginaci\u00f3n. Lo importante, al fin y al cabo, es que vosotros os encontr\u00e9is a gusto. Nosotros te sugerimos algunos <strong>toques decorativos para San Valent\u00edn<\/strong> con los que puedes decorar tu sal\u00f3n-comedor para una cena rom\u00e1ntica de San Valent\u00edn con tu pareja.<\/p>\n<p style=\"text-align: justify;\"><span style=\"font-size: 120%; color: #993366;\">Creando el ambiente de San Valent\u00edn<\/span><\/p>\n<p align=\"justify\">Todos los salones con un toque femenino tienen algo de romanticismo, pero en <strong>la cena del D\u00eda de los Enamorados<\/strong> hay que ir un poco m\u00e1s all\u00e1. El rojo, el blanco y el rosa ser\u00e1n los colores m\u00e1s recurrentes, pero tampoco conviene sobrecargar la mesa de la cena, ni crear una escenario con un exceso de adornos que configuren un escenario demasiado cursi.<\/p>\n<p align=\"justify\">Como vemos en esta foto de <a title=\"Decoraci\u00f3n para cena San Valent\u00edn\" href=\"http:\/\/www.vintagedecoracion.com.mx\" target=\"_blank\">Decoraci\u00f3n Vintage<\/a>, hay una gran variedad de f\u00f3rmulas, desde decoraciones m\u00e1s minimalistas a otras donde simplemente se han introducido peque\u00f1os complementos o <strong>adornos t\u00edpicos de San Valent\u00edn<\/strong>, creando ese ambiente siempre deseable para la ocasi\u00f3n.<\/p>\n<p style=\"text-align: center;\" align=\"justify\"><img decoding=\"async\" loading=\"lazy\" class=\"aligncenter  wp-image-2360\" title=\"Mesa San Valent\u00edn vintage\" alt=\"\" src=\"https:\/\/www.delsofa.es\/informacion\/wp-content\/uploads\/2014\/02\/decoraci\u00f3n-vintage-San-Valent\u00edn.png\" width=\"584\" height=\"321\" srcset=\"https:\/\/www.delsofa.es\/informacion\/wp-content\/uploads\/2014\/02\/decoraci\u00f3n-vintage-San-Valent\u00edn.png 584w, https:\/\/www.delsofa.es\/informacion\/wp-content\/uploads\/2014\/02\/decoraci\u00f3n-vintage-San-Valent\u00edn-300x164.png 300w, https:\/\/www.delsofa.es\/informacion\/wp-content\/uploads\/2014\/02\/decoraci\u00f3n-vintage-San-Valent\u00edn-500x274.png 500w\" sizes=\"(max-width: 584px) 100vw, 584px\" \/><\/p>\n<p align=\"justify\">Cada tipo de sal\u00f3n es diferente y quedar\u00e1n bien darle un estilo u otro. A veces, solamente cambiando peque\u00f1os complementos, conseguimos darle el aspecto que deseamos a nuestro sal\u00f3n. Algunos de los aspectos que debes controlar:<\/p>\n<ul>\n<li>\n<p align=\"justify\"><strong>La iluminaci\u00f3n:<\/strong> para crear una atm\u00f3sfera rom\u00e1ntica, conviene que haya una luz tenue, en penumbra, a ser posible jugando con un color rosado o anaranjado. La mejor forma de jugar con esto es utilizando l\u00e1mparas que creen este efecto y despu\u00e9s utilizar cortinas transparentes, que no acaparen mucho la luz, para que se pueda contemplar el balc\u00f3n o el jard\u00edn iluminado desde dentro.<\/p>\n<\/li>\n<li>\n<p align=\"justify\"><strong>El perfume o ambientador:<\/strong> otro de los aspectos fundamentales para crear un ambiente de San Valent\u00edn ser\u00e1 el olor que se respire. Aunque la chica seguramente habr\u00e1 elegido su mejor perfume y quiz\u00e1s no haga falta nada m\u00e1s, se puede refrescar la sala con olor a lavanda o rosas. Se puede crear este efecto colocando flores naturales olorosas o velas en alguna parte del sal\u00f3n.<\/p>\n<\/li>\n<li>\n<p align=\"justify\"><strong>El espacio:<\/strong> el sal\u00f3n-comedor ser\u00e1 la pieza m\u00e1s importante de la casa. Conviene por tanto crear un espacio c\u00e1lido y recogido, donde la zona de descanso y relax quede separada de la cocina y el resto de la casa, en el caso de que tengas una cocina contigua instalada. Un biombo o separador de ambientes te puede ayudar si tu sal\u00f3n es demasiado grande.<\/p>\n<\/li>\n<li>\n<p align=\"justify\"><strong>La m\u00fasica:<\/strong> cualquier ambiente cobra una apariencia especial desde el momento en el que le a\u00f1ades m\u00fasica. Debe ser una melod\u00eda suave, que se oiga s\u00f3lo de fondo, para que pod\u00e1is estar concentrados en vosotros y no pensar en otra cosa. Es importante que la m\u00fasica os guste a los dos y no sea demasiado seria.<\/p>\n<\/li>\n<\/ul>\n<p align=\"justify\">Una vez que tengas claro el aspecto global que deseas que tenga tu sal\u00f3n, ya podemos fijarnos en otros <strong>peque\u00f1os detalles decorativos<\/strong> que le dar\u00e1n a la sala un aire independiente e inspirador, propio de tan deliciosos momentos. Veamos c\u00f3mo se puede adornar la mesa en el sal\u00f3n comedor para el D\u00eda de los Enamorados.<\/p>\n<p style=\"text-align: justify;\"><span style=\"font-size: 120%; color: #993366;\">La mesa de la cena<\/span><\/p>\n<p align=\"justify\">La mesa de la cena es otro de los espacios importantes donde se debe notar que ha llegado el D\u00eda del amor. Hay que crear una decoraci\u00f3n seductora, festiva, pasional, ya que ser\u00e1 uno de los <strong>instantes m\u00e1s rom\u00e1nticos de la noche<\/strong>. Sea una mesa redonda o cuadrada, os sentar\u00e9is el uno frente al otro, tanto en el caso de que cen\u00e9is vosotros dos, como si hab\u00e9is invitado a otra pareja para la cena.<\/p>\n<p align=\"justify\">La combinaci\u00f3n del color rojo y el blanco es lo m\u00e1s cl\u00e1sico. Puedes jugar con muy diversas combinaciones, desde un <strong>mantel de tela blanco con un centro de mesa rojo<\/strong> y alg\u00fan tapete hasta una tela completamente roja con p\u00e9talos rosas y blancos de adorno, as\u00ed como platos y servilletas blancas. Echa mano tambi\u00e9n de tu mejor cuberter\u00eda y vajilla, procurando que todo quede sim\u00e9trico para darle un aspecto sublime. En <a title=\"Decoraci\u00f3n para San Valent\u00edn\" href=\"http:\/\/arteydecoracion.net\/decoracion-de-san-valentin-mesas.html\" target=\"_blank\">Arte y decoraci\u00f3n<\/a> nos ense\u00f1an una forma de que la mesa tenga un aspecto rom\u00e1ntico sin abusar del color rojo y de las flores.<\/p>\n<p style=\"text-align: center;\" align=\"justify\"><img decoding=\"async\" loading=\"lazy\" class=\"aligncenter size-full wp-image-2354\" title=\"Cena del D\u00eda de los Enamorados\" alt=\"\" src=\"https:\/\/www.delsofa.es\/informacion\/wp-content\/uploads\/2014\/02\/mesa-de-San-Valent\u00edn.jpg\" width=\"450\" height=\"342\" srcset=\"https:\/\/www.delsofa.es\/informacion\/wp-content\/uploads\/2014\/02\/mesa-de-San-Valent\u00edn.jpg 450w, https:\/\/www.delsofa.es\/informacion\/wp-content\/uploads\/2014\/02\/mesa-de-San-Valent\u00edn-300x228.jpg 300w, https:\/\/www.delsofa.es\/informacion\/wp-content\/uploads\/2014\/02\/mesa-de-San-Valent\u00edn-394x300.jpg 394w\" sizes=\"(max-width: 450px) 100vw, 450px\" \/><\/p>\n<p align=\"justify\">En cualquier caso, en la mesa deberemos elegir cuidadosamente <strong>las flores y adornos<\/strong> que vayamos a colocar. No debemos excedernos para no sobrecargar la mesa; si colocamos un centro de flores (generalmente rosas rojas o claveles), no debe ser demasiado alto como para quitarle espacio y protagonismo a tu pareja. Convendr\u00e1 a\u00f1adir tambi\u00e9n al menos <strong>un par de velas<\/strong> en el conjunto, que encender\u00e1s en el momento de empezar la cena, as\u00ed como alguna tarjeta con un coraz\u00f3n para cada uno.<\/p>\n<p align=\"justify\">En esta mesa de <a title=\"Mesa para D\u00eda de los Enamorados\" href=\"http:\/\/www.decoracionde-interiores.com\/decorar-la-mesa-en-san-valentin\/\" target=\"_blank\">Decoraci\u00f3n de interiores<\/a> vemos tambi\u00e9n un dise\u00f1o muy original con fondo blanco y un <strong>peque\u00f1o arreglo de flores<\/strong> en cada plato, en un estilo muy detallista y moderno.<\/p>\n<p align=\"justify\"><img decoding=\"async\" loading=\"lazy\" class=\"aligncenter size-full wp-image-2355\" title=\"Mesa decorada para San Valent\u00edn\" alt=\"Mesa adornada para el d\u00eda del amor\" src=\"https:\/\/www.delsofa.es\/informacion\/wp-content\/uploads\/2014\/02\/Cena-de-San-Valent\u00edn-para-2.jpg\" width=\"500\" height=\"400\" srcset=\"https:\/\/www.delsofa.es\/informacion\/wp-content\/uploads\/2014\/02\/Cena-de-San-Valent\u00edn-para-2.jpg 500w, https:\/\/www.delsofa.es\/informacion\/wp-content\/uploads\/2014\/02\/Cena-de-San-Valent\u00edn-para-2-300x240.jpg 300w, https:\/\/www.delsofa.es\/informacion\/wp-content\/uploads\/2014\/02\/Cena-de-San-Valent\u00edn-para-2-375x300.jpg 375w\" sizes=\"(max-width: 500px) 100vw, 500px\" \/><\/p>\n<p align=\"justify\">M\u00e1s all\u00e1 de la mesa, lo ideal es que la imagen de conjunto de vuestro sal\u00f3n sea <strong>lo m\u00e1s bonita y agradable posible<\/strong> para ese rato agradable que vais a compartir. Por tanto, deberemos incluir algunos adornos en el resto de la sala para que resulte m\u00e1s vistosa.<\/p>\n<p style=\"text-align: justify;\"><span style=\"font-size: 120%; color: #993366;\">Los adornos de San Valent\u00edn<\/span><\/p>\n<p align=\"justify\">Otro de los complementos que suelen emplearse para adornar un sal\u00f3n para el 14 de febrero son los <strong>t\u00edpicos adornos de San Valent\u00edn<\/strong>. Algunos ser\u00e1n simplemente manualidades que hayas elaborado t\u00fa mismo, y otros regalos y elementos que hayas elegido para embellecer las \u00e1reas m\u00e1s \u00abpobres\u00bb que veas en tu sal\u00f3n.<\/p>\n<p align=\"justify\">A la hora de distribuir los adornos, piensa siempre cu\u00e1les son los \u00e1ngulos del sal\u00f3n en los que no parece que sea San Valent\u00edn. Por ejemplo, las <strong>grandes estanter\u00edas con libros<\/strong> pueden dar un aspecto demasiado serio al conjunto. Sin embargo, colocando algunos adornos como un florero con rosas, guirnaldas o alg\u00fan tipo de colgantes de manualidades, como estos que puedes ver en <a title=\"Adornos para D\u00eda de los Enamorados\" href=\"http:\/\/blog.hola.com\/elrincondesonia\/2012\/02\/ideas-deco-para-san-valentin.html\" target=\"_blank\">El Rinc\u00f3n de Sonia<\/a>:<\/p>\n<p align=\"justify\"><img decoding=\"async\" loading=\"lazy\" class=\"aligncenter size-full wp-image-2356\" title=\"Adornos originales para San Valent\u00edn\" alt=\"Decoraci\u00f3n para San Valent\u00edn\" src=\"https:\/\/www.delsofa.es\/informacion\/wp-content\/uploads\/2014\/02\/adornos-San-Valent\u00edn.png\" width=\"584\" height=\"438\" srcset=\"https:\/\/www.delsofa.es\/informacion\/wp-content\/uploads\/2014\/02\/adornos-San-Valent\u00edn.png 584w, https:\/\/www.delsofa.es\/informacion\/wp-content\/uploads\/2014\/02\/adornos-San-Valent\u00edn-300x225.png 300w, https:\/\/www.delsofa.es\/informacion\/wp-content\/uploads\/2014\/02\/adornos-San-Valent\u00edn-400x300.png 400w\" sizes=\"(max-width: 584px) 100vw, 584px\" \/><\/p>\n<p align=\"justify\">Por lo dem\u00e1s, <strong>detalles sentimentales<\/strong> que hayas tenido siempre pueden terminar de completar los adornos de San Valent\u00edn. Un retrato del d\u00eda en que os conocisteis, del viaje m\u00e1s divertido que hab\u00e9is vivido juntos, una foto de vuestra boda&#8230; todo aquello que tenga un valor sentimental para vosotros le dar\u00e1 un aire muy individual a vuestra decoraci\u00f3n.<\/p>\n<p align=\"justify\">\u00bfY ver una peli despu\u00e9s de cenar, juntos, como os gusta o gustaba hacer?. Otro de los elementos clave en el sal\u00f3n, donde quiz\u00e1s querr\u00e9is <strong>ver una pel\u00edcula rom\u00e1ntica<\/strong> despu\u00e9s de la cena, son los sof\u00e1s. Adornar esta pieza ser\u00e1 esencial para que os sint\u00e1is c\u00f3modos y relajados durante las siguientes horas.<\/p>\n<p style=\"text-align: justify;\"><span style=\"font-size: 120%; color: #993366;\">Los sof\u00e1s de San Valent\u00edn<\/span><\/p>\n<p align=\"justify\">Despu\u00e9s de la cena, el sof\u00e1 ser\u00e1 el espacio m\u00e1s cercano para relajarse y descansar con tu pareja. El toque decorativo m\u00e1s cl\u00e1sico consistir\u00e1 en cambiar los cojines que utilices habitualmente por varios <strong>cojines rojos en forma de coraz\u00f3n<\/strong>, o bien cojines en color blanco con alg\u00fan motivo de San Valent\u00edn. Se pueden preparar algunos dise\u00f1os de diverso tipo: uno que incluya el nombre de la chica o el chico, un coraz\u00f3n rojo sobre fondo blanco o cualquier otra ocurrencia que haga referencia al amor. O simplemente \u00a0colocar una mantita o plaid que avisar\u00e1 de que \u00abhoy hay peli\u00bb juntos y calentitos.<\/p>\n<p align=\"justify\">En la <a title=\"cojines de San Valent\u00edn\" href=\"http:\/\/www.guiademanualidades.com\/cojines-rapidos-para-el-dia-de-los-enamorados-8370.htm\" target=\"_blank\">Gu\u00eda de Manualidades<\/a> nos ense\u00f1an una forma de transformar cojines corrientes en<strong> cojines rom\u00e1nticos<\/strong>, creando dise\u00f1os originales con referencias al D\u00eda del amor.<\/p>\n<p align=\"justify\"><img decoding=\"async\" loading=\"lazy\" class=\"aligncenter size-full wp-image-2357\" title=\"coj\u00edn para San Valent\u00edn\" alt=\"Coj\u00edn Love para el sof\u00e1\" src=\"https:\/\/www.delsofa.es\/informacion\/wp-content\/uploads\/2014\/02\/Cojines-D\u00eda-de-los-Enamorados.jpg\" width=\"500\" height=\"500\" srcset=\"https:\/\/www.delsofa.es\/informacion\/wp-content\/uploads\/2014\/02\/Cojines-D\u00eda-de-los-Enamorados.jpg 500w, https:\/\/www.delsofa.es\/informacion\/wp-content\/uploads\/2014\/02\/Cojines-D\u00eda-de-los-Enamorados-150x150.jpg 150w, https:\/\/www.delsofa.es\/informacion\/wp-content\/uploads\/2014\/02\/Cojines-D\u00eda-de-los-Enamorados-300x300.jpg 300w\" sizes=\"(max-width: 500px) 100vw, 500px\" \/><\/p>\n<p align=\"justify\">En cuanto al tipo de sof\u00e1, no es necesario que cambiemos toda la tapicer\u00eda para un fin de semana. Si el color de nuestro sof\u00e1 no combina bien con los cojines que queremos poner, bastar\u00e1 que pongamos una <strong>tela o funda de sof\u00e1<\/strong> en el color que mejor efecto produzca: tonos pasteles, morados, plateados, rojos o incluso rosa pueden quedar bien, seg\u00fan cu\u00e1l sea la composici\u00f3n de colores de tu sal\u00f3n. En el blog de <a title=\"Fundas rojas de sof\u00e1\" href=\"http:\/\/www.blog.fundasparasofa.com\/decorar-en-san-valentin-con-fundas-para-sofa-baratas\/\" target=\"_blank\">Fundas para sof\u00e1<\/a> esta bella combinaci\u00f3n de sof\u00e1 blanco con funda roja de San Valent\u00edn.<\/p>\n<p align=\"justify\"><img decoding=\"async\" loading=\"lazy\" class=\"aligncenter size-full wp-image-2358\" title=\"funda roja para sof\u00e1s\" alt=\"Funda de sof\u00e1 San Valent\u00edn\" src=\"https:\/\/www.delsofa.es\/informacion\/wp-content\/uploads\/2014\/02\/fundas-sof\u00e1-San-Valent\u00edn.png\" width=\"584\" height=\"356\" srcset=\"https:\/\/www.delsofa.es\/informacion\/wp-content\/uploads\/2014\/02\/fundas-sof\u00e1-San-Valent\u00edn.png 584w, https:\/\/www.delsofa.es\/informacion\/wp-content\/uploads\/2014\/02\/fundas-sof\u00e1-San-Valent\u00edn-300x182.png 300w, https:\/\/www.delsofa.es\/informacion\/wp-content\/uploads\/2014\/02\/fundas-sof\u00e1-San-Valent\u00edn-492x300.png 492w\" sizes=\"(max-width: 584px) 100vw, 584px\" \/><\/p>\n<p align=\"justify\">En definitiva, s\u00f3lo te puedo decir que <strong>decorar un sal\u00f3n para el 14 de febrero<\/strong> es una tarea muy personal y donde va a influir mucho vuestra historia y vuestros gustos. Aunque vayas por el lado m\u00e1s cl\u00e1sico y tradicional de San Valent\u00edn, nunca renuncies a introducir elementos innovadores, que te puedan resultar ingeniosos y te hagan sentir a gusto, que es de lo que al fin y al cabo se trata.<\/p>\n<p align=\"justify\">Aprovecho para terminar este art\u00edculo dese\u00e1ndoos a todos <strong>que pas\u00e9is un feliz San Valent\u00edn<\/strong> y pod\u00e1is pasar una velada inolvidable con vuestra pareja. Si has preparado ya la decoraci\u00f3n de tu sala de estar para el D\u00eda de los Enamorados, \u00a1nos gustar\u00eda conocerla! Env\u00edanos una foto de tu sal\u00f3n al <a href=\"https:\/\/es-es.facebook.com\/delsofaES\" target=\"_blank\">Facebook de Delsofa.es<\/a> y comparte con nosotros tus ideas para un sal\u00f3n de San Valent\u00edn.<\/p>\n","protected":false},"excerpt":{"rendered":"<p>\u00bfNecesitas alg\u00fan consejo de decorac\u00edon para el d\u00eda de San Valent\u00edn?. Es una fecha se\u00f1alada para pasar un tiempo especial al lado de nuestra pareja. Intercambiar regalos no es suficiente. Unos se ir\u00e1n de viaje de fin de semana, otros &hellip; <a href=\"https:\/\/www.delsofa.es\/informacion\/como-decorar-el-salon-para-el-dia-de-san-valentin\/\">Sigue leyendo <span class=\"meta-nav\">&rarr;<\/span><\/a><\/p>\n","protected":false},"author":8,"featured_media":0,"comment_status":"open","ping_status":"open","sticky":false,"template":"","format":"standard","meta":[],"categories":[4],"tags":[63,721,722,719,723,720,17,42],"yoast_head":"<!-- This site is optimized with the Yoast SEO plugin v18.6 - https:\/\/yoast.com\/wordpress\/plugins\/seo\/ -->\n<title>Feliz d\u00eda de San Valent\u00edn! Ideas que lo har\u00e1n inolvidable<\/title>\n<meta name=\"description\" content=\"Como hacer de nuestro sal\u00f3n, mesa y sof\u00e1s, un ambiente agradable para celebrar la noche de San Valent\u00edn. Estas son algunas ideas que queremos compartir.\" \/>\n<meta name=\"robots\" content=\"index, follow, max-snippet:-1, max-image-preview:large, max-video-preview:-1\" \/>\n<link rel=\"canonical\" href=\"https:\/\/www.delsofa.es\/informacion\/como-decorar-el-salon-para-el-dia-de-san-valentin\/\" \/>\n<meta name=\"twitter:card\" content=\"summary_large_image\" \/>\n<meta name=\"twitter:title\" content=\"Feliz d\u00eda de San Valent\u00edn! Ideas que lo har\u00e1n inolvidable\" \/>\n<meta name=\"twitter:description\" content=\"Como hacer de nuestro sal\u00f3n, mesa y sof\u00e1s, un ambiente agradable para celebrar la noche de San Valent\u00edn. Estas son algunas ideas que queremos compartir.\" \/>\n<meta name=\"twitter:creator\" content=\"@delsofaES\" \/>\n<meta name=\"twitter:site\" content=\"@delsofaES\" \/>\n<meta name=\"twitter:label1\" content=\"Escrito por\" \/>\n\t<meta name=\"twitter:data1\" content=\"Samuel Juli\u00e1\" \/>\n\t<meta name=\"twitter:label2\" content=\"Tiempo de lectura\" \/>\n\t<meta name=\"twitter:data2\" content=\"9 minutos\" \/>\n<script type=\"application\/ld+json\" class=\"yoast-schema-graph\">{\"@context\":\"https:\/\/schema.org\",\"@graph\":[{\"@type\":\"WebSite\",\"@id\":\"https:\/\/www.delsofa.es\/informacion\/#website\",\"url\":\"https:\/\/www.delsofa.es\/informacion\/\",\"name\":\"\",\"description\":\"\",\"potentialAction\":[{\"@type\":\"SearchAction\",\"target\":{\"@type\":\"EntryPoint\",\"urlTemplate\":\"https:\/\/www.delsofa.es\/informacion\/?s={search_term_string}\"},\"query-input\":\"required name=search_term_string\"}],\"inLanguage\":\"es\"},{\"@type\":\"WebPage\",\"@id\":\"https:\/\/www.delsofa.es\/informacion\/como-decorar-el-salon-para-el-dia-de-san-valentin\/#webpage\",\"url\":\"https:\/\/www.delsofa.es\/informacion\/como-decorar-el-salon-para-el-dia-de-san-valentin\/\",\"name\":\"Feliz d\u00eda de San Valent\u00edn! Ideas que lo har\u00e1n inolvidable\",\"isPartOf\":{\"@id\":\"https:\/\/www.delsofa.es\/informacion\/#website\"},\"datePublished\":\"2014-02-13T08:02:57+00:00\",\"dateModified\":\"2015-05-12T07:39:41+00:00\",\"author\":{\"@id\":\"https:\/\/www.delsofa.es\/informacion\/#\/schema\/person\/43745e6d3a8ff735b6110da6a43d32e9\"},\"description\":\"Como hacer de nuestro sal\u00f3n, mesa y sof\u00e1s, un ambiente agradable para celebrar la noche de San Valent\u00edn. Estas son algunas ideas que queremos compartir.\",\"breadcrumb\":{\"@id\":\"https:\/\/www.delsofa.es\/informacion\/como-decorar-el-salon-para-el-dia-de-san-valentin\/#breadcrumb\"},\"inLanguage\":\"es\",\"potentialAction\":[{\"@type\":\"ReadAction\",\"target\":[\"https:\/\/www.delsofa.es\/informacion\/como-decorar-el-salon-para-el-dia-de-san-valentin\/\"]}]},{\"@type\":\"BreadcrumbList\",\"@id\":\"https:\/\/www.delsofa.es\/informacion\/como-decorar-el-salon-para-el-dia-de-san-valentin\/#breadcrumb\",\"itemListElement\":[{\"@type\":\"ListItem\",\"position\":1,\"name\":\"Portada\",\"item\":\"https:\/\/www.delsofa.es\/informacion\/\"},{\"@type\":\"ListItem\",\"position\":2,\"name\":\"Feliz D\u00eda de San Valent\u00edn! Ideas que lo har\u00e1n inolvidable\"}]},{\"@type\":\"Person\",\"@id\":\"https:\/\/www.delsofa.es\/informacion\/#\/schema\/person\/43745e6d3a8ff735b6110da6a43d32e9\",\"name\":\"Samuel Juli\u00e1\",\"image\":{\"@type\":\"ImageObject\",\"@id\":\"https:\/\/www.delsofa.es\/informacion\/#personlogo\",\"inLanguage\":\"es\",\"url\":\"https:\/\/secure.gravatar.com\/avatar\/63cc242575946deb5c9e2bacf79706b7?s=96&d=mm&r=g\",\"contentUrl\":\"https:\/\/secure.gravatar.com\/avatar\/63cc242575946deb5c9e2bacf79706b7?s=96&d=mm&r=g\",\"caption\":\"Samuel Juli\u00e1\"},\"description\":\"Periodista y community manager (Alicante, 1988). Entusiasmado con el mundo de la comunicaci\u00f3n online y las nuevas formas de expresi\u00f3n. Me encanta todo lo relacionado con la belleza, la est\u00e9tica y el arte. Escribo en El Blog del Sof\u00e1 desde noviembre de 2013.\",\"sameAs\":[\"http:\/\/www.miredactor.com\"],\"url\":\"https:\/\/www.delsofa.es\/informacion\/author\/samuel\/\"}]}<\/script>\n<!-- \/ Yoast SEO plugin. -->","yoast_head_json":{"title":"Feliz d\u00eda de San Valent\u00edn! Ideas que lo har\u00e1n inolvidable","description":"Como hacer de nuestro sal\u00f3n, mesa y sof\u00e1s, un ambiente agradable para celebrar la noche de San Valent\u00edn. Estas son algunas ideas que queremos compartir.","robots":{"index":"index","follow":"follow","max-snippet":"max-snippet:-1","max-image-preview":"max-image-preview:large","max-video-preview":"max-video-preview:-1"},"canonical":"https:\/\/www.delsofa.es\/informacion\/como-decorar-el-salon-para-el-dia-de-san-valentin\/","twitter_card":"summary_large_image","twitter_title":"Feliz d\u00eda de San Valent\u00edn! Ideas que lo har\u00e1n inolvidable","twitter_description":"Como hacer de nuestro sal\u00f3n, mesa y sof\u00e1s, un ambiente agradable para celebrar la noche de San Valent\u00edn. Estas son algunas ideas que queremos compartir.","twitter_creator":"@delsofaES","twitter_site":"@delsofaES","twitter_misc":{"Escrito por":"Samuel Juli\u00e1","Tiempo de lectura":"9 minutos"},"schema":{"@context":"https:\/\/schema.org","@graph":[{"@type":"WebSite","@id":"https:\/\/www.delsofa.es\/informacion\/#website","url":"https:\/\/www.delsofa.es\/informacion\/","name":"","description":"","potentialAction":[{"@type":"SearchAction","target":{"@type":"EntryPoint","urlTemplate":"https:\/\/www.delsofa.es\/informacion\/?s={search_term_string}"},"query-input":"required name=search_term_string"}],"inLanguage":"es"},{"@type":"WebPage","@id":"https:\/\/www.delsofa.es\/informacion\/como-decorar-el-salon-para-el-dia-de-san-valentin\/#webpage","url":"https:\/\/www.delsofa.es\/informacion\/como-decorar-el-salon-para-el-dia-de-san-valentin\/","name":"Feliz d\u00eda de San Valent\u00edn! Ideas que lo har\u00e1n inolvidable","isPartOf":{"@id":"https:\/\/www.delsofa.es\/informacion\/#website"},"datePublished":"2014-02-13T08:02:57+00:00","dateModified":"2015-05-12T07:39:41+00:00","author":{"@id":"https:\/\/www.delsofa.es\/informacion\/#\/schema\/person\/43745e6d3a8ff735b6110da6a43d32e9"},"description":"Como hacer de nuestro sal\u00f3n, mesa y sof\u00e1s, un ambiente agradable para celebrar la noche de San Valent\u00edn. Estas son algunas ideas que queremos compartir.","breadcrumb":{"@id":"https:\/\/www.delsofa.es\/informacion\/como-decorar-el-salon-para-el-dia-de-san-valentin\/#breadcrumb"},"inLanguage":"es","potentialAction":[{"@type":"ReadAction","target":["https:\/\/www.delsofa.es\/informacion\/como-decorar-el-salon-para-el-dia-de-san-valentin\/"]}]},{"@type":"BreadcrumbList","@id":"https:\/\/www.delsofa.es\/informacion\/como-decorar-el-salon-para-el-dia-de-san-valentin\/#breadcrumb","itemListElement":[{"@type":"ListItem","position":1,"name":"Portada","item":"https:\/\/www.delsofa.es\/informacion\/"},{"@type":"ListItem","position":2,"name":"Feliz D\u00eda de San Valent\u00edn! Ideas que lo har\u00e1n inolvidable"}]},{"@type":"Person","@id":"https:\/\/www.delsofa.es\/informacion\/#\/schema\/person\/43745e6d3a8ff735b6110da6a43d32e9","name":"Samuel Juli\u00e1","image":{"@type":"ImageObject","@id":"https:\/\/www.delsofa.es\/informacion\/#personlogo","inLanguage":"es","url":"https:\/\/secure.gravatar.com\/avatar\/63cc242575946deb5c9e2bacf79706b7?s=96&d=mm&r=g","contentUrl":"https:\/\/secure.gravatar.com\/avatar\/63cc242575946deb5c9e2bacf79706b7?s=96&d=mm&r=g","caption":"Samuel Juli\u00e1"},"description":"Periodista y community manager (Alicante, 1988). Entusiasmado con el mundo de la comunicaci\u00f3n online y las nuevas formas de expresi\u00f3n. Me encanta todo lo relacionado con la belleza, la est\u00e9tica y el arte. Escribo en El Blog del Sof\u00e1 desde noviembre de 2013.","sameAs":["http:\/\/www.miredactor.com"],"url":"https:\/\/www.delsofa.es\/informacion\/author\/samuel\/"}]}},"amp_enabled":true,"_links":{"self":[{"href":"https:\/\/www.delsofa.es\/informacion\/wp-json\/wp\/v2\/posts\/2349"}],"collection":[{"href":"https:\/\/www.delsofa.es\/informacion\/wp-json\/wp\/v2\/posts"}],"about":[{"href":"https:\/\/www.delsofa.es\/informacion\/wp-json\/wp\/v2\/types\/post"}],"author":[{"embeddable":true,"href":"https:\/\/www.delsofa.es\/informacion\/wp-json\/wp\/v2\/users\/8"}],"replies":[{"embeddable":true,"href":"https:\/\/www.delsofa.es\/informacion\/wp-json\/wp\/v2\/comments?post=2349"}],"version-history":[{"count":9,"href":"https:\/\/www.delsofa.es\/informacion\/wp-json\/wp\/v2\/posts\/2349\/revisions"}],"predecessor-version":[{"id":2389,"href":"https:\/\/www.delsofa.es\/informacion\/wp-json\/wp\/v2\/posts\/2349\/revisions\/2389"}],"wp:attachment":[{"href":"https:\/\/www.delsofa.es\/informacion\/wp-json\/wp\/v2\/media?parent=2349"}],"wp:term":[{"taxonomy":"category","embeddable":true,"href":"https:\/\/www.delsofa.es\/informacion\/wp-json\/wp\/v2\/categories?post=2349"},{"taxonomy":"post_tag","embeddable":true,"href":"https:\/\/www.delsofa.es\/informacion\/wp-json\/wp\/v2\/tags?post=2349"}],"curies":[{"name":"wp","href":"https:\/\/api.w.org\/{rel}","templated":true}]}}