{"id":2362,"date":"2014-02-15T10:43:52","date_gmt":"2014-02-15T10:43:52","guid":{"rendered":"https:\/\/www.delsofa.es\/informacion\/?p=2362"},"modified":"2015-05-12T07:22:16","modified_gmt":"2015-05-12T07:22:16","slug":"feria-del-mueble-de-zaragoza-2014-el-amanecer-del-sector","status":"publish","type":"post","link":"https:\/\/www.delsofa.es\/informacion\/feria-del-mueble-de-zaragoza-2014-el-amanecer-del-sector\/","title":{"rendered":"Feria del Mueble de Zaragoza 2014: el amanecer del sector"},"content":{"rendered":"<p style=\"text-align: justify;\">La <a href=\"http:\/\/www.feriazaragoza.es\/\" target=\"_blank\">Feria del Mueble de Zaragoza<\/a> ha reunido a una gran cantidad de expositores y p\u00fablico, convirti\u00e9ndose en la cita por excelencia para el sector en Espa\u00f1a. En <a href=\"https:\/\/www.delsofa.es?utm_source=smm&amp;utm_medium=linkb&amp;utm_campaign=blog\" target=\"_blank\">Delsofa.es<\/a> aprovechamos nuestra visita para reunirnos con amigos y proveedores y pulsar su opini\u00f3n sobre la situaci\u00f3n actual. <strong>El optimismo fue la t\u00f3nica general<\/strong>. El mueble vuelve a ver el amanecer tras a\u00f1os de intensa lucha por sobrevivir.<\/p>\n<p style=\"text-align: justify;\">La IV edici\u00f3n de la Feria del Mueble de Zaragoza celebrada el pasado mes de enero dio muestras de que <strong>el sector vive una lenta pero segura recuperaci\u00f3n<\/strong>. Sus cifras de visitantes: m\u00e1s de 36.000, de expositores: casi medio millar y superficie expositora: 90.000 metros cuadrados repartidos en nueve pabellones, demuestran que <strong>el certamen se consolida como un referente en el sector del mueble nacional<\/strong>, que mira con grandes metas a nivel exterior.<\/p>\n<p style=\"text-align: justify;\"><img decoding=\"async\" loading=\"lazy\" class=\"aligncenter size-full wp-image-2366\" alt=\"Logo851\" src=\"https:\/\/www.delsofa.es\/informacion\/wp-content\/uploads\/2014\/02\/Logo851.jpg\" width=\"280\" height=\"354\" srcset=\"https:\/\/www.delsofa.es\/informacion\/wp-content\/uploads\/2014\/02\/Logo851.jpg 280w, https:\/\/www.delsofa.es\/informacion\/wp-content\/uploads\/2014\/02\/Logo851-237x300.jpg 237w\" sizes=\"(max-width: 280px) 100vw, 280px\" \/><\/p>\n<p style=\"text-align: justify;\"><strong>La internacionalizaci\u00f3n fue una de las claves y apuestas de la feria<\/strong>. Y parece que trajo buenos resultados. Desde la organizaci\u00f3n aseguran que \u201clos visitantes internacionales -que aumentaron su presencia m\u00e1s de un 24%, respecto a la cita de 2012- han valorado muy positivamente su presencia\u201d. 35 pa\u00edses estuvieron presentes en esta edici\u00f3n con especial relevancia de nuestros vecinos europeos, Rusia y Arabia Saud\u00ed, mercados estos dos \u00faltimos con gran potencial y fuerza econ\u00f3mica.<\/p>\n<p style=\"text-align: justify;\"><span style=\"font-size: 120%; color: #993366;\">Opiniones de fabricantes de tapicer\u00eda<\/span><\/p>\n<p style=\"text-align: justify;\">El optimismo y <strong>un trabajo bien hecho es la sensaci\u00f3n que predomina en fabricantes<\/strong>, p\u00fablico, distribuidores. A continuaci\u00f3n os dejamos algunas de las opiniones que hemos recogido de una parte del sector de la tapicer\u00eda y muebles para sal\u00f3n, comedor\u2026<\/p>\n<ul style=\"text-align: justify;\">\n<li><a style=\"font-style: normal;\" href=\"http:\/\/www.altinox.es\/\" target=\"_blank\">Altinox<\/a><\/li>\n<\/ul>\n<p style=\"text-align: justify;\">Esta firma murciana es de las veteranas en la Feria de Zaragoza, donde asegura se obtienen buenos resultados. Sergio Cordero, dise\u00f1ador de mobiliario e iluminaci\u00f3n de Altinox, nos cuenta que durante estos d\u00edas de certamen <strong>han recibido pedidos, hecho clientes nuevos y conseguido relaci\u00f3n con el extranjero<\/strong>. \u201cAunque estamos a la espera de ver la evoluci\u00f3n de todos esos contactos\u201d.<\/p>\n<p style=\"text-align: justify;\">Sergio coincide con la mayor\u00eda de los asistentes profesionales en el <strong>buen ambiente en la feria<\/strong>, \u201cha asistido mucha gente y destacar muchas ganas por parte de los expositores como de los clientes\u201d. Adem\u00e1s, hace hincapi\u00e9 en la <strong>apuesta de dise\u00f1o Made in Spain<\/strong>, en el que se incluye su marca, y conf\u00eda en que ese producto de dise\u00f1o de autor espa\u00f1ol se perciba como algo especial y \u00fanico.<\/p>\n<p style=\"text-align: justify;\">Altinox acudi\u00f3 a la feria con una veintena de modelos nuevos, algunos de los cuales pod\u00e9is ver en la imagen siguiente, junto con otras <strong>piezas de mobiliario de la firma Reyes Ordo\u00f1ez<\/strong>. Pod\u00e9is ver m\u00e1s im\u00e1genes de la nueva colecci\u00f3n y de la presencia en la Feria en el <a href=\"https:\/\/www.facebook.com\/pages\/Altinox-Minimal-Design\/133212493474659?fref=ts\" target=\"_blank\">Facebook de Altinox<\/a>.<\/p>\n<p style=\"text-align: center;\"><img decoding=\"async\" loading=\"lazy\" class=\" wp-image-2376 aligncenter\" title=\"Presencia de ALtinox en la Feria del Mueble de Zaragoza\" alt=\"altinox-twitter\" src=\"https:\/\/www.delsofa.es\/informacion\/wp-content\/uploads\/2014\/02\/altinox-twitter.jpg\" width=\"584\" height=\"631\" srcset=\"https:\/\/www.delsofa.es\/informacion\/wp-content\/uploads\/2014\/02\/altinox-twitter.jpg 584w, https:\/\/www.delsofa.es\/informacion\/wp-content\/uploads\/2014\/02\/altinox-twitter-277x300.jpg 277w\" sizes=\"(max-width: 584px) 100vw, 584px\" \/><\/p>\n<ul>\n<li><a style=\"font-style: normal;\" href=\"http:\/\/www.bagonmuebles.com\/\" target=\"_blank\">Bagon Muebles<\/a><\/li>\n<\/ul>\n<p style=\"text-align: justify;\">La firma murciana Bagon Muebles tambi\u00e9n es de las veteranas, su primera participaci\u00f3n fue en la segunda edici\u00f3n. En esta cuarta <strong>present\u00f3 sus novedades entre las que destacan sus composiciones de salones<\/strong> como veis en la imagen siguiente. Sus representantes se muestran prudentes con el resultado de acudir al evento, por una parte reconocen que es rentable y se hacen contactos, pero \u00abel tiempo dir\u00e1 si se transforman en clientes o se quedan en meros contactos\u00bb.<\/p>\n<p style=\"text-align: center;\"><img decoding=\"async\" loading=\"lazy\" class=\"wp-image-2368 aligncenter\" title=\"Stand de Bag\u00f3n Muebles en la Feria del Mueble de Zaragoza 2014\" alt=\"bagon-sofa-post\" src=\"https:\/\/www.delsofa.es\/informacion\/wp-content\/uploads\/2014\/02\/bagon-sofa-post.jpg\" width=\"584\" height=\"453\" srcset=\"https:\/\/www.delsofa.es\/informacion\/wp-content\/uploads\/2014\/02\/bagon-sofa-post.jpg 584w, https:\/\/www.delsofa.es\/informacion\/wp-content\/uploads\/2014\/02\/bagon-sofa-post-300x232.jpg 300w, https:\/\/www.delsofa.es\/informacion\/wp-content\/uploads\/2014\/02\/bagon-sofa-post-386x300.jpg 386w\" sizes=\"(max-width: 584px) 100vw, 584px\" \/><\/p>\n<ul>\n<li><a style=\"font-style: normal;\" href=\"http:\/\/www.baixmoduls.com\/es\/\" target=\"_blank\">Baix Moduls\u00a0<\/a><\/li>\n<\/ul>\n<p style=\"text-align: justify;\">Esta firma con sede en Castellbisbal (Barcelona) y con presencia en toda Espa\u00f1a y varios pa\u00edses Europeos\u00a0es una de las fijas en FMZ, \u201c\u00e9sta es la cuarta vez que venimos y la experiencia ha sido positiva, repetiremos dentro de dos a\u00f1os ya que <strong>es una manera de ense\u00f1ar nuestros productos de forma efectiva<\/strong>. El cliente lo puede tocar, lo puede sentir y es una sensaci\u00f3n que se ofrece diferente a la de una fotograf\u00eda\u201d, nos cuentan.<\/p>\n<p style=\"text-align: justify;\">En esta ocasi\u00f3n la marca se centr\u00f3 en <strong>dar a conocer nueva colecci\u00f3n Esencia<\/strong>, una colecci\u00f3n de muebles, entre otras cosas hechos a medida, con diferentes acabados, una tendencia que \u201chan copiado\u201d otras empresas del sector. Os recomendamos que ech\u00e9is un vistazo a su <a href=\"http:\/\/www.baixmoduls.com\/blog\/\" target=\"_blank\">blog<\/a>, en \u00e9l ten\u00e9is im\u00e1genes incre\u00edbles de la nueva colecci\u00f3n.<\/p>\n<p style=\"text-align: justify;\">En este v\u00eddeo se pueden ver algunas de sus piezas m\u00e1s destacadas.<\/p>\n<p><iframe loading=\"lazy\" src=\"\/\/player.vimeo.com\/video\/85567816\" height=\"281\" width=\"500\" allowfullscreen=\"\" frameborder=\"0\"><\/iframe><\/p>\n<p><a href=\"http:\/\/vimeo.com\/85567816\">BaixModuls presenta sus salones, dormitorios y armarios en la Feria del Mueble de Zaragoza<\/a> from <a href=\"http:\/\/vimeo.com\/baixmoduls\">Baixmoduls<\/a> on <a href=\"https:\/\/vimeo.com\">Vimeo<\/a>.<\/p>\n<ul>\n<li><a style=\"font-style: normal;\" href=\"http:\/\/www.equide.es\/\" target=\"_blank\">Equide\u00a0<\/a><\/li>\n<\/ul>\n<p style=\"text-align: justify;\">Esta firma navarra se estren\u00f3 este a\u00f1o en la Feria, nos cuentan que <strong>su objetivo era darse a conocer<\/strong> ya que \u201cnuestra red de negocio es peque\u00f1a y quer\u00edamos hacer contactos tanto nacionales como internacionales\u201d. Unos contactos que a nivel comercial son siempre rentables, aunque luego algunos de ellos no se acaben convirtiendo en ventas.<\/p>\n<p style=\"text-align: center;\"><img decoding=\"async\" loading=\"lazy\" class=\"wp-image-2369 aligncenter\" title=\"Mobiliario de sal\u00f3n de Equide Muebles en FMZ\" alt=\"equide-muebles\" src=\"https:\/\/www.delsofa.es\/informacion\/wp-content\/uploads\/2014\/02\/equide-muebles.jpg\" width=\"584\" height=\"900\" srcset=\"https:\/\/www.delsofa.es\/informacion\/wp-content\/uploads\/2014\/02\/equide-muebles.jpg 584w, https:\/\/www.delsofa.es\/informacion\/wp-content\/uploads\/2014\/02\/equide-muebles-194x300.jpg 194w\" sizes=\"(max-width: 584px) 100vw, 584px\" \/><\/p>\n<ul>\n<li><a style=\"font-style: normal;\" href=\"http:\/\/www.mueblesmelibel.com\/\" target=\"_blank\">Melibel\u00a0<\/a><\/li>\n<\/ul>\n<p style=\"text-align: justify;\">El mueble local estuvo representado en FMZ entre otros por Muebles Melibel que acudi\u00f3 con su <strong>nueva colecci\u00f3n de comedores<\/strong> como vemos en la imagen, una colecci\u00f3n que \u201cgust\u00f3 mucho\u201d. De su participaci\u00f3n destacan que ha sido muy rentable y se marchan con una sensaci\u00f3n muy positiva, como se puede leer en su perfil de <a href=\"https:\/\/twitter.com\/MelibelMuebles\" target=\"_blank\">twitter @MelibelMuebles<\/a>.<\/p>\n<p style=\"text-align: justify;\">Destacan el gran n\u00famero de visitantes y el <strong>gran esfuerzo por parte de todas las empresas<\/strong> \u201cpor una mayor y mejor presentaci\u00f3n de los stands\u201d.<\/p>\n<p style=\"text-align: center;\"><img decoding=\"async\" loading=\"lazy\" class=\" wp-image-2370 aligncenter\" title=\"stand de Muebles Melibel en la Feria del Mueble de Zaragoza\" alt=\"melibel-salon\" src=\"https:\/\/www.delsofa.es\/informacion\/wp-content\/uploads\/2014\/02\/melibel-salon.jpg\" width=\"584\" height=\"328\" srcset=\"https:\/\/www.delsofa.es\/informacion\/wp-content\/uploads\/2014\/02\/melibel-salon.jpg 584w, https:\/\/www.delsofa.es\/informacion\/wp-content\/uploads\/2014\/02\/melibel-salon-300x168.jpg 300w, https:\/\/www.delsofa.es\/informacion\/wp-content\/uploads\/2014\/02\/melibel-salon-500x280.jpg 500w\" sizes=\"(max-width: 584px) 100vw, 584px\" \/><\/p>\n<ul>\n<li><a style=\"font-style: normal;\" href=\"http:\/\/www.mohermobiliario.com\/\" target=\"_blank\">Moher Mobiliario<\/a><\/li>\n<\/ul>\n<p style=\"text-align: justify;\">La firma Moher Mobiliario, <strong>especializada en la fabricaci\u00f3n de sillones de relax de estilo contempor\u00e1neo<\/strong>, de elevada funcionalidad y una excelente relaci\u00f3n calidad-precio, se decidi\u00f3 a acudir a Zaragoza tras su paso por la feria de Valencia. Su objetivo era <strong>entrar en contacto con los clientes<\/strong>, \u201cya que tenemos mucho trato v\u00eda tel\u00e9fono, pero no un contacto personal y eso lo quer\u00edamos promover\u201d, adem\u00e1s les ha servido para hacer nuevos, lo que es rentable comercialmente hablando.<\/p>\n<p style=\"text-align: center;\"><img decoding=\"async\" loading=\"lazy\" class=\" wp-image-2371 aligncenter\" title=\"Sillones relax de Moher\" alt=\"moher\" src=\"https:\/\/www.delsofa.es\/informacion\/wp-content\/uploads\/2014\/02\/moher.jpg\" width=\"584\" height=\"539\" srcset=\"https:\/\/www.delsofa.es\/informacion\/wp-content\/uploads\/2014\/02\/moher.jpg 584w, https:\/\/www.delsofa.es\/informacion\/wp-content\/uploads\/2014\/02\/moher-300x276.jpg 300w, https:\/\/www.delsofa.es\/informacion\/wp-content\/uploads\/2014\/02\/moher-325x300.jpg 325w\" sizes=\"(max-width: 584px) 100vw, 584px\" \/><\/p>\n<ul>\n<li><a style=\"font-style: normal;\" href=\"http:\/\/www.myoc.es\/empresa.php\" target=\"_blank\">MYOC\u00a0<\/a><\/li>\n<\/ul>\n<p style=\"text-align: justify;\">El <strong>especialista en mueble r\u00fastico<\/strong> Myoc sigue asistiendo a la feria a\u00f1o tras a\u00f1o como una forma de estar presente en el mercado y presentar su estilo de mobiliario tan \u201cpeculiar\u00bb, como ellos mismos lo definen. En su opini\u00f3n no se vi\u00f3 nada nuevo en la feria, aunque destaca la mayor afluencia de p\u00fablico y <strong>\u201cel lento despertar\u201d del sector<\/strong>, \u201cla gente quiere empezar a moverse, pero les cuesta\u201d, nos dice.<\/p>\n<p>Pod\u00e9is ver m\u00e1s fotos de sus muebles en su <a href=\"https:\/\/www.facebook.com\/MYOCrustico\" target=\"_blank\">Facebook<\/a>.<\/p>\n<p style=\"text-align: center;\"><img decoding=\"async\" loading=\"lazy\" class=\"size-full wp-image-2372 aligncenter\" title=\"Mobiliario r\u00fastico de Myoc\" alt=\"myoc-muebles\" src=\"https:\/\/www.delsofa.es\/informacion\/wp-content\/uploads\/2014\/02\/myoc-muebles.jpg\" width=\"519\" height=\"712\" srcset=\"https:\/\/www.delsofa.es\/informacion\/wp-content\/uploads\/2014\/02\/myoc-muebles.jpg 519w, https:\/\/www.delsofa.es\/informacion\/wp-content\/uploads\/2014\/02\/myoc-muebles-218x300.jpg 218w\" sizes=\"(max-width: 519px) 100vw, 519px\" \/><\/p>\n<ul>\n<li><a style=\"font-style: normal;\" href=\"http:\/\/www.tendenciasmarin.com\/home\/\" target=\"_blank\">Tendencias Mar\u00edn<\/a><\/li>\n<\/ul>\n<p style=\"text-align: justify;\">La murciana Tendencias Mar\u00edn acudi\u00f3 a la capital aragonesa con un <strong>stand de 75m2 con seis composiciones<\/strong>. Su objetivo, se\u00f1ala Juan Mar\u00edn, fue promocionar el producto y ser m\u00e1s conocidos en el mercado. Destaca las ganas del sector por remontar el vuelo y el n\u00famero de productos nuevos en tapicer\u00eda y colchoner\u00eda.<\/p>\n<p style=\"text-align: justify;\"><a href=\"https:\/\/www.delsofa.es\/informacion\/wp-content\/uploads\/2014\/02\/tendencias-marin-feria-zaragoza.jpg\"><img decoding=\"async\" loading=\"lazy\" class=\"aligncenter size-full wp-image-2407\" alt=\"tendencias marin feria zaragoza\" src=\"https:\/\/www.delsofa.es\/informacion\/wp-content\/uploads\/2014\/02\/tendencias-marin-feria-zaragoza.jpg\" width=\"667\" height=\"495\" srcset=\"https:\/\/www.delsofa.es\/informacion\/wp-content\/uploads\/2014\/02\/tendencias-marin-feria-zaragoza.jpg 667w, https:\/\/www.delsofa.es\/informacion\/wp-content\/uploads\/2014\/02\/tendencias-marin-feria-zaragoza-300x222.jpg 300w, https:\/\/www.delsofa.es\/informacion\/wp-content\/uploads\/2014\/02\/tendencias-marin-feria-zaragoza-404x300.jpg 404w\" sizes=\"(max-width: 667px) 100vw, 667px\" \/><\/a><\/p>\n<p style=\"text-align: center;\"><img decoding=\"async\" loading=\"lazy\" class=\" wp-image-2373 aligncenter\" title=\"Composiciones de sal\u00f3n de Tendencias Mar\u00edn\" alt=\"tendencias-marin\" src=\"https:\/\/www.delsofa.es\/informacion\/wp-content\/uploads\/2014\/02\/tendencias-marin.jpg\" width=\"584\" height=\"641\" srcset=\"https:\/\/www.delsofa.es\/informacion\/wp-content\/uploads\/2014\/02\/tendencias-marin.jpg 584w, https:\/\/www.delsofa.es\/informacion\/wp-content\/uploads\/2014\/02\/tendencias-marin-273x300.jpg 273w\" sizes=\"(max-width: 584px) 100vw, 584px\" \/><\/p>\n<p style=\"text-align: justify;\"><span style=\"font-size: 120%; color: #993366;\">Nuestra opini\u00f3n<\/span><\/p>\n<p style=\"text-align: justify;\">Mar\u00eda Jos\u00e9 Sell\u00e9s, responsable de producto de Delsof\u00e1.es, ha querido resaltar la <strong>gran y variada oferta de estilos en tapicer\u00eda<\/strong>, donde los sistemas relax han cobrado un gran protagonismo. Los fabricantes apuestan cada vez m\u00e1s por el confort y la funcionalidad.<\/p>\n<p style=\"text-align: justify;\">\u201cSof\u00e1s, chaise longue y sillones con mecanismos relax el\u00e9ctricos, rinconeras multifunci\u00f3n, modulares para poderlo adaptar al espacio del que dispongamos, incorporaci\u00f3n de viscoel\u00e1stica en los asientos para ofrecer un mayor confort, etc\u2026\u201d, son algunos de los elementos que los fabricantes trajeron a la feria.<\/p>\n<p style=\"text-align: justify;\">Menci\u00f3n especial tiene la <strong>nueva colecci\u00f3n de sof\u00e1s-cama de <a href=\"http:\/\/www.marckeric.es\/\" target=\"_blank\">Marckeric<\/a><\/strong>. \u201cMe result\u00f3 muy interesante ya que a\u00fanan la funcionalidad tan imprescindible, con la comodidad que tanto se echa de menos en determinados tipos de sof\u00e1s-cama\u201d.<\/p>\n<p style=\"text-align: justify;\">Tambi\u00e9n destaca los <strong>distintos sistemas de apertura incorporados a los sof\u00e1s cama<\/strong> que le mostraron en el stand de <a href=\"http:\/\/www.francesbanon.com\/\" target=\"_blank\">Franc\u00e9s Ba\u00f1\u00f3n<\/a>, uno de los tapiceros expertos en sof\u00e1s cama.<\/p>\n<p style=\"text-align: justify;\">Nuestra responsable de producto lo tiene claro, para Mar\u00eda Jos\u00e9 la IV Feria del Mueble de Zaragoza fue <strong>\u201cLa feria del Confort\u201d<\/strong>, en lo que a modelos de sof\u00e1s se refiere.<\/p>\n<p style=\"text-align: justify;\">Por \u00faltimo, terminamos el cap\u00edtulo de opiniones con la de <strong>Ventura Mart\u00ednez, CEO de Delsof\u00e1.es<\/strong>, que destaca como a\u00f1o a a\u00f1o -hemos acudido desde la primera edici\u00f3n en 2008- el certamen se ha ido consolidando y ganando expositores, visitantes y participantes. \u201cHemos visto crecer a la Feria del Mueble de Zaragoza a la vez que el sector empezaba a despertar de su herida profunda debida a la crisis\u201d.<\/p>\n<p style=\"text-align: center;\"><img decoding=\"async\" loading=\"lazy\" class=\" wp-image-2374 aligncenter\" title=\"Modelos de tapicer\u00eda en Feria del Mueble de Zaragoza\" alt=\"divano-sofa-post\" src=\"https:\/\/www.delsofa.es\/informacion\/wp-content\/uploads\/2014\/02\/divano-sofa-post.jpg\" width=\"584\" height=\"740\" srcset=\"https:\/\/www.delsofa.es\/informacion\/wp-content\/uploads\/2014\/02\/divano-sofa-post.jpg 584w, https:\/\/www.delsofa.es\/informacion\/wp-content\/uploads\/2014\/02\/divano-sofa-post-236x300.jpg 236w\" sizes=\"(max-width: 584px) 100vw, 584px\" \/><\/p>\n<p style=\"text-align: justify;\">En la feria <strong>hemos visitado a algunos de nuestros fabricantes y amigos<\/strong>: <a href=\"http:\/\/www.xn--muozconfort-2db.es\/\" target=\"_blank\">Mu\u00f1oz Confort<\/a>, <a href=\"http:\/\/www.tc.webprofesionales.es\/\" target=\"_blank\">Tapizados Carrasco<\/a>, <a href=\"http:\/\/www.tapizadospam.com\/\" target=\"_blank\">Tapizados Pam<\/a>, <a href=\"http:\/\/www.tapizadosformas.com\/web12\/index.php\/es\/\" target=\"_blank\">Tapizados Formas<\/a>, Chitra, <a href=\"http:\/\/www.afosxsofa.com\/\" target=\"_blank\">Afos x Sof\u00e1<\/a> o <a href=\"http:\/\/www.divanodreams.com\/\" target=\"_blank\">Divano Dreams<\/a>. Todos ellos con una oferta de alt\u00edsimo nivel en dise\u00f1o y calidades y en precios muy ajustados: \u00abellos saben que el cliente necesita la calidad de siempre al mejor precio, y negocian con nosotros las tarifas de la forma m\u00e1s comprometida posible\u00bb.<\/p>\n<p style=\"text-align: justify;\">El m\u00e1ximo responsable de Delsof\u00e1.es remarca que trae la maleta llena de muchas ideas, de nuevos materiales, dise\u00f1os y nuevos fabricantes \u201cque esperamos daros a conocer pronto\u201d. Pero sobre todo y lo m\u00e1s importante, <strong>la maleta est\u00e1 repleta de \u201cla ilusi\u00f3n de ver un sector que amanece nuevamente\u00bb<\/strong>.<\/p>\n<p style=\"text-align: justify;\">Para terminar os dejamos un v\u00eddeo que han preparado en Feria de Zaragoza con los <strong>datos y la evoluci\u00f3n de la Feria del Mueble de Zaragoza<\/strong> desde su primera edici\u00f3n en 2008.<\/p>\n<p><iframe loading=\"lazy\" src=\"\/\/www.youtube.com\/embed\/Vf6EAyaK5Tw\" height=\"315\" width=\"560\" allowfullscreen=\"\" frameborder=\"0\"><\/iframe><\/p>\n<p style=\"text-align: justify;\">Como veis <strong>los resultados y su andadura nos animan a seguir luchando<\/strong> y apostando entre todos los actores del sector por que el mueble espa\u00f1ol tenga la posici\u00f3n que se merece a nivel nacional e internacional.<\/p>\n<p style=\"text-align: justify;\">Desde Delsof\u00e1.es aportamos nuestro peque\u00f1o granito de arena, luchando d\u00eda a d\u00eda e informando a trav\u00e9s de nuestras redes sociales: <a href=\"https:\/\/www.facebook.com\/delsofaES\" target=\"_blank\">Facebook de Delsofa.es<\/a> y <a href=\"https:\/\/twitter.com\/delsofaes\" target=\"_blank\">Twitter @delsofaES<\/a> y este blog de los \u00faltimos avances, noticias y modelos del sector del mueble.<\/p>\n<p style=\"text-align: justify;\">Gracias a tod@s por vuestras opiniones y vuestra colaboraci\u00f3n. Nos encantar\u00eda contar con m\u00e1s fuentes del sector, <strong>aprovechad el campo de comentarios para dejar vuestra opini\u00f3n<\/strong> sobre la IV Edici\u00f3n de la Feria del Mueble de Zaragoza.<\/p>\n","protected":false},"excerpt":{"rendered":"<p>La Feria del Mueble de Zaragoza ha reunido a una gran cantidad de expositores y p\u00fablico, convirti\u00e9ndose en la cita por excelencia para el sector en Espa\u00f1a. En Delsofa.es aprovechamos nuestra visita para reunirnos con amigos y proveedores y pulsar &hellip; <a href=\"https:\/\/www.delsofa.es\/informacion\/feria-del-mueble-de-zaragoza-2014-el-amanecer-del-sector\/\">Sigue leyendo <span class=\"meta-nav\">&rarr;<\/span><\/a><\/p>\n","protected":false},"author":3,"featured_media":0,"comment_status":"open","ping_status":"open","sticky":false,"template":"","format":"standard","meta":[],"categories":[1012],"tags":[711,700,717,710,705,716,695,714,713,718,704,715,701,712,706,703,696,699,697,698,707,709,708,702],"yoast_head":"<!-- This site is optimized with the Yoast SEO plugin v18.6 - https:\/\/yoast.com\/wordpress\/plugins\/seo\/ -->\n<title>Feria del Mueble de Zaragoza 2014: el amanecer del sector<\/title>\n<meta name=\"description\" content=\"El optimismo fue la t\u00f3nica general en la IV edici\u00f3n de la Feria del Mueble de Zaragoza. El sector vuelve a ver el amanecer tras a\u00f1os de intensa lucha.\" \/>\n<meta name=\"robots\" content=\"index, follow, max-snippet:-1, max-image-preview:large, max-video-preview:-1\" \/>\n<link rel=\"canonical\" href=\"https:\/\/www.delsofa.es\/informacion\/feria-del-mueble-de-zaragoza-2014-el-amanecer-del-sector\/\" \/>\n<meta name=\"twitter:card\" content=\"summary_large_image\" \/>\n<meta name=\"twitter:title\" content=\"Feria del Mueble de Zaragoza 2014: el amanecer del sector\" \/>\n<meta name=\"twitter:description\" content=\"El optimismo fue la t\u00f3nica general en la IV edici\u00f3n de la Feria del Mueble de Zaragoza. El sector vuelve a ver el amanecer tras a\u00f1os de intensa lucha.\" \/>\n<meta name=\"twitter:image\" content=\"https:\/\/www.delsofa.es\/informacion\/wp-content\/uploads\/2014\/02\/Logo851.jpg\" \/>\n<meta name=\"twitter:creator\" content=\"@http:\/\/www.twitter.com\/inmolber\" \/>\n<meta name=\"twitter:site\" content=\"@delsofaES\" \/>\n<meta name=\"twitter:label1\" content=\"Escrito por\" \/>\n\t<meta name=\"twitter:data1\" content=\"Inma Molt\u00f3\" \/>\n\t<meta name=\"twitter:label2\" content=\"Tiempo de lectura\" \/>\n\t<meta name=\"twitter:data2\" content=\"8 minutos\" \/>\n<script type=\"application\/ld+json\" class=\"yoast-schema-graph\">{\"@context\":\"https:\/\/schema.org\",\"@graph\":[{\"@type\":\"WebSite\",\"@id\":\"https:\/\/www.delsofa.es\/informacion\/#website\",\"url\":\"https:\/\/www.delsofa.es\/informacion\/\",\"name\":\"\",\"description\":\"\",\"potentialAction\":[{\"@type\":\"SearchAction\",\"target\":{\"@type\":\"EntryPoint\",\"urlTemplate\":\"https:\/\/www.delsofa.es\/informacion\/?s={search_term_string}\"},\"query-input\":\"required name=search_term_string\"}],\"inLanguage\":\"es\"},{\"@type\":\"ImageObject\",\"@id\":\"https:\/\/www.delsofa.es\/informacion\/feria-del-mueble-de-zaragoza-2014-el-amanecer-del-sector\/#primaryimage\",\"inLanguage\":\"es\",\"url\":\"https:\/\/www.delsofa.es\/informacion\/wp-content\/uploads\/2014\/02\/Logo851.jpg\",\"contentUrl\":\"https:\/\/www.delsofa.es\/informacion\/wp-content\/uploads\/2014\/02\/Logo851.jpg\",\"width\":280,\"height\":354},{\"@type\":\"WebPage\",\"@id\":\"https:\/\/www.delsofa.es\/informacion\/feria-del-mueble-de-zaragoza-2014-el-amanecer-del-sector\/#webpage\",\"url\":\"https:\/\/www.delsofa.es\/informacion\/feria-del-mueble-de-zaragoza-2014-el-amanecer-del-sector\/\",\"name\":\"Feria del Mueble de Zaragoza 2014: el amanecer del sector\",\"isPartOf\":{\"@id\":\"https:\/\/www.delsofa.es\/informacion\/#website\"},\"primaryImageOfPage\":{\"@id\":\"https:\/\/www.delsofa.es\/informacion\/feria-del-mueble-de-zaragoza-2014-el-amanecer-del-sector\/#primaryimage\"},\"datePublished\":\"2014-02-15T10:43:52+00:00\",\"dateModified\":\"2015-05-12T07:22:16+00:00\",\"author\":{\"@id\":\"https:\/\/www.delsofa.es\/informacion\/#\/schema\/person\/904d00808e282031a3b11f51524d259c\"},\"description\":\"El optimismo fue la t\u00f3nica general en la IV edici\u00f3n de la Feria del Mueble de Zaragoza. El sector vuelve a ver el amanecer tras a\u00f1os de intensa lucha.\",\"breadcrumb\":{\"@id\":\"https:\/\/www.delsofa.es\/informacion\/feria-del-mueble-de-zaragoza-2014-el-amanecer-del-sector\/#breadcrumb\"},\"inLanguage\":\"es\",\"potentialAction\":[{\"@type\":\"ReadAction\",\"target\":[\"https:\/\/www.delsofa.es\/informacion\/feria-del-mueble-de-zaragoza-2014-el-amanecer-del-sector\/\"]}]},{\"@type\":\"BreadcrumbList\",\"@id\":\"https:\/\/www.delsofa.es\/informacion\/feria-del-mueble-de-zaragoza-2014-el-amanecer-del-sector\/#breadcrumb\",\"itemListElement\":[{\"@type\":\"ListItem\",\"position\":1,\"name\":\"Portada\",\"item\":\"https:\/\/www.delsofa.es\/informacion\/\"},{\"@type\":\"ListItem\",\"position\":2,\"name\":\"Feria del Mueble de Zaragoza 2014: el amanecer del sector\"}]},{\"@type\":\"Person\",\"@id\":\"https:\/\/www.delsofa.es\/informacion\/#\/schema\/person\/904d00808e282031a3b11f51524d259c\",\"name\":\"Inma Molt\u00f3\",\"image\":{\"@type\":\"ImageObject\",\"@id\":\"https:\/\/www.delsofa.es\/informacion\/#personlogo\",\"inLanguage\":\"es\",\"url\":\"https:\/\/secure.gravatar.com\/avatar\/6411caf208a31a6dd0c4c353341facb7?s=96&d=mm&r=g\",\"contentUrl\":\"https:\/\/secure.gravatar.com\/avatar\/6411caf208a31a6dd0c4c353341facb7?s=96&d=mm&r=g\",\"caption\":\"Inma Molt\u00f3\"},\"description\":\"Soy periodista, community manager y formadora en redes sociales. Desde enero de 2013 escribo en el Blog Delsofa y actualmente tambi\u00e9n me encargo de su supervisi\u00f3n. Me encanta todo lo relacionado con la decoraci\u00f3n y el dise\u00f1o. Si quer\u00e9is saber m\u00e1s os dejo mi web: www.periodistasocialmedia.com\",\"sameAs\":[\"http:\/\/www.periodistasocialmedia.com\",\"https:\/\/twitter.com\/http:\/\/www.twitter.com\/inmolber\"],\"url\":\"https:\/\/www.delsofa.es\/informacion\/author\/inma\/\"}]}<\/script>\n<!-- \/ Yoast SEO plugin. -->","yoast_head_json":{"title":"Feria del Mueble de Zaragoza 2014: el amanecer del sector","description":"El optimismo fue la t\u00f3nica general en la IV edici\u00f3n de la Feria del Mueble de Zaragoza. El sector vuelve a ver el amanecer tras a\u00f1os de intensa lucha.","robots":{"index":"index","follow":"follow","max-snippet":"max-snippet:-1","max-image-preview":"max-image-preview:large","max-video-preview":"max-video-preview:-1"},"canonical":"https:\/\/www.delsofa.es\/informacion\/feria-del-mueble-de-zaragoza-2014-el-amanecer-del-sector\/","twitter_card":"summary_large_image","twitter_title":"Feria del Mueble de Zaragoza 2014: el amanecer del sector","twitter_description":"El optimismo fue la t\u00f3nica general en la IV edici\u00f3n de la Feria del Mueble de Zaragoza. El sector vuelve a ver el amanecer tras a\u00f1os de intensa lucha.","twitter_image":"https:\/\/www.delsofa.es\/informacion\/wp-content\/uploads\/2014\/02\/Logo851.jpg","twitter_creator":"@http:\/\/www.twitter.com\/inmolber","twitter_site":"@delsofaES","twitter_misc":{"Escrito por":"Inma Molt\u00f3","Tiempo de lectura":"8 minutos"},"schema":{"@context":"https:\/\/schema.org","@graph":[{"@type":"WebSite","@id":"https:\/\/www.delsofa.es\/informacion\/#website","url":"https:\/\/www.delsofa.es\/informacion\/","name":"","description":"","potentialAction":[{"@type":"SearchAction","target":{"@type":"EntryPoint","urlTemplate":"https:\/\/www.delsofa.es\/informacion\/?s={search_term_string}"},"query-input":"required name=search_term_string"}],"inLanguage":"es"},{"@type":"ImageObject","@id":"https:\/\/www.delsofa.es\/informacion\/feria-del-mueble-de-zaragoza-2014-el-amanecer-del-sector\/#primaryimage","inLanguage":"es","url":"https:\/\/www.delsofa.es\/informacion\/wp-content\/uploads\/2014\/02\/Logo851.jpg","contentUrl":"https:\/\/www.delsofa.es\/informacion\/wp-content\/uploads\/2014\/02\/Logo851.jpg","width":280,"height":354},{"@type":"WebPage","@id":"https:\/\/www.delsofa.es\/informacion\/feria-del-mueble-de-zaragoza-2014-el-amanecer-del-sector\/#webpage","url":"https:\/\/www.delsofa.es\/informacion\/feria-del-mueble-de-zaragoza-2014-el-amanecer-del-sector\/","name":"Feria del Mueble de Zaragoza 2014: el amanecer del sector","isPartOf":{"@id":"https:\/\/www.delsofa.es\/informacion\/#website"},"primaryImageOfPage":{"@id":"https:\/\/www.delsofa.es\/informacion\/feria-del-mueble-de-zaragoza-2014-el-amanecer-del-sector\/#primaryimage"},"datePublished":"2014-02-15T10:43:52+00:00","dateModified":"2015-05-12T07:22:16+00:00","author":{"@id":"https:\/\/www.delsofa.es\/informacion\/#\/schema\/person\/904d00808e282031a3b11f51524d259c"},"description":"El optimismo fue la t\u00f3nica general en la IV edici\u00f3n de la Feria del Mueble de Zaragoza. El sector vuelve a ver el amanecer tras a\u00f1os de intensa lucha.","breadcrumb":{"@id":"https:\/\/www.delsofa.es\/informacion\/feria-del-mueble-de-zaragoza-2014-el-amanecer-del-sector\/#breadcrumb"},"inLanguage":"es","potentialAction":[{"@type":"ReadAction","target":["https:\/\/www.delsofa.es\/informacion\/feria-del-mueble-de-zaragoza-2014-el-amanecer-del-sector\/"]}]},{"@type":"BreadcrumbList","@id":"https:\/\/www.delsofa.es\/informacion\/feria-del-mueble-de-zaragoza-2014-el-amanecer-del-sector\/#breadcrumb","itemListElement":[{"@type":"ListItem","position":1,"name":"Portada","item":"https:\/\/www.delsofa.es\/informacion\/"},{"@type":"ListItem","position":2,"name":"Feria del Mueble de Zaragoza 2014: el amanecer del sector"}]},{"@type":"Person","@id":"https:\/\/www.delsofa.es\/informacion\/#\/schema\/person\/904d00808e282031a3b11f51524d259c","name":"Inma Molt\u00f3","image":{"@type":"ImageObject","@id":"https:\/\/www.delsofa.es\/informacion\/#personlogo","inLanguage":"es","url":"https:\/\/secure.gravatar.com\/avatar\/6411caf208a31a6dd0c4c353341facb7?s=96&d=mm&r=g","contentUrl":"https:\/\/secure.gravatar.com\/avatar\/6411caf208a31a6dd0c4c353341facb7?s=96&d=mm&r=g","caption":"Inma Molt\u00f3"},"description":"Soy periodista, community manager y formadora en redes sociales. Desde enero de 2013 escribo en el Blog Delsofa y actualmente tambi\u00e9n me encargo de su supervisi\u00f3n. Me encanta todo lo relacionado con la decoraci\u00f3n y el dise\u00f1o. Si quer\u00e9is saber m\u00e1s os dejo mi web: www.periodistasocialmedia.com","sameAs":["http:\/\/www.periodistasocialmedia.com","https:\/\/twitter.com\/http:\/\/www.twitter.com\/inmolber"],"url":"https:\/\/www.delsofa.es\/informacion\/author\/inma\/"}]}},"amp_enabled":true,"_links":{"self":[{"href":"https:\/\/www.delsofa.es\/informacion\/wp-json\/wp\/v2\/posts\/2362"}],"collection":[{"href":"https:\/\/www.delsofa.es\/informacion\/wp-json\/wp\/v2\/posts"}],"about":[{"href":"https:\/\/www.delsofa.es\/informacion\/wp-json\/wp\/v2\/types\/post"}],"author":[{"embeddable":true,"href":"https:\/\/www.delsofa.es\/informacion\/wp-json\/wp\/v2\/users\/3"}],"replies":[{"embeddable":true,"href":"https:\/\/www.delsofa.es\/informacion\/wp-json\/wp\/v2\/comments?post=2362"}],"version-history":[{"count":11,"href":"https:\/\/www.delsofa.es\/informacion\/wp-json\/wp\/v2\/posts\/2362\/revisions"}],"predecessor-version":[{"id":2408,"href":"https:\/\/www.delsofa.es\/informacion\/wp-json\/wp\/v2\/posts\/2362\/revisions\/2408"}],"wp:attachment":[{"href":"https:\/\/www.delsofa.es\/informacion\/wp-json\/wp\/v2\/media?parent=2362"}],"wp:term":[{"taxonomy":"category","embeddable":true,"href":"https:\/\/www.delsofa.es\/informacion\/wp-json\/wp\/v2\/categories?post=2362"},{"taxonomy":"post_tag","embeddable":true,"href":"https:\/\/www.delsofa.es\/informacion\/wp-json\/wp\/v2\/tags?post=2362"}],"curies":[{"name":"wp","href":"https:\/\/api.w.org\/{rel}","templated":true}]}}