{"id":2485,"date":"2014-03-10T10:27:35","date_gmt":"2014-03-10T10:27:35","guid":{"rendered":"https:\/\/www.delsofa.es\/informacion\/?p=2485"},"modified":"2014-03-10T10:27:35","modified_gmt":"2014-03-10T10:27:35","slug":"cortinas-para-un-salon-clasico","status":"publish","type":"post","link":"https:\/\/www.delsofa.es\/informacion\/cortinas-para-un-salon-clasico\/","title":{"rendered":"Cortinas para un sal\u00f3n de corte muy cl\u00e1sico"},"content":{"rendered":"<p align=\"justify\">Una de las reglas en decoraci\u00f3n de interiores es que debe haber un elemento m\u00e1s llamativo que los otros; <strong>el punto focal<\/strong>. Si decidimos que las cortinas se conviertan en las protagonistas de nuestro <i>espacio living<\/i>, podremos crear diferentes efectos jugando con la luz, el color y la proporci\u00f3n. En este post vamos a centrarnos en un estilo de cortinas que har\u00e1 de nuestro sal\u00f3n un espacio de corte muy cl\u00e1sico.<\/p>\n<p style=\"text-align: justify;\"><span style=\"font-size: 120%; color: #993366;\">Cortinas cl\u00e1sicas para el invierno<\/span><\/p>\n<p align=\"justify\">En los ambientes fr\u00edos y lluviosos, siempre resulta agradable disfrutar de la protecci\u00f3n de las <strong>cortinas gruesas que no dejen pasar el fr\u00edo<\/strong>. Los colores oscuros van muy bien para crear este efecto, ya que tambi\u00e9n contribuyen a generar una sensaci\u00f3n de abrigo y hacer que la estancia resulte menos destemplada.<\/p>\n<p align=\"justify\">La soluci\u00f3n m\u00e1s sencilla ser\u00e1 simplemente apostar por cortinas t\u00e9rmicas que nos protejan del fr\u00edo. Suelen estar hechas con un material pl\u00e1stico hacia el exterior y una tela oscura por fuera. Escoge una cortina en la que <strong>el color combine bien con el resto de la sala<\/strong>; si tu sal\u00f3n es de colores suaves, una cortina en un tono parecido, pero m\u00e1s oscuro (chocolate, granate, gris, negro, etc.), podr\u00eda ser lo ideal. F\u00edjate en esta foto que nos ense\u00f1an en <a href=\"http:\/\/salones.decopasion.com\/imagenes-cortinas-oscuras-para-el-salon-jpg\" target=\"_blank\">Decopasi\u00f3n<\/a>.<\/p>\n<p style=\"text-align: center;\" align=\"justify\"><img decoding=\"async\" loading=\"lazy\" class=\"aligncenter  wp-image-2486\" title=\"Cortinas oscuras cl\u00e1sicas\" alt=\"Cortinas acogedoras\" src=\"https:\/\/www.delsofa.es\/informacion\/wp-content\/uploads\/2014\/03\/cortinas-rugosas-oscuras.png\" width=\"584\" height=\"553\" srcset=\"https:\/\/www.delsofa.es\/informacion\/wp-content\/uploads\/2014\/03\/cortinas-rugosas-oscuras.png 584w, https:\/\/www.delsofa.es\/informacion\/wp-content\/uploads\/2014\/03\/cortinas-rugosas-oscuras-300x284.png 300w, https:\/\/www.delsofa.es\/informacion\/wp-content\/uploads\/2014\/03\/cortinas-rugosas-oscuras-316x300.png 316w\" sizes=\"(max-width: 584px) 100vw, 584px\" \/><\/p>\n<p style=\"text-align: justify;\"><span style=\"font-size: 120%; color: #993366;\">Doble cortina con alzapa\u00f1os<\/span><\/p>\n<p align=\"justify\">Otra de las opciones es tratar de recrearnos en la <strong>belleza de los detalles<\/strong>. Usando la imaginaci\u00f3n, se puede vestir una gran ventana, una puerta al jard\u00edn o un balc\u00f3n a trav\u00e9s de una doble cortina, usando un cortin\u00f3n grueso para afuera y unos visillos o una cortina de seda fina para el interior, d\u00e1ndole una ca\u00edda original, como \u00e9sta que vemos en el blog de <a href=\"http:\/\/www.conlallave.com\/hogar-y-decoracion\/dale-un-toque-acogedor-a-tu-hogar-escogiendo-las-cortinas-y-persianas-apropiadas\" target=\"_blank\">Con la llave<\/a>.<\/p>\n<p style=\"text-align: center;\" align=\"justify\"><img decoding=\"async\" loading=\"lazy\" class=\"aligncenter  wp-image-2488\" title=\"Cortina cl\u00e1sica con alzapa\u00f1os\" alt=\"Cortinas acogedoras\" src=\"https:\/\/www.delsofa.es\/informacion\/wp-content\/uploads\/2014\/03\/cortinas-barrocas.png\" width=\"584\" height=\"448\" srcset=\"https:\/\/www.delsofa.es\/informacion\/wp-content\/uploads\/2014\/03\/cortinas-barrocas.png 584w, https:\/\/www.delsofa.es\/informacion\/wp-content\/uploads\/2014\/03\/cortinas-barrocas-300x230.png 300w, https:\/\/www.delsofa.es\/informacion\/wp-content\/uploads\/2014\/03\/cortinas-barrocas-391x300.png 391w\" sizes=\"(max-width: 584px) 100vw, 584px\" \/><\/p>\n<p align=\"justify\">Si queremos darle un aire muy cl\u00e1sico, lo suyo es <strong>recoger las cortinas exteriores con un alzapa\u00f1os<\/strong>, combinando dos colores que guarden la armon\u00eda y d\u00e1ndole una forma creativa y original. Tambi\u00e9n se puede decorar la parte superior de las cortinas poniendo anillas grandes de madera, o bien a trav\u00e9s de bandos en forma de ondas o tablas.<\/p>\n<p style=\"text-align: justify;\"><span style=\"font-size: 120%; color: #993366;\">Estores cl\u00e1sicos con estampados<\/span><\/p>\n<p align=\"justify\">Generalmente no se suele optar por colocar estores en un sal\u00f3n de corte muy cl\u00e1sico, sin embargo hay modelos que podr\u00edan tener cabida perfectamente en este tipo de decoraci\u00f3n. Si el estor lleva alg\u00fan tipo de estampado (flores, p\u00e1jaros, etc.), tambi\u00e9n podr\u00eda contribuir a crear un ambiente cl\u00e1sico. Una idea: us\u00e1ndolo como una alternativa al visillo y acompa\u00f1ado de una <strong>cortina gruesa<\/strong>, al estilo de \u00e9sta que vemos en <a href=\"http:\/\/decora-y-disena.blogspot.com.es\/2010\/10\/5-estupendas-salas-decoradas-por-rona.html\" target=\"_blank\">Decora y dise\u00f1a<\/a>.<\/p>\n<p style=\"text-align: center;\" align=\"justify\"><img decoding=\"async\" loading=\"lazy\" class=\"aligncenter  wp-image-2487\" title=\"Estor para salones cl\u00e1sicos\" alt=\"Sal\u00f3n con cortina y estor\" src=\"https:\/\/www.delsofa.es\/informacion\/wp-content\/uploads\/2014\/03\/sal\u00f3n-acogedor.png\" width=\"584\" height=\"386\" srcset=\"https:\/\/www.delsofa.es\/informacion\/wp-content\/uploads\/2014\/03\/sal\u00f3n-acogedor.png 584w, https:\/\/www.delsofa.es\/informacion\/wp-content\/uploads\/2014\/03\/sal\u00f3n-acogedor-300x198.png 300w, https:\/\/www.delsofa.es\/informacion\/wp-content\/uploads\/2014\/03\/sal\u00f3n-acogedor-453x300.png 453w\" sizes=\"(max-width: 584px) 100vw, 584px\" \/><\/p>\n<p align=\"justify\">Como has podido observar en los tres ejemplos, las cortinas para un sal\u00f3n cl\u00e1sico destacan por su grosor y la textura c\u00e1lida de sus telas, sus colores apagados y por cubrir completamente -hasta el suelo- la ventana o balc\u00f3n. Estas son sin lugar a dudas algunas de las <strong>premisas m\u00e1s claras que deben cumplir las cortinas que vestir\u00e1n nuestro sal\u00f3n de estilo cl\u00e1sico<\/strong>.<\/p>\n<p align=\"justify\">En un post posterior os hablaremos de sof\u00e1s y sillones de estilo cl\u00e1sico para vuestro sal\u00f3n. Mientras lo preparamos os aconsejamos que ech\u00e9is un vistazo a este art\u00edculo en el que os contamos algunas de las <a href=\"https:\/\/www.delsofa.es\/informacion\/salones-clasicos\/\" target=\"_blank\">l\u00edneas b\u00e1sicas de la decoraci\u00f3n cl\u00e1sica<\/a>.<\/p>\n<p align=\"justify\">\n","protected":false},"excerpt":{"rendered":"<p>Una de las reglas en decoraci\u00f3n de interiores es que debe haber un elemento m\u00e1s llamativo que los otros; el punto focal. Si decidimos que las cortinas se conviertan en las protagonistas de nuestro espacio living, podremos crear diferentes efectos &hellip; <a href=\"https:\/\/www.delsofa.es\/informacion\/cortinas-para-un-salon-clasico\/\">Sigue leyendo <span class=\"meta-nav\">&rarr;<\/span><\/a><\/p>\n","protected":false},"author":8,"featured_media":0,"comment_status":"open","ping_status":"open","sticky":false,"template":"","format":"standard","meta":[],"categories":[203,405,16],"tags":[781,780,779,778,424,782,426],"yoast_head":"<!-- This site is optimized with the Yoast SEO plugin v18.6 - https:\/\/yoast.com\/wordpress\/plugins\/seo\/ -->\n<title>Cortinas para un sal\u00f3n cl\u00e1sico<\/title>\n<meta name=\"description\" content=\"Si te gusta la decoraci\u00f3n de estilo cl\u00e1sico en este post te damos ideas de cortinas para un sal\u00f3n cl\u00e1sico. Descubre c\u00f3mo deben ser.\" \/>\n<meta name=\"robots\" content=\"index, follow, max-snippet:-1, max-image-preview:large, max-video-preview:-1\" \/>\n<link rel=\"canonical\" href=\"https:\/\/www.delsofa.es\/informacion\/cortinas-para-un-salon-clasico\/\" \/>\n<meta name=\"twitter:card\" content=\"summary_large_image\" \/>\n<meta name=\"twitter:title\" content=\"Cortinas para un sal\u00f3n cl\u00e1sico\" \/>\n<meta name=\"twitter:description\" content=\"Si te gusta la decoraci\u00f3n de estilo cl\u00e1sico en este post te damos ideas de cortinas para un sal\u00f3n cl\u00e1sico. Descubre c\u00f3mo deben ser.\" \/>\n<meta name=\"twitter:image\" content=\"https:\/\/www.delsofa.es\/informacion\/wp-content\/uploads\/2014\/03\/cortinas-rugosas-oscuras.png\" \/>\n<meta name=\"twitter:creator\" content=\"@delsofaES\" \/>\n<meta name=\"twitter:site\" content=\"@delsofaES\" \/>\n<meta name=\"twitter:label1\" content=\"Escrito por\" \/>\n\t<meta name=\"twitter:data1\" content=\"Samuel Juli\u00e1\" \/>\n\t<meta name=\"twitter:label2\" content=\"Tiempo de lectura\" \/>\n\t<meta name=\"twitter:data2\" content=\"3 minutos\" \/>\n<script type=\"application\/ld+json\" class=\"yoast-schema-graph\">{\"@context\":\"https:\/\/schema.org\",\"@graph\":[{\"@type\":\"WebSite\",\"@id\":\"https:\/\/www.delsofa.es\/informacion\/#website\",\"url\":\"https:\/\/www.delsofa.es\/informacion\/\",\"name\":\"\",\"description\":\"\",\"potentialAction\":[{\"@type\":\"SearchAction\",\"target\":{\"@type\":\"EntryPoint\",\"urlTemplate\":\"https:\/\/www.delsofa.es\/informacion\/?s={search_term_string}\"},\"query-input\":\"required name=search_term_string\"}],\"inLanguage\":\"es\"},{\"@type\":\"ImageObject\",\"@id\":\"https:\/\/www.delsofa.es\/informacion\/cortinas-para-un-salon-clasico\/#primaryimage\",\"inLanguage\":\"es\",\"url\":\"https:\/\/www.delsofa.es\/informacion\/wp-content\/uploads\/2014\/03\/cortinas-rugosas-oscuras.png\",\"contentUrl\":\"https:\/\/www.delsofa.es\/informacion\/wp-content\/uploads\/2014\/03\/cortinas-rugosas-oscuras.png\",\"width\":584,\"height\":553,\"caption\":\"Cortinas acogedoras\"},{\"@type\":\"WebPage\",\"@id\":\"https:\/\/www.delsofa.es\/informacion\/cortinas-para-un-salon-clasico\/#webpage\",\"url\":\"https:\/\/www.delsofa.es\/informacion\/cortinas-para-un-salon-clasico\/\",\"name\":\"Cortinas para un sal\u00f3n cl\u00e1sico\",\"isPartOf\":{\"@id\":\"https:\/\/www.delsofa.es\/informacion\/#website\"},\"primaryImageOfPage\":{\"@id\":\"https:\/\/www.delsofa.es\/informacion\/cortinas-para-un-salon-clasico\/#primaryimage\"},\"datePublished\":\"2014-03-10T10:27:35+00:00\",\"dateModified\":\"2014-03-10T10:27:35+00:00\",\"author\":{\"@id\":\"https:\/\/www.delsofa.es\/informacion\/#\/schema\/person\/43745e6d3a8ff735b6110da6a43d32e9\"},\"description\":\"Si te gusta la decoraci\u00f3n de estilo cl\u00e1sico en este post te damos ideas de cortinas para un sal\u00f3n cl\u00e1sico. Descubre c\u00f3mo deben ser.\",\"breadcrumb\":{\"@id\":\"https:\/\/www.delsofa.es\/informacion\/cortinas-para-un-salon-clasico\/#breadcrumb\"},\"inLanguage\":\"es\",\"potentialAction\":[{\"@type\":\"ReadAction\",\"target\":[\"https:\/\/www.delsofa.es\/informacion\/cortinas-para-un-salon-clasico\/\"]}]},{\"@type\":\"BreadcrumbList\",\"@id\":\"https:\/\/www.delsofa.es\/informacion\/cortinas-para-un-salon-clasico\/#breadcrumb\",\"itemListElement\":[{\"@type\":\"ListItem\",\"position\":1,\"name\":\"Portada\",\"item\":\"https:\/\/www.delsofa.es\/informacion\/\"},{\"@type\":\"ListItem\",\"position\":2,\"name\":\"Cortinas para un sal\u00f3n de corte muy cl\u00e1sico\"}]},{\"@type\":\"Person\",\"@id\":\"https:\/\/www.delsofa.es\/informacion\/#\/schema\/person\/43745e6d3a8ff735b6110da6a43d32e9\",\"name\":\"Samuel Juli\u00e1\",\"image\":{\"@type\":\"ImageObject\",\"@id\":\"https:\/\/www.delsofa.es\/informacion\/#personlogo\",\"inLanguage\":\"es\",\"url\":\"https:\/\/secure.gravatar.com\/avatar\/63cc242575946deb5c9e2bacf79706b7?s=96&d=mm&r=g\",\"contentUrl\":\"https:\/\/secure.gravatar.com\/avatar\/63cc242575946deb5c9e2bacf79706b7?s=96&d=mm&r=g\",\"caption\":\"Samuel Juli\u00e1\"},\"description\":\"Periodista y community manager (Alicante, 1988). Entusiasmado con el mundo de la comunicaci\u00f3n online y las nuevas formas de expresi\u00f3n. Me encanta todo lo relacionado con la belleza, la est\u00e9tica y el arte. Escribo en El Blog del Sof\u00e1 desde noviembre de 2013.\",\"sameAs\":[\"http:\/\/www.miredactor.com\"],\"url\":\"https:\/\/www.delsofa.es\/informacion\/author\/samuel\/\"}]}<\/script>\n<!-- \/ Yoast SEO plugin. -->","yoast_head_json":{"title":"Cortinas para un sal\u00f3n cl\u00e1sico","description":"Si te gusta la decoraci\u00f3n de estilo cl\u00e1sico en este post te damos ideas de cortinas para un sal\u00f3n cl\u00e1sico. Descubre c\u00f3mo deben ser.","robots":{"index":"index","follow":"follow","max-snippet":"max-snippet:-1","max-image-preview":"max-image-preview:large","max-video-preview":"max-video-preview:-1"},"canonical":"https:\/\/www.delsofa.es\/informacion\/cortinas-para-un-salon-clasico\/","twitter_card":"summary_large_image","twitter_title":"Cortinas para un sal\u00f3n cl\u00e1sico","twitter_description":"Si te gusta la decoraci\u00f3n de estilo cl\u00e1sico en este post te damos ideas de cortinas para un sal\u00f3n cl\u00e1sico. Descubre c\u00f3mo deben ser.","twitter_image":"https:\/\/www.delsofa.es\/informacion\/wp-content\/uploads\/2014\/03\/cortinas-rugosas-oscuras.png","twitter_creator":"@delsofaES","twitter_site":"@delsofaES","twitter_misc":{"Escrito por":"Samuel Juli\u00e1","Tiempo de lectura":"3 minutos"},"schema":{"@context":"https:\/\/schema.org","@graph":[{"@type":"WebSite","@id":"https:\/\/www.delsofa.es\/informacion\/#website","url":"https:\/\/www.delsofa.es\/informacion\/","name":"","description":"","potentialAction":[{"@type":"SearchAction","target":{"@type":"EntryPoint","urlTemplate":"https:\/\/www.delsofa.es\/informacion\/?s={search_term_string}"},"query-input":"required name=search_term_string"}],"inLanguage":"es"},{"@type":"ImageObject","@id":"https:\/\/www.delsofa.es\/informacion\/cortinas-para-un-salon-clasico\/#primaryimage","inLanguage":"es","url":"https:\/\/www.delsofa.es\/informacion\/wp-content\/uploads\/2014\/03\/cortinas-rugosas-oscuras.png","contentUrl":"https:\/\/www.delsofa.es\/informacion\/wp-content\/uploads\/2014\/03\/cortinas-rugosas-oscuras.png","width":584,"height":553,"caption":"Cortinas acogedoras"},{"@type":"WebPage","@id":"https:\/\/www.delsofa.es\/informacion\/cortinas-para-un-salon-clasico\/#webpage","url":"https:\/\/www.delsofa.es\/informacion\/cortinas-para-un-salon-clasico\/","name":"Cortinas para un sal\u00f3n cl\u00e1sico","isPartOf":{"@id":"https:\/\/www.delsofa.es\/informacion\/#website"},"primaryImageOfPage":{"@id":"https:\/\/www.delsofa.es\/informacion\/cortinas-para-un-salon-clasico\/#primaryimage"},"datePublished":"2014-03-10T10:27:35+00:00","dateModified":"2014-03-10T10:27:35+00:00","author":{"@id":"https:\/\/www.delsofa.es\/informacion\/#\/schema\/person\/43745e6d3a8ff735b6110da6a43d32e9"},"description":"Si te gusta la decoraci\u00f3n de estilo cl\u00e1sico en este post te damos ideas de cortinas para un sal\u00f3n cl\u00e1sico. Descubre c\u00f3mo deben ser.","breadcrumb":{"@id":"https:\/\/www.delsofa.es\/informacion\/cortinas-para-un-salon-clasico\/#breadcrumb"},"inLanguage":"es","potentialAction":[{"@type":"ReadAction","target":["https:\/\/www.delsofa.es\/informacion\/cortinas-para-un-salon-clasico\/"]}]},{"@type":"BreadcrumbList","@id":"https:\/\/www.delsofa.es\/informacion\/cortinas-para-un-salon-clasico\/#breadcrumb","itemListElement":[{"@type":"ListItem","position":1,"name":"Portada","item":"https:\/\/www.delsofa.es\/informacion\/"},{"@type":"ListItem","position":2,"name":"Cortinas para un sal\u00f3n de corte muy cl\u00e1sico"}]},{"@type":"Person","@id":"https:\/\/www.delsofa.es\/informacion\/#\/schema\/person\/43745e6d3a8ff735b6110da6a43d32e9","name":"Samuel Juli\u00e1","image":{"@type":"ImageObject","@id":"https:\/\/www.delsofa.es\/informacion\/#personlogo","inLanguage":"es","url":"https:\/\/secure.gravatar.com\/avatar\/63cc242575946deb5c9e2bacf79706b7?s=96&d=mm&r=g","contentUrl":"https:\/\/secure.gravatar.com\/avatar\/63cc242575946deb5c9e2bacf79706b7?s=96&d=mm&r=g","caption":"Samuel Juli\u00e1"},"description":"Periodista y community manager (Alicante, 1988). Entusiasmado con el mundo de la comunicaci\u00f3n online y las nuevas formas de expresi\u00f3n. Me encanta todo lo relacionado con la belleza, la est\u00e9tica y el arte. Escribo en El Blog del Sof\u00e1 desde noviembre de 2013.","sameAs":["http:\/\/www.miredactor.com"],"url":"https:\/\/www.delsofa.es\/informacion\/author\/samuel\/"}]}},"amp_enabled":true,"_links":{"self":[{"href":"https:\/\/www.delsofa.es\/informacion\/wp-json\/wp\/v2\/posts\/2485"}],"collection":[{"href":"https:\/\/www.delsofa.es\/informacion\/wp-json\/wp\/v2\/posts"}],"about":[{"href":"https:\/\/www.delsofa.es\/informacion\/wp-json\/wp\/v2\/types\/post"}],"author":[{"embeddable":true,"href":"https:\/\/www.delsofa.es\/informacion\/wp-json\/wp\/v2\/users\/8"}],"replies":[{"embeddable":true,"href":"https:\/\/www.delsofa.es\/informacion\/wp-json\/wp\/v2\/comments?post=2485"}],"version-history":[{"count":9,"href":"https:\/\/www.delsofa.es\/informacion\/wp-json\/wp\/v2\/posts\/2485\/revisions"}],"predecessor-version":[{"id":2514,"href":"https:\/\/www.delsofa.es\/informacion\/wp-json\/wp\/v2\/posts\/2485\/revisions\/2514"}],"wp:attachment":[{"href":"https:\/\/www.delsofa.es\/informacion\/wp-json\/wp\/v2\/media?parent=2485"}],"wp:term":[{"taxonomy":"category","embeddable":true,"href":"https:\/\/www.delsofa.es\/informacion\/wp-json\/wp\/v2\/categories?post=2485"},{"taxonomy":"post_tag","embeddable":true,"href":"https:\/\/www.delsofa.es\/informacion\/wp-json\/wp\/v2\/tags?post=2485"}],"curies":[{"name":"wp","href":"https:\/\/api.w.org\/{rel}","templated":true}]}}