{"id":2598,"date":"2014-03-24T10:55:10","date_gmt":"2014-03-24T10:55:10","guid":{"rendered":"https:\/\/www.delsofa.es\/informacion\/?p=2598"},"modified":"2018-03-16T13:32:37","modified_gmt":"2018-03-16T13:32:37","slug":"tiendas-de-sofas-en-la-region-de-murcia","status":"publish","type":"post","link":"https:\/\/www.delsofa.es\/informacion\/tiendas-de-sofas-en-la-region-de-murcia\/","title":{"rendered":"Descubre d\u00f3nde probar y comprar los sof\u00e1s de Delsof\u00e1.es en la Regi\u00f3n de Murcia"},"content":{"rendered":"<p style=\"text-align: justify;\">Este mes nos toca hablar de las <strong>tiendas que Delsof\u00e1.es tiene en la Regi\u00f3n de Murcia<\/strong>. En ella podr\u00e9is comprobar de primera mano las caracter\u00edsticas y calidades de nuestros sof\u00e1s, chaise longue, sillones y sof\u00e1s cama. \u00bfQuieres saber d\u00f3nde encontrarnos? Tenemos m\u00e1s de 160 tiendas repartidas por todo el territorio nacional.<\/p>\n<p style=\"text-align: justify;\"><!--more--><\/p>\n<p style=\"text-align: justify;\">Como os hemos explicado en otras ocasiones, descubrir la tienda Delsof\u00e1.es m\u00e1s cercana a vuestro domicilio, lugar de trabajo, de vacaciones\u2026 es muy sencillo. Simplemente debes seguir estos pasos que te cuento a continuaci\u00f3n.<\/p>\n<p style=\"text-align: justify;\">En ellas encontrar\u00e9is nuestros modelos y podr\u00e9is comprarlos directamente o recogerlos, si prefer\u00eds <strong>la opci\u00f3n de comprar online y recoger en tienda<\/strong>.<\/p>\n<p style=\"text-align: justify;\"><strong>Paso I.<\/strong> En la home de Delsof\u00e1.es encontr\u00e1is una <strong>pesta\u00f1a superior con el texto Tiendas de sof\u00e1s<\/strong>. Si hab\u00e9is accedido a nuestra web desde la secci\u00f3n de sillones por ejemplo, este texto dir\u00e1: Tiendas de sillones. Al pinchar en ellas, os dirigimos a nuestro directorio.<\/p>\n<p style=\"text-align: center;\"><img decoding=\"async\" loading=\"lazy\" class=\"aligncenter wp-image-809\" title=\"tiendas de sof\u00e1s en la Regi\u00f3n de Murcia\" src=\"https:\/\/www.delsofa.es\/informacion\/wp-content\/uploads\/2013\/08\/1.jpg\" alt=\"Tiendas de sof\u00e1s\" width=\"541\" height=\"141\" srcset=\"https:\/\/www.delsofa.es\/informacion\/wp-content\/uploads\/2013\/08\/1.jpg 1002w, https:\/\/www.delsofa.es\/informacion\/wp-content\/uploads\/2013\/08\/1-300x78.jpg 300w, https:\/\/www.delsofa.es\/informacion\/wp-content\/uploads\/2013\/08\/1-1000x261.jpg 1000w, https:\/\/www.delsofa.es\/informacion\/wp-content\/uploads\/2013\/08\/1-500x130.jpg 500w\" sizes=\"(max-width: 541px) 100vw, 541px\" \/><\/p>\n<p style=\"text-align: justify;\"><strong>Paso II.<\/strong> En esta pantalla, <strong>eleg\u00eds vuestra provincia en el desplegable<\/strong> o bien hac\u00e9is scroll para buscarla. En este caso nosotros hemos marcado la opci\u00f3n de Murcia.<\/p>\n<p style=\"text-align: center;\"><img decoding=\"async\" loading=\"lazy\" class=\"aligncenter wp-image-2599\" title=\"tiendas de sof\u00e1s en la Regi\u00f3n de Murcia\" src=\"https:\/\/www.delsofa.es\/informacion\/wp-content\/uploads\/2014\/03\/directorio-murcia.jpg\" alt=\"directorio-murcia\" width=\"584\" height=\"545\" srcset=\"https:\/\/www.delsofa.es\/informacion\/wp-content\/uploads\/2014\/03\/directorio-murcia.jpg 584w, https:\/\/www.delsofa.es\/informacion\/wp-content\/uploads\/2014\/03\/directorio-murcia-300x279.jpg 300w, https:\/\/www.delsofa.es\/informacion\/wp-content\/uploads\/2014\/03\/directorio-murcia-321x300.jpg 321w\" sizes=\"(max-width: 584px) 100vw, 584px\" \/><\/p>\n<p style=\"text-align: justify;\">Un consejo si hac\u00e9is <strong>esta b\u00fasqueda antes de comenzar a navegar<\/strong> por los distintos modelos. Cuando acced\u00e9is a la ficha de un producto, al final de la misma aparecen las distintas tiendas y distribuidores oficiales donde pod\u00e9is probar esta pieza.<\/p>\n<p style=\"text-align: justify;\">Adem\u00e1s os aconsejo que <strong>realic\u00e9is la b\u00fasqueda para varias provincias<\/strong> en caso de que vuestro municipio est\u00e9 cerca o limite con dos o varias regiones. Aumentar\u00e1 las posibilidades de encontrar el mueble en exposici\u00f3n.<\/p>\n<p style=\"text-align: justify;\"><strong>Paso III<\/strong>. Una vez elegida o elegidas las provincias os mostramos un listado con las tiendas oficiales de Delsof\u00e1.es en ella.<\/p>\n<p style=\"text-align: center;\"><img decoding=\"async\" loading=\"lazy\" class=\"aligncenter wp-image-2601\" title=\"tiendas de sof\u00e1s en la Regi\u00f3n de Murcia\" src=\"https:\/\/www.delsofa.es\/informacion\/wp-content\/uploads\/2014\/03\/tiendas-murcia.jpg\" alt=\"tiendas-murcia\" width=\"584\" height=\"464\" srcset=\"https:\/\/www.delsofa.es\/informacion\/wp-content\/uploads\/2014\/03\/tiendas-murcia.jpg 584w, https:\/\/www.delsofa.es\/informacion\/wp-content\/uploads\/2014\/03\/tiendas-murcia-300x238.jpg 300w, https:\/\/www.delsofa.es\/informacion\/wp-content\/uploads\/2014\/03\/tiendas-murcia-377x300.jpg 377w\" sizes=\"(max-width: 584px) 100vw, 584px\" \/><\/p>\n<p style=\"text-align: justify;\">Como pod\u00e9is ver las tiendas de sof\u00e1s en la Regi\u00f3n de Murcia<strong>\u00a0<\/strong>que distribuyen Delsof\u00e1.es son\u00a0las siguientes:<\/p>\n<ul>\n<li style=\"text-align: justify;\">En los dos establecimientos de Mundomuebles.com en <strong style=\"color: #000000; font-style: normal;\">\u00c1guilas<\/strong>: <a style=\"font-style: normal;\" href=\"https:\/\/www.delsofa.es\/tiendas-de-sofas-y-sillones-murcia\/mundo-muebles.com-aguilas-carnaval.php\" target=\"_blank\" rel=\"noopener\">Avda Carnaval<\/a> y <a style=\"font-style: normal;\" href=\"https:\/\/www.delsofa.es\/tiendas-de-sofas-y-sillones-murcia\/mundo-muebles.com-aguilas-carlos-marin.php\" target=\"_blank\" rel=\"noopener\">Calle Carlos Mar\u00edn<\/a>.<\/li>\n<li style=\"text-align: justify;\"><span style=\"text-align: justify;\">En\u00a0<\/span><a style=\"font-style: normal; text-align: justify;\" href=\"https:\/\/www.delsofa.es\/tiendas-de-sofas-y-sillones-murcia\/muebles-la-glorieta-colchoneria.php\" target=\"_blank\" rel=\"noopener\">Muebles La Glorieta Colchoner\u00eda<\/a><span style=\"text-align: justify;\"> y <\/span><a style=\"font-style: normal; text-align: justify;\" href=\"https:\/\/www.delsofa.es\/tiendas-de-sofas-y-sillones-murcia\/muebles-la-glorieta.php\" target=\"_blank\" rel=\"noopener\">La Glorieta Muebles y Descanso<\/a><span style=\"text-align: justify;\"> en <\/span><strong style=\"color: #000000; font-style: normal; text-align: justify;\">Caravaca de la Cruz<\/strong><span style=\"text-align: justify;\">.<\/span><\/li>\n<li style=\"text-align: justify;\"><span style=\"text-align: justify;\">En <\/span><a style=\"font-style: normal; text-align: justify;\" href=\"https:\/\/www.delsofa.es\/tiendas-de-sofas-y-sillones-murcia\/muebles-torres-puerto-lumbreras-hernan.php\" target=\"_blank\" rel=\"noopener\">Muebles Torres-Colchoner\u00eda<\/a><span style=\"text-align: justify;\"> y <\/span><a style=\"font-style: normal; text-align: justify;\" href=\"https:\/\/www.delsofa.es\/tiendas-de-sofas-y-sillones-murcia\/muebles-torres-puerto-lumbreras-orfeon.php\" target=\"_blank\" rel=\"noopener\">Muebles Torres<\/a><span style=\"text-align: justify;\"> en <\/span><strong style=\"color: #000000; font-style: normal; text-align: justify;\">Puerto Lumbreras<\/strong><span style=\"text-align: justify;\">.<\/span><\/li>\n<\/ul>\n<p style=\"text-align: justify;\"><strong>Paso IV<\/strong>. Una vez listadas las tiendas puedes <strong>clicar en sus nombres para visitar su ficha<\/strong>. En ella obtendr\u00e1s informaci\u00f3n de inter\u00e9s: direcci\u00f3n, tel\u00e9fono, web, horario de apertura, situaci\u00f3n en Google Maps, una herramienta que te sugiere la ruta para llegar a ella desde tu punto de origen&#8230;<\/p>\n<p style=\"text-align: justify;\">Adem\u00e1s, al final de la ficha encuentras un formulario de contacto para consultar directamente a su responsable de tienda.<\/p>\n<p style=\"text-align: justify;\">En algunas de ellas encontrar\u00e1s cupones de descuento que podr\u00e1s canjear cuando realices tu compra y miniaturas de los modelos que tienen en exposici\u00f3n.<\/p>\n<p style=\"text-align: justify;\">Tambi\u00e9n puedes <strong>consultar a nuestro departamento de atenci\u00f3n al cliente<\/strong> sobre cualquier informaci\u00f3n que necesites. Est\u00e1n disponibles de lunes a viernes de 8 a 20 horas, en el <strong>tel\u00e9fono gratuito 900.701.086<\/strong>. Tambi\u00e9n te atender\u00e1n v\u00eda email en el correo <strong>ayuda@delsofa.es<\/strong> o rellenando este <a href=\"https:\/\/www.delsofa.es\/contactar.php?utm_source=smm&amp;utm_medium=linkb&amp;utm_campaign=blog\" target=\"_blank\" rel=\"noopener\">formulario de contacto<\/a>.<\/p>\n<p style=\"text-align: justify;\">Adem\u00e1s estamos a vuestra disposici\u00f3n en la <strong>redes sociales<\/strong>. En Twitter: <a href=\"https:\/\/twitter.com\/delsofaEs\" target=\"_blank\" rel=\"noopener\">@delsofaEs<\/a> y en nuestra p\u00e1gina de <a href=\"https:\/\/www.facebook.com\/delsofaES\" target=\"_blank\" rel=\"noopener\">Facebook: Delsofa.es<\/a>.<\/p>\n<p>&nbsp;<\/p>\n","protected":false},"excerpt":{"rendered":"<p>Este mes nos toca hablar de las tiendas que Delsof\u00e1.es tiene en la Regi\u00f3n de Murcia. En ella podr\u00e9is comprobar de primera mano las caracter\u00edsticas y calidades de nuestros sof\u00e1s, chaise longue, sillones y sof\u00e1s cama. \u00bfQuieres saber d\u00f3nde encontrarnos? &hellip; <a href=\"https:\/\/www.delsofa.es\/informacion\/tiendas-de-sofas-en-la-region-de-murcia\/\">Sigue leyendo <span class=\"meta-nav\">&rarr;<\/span><\/a><\/p>\n","protected":false},"author":3,"featured_media":3611,"comment_status":"open","ping_status":"open","sticky":false,"template":"","format":"standard","meta":[],"categories":[204,359],"tags":[821,820,822,823,824,825,826,829,830,827,828],"yoast_head":"<!-- This site is optimized with the Yoast SEO plugin v18.6 - https:\/\/yoast.com\/wordpress\/plugins\/seo\/ -->\n<title>Tiendas de sof\u00e1s en la Regi\u00f3n de Murcia que distribuyen Delsof\u00e1.es<\/title>\n<meta name=\"description\" content=\"Los modelos a la venta en Delsof\u00e1.es est\u00e1n disponibles para su compra y comprobar sus calidades en las siguientes tiendas de sof\u00e1s en la Regi\u00f3n de Murcia.\" \/>\n<meta name=\"robots\" content=\"index, follow, max-snippet:-1, max-image-preview:large, max-video-preview:-1\" \/>\n<link rel=\"canonical\" href=\"https:\/\/www.delsofa.es\/informacion\/tiendas-de-sofas-en-la-region-de-murcia\/\" \/>\n<meta name=\"twitter:card\" content=\"summary_large_image\" \/>\n<meta name=\"twitter:title\" content=\"Tiendas de sof\u00e1s en la Regi\u00f3n de Murcia que distribuyen Delsof\u00e1.es\" \/>\n<meta name=\"twitter:description\" content=\"Los modelos a la venta en Delsof\u00e1.es est\u00e1n disponibles para su compra y comprobar sus calidades en las siguientes tiendas de sof\u00e1s en la Regi\u00f3n de Murcia.\" \/>\n<meta name=\"twitter:image\" content=\"https:\/\/www.delsofa.es\/informacion\/wp-content\/uploads\/2013\/04\/tiendas650.jpg\" \/>\n<meta name=\"twitter:creator\" content=\"@http:\/\/www.twitter.com\/inmolber\" \/>\n<meta name=\"twitter:site\" content=\"@delsofaES\" \/>\n<meta name=\"twitter:label1\" content=\"Escrito por\" \/>\n\t<meta name=\"twitter:data1\" content=\"Inma Molt\u00f3\" \/>\n\t<meta name=\"twitter:label2\" content=\"Tiempo de lectura\" \/>\n\t<meta name=\"twitter:data2\" content=\"3 minutos\" \/>\n<script type=\"application\/ld+json\" class=\"yoast-schema-graph\">{\"@context\":\"https:\/\/schema.org\",\"@graph\":[{\"@type\":\"WebSite\",\"@id\":\"https:\/\/www.delsofa.es\/informacion\/#website\",\"url\":\"https:\/\/www.delsofa.es\/informacion\/\",\"name\":\"\",\"description\":\"\",\"potentialAction\":[{\"@type\":\"SearchAction\",\"target\":{\"@type\":\"EntryPoint\",\"urlTemplate\":\"https:\/\/www.delsofa.es\/informacion\/?s={search_term_string}\"},\"query-input\":\"required name=search_term_string\"}],\"inLanguage\":\"es\"},{\"@type\":\"ImageObject\",\"@id\":\"https:\/\/www.delsofa.es\/informacion\/tiendas-de-sofas-en-la-region-de-murcia\/#primaryimage\",\"inLanguage\":\"es\",\"url\":\"https:\/\/www.delsofa.es\/informacion\/wp-content\/uploads\/2013\/04\/tiendas650.jpg\",\"contentUrl\":\"https:\/\/www.delsofa.es\/informacion\/wp-content\/uploads\/2013\/04\/tiendas650.jpg\",\"width\":584,\"height\":292,\"caption\":\"tiendas de sof\u00e1s en la Regi\u00f3n de Murcia\"},{\"@type\":\"WebPage\",\"@id\":\"https:\/\/www.delsofa.es\/informacion\/tiendas-de-sofas-en-la-region-de-murcia\/#webpage\",\"url\":\"https:\/\/www.delsofa.es\/informacion\/tiendas-de-sofas-en-la-region-de-murcia\/\",\"name\":\"Tiendas de sof\u00e1s en la Regi\u00f3n de Murcia que distribuyen Delsof\u00e1.es\",\"isPartOf\":{\"@id\":\"https:\/\/www.delsofa.es\/informacion\/#website\"},\"primaryImageOfPage\":{\"@id\":\"https:\/\/www.delsofa.es\/informacion\/tiendas-de-sofas-en-la-region-de-murcia\/#primaryimage\"},\"datePublished\":\"2014-03-24T10:55:10+00:00\",\"dateModified\":\"2018-03-16T13:32:37+00:00\",\"author\":{\"@id\":\"https:\/\/www.delsofa.es\/informacion\/#\/schema\/person\/904d00808e282031a3b11f51524d259c\"},\"description\":\"Los modelos a la venta en Delsof\u00e1.es est\u00e1n disponibles para su compra y comprobar sus calidades en las siguientes tiendas de sof\u00e1s en la Regi\u00f3n de Murcia.\",\"breadcrumb\":{\"@id\":\"https:\/\/www.delsofa.es\/informacion\/tiendas-de-sofas-en-la-region-de-murcia\/#breadcrumb\"},\"inLanguage\":\"es\",\"potentialAction\":[{\"@type\":\"ReadAction\",\"target\":[\"https:\/\/www.delsofa.es\/informacion\/tiendas-de-sofas-en-la-region-de-murcia\/\"]}]},{\"@type\":\"BreadcrumbList\",\"@id\":\"https:\/\/www.delsofa.es\/informacion\/tiendas-de-sofas-en-la-region-de-murcia\/#breadcrumb\",\"itemListElement\":[{\"@type\":\"ListItem\",\"position\":1,\"name\":\"Portada\",\"item\":\"https:\/\/www.delsofa.es\/informacion\/\"},{\"@type\":\"ListItem\",\"position\":2,\"name\":\"Descubre d\u00f3nde probar y comprar los sof\u00e1s de Delsof\u00e1.es en la Regi\u00f3n de Murcia\"}]},{\"@type\":\"Person\",\"@id\":\"https:\/\/www.delsofa.es\/informacion\/#\/schema\/person\/904d00808e282031a3b11f51524d259c\",\"name\":\"Inma Molt\u00f3\",\"image\":{\"@type\":\"ImageObject\",\"@id\":\"https:\/\/www.delsofa.es\/informacion\/#personlogo\",\"inLanguage\":\"es\",\"url\":\"https:\/\/secure.gravatar.com\/avatar\/6411caf208a31a6dd0c4c353341facb7?s=96&d=mm&r=g\",\"contentUrl\":\"https:\/\/secure.gravatar.com\/avatar\/6411caf208a31a6dd0c4c353341facb7?s=96&d=mm&r=g\",\"caption\":\"Inma Molt\u00f3\"},\"description\":\"Soy periodista, community manager y formadora en redes sociales. Desde enero de 2013 escribo en el Blog Delsofa y actualmente tambi\u00e9n me encargo de su supervisi\u00f3n. Me encanta todo lo relacionado con la decoraci\u00f3n y el dise\u00f1o. Si quer\u00e9is saber m\u00e1s os dejo mi web: www.periodistasocialmedia.com\",\"sameAs\":[\"http:\/\/www.periodistasocialmedia.com\",\"https:\/\/twitter.com\/http:\/\/www.twitter.com\/inmolber\"],\"url\":\"https:\/\/www.delsofa.es\/informacion\/author\/inma\/\"}]}<\/script>\n<!-- \/ Yoast SEO plugin. -->","yoast_head_json":{"title":"Tiendas de sof\u00e1s en la Regi\u00f3n de Murcia que distribuyen Delsof\u00e1.es","description":"Los modelos a la venta en Delsof\u00e1.es est\u00e1n disponibles para su compra y comprobar sus calidades en las siguientes tiendas de sof\u00e1s en la Regi\u00f3n de Murcia.","robots":{"index":"index","follow":"follow","max-snippet":"max-snippet:-1","max-image-preview":"max-image-preview:large","max-video-preview":"max-video-preview:-1"},"canonical":"https:\/\/www.delsofa.es\/informacion\/tiendas-de-sofas-en-la-region-de-murcia\/","twitter_card":"summary_large_image","twitter_title":"Tiendas de sof\u00e1s en la Regi\u00f3n de Murcia que distribuyen Delsof\u00e1.es","twitter_description":"Los modelos a la venta en Delsof\u00e1.es est\u00e1n disponibles para su compra y comprobar sus calidades en las siguientes tiendas de sof\u00e1s en la Regi\u00f3n de Murcia.","twitter_image":"https:\/\/www.delsofa.es\/informacion\/wp-content\/uploads\/2013\/04\/tiendas650.jpg","twitter_creator":"@http:\/\/www.twitter.com\/inmolber","twitter_site":"@delsofaES","twitter_misc":{"Escrito por":"Inma Molt\u00f3","Tiempo de lectura":"3 minutos"},"schema":{"@context":"https:\/\/schema.org","@graph":[{"@type":"WebSite","@id":"https:\/\/www.delsofa.es\/informacion\/#website","url":"https:\/\/www.delsofa.es\/informacion\/","name":"","description":"","potentialAction":[{"@type":"SearchAction","target":{"@type":"EntryPoint","urlTemplate":"https:\/\/www.delsofa.es\/informacion\/?s={search_term_string}"},"query-input":"required name=search_term_string"}],"inLanguage":"es"},{"@type":"ImageObject","@id":"https:\/\/www.delsofa.es\/informacion\/tiendas-de-sofas-en-la-region-de-murcia\/#primaryimage","inLanguage":"es","url":"https:\/\/www.delsofa.es\/informacion\/wp-content\/uploads\/2013\/04\/tiendas650.jpg","contentUrl":"https:\/\/www.delsofa.es\/informacion\/wp-content\/uploads\/2013\/04\/tiendas650.jpg","width":584,"height":292,"caption":"tiendas de sof\u00e1s en la Regi\u00f3n de Murcia"},{"@type":"WebPage","@id":"https:\/\/www.delsofa.es\/informacion\/tiendas-de-sofas-en-la-region-de-murcia\/#webpage","url":"https:\/\/www.delsofa.es\/informacion\/tiendas-de-sofas-en-la-region-de-murcia\/","name":"Tiendas de sof\u00e1s en la Regi\u00f3n de Murcia que distribuyen Delsof\u00e1.es","isPartOf":{"@id":"https:\/\/www.delsofa.es\/informacion\/#website"},"primaryImageOfPage":{"@id":"https:\/\/www.delsofa.es\/informacion\/tiendas-de-sofas-en-la-region-de-murcia\/#primaryimage"},"datePublished":"2014-03-24T10:55:10+00:00","dateModified":"2018-03-16T13:32:37+00:00","author":{"@id":"https:\/\/www.delsofa.es\/informacion\/#\/schema\/person\/904d00808e282031a3b11f51524d259c"},"description":"Los modelos a la venta en Delsof\u00e1.es est\u00e1n disponibles para su compra y comprobar sus calidades en las siguientes tiendas de sof\u00e1s en la Regi\u00f3n de Murcia.","breadcrumb":{"@id":"https:\/\/www.delsofa.es\/informacion\/tiendas-de-sofas-en-la-region-de-murcia\/#breadcrumb"},"inLanguage":"es","potentialAction":[{"@type":"ReadAction","target":["https:\/\/www.delsofa.es\/informacion\/tiendas-de-sofas-en-la-region-de-murcia\/"]}]},{"@type":"BreadcrumbList","@id":"https:\/\/www.delsofa.es\/informacion\/tiendas-de-sofas-en-la-region-de-murcia\/#breadcrumb","itemListElement":[{"@type":"ListItem","position":1,"name":"Portada","item":"https:\/\/www.delsofa.es\/informacion\/"},{"@type":"ListItem","position":2,"name":"Descubre d\u00f3nde probar y comprar los sof\u00e1s de Delsof\u00e1.es en la Regi\u00f3n de Murcia"}]},{"@type":"Person","@id":"https:\/\/www.delsofa.es\/informacion\/#\/schema\/person\/904d00808e282031a3b11f51524d259c","name":"Inma Molt\u00f3","image":{"@type":"ImageObject","@id":"https:\/\/www.delsofa.es\/informacion\/#personlogo","inLanguage":"es","url":"https:\/\/secure.gravatar.com\/avatar\/6411caf208a31a6dd0c4c353341facb7?s=96&d=mm&r=g","contentUrl":"https:\/\/secure.gravatar.com\/avatar\/6411caf208a31a6dd0c4c353341facb7?s=96&d=mm&r=g","caption":"Inma Molt\u00f3"},"description":"Soy periodista, community manager y formadora en redes sociales. Desde enero de 2013 escribo en el Blog Delsofa y actualmente tambi\u00e9n me encargo de su supervisi\u00f3n. Me encanta todo lo relacionado con la decoraci\u00f3n y el dise\u00f1o. Si quer\u00e9is saber m\u00e1s os dejo mi web: www.periodistasocialmedia.com","sameAs":["http:\/\/www.periodistasocialmedia.com","https:\/\/twitter.com\/http:\/\/www.twitter.com\/inmolber"],"url":"https:\/\/www.delsofa.es\/informacion\/author\/inma\/"}]}},"amp_enabled":true,"_links":{"self":[{"href":"https:\/\/www.delsofa.es\/informacion\/wp-json\/wp\/v2\/posts\/2598"}],"collection":[{"href":"https:\/\/www.delsofa.es\/informacion\/wp-json\/wp\/v2\/posts"}],"about":[{"href":"https:\/\/www.delsofa.es\/informacion\/wp-json\/wp\/v2\/types\/post"}],"author":[{"embeddable":true,"href":"https:\/\/www.delsofa.es\/informacion\/wp-json\/wp\/v2\/users\/3"}],"replies":[{"embeddable":true,"href":"https:\/\/www.delsofa.es\/informacion\/wp-json\/wp\/v2\/comments?post=2598"}],"version-history":[{"count":8,"href":"https:\/\/www.delsofa.es\/informacion\/wp-json\/wp\/v2\/posts\/2598\/revisions"}],"predecessor-version":[{"id":4547,"href":"https:\/\/www.delsofa.es\/informacion\/wp-json\/wp\/v2\/posts\/2598\/revisions\/4547"}],"wp:featuredmedia":[{"embeddable":true,"href":"https:\/\/www.delsofa.es\/informacion\/wp-json\/wp\/v2\/media\/3611"}],"wp:attachment":[{"href":"https:\/\/www.delsofa.es\/informacion\/wp-json\/wp\/v2\/media?parent=2598"}],"wp:term":[{"taxonomy":"category","embeddable":true,"href":"https:\/\/www.delsofa.es\/informacion\/wp-json\/wp\/v2\/categories?post=2598"},{"taxonomy":"post_tag","embeddable":true,"href":"https:\/\/www.delsofa.es\/informacion\/wp-json\/wp\/v2\/tags?post=2598"}],"curies":[{"name":"wp","href":"https:\/\/api.w.org\/{rel}","templated":true}]}}