{"id":2801,"date":"2014-05-05T11:49:48","date_gmt":"2014-05-05T11:49:48","guid":{"rendered":"https:\/\/www.delsofa.es\/informacion\/?p=2801"},"modified":"2017-02-20T09:10:42","modified_gmt":"2017-02-20T09:10:42","slug":"reparar-un-roto-en-el-sofa-de-cuero","status":"publish","type":"post","link":"https:\/\/www.delsofa.es\/informacion\/reparar-un-roto-en-el-sofa-de-cuero\/","title":{"rendered":"C\u00f3mo reparar la tapicer\u00eda de un sof\u00e1 de cuero"},"content":{"rendered":"<p style=\"text-align: justify;\">El cuero es un material noble, natural, cuya textura irradia elegancia. Un material que, con el paso del tiempo, lejos de envejecer, va ganando en belleza, dado que su textura va tomando cuerpo y personalidad; una personalidad que se transmite directamente al mueble, objeto o prenda que acompa\u00f1a. Pero no est\u00e1 exento de posibles roturas. En este post os vamos a explicar c\u00f3mo arreglar la rotura en la tapicer\u00eda de un sof\u00e1 de cuero.<\/p>\n<p style=\"text-align: justify;\"><!--more--><\/p>\n<p style=\"text-align: justify;\">Se trata de un material altamente resistente que, <strong>bien cuidado, puede alargar su vida \u00fatil mucho m\u00e1s que cualquier tela o tapicer\u00eda de otra naturaleza<\/strong>. Es por ello que el cuero ha estado siempre presente de forma habitual en sof\u00e1s y sillones; a los que confiere un toque de distinci\u00f3n y exclusividad \u00fanicos.<\/p>\n<p style=\"text-align: justify;\">Sin embargo, ello no garantiza que los sof\u00e1s tapizados en cuero no sufran desperfectos debido a su uso, o que el desgaste propio del paso del tiempo y el ajetreo diario requiera ciertos cuidados.<\/p>\n<p style=\"text-align: justify;\">No obstante, lejos de lo que cabr\u00eda esperar, <strong>el cuero no es un material excesivamente delicado, o dif\u00edcil de mantener<\/strong>. Incluso es posible reparar f\u00e1cilmente desgarros e incluso rotos. Hoy vamos a ver c\u00f3mo es posible reparar un roto en el cuero, qu\u00e9 recursos existen para ello en el mercado y qu\u00e9 t\u00e9cnicas son las m\u00e1s utilizadas para hacer desaparecer totalmente o en gran parte las roturas y desgarros.<\/p>\n<p style=\"text-align: justify;\">En primer lugar, es importante que conozcamos la existencia de un producto que nos facilitar\u00e1 mucho la vida, y evitar\u00e1 m\u00e1s de un disgusto ante la evidencia de un roto o rasgu\u00f1o en nuestra preciada tapicer\u00eda de cuero. Se trata del <strong>cuero l\u00edquido, una especie de resina compuesta por micropart\u00edculas de cuero natural<\/strong>, que ayudar\u00e1n a rellenar y disimular las imperfecciones de este tejido natural.<\/p>\n<p style=\"text-align: justify;\">En el caso de las grietas o peque\u00f1os agujeros en el cuero, gracias al cuero l\u00edquido, f\u00e1cilmente podremos \u00absanear\u00bb la superficie da\u00f1ada. Es importante que <strong>apliquemos este producto con precisi\u00f3n, de forma gradual<\/strong>, con el fin de que penetre paulatinamente en la zona a tratar y consigamos reparar totalmente este \u00e1rea. Si el agujero o desgarro es profundo, ser\u00e1 necesario realizar la aplicaci\u00f3n en fases, esperando 2 horas entre cada capa de cuero l\u00edquido, con el fin de que se seque y sirva de base para la nueva capa de producto. De este modo garantizaremos un resultado \u00f3ptimo.<\/p>\n<p><a href=\"https:\/\/www.delsofa.es\/informacion\/wp-content\/uploads\/2014\/05\/estionia.jpg\"><img decoding=\"async\" loading=\"lazy\" class=\"aligncenter wp-image-4603 size-full\" src=\"https:\/\/www.delsofa.es\/informacion\/wp-content\/uploads\/2014\/05\/estionia.jpg\" alt=\"sof\u00e1 de cuero\" width=\"600\" height=\"300\" srcset=\"https:\/\/www.delsofa.es\/informacion\/wp-content\/uploads\/2014\/05\/estionia.jpg 600w, https:\/\/www.delsofa.es\/informacion\/wp-content\/uploads\/2014\/05\/estionia-300x150.jpg 300w, https:\/\/www.delsofa.es\/informacion\/wp-content\/uploads\/2014\/05\/estionia-500x250.jpg 500w\" sizes=\"(max-width: 600px) 100vw, 600px\" \/><\/a><\/p>\n<p style=\"text-align: justify;\">Si el problema al que nos enfrentamos es <strong>un roto<\/strong>\u00a0<strong>sin la posibilidad de unir los extremos, el procedimiento a seguir es diferente<\/strong>. En primer lugar es necesario a\u00f1adir la parte de cuero que falta. Para ello nos podemos servir, bien de un trozo del mismo cuero, extra\u00eddo de una parte no visible del sof\u00e1, o bien de cualquier otro tipo de cuero, preferiblemente que sea de un tono neutro, o muy similar al del cuero original. Este nuevo trozo podemos coserlo al roto del sof\u00e1, o bien adherirlo mediante un pegamento especial para cuero. Si nos decantamos por este \u00faltimo recurso, ser\u00e1 necesario limpiar bien la zona con un producto desengrasante especial para cuero y dejar secar.<\/p>\n<p style=\"text-align: justify;\">Una vez a\u00f1adido el trozo nuevo de cuero, el siguiente paso ser\u00e1 <strong>disimular los bordes recurriendo a nuestro producto estrella, el cuero l\u00edquido<\/strong>, de tal modo que se disimule por completo las uniones fruto de la reparaci\u00f3n de la rotura. Si este nuevo trozo es de un color distinto al del sof\u00e1, ser\u00e1 necesario tintarlo del mismo tono que el resto.<\/p>\n<p style=\"text-align: justify;\">Os recordamos que tambi\u00e9n pod\u00e9is acudir a vuestro tapicero de confianza que dejar\u00e1 vuestro sof\u00e1 como nuevo. Si necesit\u00e1is consejo pod\u00e9is <strong>llamar totalmente gratis a nuestro tel\u00e9fono de atenci\u00f3n al cliente 900.701.086<\/strong>. Nuestros expertos en tapicer\u00eda os ayudar\u00e1n encantados.<\/p>\n<p>&nbsp;<\/p>\n","protected":false},"excerpt":{"rendered":"<p>El cuero es un material noble, natural, cuya textura irradia elegancia. Un material que, con el paso del tiempo, lejos de envejecer, va ganando en belleza, dado que su textura va tomando cuerpo y personalidad; una personalidad que se transmite &hellip; <a href=\"https:\/\/www.delsofa.es\/informacion\/reparar-un-roto-en-el-sofa-de-cuero\/\">Sigue leyendo <span class=\"meta-nav\">&rarr;<\/span><\/a><\/p>\n","protected":false},"author":10,"featured_media":0,"comment_status":"open","ping_status":"open","sticky":false,"template":"","format":"standard","meta":[],"categories":[359,37,60],"tags":[948,947,945,943,944,236,946],"yoast_head":"<!-- This site is optimized with the Yoast SEO plugin v18.6 - https:\/\/yoast.com\/wordpress\/plugins\/seo\/ -->\n<title>C\u00f3mo reparar la tapicer\u00eda de un sof\u00e1 de cuero<\/title>\n<meta name=\"description\" content=\"Si la tapicer\u00eda de vuestro sof\u00e1 de cuero est\u00e1 rota no os perd\u00e1is este post en el que os explicamos c\u00f3mo repararla.\" \/>\n<meta name=\"robots\" content=\"index, follow, max-snippet:-1, max-image-preview:large, max-video-preview:-1\" \/>\n<link rel=\"canonical\" href=\"https:\/\/www.delsofa.es\/informacion\/reparar-un-roto-en-el-sofa-de-cuero\/\" \/>\n<meta name=\"twitter:card\" content=\"summary_large_image\" \/>\n<meta name=\"twitter:title\" content=\"C\u00f3mo reparar la tapicer\u00eda de un sof\u00e1 de cuero\" \/>\n<meta name=\"twitter:description\" content=\"Si la tapicer\u00eda de vuestro sof\u00e1 de cuero est\u00e1 rota no os perd\u00e1is este post en el que os explicamos c\u00f3mo repararla.\" \/>\n<meta name=\"twitter:image\" content=\"https:\/\/www.delsofa.es\/informacion\/wp-content\/uploads\/2014\/05\/estionia.jpg\" \/>\n<meta name=\"twitter:creator\" content=\"@https:\/\/twitter.com\/karimesan\" \/>\n<meta name=\"twitter:site\" content=\"@delsofaES\" \/>\n<meta name=\"twitter:label1\" content=\"Escrito por\" \/>\n\t<meta name=\"twitter:data1\" content=\"Carmen Santo\" \/>\n\t<meta name=\"twitter:label2\" content=\"Tiempo de lectura\" \/>\n\t<meta name=\"twitter:data2\" content=\"3 minutos\" \/>\n<script type=\"application\/ld+json\" class=\"yoast-schema-graph\">{\"@context\":\"https:\/\/schema.org\",\"@graph\":[{\"@type\":\"WebSite\",\"@id\":\"https:\/\/www.delsofa.es\/informacion\/#website\",\"url\":\"https:\/\/www.delsofa.es\/informacion\/\",\"name\":\"\",\"description\":\"\",\"potentialAction\":[{\"@type\":\"SearchAction\",\"target\":{\"@type\":\"EntryPoint\",\"urlTemplate\":\"https:\/\/www.delsofa.es\/informacion\/?s={search_term_string}\"},\"query-input\":\"required name=search_term_string\"}],\"inLanguage\":\"es\"},{\"@type\":\"ImageObject\",\"@id\":\"https:\/\/www.delsofa.es\/informacion\/reparar-un-roto-en-el-sofa-de-cuero\/#primaryimage\",\"inLanguage\":\"es\",\"url\":\"https:\/\/www.delsofa.es\/informacion\/wp-content\/uploads\/2014\/05\/estionia.jpg\",\"contentUrl\":\"https:\/\/www.delsofa.es\/informacion\/wp-content\/uploads\/2014\/05\/estionia.jpg\",\"width\":600,\"height\":300},{\"@type\":\"WebPage\",\"@id\":\"https:\/\/www.delsofa.es\/informacion\/reparar-un-roto-en-el-sofa-de-cuero\/#webpage\",\"url\":\"https:\/\/www.delsofa.es\/informacion\/reparar-un-roto-en-el-sofa-de-cuero\/\",\"name\":\"C\u00f3mo reparar la tapicer\u00eda de un sof\u00e1 de cuero\",\"isPartOf\":{\"@id\":\"https:\/\/www.delsofa.es\/informacion\/#website\"},\"primaryImageOfPage\":{\"@id\":\"https:\/\/www.delsofa.es\/informacion\/reparar-un-roto-en-el-sofa-de-cuero\/#primaryimage\"},\"datePublished\":\"2014-05-05T11:49:48+00:00\",\"dateModified\":\"2017-02-20T09:10:42+00:00\",\"author\":{\"@id\":\"https:\/\/www.delsofa.es\/informacion\/#\/schema\/person\/e8b966e5778ff0f60831b82e0d35a297\"},\"description\":\"Si la tapicer\u00eda de vuestro sof\u00e1 de cuero est\u00e1 rota no os perd\u00e1is este post en el que os explicamos c\u00f3mo repararla.\",\"breadcrumb\":{\"@id\":\"https:\/\/www.delsofa.es\/informacion\/reparar-un-roto-en-el-sofa-de-cuero\/#breadcrumb\"},\"inLanguage\":\"es\",\"potentialAction\":[{\"@type\":\"ReadAction\",\"target\":[\"https:\/\/www.delsofa.es\/informacion\/reparar-un-roto-en-el-sofa-de-cuero\/\"]}]},{\"@type\":\"BreadcrumbList\",\"@id\":\"https:\/\/www.delsofa.es\/informacion\/reparar-un-roto-en-el-sofa-de-cuero\/#breadcrumb\",\"itemListElement\":[{\"@type\":\"ListItem\",\"position\":1,\"name\":\"Portada\",\"item\":\"https:\/\/www.delsofa.es\/informacion\/\"},{\"@type\":\"ListItem\",\"position\":2,\"name\":\"C\u00f3mo reparar la tapicer\u00eda de un sof\u00e1 de cuero\"}]},{\"@type\":\"Person\",\"@id\":\"https:\/\/www.delsofa.es\/informacion\/#\/schema\/person\/e8b966e5778ff0f60831b82e0d35a297\",\"name\":\"Carmen Santo\",\"image\":{\"@type\":\"ImageObject\",\"@id\":\"https:\/\/www.delsofa.es\/informacion\/#personlogo\",\"inLanguage\":\"es\",\"url\":\"https:\/\/secure.gravatar.com\/avatar\/ed494de04c6901a10da67638da1c8e60?s=96&d=mm&r=g\",\"contentUrl\":\"https:\/\/secure.gravatar.com\/avatar\/ed494de04c6901a10da67638da1c8e60?s=96&d=mm&r=g\",\"caption\":\"Carmen Santo\"},\"description\":\"Consultora de Branding Personal. Social Media Manager y gesti\u00f3n de la Reputaci\u00f3n Online. Publicista y Periodista de formaci\u00f3n, profesional de la comunicaci\u00f3n por vocaci\u00f3n. Me apasiona la decoraci\u00f3n y he encontrado en este blog una oportunidad para mostrar mi visi\u00f3n particular y aprender con grandes profesionales del sector. M\u00e1s sobre mi trabajo en carmensanto.es\",\"sameAs\":[\"http:\/\/carmensanto.es\/\",\"https:\/\/www.facebook.com\/carmensanto.karimesan\",\"http:\/\/www.linkedin.com\/in\/carmensanto\",\"https:\/\/twitter.com\/https:\/\/twitter.com\/karimesan\"],\"url\":\"https:\/\/www.delsofa.es\/informacion\/author\/carmen\/\"}]}<\/script>\n<!-- \/ Yoast SEO plugin. -->","yoast_head_json":{"title":"C\u00f3mo reparar la tapicer\u00eda de un sof\u00e1 de cuero","description":"Si la tapicer\u00eda de vuestro sof\u00e1 de cuero est\u00e1 rota no os perd\u00e1is este post en el que os explicamos c\u00f3mo repararla.","robots":{"index":"index","follow":"follow","max-snippet":"max-snippet:-1","max-image-preview":"max-image-preview:large","max-video-preview":"max-video-preview:-1"},"canonical":"https:\/\/www.delsofa.es\/informacion\/reparar-un-roto-en-el-sofa-de-cuero\/","twitter_card":"summary_large_image","twitter_title":"C\u00f3mo reparar la tapicer\u00eda de un sof\u00e1 de cuero","twitter_description":"Si la tapicer\u00eda de vuestro sof\u00e1 de cuero est\u00e1 rota no os perd\u00e1is este post en el que os explicamos c\u00f3mo repararla.","twitter_image":"https:\/\/www.delsofa.es\/informacion\/wp-content\/uploads\/2014\/05\/estionia.jpg","twitter_creator":"@https:\/\/twitter.com\/karimesan","twitter_site":"@delsofaES","twitter_misc":{"Escrito por":"Carmen Santo","Tiempo de lectura":"3 minutos"},"schema":{"@context":"https:\/\/schema.org","@graph":[{"@type":"WebSite","@id":"https:\/\/www.delsofa.es\/informacion\/#website","url":"https:\/\/www.delsofa.es\/informacion\/","name":"","description":"","potentialAction":[{"@type":"SearchAction","target":{"@type":"EntryPoint","urlTemplate":"https:\/\/www.delsofa.es\/informacion\/?s={search_term_string}"},"query-input":"required name=search_term_string"}],"inLanguage":"es"},{"@type":"ImageObject","@id":"https:\/\/www.delsofa.es\/informacion\/reparar-un-roto-en-el-sofa-de-cuero\/#primaryimage","inLanguage":"es","url":"https:\/\/www.delsofa.es\/informacion\/wp-content\/uploads\/2014\/05\/estionia.jpg","contentUrl":"https:\/\/www.delsofa.es\/informacion\/wp-content\/uploads\/2014\/05\/estionia.jpg","width":600,"height":300},{"@type":"WebPage","@id":"https:\/\/www.delsofa.es\/informacion\/reparar-un-roto-en-el-sofa-de-cuero\/#webpage","url":"https:\/\/www.delsofa.es\/informacion\/reparar-un-roto-en-el-sofa-de-cuero\/","name":"C\u00f3mo reparar la tapicer\u00eda de un sof\u00e1 de cuero","isPartOf":{"@id":"https:\/\/www.delsofa.es\/informacion\/#website"},"primaryImageOfPage":{"@id":"https:\/\/www.delsofa.es\/informacion\/reparar-un-roto-en-el-sofa-de-cuero\/#primaryimage"},"datePublished":"2014-05-05T11:49:48+00:00","dateModified":"2017-02-20T09:10:42+00:00","author":{"@id":"https:\/\/www.delsofa.es\/informacion\/#\/schema\/person\/e8b966e5778ff0f60831b82e0d35a297"},"description":"Si la tapicer\u00eda de vuestro sof\u00e1 de cuero est\u00e1 rota no os perd\u00e1is este post en el que os explicamos c\u00f3mo repararla.","breadcrumb":{"@id":"https:\/\/www.delsofa.es\/informacion\/reparar-un-roto-en-el-sofa-de-cuero\/#breadcrumb"},"inLanguage":"es","potentialAction":[{"@type":"ReadAction","target":["https:\/\/www.delsofa.es\/informacion\/reparar-un-roto-en-el-sofa-de-cuero\/"]}]},{"@type":"BreadcrumbList","@id":"https:\/\/www.delsofa.es\/informacion\/reparar-un-roto-en-el-sofa-de-cuero\/#breadcrumb","itemListElement":[{"@type":"ListItem","position":1,"name":"Portada","item":"https:\/\/www.delsofa.es\/informacion\/"},{"@type":"ListItem","position":2,"name":"C\u00f3mo reparar la tapicer\u00eda de un sof\u00e1 de cuero"}]},{"@type":"Person","@id":"https:\/\/www.delsofa.es\/informacion\/#\/schema\/person\/e8b966e5778ff0f60831b82e0d35a297","name":"Carmen Santo","image":{"@type":"ImageObject","@id":"https:\/\/www.delsofa.es\/informacion\/#personlogo","inLanguage":"es","url":"https:\/\/secure.gravatar.com\/avatar\/ed494de04c6901a10da67638da1c8e60?s=96&d=mm&r=g","contentUrl":"https:\/\/secure.gravatar.com\/avatar\/ed494de04c6901a10da67638da1c8e60?s=96&d=mm&r=g","caption":"Carmen Santo"},"description":"Consultora de Branding Personal. Social Media Manager y gesti\u00f3n de la Reputaci\u00f3n Online. Publicista y Periodista de formaci\u00f3n, profesional de la comunicaci\u00f3n por vocaci\u00f3n. Me apasiona la decoraci\u00f3n y he encontrado en este blog una oportunidad para mostrar mi visi\u00f3n particular y aprender con grandes profesionales del sector. M\u00e1s sobre mi trabajo en carmensanto.es","sameAs":["http:\/\/carmensanto.es\/","https:\/\/www.facebook.com\/carmensanto.karimesan","http:\/\/www.linkedin.com\/in\/carmensanto","https:\/\/twitter.com\/https:\/\/twitter.com\/karimesan"],"url":"https:\/\/www.delsofa.es\/informacion\/author\/carmen\/"}]}},"amp_enabled":true,"_links":{"self":[{"href":"https:\/\/www.delsofa.es\/informacion\/wp-json\/wp\/v2\/posts\/2801"}],"collection":[{"href":"https:\/\/www.delsofa.es\/informacion\/wp-json\/wp\/v2\/posts"}],"about":[{"href":"https:\/\/www.delsofa.es\/informacion\/wp-json\/wp\/v2\/types\/post"}],"author":[{"embeddable":true,"href":"https:\/\/www.delsofa.es\/informacion\/wp-json\/wp\/v2\/users\/10"}],"replies":[{"embeddable":true,"href":"https:\/\/www.delsofa.es\/informacion\/wp-json\/wp\/v2\/comments?post=2801"}],"version-history":[{"count":11,"href":"https:\/\/www.delsofa.es\/informacion\/wp-json\/wp\/v2\/posts\/2801\/revisions"}],"predecessor-version":[{"id":4605,"href":"https:\/\/www.delsofa.es\/informacion\/wp-json\/wp\/v2\/posts\/2801\/revisions\/4605"}],"wp:attachment":[{"href":"https:\/\/www.delsofa.es\/informacion\/wp-json\/wp\/v2\/media?parent=2801"}],"wp:term":[{"taxonomy":"category","embeddable":true,"href":"https:\/\/www.delsofa.es\/informacion\/wp-json\/wp\/v2\/categories?post=2801"},{"taxonomy":"post_tag","embeddable":true,"href":"https:\/\/www.delsofa.es\/informacion\/wp-json\/wp\/v2\/tags?post=2801"}],"curies":[{"name":"wp","href":"https:\/\/api.w.org\/{rel}","templated":true}]}}