{"id":2806,"date":"2014-04-30T10:02:47","date_gmt":"2014-04-30T10:02:47","guid":{"rendered":"https:\/\/www.delsofa.es\/informacion\/?p=2806"},"modified":"2014-04-30T10:02:47","modified_gmt":"2014-04-30T10:02:47","slug":"salones-de-estilo-naif-una-decoracion-dulce-que-evoca-la-infancia","status":"publish","type":"post","link":"https:\/\/www.delsofa.es\/informacion\/salones-de-estilo-naif-una-decoracion-dulce-que-evoca-la-infancia\/","title":{"rendered":"Salones de estilo naif: una decoraci\u00f3n dulce y alegre"},"content":{"rendered":"<p align=\"justify\">Lo naif est\u00e1 cada vez m\u00e1s presente en las decoraciones modernas. Si tuvi\u00e9ramos que definirlo en cuatro adjetivos, dir\u00edamos: dulce, suave, inocente, infantil. Al igual que en el estilo pict\u00f3rico de origen franc\u00e9s, <strong>la decoraci\u00f3n naif se caracteriza por una absoluta independencia y espontaneidad<\/strong>. En los salones, todo se construye tal y como dicta el coraz\u00f3n, sin imposiciones externas, ni fidelidad a viejos patrones.<\/p>\n<p align=\"justify\">Si queremos hacer un sal\u00f3n con toques naif, hemos de dejar vagar libremente la imaginaci\u00f3n y decorar los muebles de forma caprichosa, como lo har\u00eda\u00a0un ni\u00f1o o una ni\u00f1a peque\u00f1a. <strong>Usando colores alegres y pastel, jugando con los contrastes, colocando toda clase de detalles y ocurrencias en las paredes y los muebles<\/strong>. Queremos evocar la infancia a trav\u00e9s de un estilo individualista y simple, sin pretensiones.<\/p>\n<p align=\"justify\">En este art\u00edculo vamos a dar algunas pinceladas sobre lo <strong>qu\u00e9 significa tener un sal\u00f3n de estilo naif\u00a0<\/strong>y c\u00f3mo puedes crear uno. Si tienes un coraz\u00f3n de artista y te gusta experimentar, seguramente quedar\u00e1s prisionero de esta forma liberal de decorar un sal\u00f3n.<\/p>\n<p style=\"text-align: justify;\"><span style=\"font-size: 120%; color: #993366;\">\u00bfQu\u00e9 es un sal\u00f3n naif?<\/span><\/p>\n<p align=\"justify\">Naif proviene del t\u00e9rmino franc\u00e9s na\u00eff\u00a0que puede traducirse como \u00abingenuo\u00bb o \u00absimple\u00bb. De modo que, en la decoraci\u00f3n de tu sal\u00f3n, deber\u00e1 apreciarse un<strong> car\u00e1cter inocente y generalmente femenino<\/strong>. Muchas veces, asociamos este tipo de decoraci\u00f3n con las habitaciones de los ni\u00f1os, salones de boda o algunas cafeter\u00edas vanguardistas. Sin embargo, puede aplicarse a multitud de espacios.<\/p>\n<p align=\"justify\">Como una imagen vale m\u00e1s que mil palabras, podemos apreciar este ambiente en el sal\u00f3n que nos ense\u00f1a <a title=\"sal\u00f3n de estilo na\u00eff\" href=\"http:\/\/www.estiloydeco.com\/estilo-naif-la-belleza-de-la-inocencia\/\" target=\"_blank\">Estilo y deco<\/a>.<\/p>\n<p><img decoding=\"async\" loading=\"lazy\" class=\"aligncenter wp-image-2808 size-full\" title=\"Sal\u00f3n de estilo naif\" src=\"https:\/\/www.delsofa.es\/informacion\/wp-content\/uploads\/2014\/04\/sal\u00f3n-naif-1.jpg\" alt=\"Sal\u00f3n de ambiente na\u00eff\" width=\"425\" height=\"283\" srcset=\"https:\/\/www.delsofa.es\/informacion\/wp-content\/uploads\/2014\/04\/sal\u00f3n-naif-1.jpg 425w, https:\/\/www.delsofa.es\/informacion\/wp-content\/uploads\/2014\/04\/sal\u00f3n-naif-1-300x199.jpg 300w\" sizes=\"(max-width: 425px) 100vw, 425px\" \/><\/p>\n<p align=\"justify\">Si te fijas, abundan los colores vivos y alegres en todo el conjunto. Pero quiz\u00e1s lo m\u00e1s puro, <strong>lo m\u00e1s caracter\u00edstico del estilo naif<\/strong>, es el cuadro del fondo, en el que se simula una pintura infantil\u00a0de un paisaje figurativo. Tambi\u00e9n, en el taburete que hay junto al sill\u00f3n negro, se puede reconocer un mu\u00f1eco de adorno que representa un payaso o un danzar\u00edn.<\/p>\n<p align=\"justify\">La est\u00e9tica de este entorno, simple, inocente, refleja una forma de decoraci\u00f3n que resulta placentera para el que se sienta a disfrutar de una velada en el sal\u00f3n. Los colores (blanco, lila, negro, amarillo, azul turquesa&#8230;) <strong>reflejan con elegancia un juego de contrastes<\/strong> en el que, sin embargo, no hay nada que resulte violento y todo parece transmitir calma y sosiego. Veamos qu\u00e9 colores son los m\u00e1s adecuados.<\/p>\n<p style=\"text-align: justify;\"><span style=\"font-size: 120%; color: #993366;\">Los colores y texturas del estilo naif<\/span><\/p>\n<p align=\"justify\">En lo naif, nos gusta lo que les gusta a los ni\u00f1os: el az\u00facar. Tu sal\u00f3n tiene que parecer un pastel de crema. Es decir, que al entrar por la puerta casi pueda saborearse un aire dulce. <strong>Los colores oscuros deben quedar relegados a un segundo plano<\/strong>, o incluso, en algunos casos, desaparecer completamente.<\/p>\n<p align=\"justify\">Por tanto, usaremos colores como <strong>el lila, el rosa, el verde jade, el beige, el azul turquesa<\/strong> y otros por el estilo. Si son tonos brillantes, mejor que mejor. Y no necesariamente tenemos que buscar una armon\u00eda perfecta. En lo naif, tambi\u00e9n se aprecia a veces la b\u00fasqueda del contraste entre el blanco y alg\u00fan tono pastel, tratando de simular el aspecto de una tarta.<\/p>\n<p align=\"justify\">No tenemos por qu\u00e9 apostar siempre por estilos uniformes, pero s\u00ed es importante que sean de tonos suaves. F\u00edjemonos en la rica variedad de coloridos que pueden encontrarse en este estilo con las im\u00e1genes que publican en <a title=\"salones de aire na\u00eff\" href=\"http:\/\/www.guiaparadecorar.com\/interiores-magicos-y-delicados-en-tonos-pastel\/\" target=\"_blank\">Gu\u00eda para decorar<\/a><\/p>\n<p align=\"justify\"><img decoding=\"async\" loading=\"lazy\" class=\"aligncenter wp-image-2814 size-full\" title=\"Decoraci\u00f3n naif en tono pastel\" src=\"https:\/\/www.delsofa.es\/informacion\/wp-content\/uploads\/2014\/04\/salon-naif-3.jpg\" alt=\"Decoraci\u00f3n dulce\" width=\"480\" height=\"659\" srcset=\"https:\/\/www.delsofa.es\/informacion\/wp-content\/uploads\/2014\/04\/salon-naif-3.jpg 480w, https:\/\/www.delsofa.es\/informacion\/wp-content\/uploads\/2014\/04\/salon-naif-3-218x300.jpg 218w\" sizes=\"(max-width: 480px) 100vw, 480px\" \/><\/p>\n<p style=\"text-align: justify;\"><span style=\"font-size: 120%; color: #993366;\">\u00bfC\u00f3mo deben ser los muebles de un sal\u00f3n naif?<\/span><\/p>\n<p align=\"justify\">Si los colores han de ser vivos y dulces, tambi\u00e9n los muebles deber\u00edan reflejar ese esp\u00edritu. <strong>El estilo del mobiliario m\u00e1s parecido al naif es el rom\u00e1ntico y el <em>shabby chic<\/em><\/strong>, aunque suelen utilizarse muebles modernos en tonos blancos y pastel; cajoneras, estanter\u00edas, mesas de colores, etc. Lo importante, es que ning\u00fan mueble de la sala revele un aire robusto y agresivo. F\u00edjate en el aire sencillo y simple de los muebles de este sal\u00f3n:<\/p>\n<p align=\"justify\"><img decoding=\"async\" loading=\"lazy\" class=\"aligncenter wp-image-2815 size-full\" title=\"Muebles sencillos y dulces de estilo naif\" src=\"https:\/\/www.delsofa.es\/informacion\/wp-content\/uploads\/2014\/04\/muebles-naif.jpg\" alt=\"Sal\u00f3n de estilo naif\" width=\"480\" height=\"642\" srcset=\"https:\/\/www.delsofa.es\/informacion\/wp-content\/uploads\/2014\/04\/muebles-naif.jpg 480w, https:\/\/www.delsofa.es\/informacion\/wp-content\/uploads\/2014\/04\/muebles-naif-224x300.jpg 224w\" sizes=\"(max-width: 480px) 100vw, 480px\" \/><\/p>\n<p align=\"justify\">Sin embargo, los muebles no deben dar una imagen de monoton\u00eda, sino de optimismo y alegr\u00eda. <strong>Hay muebles que pueden evocar cierto<\/strong> <strong>aire nost\u00e1lgico<\/strong>; por ejemplo, las mesas de colores, los taburetes de tipo infantil o las sillas peque\u00f1as. Los sof\u00e1s y sillones se pueden decorar perfectamente con telas de colores dulces, o bien simplemente <strong>a\u00f1adir muchos cojines con tonos florales y pasteles<\/strong>. Un ejemplo interesante lo tenemos en las telas de estos cojines que vemos en la web de la Feria\u00a0<a title=\"cojines na\u00eff\" href=\"http:\/\/www.expohogarb2b.es\/n-\/631\/estilo-naif-un-toque-de-dulzura-para-tu-hogar\" target=\"_blank\">Expohogar<\/a>.<\/p>\n<p align=\"justify\"><img decoding=\"async\" loading=\"lazy\" class=\"aligncenter wp-image-2809 size-full\" title=\"Cojines florales naif\" src=\"https:\/\/www.delsofa.es\/informacion\/wp-content\/uploads\/2014\/04\/cojines-naif.jpg\" alt=\"Colores y texturas na\u00eff\" width=\"520\" height=\"374\" srcset=\"https:\/\/www.delsofa.es\/informacion\/wp-content\/uploads\/2014\/04\/cojines-naif.jpg 520w, https:\/\/www.delsofa.es\/informacion\/wp-content\/uploads\/2014\/04\/cojines-naif-300x215.jpg 300w, https:\/\/www.delsofa.es\/informacion\/wp-content\/uploads\/2014\/04\/cojines-naif-417x300.jpg 417w\" sizes=\"(max-width: 520px) 100vw, 520px\" \/><\/p>\n<p align=\"justify\">En cuanto a las l\u00e1mparas, se trata de un elemento importante en la decoraci\u00f3n naif. No tienen que ser grandes ni sofisticadas; pero s\u00ed suelen ser <strong>l\u00e1mparas de colores con todo tipo de detalles<\/strong>, en los que se aprecia la adolescencia y la candidez.<\/p>\n<p style=\"text-align: justify;\"><span style=\"font-size: 120%; color: #993366;\">\u00bfC\u00f3mo decorar las paredes?<\/span><\/p>\n<p align=\"justify\">Manteni\u00e9ndonos fieles a los colores predominantes de la sala, hay diversas tendencias para decorar la pared de un sal\u00f3n de aire naif. Lo importante, es que el resultado final sea <strong>un sal\u00f3n con mucha luz, donde se aprecie la riqueza visual de un colorido simple a la vez que ingenioso<\/strong>, como por ejemplo en este fondo del blog\u00a0<a title=\"Decoraci\u00f3n con pared na\u00eff\" href=\"http:\/\/www.decoratrix.com\/papel-pintado-para-paredes-con-personalidad\/\" target=\"_blank\">Decoratrix<\/a>:<\/p>\n<p align=\"justify\"><img decoding=\"async\" loading=\"lazy\" class=\"aligncenter wp-image-2818 size-full\" title=\"Pared en tono azul natural de estilo naif\" src=\"https:\/\/www.delsofa.es\/informacion\/wp-content\/uploads\/2014\/04\/fondo-na\u00eff.jpg\" alt=\"Sal\u00f3n simple y natural\" width=\"510\" height=\"762\" srcset=\"https:\/\/www.delsofa.es\/informacion\/wp-content\/uploads\/2014\/04\/fondo-na\u00eff.jpg 510w, https:\/\/www.delsofa.es\/informacion\/wp-content\/uploads\/2014\/04\/fondo-na\u00eff-200x300.jpg 200w\" sizes=\"(max-width: 510px) 100vw, 510px\" \/><\/p>\n<p align=\"justify\">Veamos algunas opciones que tienes:<\/p>\n<ul>\n<li>\n<p align=\"justify\"><strong>Paredes a rayas. <\/strong>En la variedad crom\u00e1tica est\u00e1 la alegr\u00eda del color. Para huir de la monoton\u00eda, podemos crear una pared con rayas verticales u horizontales, mezclando el blanco con alg\u00fan color alegre y vistoso.<\/p>\n<\/li>\n<\/ul>\n<ul>\n<li>\n<p align=\"justify\"><strong>Pared con vinilos. <\/strong>Los vinilos son una tendencia arraigada en el arte naif y en la decoraci\u00f3n de salones es un recurso muy socorrido, ya que pueden darle un toque atrevido y diferente.<\/p>\n<\/li>\n<\/ul>\n<ul>\n<li>\n<p align=\"justify\"><strong>Paredes con detalles. <\/strong>Si no queremos poner vinilos en la pared, hay otras opciones que le dar\u00e1n el toque especial que deseamos. Imprescindible en el mundo naif son los cuadros, pero tambi\u00e9n puede resultar ocurrente colocar alg\u00fan tipo de adorno.<\/p>\n<\/li>\n<\/ul>\n<ul>\n<li>\n<p align=\"justify\"><strong>Papel pintado. <\/strong>Si no se pinta la sala y tampoco se colocan vinilos, lo suyo es colocar papel pintado con estampados florales. No es tan t\u00edpico de este estilo, pero puede servir al mismo prop\u00f3sito.<\/p>\n<\/li>\n<\/ul>\n<p style=\"text-align: justify;\"><span style=\"font-size: 120%; color: #993366;\">Los detalles, la esencia de lo naif<\/span><\/p>\n<p align=\"justify\">Llegamos al punto fuerte de un sal\u00f3n de estas caracter\u00edsticas. F\u00e1cilmente, se puede transformar cualquier sal\u00f3n de tonos suaves a\u00f1adi\u00e9ndole peque\u00f1os detalles naif, que son la verdadera esencia de este tipo de decoraci\u00f3n.<\/p>\n<p align=\"justify\">Un sal\u00f3n naif nunca ser\u00e1 lo mismo si no tiene alguna decoraci\u00f3n pict\u00f3rica. Ya sea un gran cuadro encima del sof\u00e1, o peque\u00f1os cuadritos distribuidos elegantemente por la pared, <strong>sin im\u00e1genes no se puede<\/strong> <strong>apreciar la esencia de lo naif<\/strong>. Muchas veces, son los cuadros figurativos, con motivos de ciudades, flores o personajes, los que nos muestran que estamos ante este tipo de salones. Hay diversas galer\u00edas de arte en Internet donde se puede comprar este tipo de arte. F\u00edjate por ejemplo en esta imagen de Duna Decoraci\u00f3n.<\/p>\n<p align=\"justify\"><img decoding=\"async\" loading=\"lazy\" class=\"aligncenter wp-image-2813 size-full\" title=\"Cuadro de flores de arte naif\" src=\"https:\/\/www.delsofa.es\/informacion\/wp-content\/uploads\/2014\/04\/cuadro-naive.png\" alt=\"Decoraci\u00f3n na\u00eff\" width=\"584\" height=\"438\" srcset=\"https:\/\/www.delsofa.es\/informacion\/wp-content\/uploads\/2014\/04\/cuadro-naive.png 584w, https:\/\/www.delsofa.es\/informacion\/wp-content\/uploads\/2014\/04\/cuadro-naive-300x225.png 300w, https:\/\/www.delsofa.es\/informacion\/wp-content\/uploads\/2014\/04\/cuadro-naive-400x300.png 400w\" sizes=\"(max-width: 584px) 100vw, 584px\" \/>Pero los cuadros no son los \u00fanicos detalles que crear\u00e1n un ambiente naif. Aqu\u00ed te ense\u00f1amos otros <strong>elementos muy t\u00edpicos con los que puedes enriquecer la sala<\/strong> para darle un aspecto detallista y cuidadoso.<\/p>\n<ul>\n<li>\n<p align=\"justify\"><strong>Corazones de mimbre. <\/strong>El coraz\u00f3n hace referencia al amor; nada m\u00e1s ingenuo, plat\u00f3nico e inocente. Los adornos de mimbre en forma de coraz\u00f3n colgando de la pared se han puesto muy de moda. Usando varios corazones, se puede hacer un dise\u00f1o original y curioso que le d\u00e9 el toque deseado.<\/p>\n<\/li>\n<\/ul>\n<ul>\n<li>\n<p align=\"&quot;justify\"><strong>Adornos y m\u00e1s adornos. <\/strong>Las figuras son otro elemento caracter\u00edstico de lo naif. No se trata de poner adornos al uso, sino de figuras de arte naif, que posean un aire muy infantil. Se trata de un sustituto de las estatuillas y tienen un aspecto parecido al de los belenes, aunque en diferentes tama\u00f1os.<\/p>\n<\/li>\n<\/ul>\n<ul>\n<li>\n<p align=\"justify\"><strong>Farolillos tipo jaula. <\/strong>Los farolillos ornamentales, que tanto se utilizan en las bodas, tambi\u00e9n son un adorno ideal para este tipo de salones. Pueden utilizarse como continente de flores y una forma original y curiosa de dar elegancia a cualquier rinc\u00f3n.<\/p>\n<\/li>\n<\/ul>\n<ul>\n<li>\n<p align=\"justify\"><strong>Portaretratos vintage. <\/strong>Otro de los elementos que tambi\u00e9n se aprecia en los salones naif son los retratos. Colocar fotos de familia, retratos en sepia de los abuelos o cualquier tipo de foto entra\u00f1able le dar\u00e1 ese toque tierno que acompa\u00f1a la atm\u00f3sfera de estos salones.<\/p>\n<\/li>\n<\/ul>\n<ul>\n<li>\n<p align=\"justify\"><strong>Jarrones con flores. <\/strong>Por \u00faltimo, las flores son otro elemento que no pueden faltar; son s\u00edmbolo evidente de la inocencia. Margaritas, camelias, incluso rosas, ayudar\u00e1n a conformar una sala que se caracterice por la pulcritud, el preciosismo y la evocaci\u00f3n de la infancia.<\/p>\n<\/li>\n<\/ul>\n<p style=\"text-align: justify;\"><span style=\"font-size: 120%; color: #993366;\">En conclusi\u00f3n<\/span><\/p>\n<p align=\"justify\">Si quieres darle un toque naif a tu sal\u00f3n, <strong>debes dar rienda suelta a tu imaginaci\u00f3n<\/strong>. Piensa en todo aquello que pueda resultar preciosista, con un aire rom\u00e1ntico, y m\u00e9zclalo con muebles que resulten sencillos, tiernos, dulces. Lo que en una decoraci\u00f3n de otro estilo podr\u00edamos considerar superfluo o un capricho decorativo, en este tipo de salones queda muy bien. No hay por qu\u00e9 incluir todos los detalles que te hemos se\u00f1alado en el apartado anterior; son s\u00f3lo recursos y recomendaciones que te pueden ayudar.<\/p>\n<p align=\"justify\">Algunos salones tienen un aire muy minimalista y apuestan por el\u00a0arte naif, colocando un mural en la pared o un gran cuadro de una galer\u00eda de arte. Otros se parecen mucho a un sal\u00f3n rom\u00e1ntico, pero con un aire m\u00e1s moderno. Lo importante, es que <strong>inspire un ostensible gusto por lo simple<\/strong>: el dibujo y la figura de trazado infantil, unidos a una gama crom\u00e1tica de tonos pastel, es lo que revelar\u00e1 el estilo naif en toda su dulzura.<\/p>\n<p align=\"justify\">\u00bfTe gusta el arte naif? \u00bfTienes alg\u00fan elemento o cuadro de este estilo en tu casa? \u00bfHas decorado tu hogar\u00a0siguiendo esta corriente? Nos encantar\u00eda que nos contar\u00e1s c\u00f3mo es. <strong>Te invitamos a compartir con todos los lectores tu decoraci\u00f3n, a trav\u00e9s del campo de comentarios<\/strong>, tambi\u00e9n puedes hacerlo en nuestro <a href=\"https:\/\/es-es.facebook.com\/delsofaES\" target=\"_blank\">Facebook\u00a0de Delsof\u00e1.es<\/a> o en Twitter, mencionando a <a title=\"Twitter de Delsof\u00e1.es\" href=\"https:\/\/twitter.com\/delsofaES\/\" target=\"_blank\">@delsofaES<\/a>.<\/p>\n<p align=\"justify\"><strong>\u00a1Las esperamos!<\/strong><\/p>\n","protected":false},"excerpt":{"rendered":"<p>Lo naif est\u00e1 cada vez m\u00e1s presente en las decoraciones modernas. Si tuvi\u00e9ramos que definirlo en cuatro adjetivos, dir\u00edamos: dulce, suave, inocente, infantil. Al igual que en el estilo pict\u00f3rico de origen franc\u00e9s, la decoraci\u00f3n naif se caracteriza por una &hellip; <a href=\"https:\/\/www.delsofa.es\/informacion\/salones-de-estilo-naif-una-decoracion-dulce-que-evoca-la-infancia\/\">Sigue leyendo <span class=\"meta-nav\">&rarr;<\/span><\/a><\/p>\n","protected":false},"author":8,"featured_media":0,"comment_status":"open","ping_status":"open","sticky":false,"template":"","format":"standard","meta":[],"categories":[203,405,16,255],"tags":[934,933,931,935,932,930],"yoast_head":"<!-- This site is optimized with the Yoast SEO plugin v18.6 - https:\/\/yoast.com\/wordpress\/plugins\/seo\/ -->\n<title>Salones de estilo naif: una decoraci\u00f3n dulce y alegre<\/title>\n<meta name=\"description\" content=\"En este post te damos ideas para convertir tu casa en un lugar entra\u00f1able. Te mostramos salones de estilo naif que destacan por su colorido y dulzura.\" \/>\n<meta name=\"robots\" content=\"index, follow, max-snippet:-1, max-image-preview:large, max-video-preview:-1\" \/>\n<link rel=\"canonical\" href=\"https:\/\/www.delsofa.es\/informacion\/salones-de-estilo-naif-una-decoracion-dulce-que-evoca-la-infancia\/\" \/>\n<meta name=\"twitter:card\" content=\"summary_large_image\" \/>\n<meta name=\"twitter:title\" content=\"Salones de estilo naif: una decoraci\u00f3n dulce y alegre\" \/>\n<meta name=\"twitter:description\" content=\"En este post te damos ideas para convertir tu casa en un lugar entra\u00f1able. Te mostramos salones de estilo naif que destacan por su colorido y dulzura.\" \/>\n<meta name=\"twitter:image\" content=\"https:\/\/www.delsofa.es\/informacion\/wp-content\/uploads\/2014\/04\/salon-naif-3.jpg\" \/>\n<meta name=\"twitter:creator\" content=\"@delsofaES\" \/>\n<meta name=\"twitter:site\" content=\"@delsofaES\" \/>\n<meta name=\"twitter:label1\" content=\"Escrito por\" \/>\n\t<meta name=\"twitter:data1\" content=\"Samuel Juli\u00e1\" \/>\n\t<meta name=\"twitter:label2\" content=\"Tiempo de lectura\" \/>\n\t<meta name=\"twitter:data2\" content=\"9 minutos\" \/>\n<script type=\"application\/ld+json\" class=\"yoast-schema-graph\">{\"@context\":\"https:\/\/schema.org\",\"@graph\":[{\"@type\":\"WebSite\",\"@id\":\"https:\/\/www.delsofa.es\/informacion\/#website\",\"url\":\"https:\/\/www.delsofa.es\/informacion\/\",\"name\":\"\",\"description\":\"\",\"potentialAction\":[{\"@type\":\"SearchAction\",\"target\":{\"@type\":\"EntryPoint\",\"urlTemplate\":\"https:\/\/www.delsofa.es\/informacion\/?s={search_term_string}\"},\"query-input\":\"required name=search_term_string\"}],\"inLanguage\":\"es\"},{\"@type\":\"ImageObject\",\"@id\":\"https:\/\/www.delsofa.es\/informacion\/salones-de-estilo-naif-una-decoracion-dulce-que-evoca-la-infancia\/#primaryimage\",\"inLanguage\":\"es\",\"url\":\"https:\/\/www.delsofa.es\/informacion\/wp-content\/uploads\/2014\/04\/salon-naif-3.jpg\",\"contentUrl\":\"https:\/\/www.delsofa.es\/informacion\/wp-content\/uploads\/2014\/04\/salon-naif-3.jpg\",\"width\":480,\"height\":659,\"caption\":\"Decoraci\u00f3n dulce\"},{\"@type\":\"WebPage\",\"@id\":\"https:\/\/www.delsofa.es\/informacion\/salones-de-estilo-naif-una-decoracion-dulce-que-evoca-la-infancia\/#webpage\",\"url\":\"https:\/\/www.delsofa.es\/informacion\/salones-de-estilo-naif-una-decoracion-dulce-que-evoca-la-infancia\/\",\"name\":\"Salones de estilo naif: una decoraci\u00f3n dulce y alegre\",\"isPartOf\":{\"@id\":\"https:\/\/www.delsofa.es\/informacion\/#website\"},\"primaryImageOfPage\":{\"@id\":\"https:\/\/www.delsofa.es\/informacion\/salones-de-estilo-naif-una-decoracion-dulce-que-evoca-la-infancia\/#primaryimage\"},\"datePublished\":\"2014-04-30T10:02:47+00:00\",\"dateModified\":\"2014-04-30T10:02:47+00:00\",\"author\":{\"@id\":\"https:\/\/www.delsofa.es\/informacion\/#\/schema\/person\/43745e6d3a8ff735b6110da6a43d32e9\"},\"description\":\"En este post te damos ideas para convertir tu casa en un lugar entra\u00f1able. Te mostramos salones de estilo naif que destacan por su colorido y dulzura.\",\"breadcrumb\":{\"@id\":\"https:\/\/www.delsofa.es\/informacion\/salones-de-estilo-naif-una-decoracion-dulce-que-evoca-la-infancia\/#breadcrumb\"},\"inLanguage\":\"es\",\"potentialAction\":[{\"@type\":\"ReadAction\",\"target\":[\"https:\/\/www.delsofa.es\/informacion\/salones-de-estilo-naif-una-decoracion-dulce-que-evoca-la-infancia\/\"]}]},{\"@type\":\"BreadcrumbList\",\"@id\":\"https:\/\/www.delsofa.es\/informacion\/salones-de-estilo-naif-una-decoracion-dulce-que-evoca-la-infancia\/#breadcrumb\",\"itemListElement\":[{\"@type\":\"ListItem\",\"position\":1,\"name\":\"Portada\",\"item\":\"https:\/\/www.delsofa.es\/informacion\/\"},{\"@type\":\"ListItem\",\"position\":2,\"name\":\"Salones de estilo naif: una decoraci\u00f3n dulce y alegre\"}]},{\"@type\":\"Person\",\"@id\":\"https:\/\/www.delsofa.es\/informacion\/#\/schema\/person\/43745e6d3a8ff735b6110da6a43d32e9\",\"name\":\"Samuel Juli\u00e1\",\"image\":{\"@type\":\"ImageObject\",\"@id\":\"https:\/\/www.delsofa.es\/informacion\/#personlogo\",\"inLanguage\":\"es\",\"url\":\"https:\/\/secure.gravatar.com\/avatar\/63cc242575946deb5c9e2bacf79706b7?s=96&d=mm&r=g\",\"contentUrl\":\"https:\/\/secure.gravatar.com\/avatar\/63cc242575946deb5c9e2bacf79706b7?s=96&d=mm&r=g\",\"caption\":\"Samuel Juli\u00e1\"},\"description\":\"Periodista y community manager (Alicante, 1988). Entusiasmado con el mundo de la comunicaci\u00f3n online y las nuevas formas de expresi\u00f3n. Me encanta todo lo relacionado con la belleza, la est\u00e9tica y el arte. Escribo en El Blog del Sof\u00e1 desde noviembre de 2013.\",\"sameAs\":[\"http:\/\/www.miredactor.com\"],\"url\":\"https:\/\/www.delsofa.es\/informacion\/author\/samuel\/\"}]}<\/script>\n<!-- \/ Yoast SEO plugin. -->","yoast_head_json":{"title":"Salones de estilo naif: una decoraci\u00f3n dulce y alegre","description":"En este post te damos ideas para convertir tu casa en un lugar entra\u00f1able. Te mostramos salones de estilo naif que destacan por su colorido y dulzura.","robots":{"index":"index","follow":"follow","max-snippet":"max-snippet:-1","max-image-preview":"max-image-preview:large","max-video-preview":"max-video-preview:-1"},"canonical":"https:\/\/www.delsofa.es\/informacion\/salones-de-estilo-naif-una-decoracion-dulce-que-evoca-la-infancia\/","twitter_card":"summary_large_image","twitter_title":"Salones de estilo naif: una decoraci\u00f3n dulce y alegre","twitter_description":"En este post te damos ideas para convertir tu casa en un lugar entra\u00f1able. Te mostramos salones de estilo naif que destacan por su colorido y dulzura.","twitter_image":"https:\/\/www.delsofa.es\/informacion\/wp-content\/uploads\/2014\/04\/salon-naif-3.jpg","twitter_creator":"@delsofaES","twitter_site":"@delsofaES","twitter_misc":{"Escrito por":"Samuel Juli\u00e1","Tiempo de lectura":"9 minutos"},"schema":{"@context":"https:\/\/schema.org","@graph":[{"@type":"WebSite","@id":"https:\/\/www.delsofa.es\/informacion\/#website","url":"https:\/\/www.delsofa.es\/informacion\/","name":"","description":"","potentialAction":[{"@type":"SearchAction","target":{"@type":"EntryPoint","urlTemplate":"https:\/\/www.delsofa.es\/informacion\/?s={search_term_string}"},"query-input":"required name=search_term_string"}],"inLanguage":"es"},{"@type":"ImageObject","@id":"https:\/\/www.delsofa.es\/informacion\/salones-de-estilo-naif-una-decoracion-dulce-que-evoca-la-infancia\/#primaryimage","inLanguage":"es","url":"https:\/\/www.delsofa.es\/informacion\/wp-content\/uploads\/2014\/04\/salon-naif-3.jpg","contentUrl":"https:\/\/www.delsofa.es\/informacion\/wp-content\/uploads\/2014\/04\/salon-naif-3.jpg","width":480,"height":659,"caption":"Decoraci\u00f3n dulce"},{"@type":"WebPage","@id":"https:\/\/www.delsofa.es\/informacion\/salones-de-estilo-naif-una-decoracion-dulce-que-evoca-la-infancia\/#webpage","url":"https:\/\/www.delsofa.es\/informacion\/salones-de-estilo-naif-una-decoracion-dulce-que-evoca-la-infancia\/","name":"Salones de estilo naif: una decoraci\u00f3n dulce y alegre","isPartOf":{"@id":"https:\/\/www.delsofa.es\/informacion\/#website"},"primaryImageOfPage":{"@id":"https:\/\/www.delsofa.es\/informacion\/salones-de-estilo-naif-una-decoracion-dulce-que-evoca-la-infancia\/#primaryimage"},"datePublished":"2014-04-30T10:02:47+00:00","dateModified":"2014-04-30T10:02:47+00:00","author":{"@id":"https:\/\/www.delsofa.es\/informacion\/#\/schema\/person\/43745e6d3a8ff735b6110da6a43d32e9"},"description":"En este post te damos ideas para convertir tu casa en un lugar entra\u00f1able. Te mostramos salones de estilo naif que destacan por su colorido y dulzura.","breadcrumb":{"@id":"https:\/\/www.delsofa.es\/informacion\/salones-de-estilo-naif-una-decoracion-dulce-que-evoca-la-infancia\/#breadcrumb"},"inLanguage":"es","potentialAction":[{"@type":"ReadAction","target":["https:\/\/www.delsofa.es\/informacion\/salones-de-estilo-naif-una-decoracion-dulce-que-evoca-la-infancia\/"]}]},{"@type":"BreadcrumbList","@id":"https:\/\/www.delsofa.es\/informacion\/salones-de-estilo-naif-una-decoracion-dulce-que-evoca-la-infancia\/#breadcrumb","itemListElement":[{"@type":"ListItem","position":1,"name":"Portada","item":"https:\/\/www.delsofa.es\/informacion\/"},{"@type":"ListItem","position":2,"name":"Salones de estilo naif: una decoraci\u00f3n dulce y alegre"}]},{"@type":"Person","@id":"https:\/\/www.delsofa.es\/informacion\/#\/schema\/person\/43745e6d3a8ff735b6110da6a43d32e9","name":"Samuel Juli\u00e1","image":{"@type":"ImageObject","@id":"https:\/\/www.delsofa.es\/informacion\/#personlogo","inLanguage":"es","url":"https:\/\/secure.gravatar.com\/avatar\/63cc242575946deb5c9e2bacf79706b7?s=96&d=mm&r=g","contentUrl":"https:\/\/secure.gravatar.com\/avatar\/63cc242575946deb5c9e2bacf79706b7?s=96&d=mm&r=g","caption":"Samuel Juli\u00e1"},"description":"Periodista y community manager (Alicante, 1988). Entusiasmado con el mundo de la comunicaci\u00f3n online y las nuevas formas de expresi\u00f3n. Me encanta todo lo relacionado con la belleza, la est\u00e9tica y el arte. Escribo en El Blog del Sof\u00e1 desde noviembre de 2013.","sameAs":["http:\/\/www.miredactor.com"],"url":"https:\/\/www.delsofa.es\/informacion\/author\/samuel\/"}]}},"amp_enabled":true,"_links":{"self":[{"href":"https:\/\/www.delsofa.es\/informacion\/wp-json\/wp\/v2\/posts\/2806"}],"collection":[{"href":"https:\/\/www.delsofa.es\/informacion\/wp-json\/wp\/v2\/posts"}],"about":[{"href":"https:\/\/www.delsofa.es\/informacion\/wp-json\/wp\/v2\/types\/post"}],"author":[{"embeddable":true,"href":"https:\/\/www.delsofa.es\/informacion\/wp-json\/wp\/v2\/users\/8"}],"replies":[{"embeddable":true,"href":"https:\/\/www.delsofa.es\/informacion\/wp-json\/wp\/v2\/comments?post=2806"}],"version-history":[{"count":12,"href":"https:\/\/www.delsofa.es\/informacion\/wp-json\/wp\/v2\/posts\/2806\/revisions"}],"predecessor-version":[{"id":2868,"href":"https:\/\/www.delsofa.es\/informacion\/wp-json\/wp\/v2\/posts\/2806\/revisions\/2868"}],"wp:attachment":[{"href":"https:\/\/www.delsofa.es\/informacion\/wp-json\/wp\/v2\/media?parent=2806"}],"wp:term":[{"taxonomy":"category","embeddable":true,"href":"https:\/\/www.delsofa.es\/informacion\/wp-json\/wp\/v2\/categories?post=2806"},{"taxonomy":"post_tag","embeddable":true,"href":"https:\/\/www.delsofa.es\/informacion\/wp-json\/wp\/v2\/tags?post=2806"}],"curies":[{"name":"wp","href":"https:\/\/api.w.org\/{rel}","templated":true}]}}