{"id":2826,"date":"2014-04-28T08:29:59","date_gmt":"2014-04-28T08:29:59","guid":{"rendered":"https:\/\/www.delsofa.es\/informacion\/?p=2826"},"modified":"2014-04-28T11:47:39","modified_gmt":"2014-04-28T11:47:39","slug":"descubre-donde-probar-y-comprar-los-sofas-de-delsofa-es-en-navarra","status":"publish","type":"post","link":"https:\/\/www.delsofa.es\/informacion\/descubre-donde-probar-y-comprar-los-sofas-de-delsofa-es-en-navarra\/","title":{"rendered":"Descubre d\u00f3nde probar y comprar los sof\u00e1s de Delsof\u00e1.es en Navarra"},"content":{"rendered":"<p style=\"text-align: justify;\">Si vives en Navarra en este post te descubrimos d\u00f3nde probar y comprar los modelos de sof\u00e1s, sillones, sof\u00e1s cama, chaise longue a la venta en nuestra tienda online Delsof\u00e1.es. Descubre qu\u00e9 tienda o distribuidor oficial de la marca est\u00e1 m\u00e1s cerca de tu domicilio, lugar de trabajo, lugar de vacaciones. Nuestros expertos en tapicer\u00eda te asesorar\u00e1n en tu compra.<\/p>\n<p style=\"text-align: justify;\">Saber <strong>qu\u00e9 establecimiento oficial de Delsof\u00e1.es est\u00e1 m\u00e1s cercano a tu casa<\/strong> es muy sencillo, te lo voy a explicar gui\u00e1ndote por las distintas pantallas que visualizar\u00e1s en tu b\u00fasqueda. En este caso la b\u00fasqueda la haremos para\u00a0Navarra, pero t\u00fa puedes realizar la pesquisa para tu regi\u00f3n.\u00a0En total tenemos m\u00e1s de 160 tiendas repartidas por toda Espa\u00f1a.<\/p>\n<p style=\"text-align: justify;\"><img decoding=\"async\" loading=\"lazy\" class=\"aligncenter wp-image-1006\" title=\"165 tiendas oficiales de Delsof\u00e1.es en Espa\u00f1a\" src=\"https:\/\/www.delsofa.es\/informacion\/wp-content\/uploads\/2013\/09\/52_min.jpg\" alt=\"logo-tiendas-fisicas-delsofa\" width=\"584\" height=\"163\" srcset=\"https:\/\/www.delsofa.es\/informacion\/wp-content\/uploads\/2013\/09\/52_min.jpg 894w, https:\/\/www.delsofa.es\/informacion\/wp-content\/uploads\/2013\/09\/52_min-300x83.jpg 300w, https:\/\/www.delsofa.es\/informacion\/wp-content\/uploads\/2013\/09\/52_min-500x139.jpg 500w\" sizes=\"(max-width: 584px) 100vw, 584px\" \/><\/p>\n<p style=\"text-align: justify;\"><strong>Paso I-<\/strong> Si llegas a Delsof\u00e1.es <strong>desde la home, en el men\u00fa de navegaci\u00f3n superior encontrar\u00e1s la pesta\u00f1a \u201cTiendas de sof\u00e1s\u201d<\/strong>, si haces clic en ella, accedes a nuestro buscador de provincias, que veremos en el siguiente paso. En caso de que \u00abaterrices\u00bb a nuestra tienda online, desde cualquiera de nuestras secciones de familias de productos: sillones, chaise longue, sof\u00e1s camas, la pesta\u00f1a superior cambiar\u00e1 el texto, siendo tiendas de sillones, tiendas de chaise longue o tiendas de sof\u00e1s cama. En todos los casos, la siguiente pantalla que ver\u00e1s es el buscador.<\/p>\n<p style=\"text-align: justify;\"><img decoding=\"async\" loading=\"lazy\" class=\"aligncenter wp-image-809\" title=\"Descubre tu tienda Delsof\u00e1.es m\u00e1s cercana\" src=\"https:\/\/www.delsofa.es\/informacion\/wp-content\/uploads\/2013\/08\/1.jpg\" alt=\"Tiendas de sof\u00e1s\" width=\"584\" height=\"152\" srcset=\"https:\/\/www.delsofa.es\/informacion\/wp-content\/uploads\/2013\/08\/1.jpg 1002w, https:\/\/www.delsofa.es\/informacion\/wp-content\/uploads\/2013\/08\/1-300x78.jpg 300w, https:\/\/www.delsofa.es\/informacion\/wp-content\/uploads\/2013\/08\/1-1000x261.jpg 1000w, https:\/\/www.delsofa.es\/informacion\/wp-content\/uploads\/2013\/08\/1-500x130.jpg 500w\" sizes=\"(max-width: 584px) 100vw, 584px\" \/><\/p>\n<p style=\"text-align: justify;\"><strong>Paso II-<\/strong> Es hora de <strong>elegir entre todas las provincias del desplegable, la tuya<\/strong>. En nuestro caso como ves en la imagen siguiente hemos marcado Navarra. Tambi\u00e9n puedes hacer <em>scroll<\/em> hasta encontrar tu regi\u00f3n en la pantalla.<\/p>\n<p style=\"text-align: justify;\"><img decoding=\"async\" loading=\"lazy\" class=\"aligncenter wp-image-2831\" title=\"Encuentra por provincias tu tienda Delsof\u00e1.es m\u00e1s cercana\" src=\"https:\/\/www.delsofa.es\/informacion\/wp-content\/uploads\/2014\/04\/buscador-navarra.jpg\" alt=\"buscador-navarra\" width=\"584\" height=\"546\" srcset=\"https:\/\/www.delsofa.es\/informacion\/wp-content\/uploads\/2014\/04\/buscador-navarra.jpg 685w, https:\/\/www.delsofa.es\/informacion\/wp-content\/uploads\/2014\/04\/buscador-navarra-300x280.jpg 300w, https:\/\/www.delsofa.es\/informacion\/wp-content\/uploads\/2014\/04\/buscador-navarra-321x300.jpg 321w\" sizes=\"(max-width: 584px) 100vw, 584px\" \/><\/p>\n<p style=\"text-align: justify;\"><strong>Paso III-<\/strong> Una vez elegida la provincia, esta pantalla te muestra <strong>las tiendas y distribuidores oficiales donde encuentras los productos de Delsof\u00e1.es<\/strong> en esa zona.<\/p>\n<p style=\"text-align: justify;\"><img decoding=\"async\" loading=\"lazy\" class=\"aligncenter wp-image-2829\" title=\"Tiendas de Delsof\u00e1.es en Navarra\" src=\"https:\/\/www.delsofa.es\/informacion\/wp-content\/uploads\/2014\/04\/tiendas-navarra.jpg\" alt=\"tiendas-navarra\" width=\"584\" height=\"343\" srcset=\"https:\/\/www.delsofa.es\/informacion\/wp-content\/uploads\/2014\/04\/tiendas-navarra.jpg 997w, https:\/\/www.delsofa.es\/informacion\/wp-content\/uploads\/2014\/04\/tiendas-navarra-300x176.jpg 300w, https:\/\/www.delsofa.es\/informacion\/wp-content\/uploads\/2014\/04\/tiendas-navarra-500x293.jpg 500w\" sizes=\"(max-width: 584px) 100vw, 584px\" \/><\/p>\n<p style=\"text-align: justify;\">Como se observa en la imagen anterior, <strong>en Navarra nuestros modelos est\u00e1n disponibles en dos establecimientos<\/strong>:<\/p>\n<ul>\n<li><a style=\"font-style: normal;\" title=\"Tienda de Delsof\u00e1.es en Pamplona\" href=\"https:\/\/www.delsofa.es\/tiendas-de-sofas-y-sillones-navarra\/muebles-el-rebajon-aizoain.php\" target=\"_blank\">Muebles El Rebaj\u00f3n en Pamplona (Aizoain)<\/a><\/li>\n<li><a title=\"Tienda de Delsof\u00e1.es en Vilava\" href=\"https:\/\/www.delsofa.es\/tiendas-de-sofas-y-sillones-navarra\/mobilia-living-villava.php\" target=\"_blank\">Mobilia Living en Villava<\/a><\/li>\n<\/ul>\n<p style=\"text-align: justify;\"><strong>Paso III-<\/strong> Entre las opciones elige la que est\u00e1 m\u00e1s cerca o prefieres. Una vez que <strong>haces clic en su nombre, accedes a su ficha de tienda donde encontrar\u00e1s informaci\u00f3n muy \u00fatil<\/strong> sobre el establecimiento: direcci\u00f3n, web, correo de contacto, horario comercial, tel\u00e9fono\u2026. Adem\u00e1s te proporcionamos una herramienta que te permite calcular la ruta desde el punto de origen que marques hasta la tienda. Si lo prefieres, tambi\u00e9n te mostramos la ubicaci\u00f3n de la tienda en Google Maps.<\/p>\n<p style=\"text-align: justify;\"><img decoding=\"async\" loading=\"lazy\" class=\"aligncenter wp-image-2830 size-full\" title=\"Muebles El Rebaj\u00f3n, tienda oficial de Delsof\u00e1.es en Pamplona (Navarra)\" src=\"https:\/\/www.delsofa.es\/informacion\/wp-content\/uploads\/2014\/04\/tienda-pamplona.jpg\" alt=\"tienda-pamplona\" width=\"517\" height=\"771\" srcset=\"https:\/\/www.delsofa.es\/informacion\/wp-content\/uploads\/2014\/04\/tienda-pamplona.jpg 517w, https:\/\/www.delsofa.es\/informacion\/wp-content\/uploads\/2014\/04\/tienda-pamplona-201x300.jpg 201w\" sizes=\"(max-width: 517px) 100vw, 517px\" \/><\/p>\n<p style=\"text-align: justify;\">En esta ficha de tienda, como puedes ver en esta imagen correspondiente a Muebles El Rebaj\u00f3n de Pamplona, <strong>existe un formulario de contacto, que al rellenarlo y enviarlo, remite tu consulta o duda directamente a la tienda<\/strong>. Te aconsejo que te pongas en contacto con ellos para confirmar si el producto que quieres comprar o probar est\u00e1 en exposici\u00f3n o en stock en la tienda.<\/p>\n<p style=\"text-align: justify;\">Antes de finalizar, me gustar\u00eda darte alg\u00fan <strong>consejo espec\u00edfico para que tu experiencia de navegaci\u00f3n sea m\u00e1s fruct\u00edfera y r\u00e1pida<\/strong>:<\/p>\n<ul>\n<li style=\"text-align: justify;\">Si tu casa est\u00e1 cerca de dos o m\u00e1s provincias, haz la b\u00fasqueda para estas zonas. La probabilidad de que el producto que buscas est\u00e9 en exposici\u00f3n ser\u00e1 mayor.<\/li>\n<li style=\"text-align: justify;\">Si realizas la b\u00fasqueda de provincia, como te he explicado paso a paso, nada m\u00e1s comenzar a navegar, cuando visites una ficha de producto, como ves en la imagen del <a href=\"#\" target=\"_blank\">modelo Java<\/a>, ver\u00e1s al final de la misma, en qu\u00e9 establecimientos est\u00e1 disponible dicha pieza.<\/li>\n<\/ul>\n<p><img decoding=\"async\" loading=\"lazy\" class=\"aligncenter wp-image-2832 size-full\" title=\"Disponibilidad del sof\u00e1 modelo Java de Dlesof\u00e1.es en Navarra\" src=\"https:\/\/www.delsofa.es\/informacion\/wp-content\/uploads\/2014\/04\/sofa-java-navarra-delsofa.jpg\" alt=\"sofa-java-navarra-delsofa\" width=\"584\" height=\"900\" srcset=\"https:\/\/www.delsofa.es\/informacion\/wp-content\/uploads\/2014\/04\/sofa-java-navarra-delsofa.jpg 584w, https:\/\/www.delsofa.es\/informacion\/wp-content\/uploads\/2014\/04\/sofa-java-navarra-delsofa-194x300.jpg 194w\" sizes=\"(max-width: 584px) 100vw, 584px\" \/><\/p>\n<p style=\"text-align: justify;\">Si necesitas alguna aclaraci\u00f3n o <strong>ayuda para encontrar tu tienda Delsof\u00e1.es m\u00e1s cercana<\/strong>, aprovecha el campo de comentario de este post. Si lo prefieres, tambi\u00e9n puedes consultar totalmente gratis a nuestro personal de atenci\u00f3n al cliente, te atienden de lunes a viernes de 8 a 20 horas en el tel\u00e9fono 900.701.086.<\/p>\n<p style=\"text-align: justify;\"><strong>En las redes sociales, tambi\u00e9n te atendemos y ayudamos<\/strong>. En nuestra p\u00e1gina de <a href=\"https:\/\/www.facebook.com\/delsofaES\" target=\"_blank\">Facebook de Delsof\u00e1.es<\/a> y en nuestro perfil de twitter, mencionando a <a href=\"https:\/\/twitter.com\/delsofaEs\" target=\"_blank\">@delsofaES<\/a> y te responderemos.<\/p>\n","protected":false},"excerpt":{"rendered":"<p>Si vives en Navarra en este post te descubrimos d\u00f3nde probar y comprar los modelos de sof\u00e1s, sillones, sof\u00e1s cama, chaise longue a la venta en nuestra tienda online Delsof\u00e1.es. Descubre qu\u00e9 tienda o distribuidor oficial de la marca est\u00e1 &hellip; <a href=\"https:\/\/www.delsofa.es\/informacion\/descubre-donde-probar-y-comprar-los-sofas-de-delsofa-es-en-navarra\/\">Sigue leyendo <span class=\"meta-nav\">&rarr;<\/span><\/a><\/p>\n","protected":false},"author":3,"featured_media":0,"comment_status":"open","ping_status":"open","sticky":false,"template":"","format":"standard","meta":[],"categories":[204,359,5],"tags":[924,922,923,925,926,928,920,921],"yoast_head":"<!-- This site is optimized with the Yoast SEO plugin v18.6 - https:\/\/yoast.com\/wordpress\/plugins\/seo\/ -->\n<title>Tiendas de sof\u00e1s en Navarra que distribuyen Delsof\u00e1.es<\/title>\n<meta name=\"description\" content=\"Los modelos a la venta en Delsof\u00e1.es est\u00e1n disponibles para su compra y comprobar sus calidades en las siguientes tiendas de sof\u00e1s en Navarra.\" \/>\n<meta name=\"robots\" content=\"index, follow, max-snippet:-1, max-image-preview:large, max-video-preview:-1\" \/>\n<link rel=\"canonical\" href=\"https:\/\/www.delsofa.es\/informacion\/descubre-donde-probar-y-comprar-los-sofas-de-delsofa-es-en-navarra\/\" \/>\n<meta name=\"twitter:card\" content=\"summary_large_image\" \/>\n<meta name=\"twitter:title\" content=\"Tiendas de sof\u00e1s en Navarra que distribuyen Delsof\u00e1.es\" \/>\n<meta name=\"twitter:description\" content=\"Los modelos a la venta en Delsof\u00e1.es est\u00e1n disponibles para su compra y comprobar sus calidades en las siguientes tiendas de sof\u00e1s en Navarra.\" \/>\n<meta name=\"twitter:image\" content=\"https:\/\/www.delsofa.es\/informacion\/wp-content\/uploads\/2013\/09\/52_min.jpg\" \/>\n<meta name=\"twitter:creator\" content=\"@http:\/\/www.twitter.com\/inmolber\" \/>\n<meta name=\"twitter:site\" content=\"@delsofaES\" \/>\n<meta name=\"twitter:label1\" content=\"Escrito por\" \/>\n\t<meta name=\"twitter:data1\" content=\"Inma Molt\u00f3\" \/>\n\t<meta name=\"twitter:label2\" content=\"Tiempo de lectura\" \/>\n\t<meta name=\"twitter:data2\" content=\"3 minutos\" \/>\n<script type=\"application\/ld+json\" class=\"yoast-schema-graph\">{\"@context\":\"https:\/\/schema.org\",\"@graph\":[{\"@type\":\"WebSite\",\"@id\":\"https:\/\/www.delsofa.es\/informacion\/#website\",\"url\":\"https:\/\/www.delsofa.es\/informacion\/\",\"name\":\"\",\"description\":\"\",\"potentialAction\":[{\"@type\":\"SearchAction\",\"target\":{\"@type\":\"EntryPoint\",\"urlTemplate\":\"https:\/\/www.delsofa.es\/informacion\/?s={search_term_string}\"},\"query-input\":\"required name=search_term_string\"}],\"inLanguage\":\"es\"},{\"@type\":\"ImageObject\",\"@id\":\"https:\/\/www.delsofa.es\/informacion\/descubre-donde-probar-y-comprar-los-sofas-de-delsofa-es-en-navarra\/#primaryimage\",\"inLanguage\":\"es\",\"url\":\"https:\/\/www.delsofa.es\/informacion\/wp-content\/uploads\/2013\/09\/52_min.jpg\",\"contentUrl\":\"https:\/\/www.delsofa.es\/informacion\/wp-content\/uploads\/2013\/09\/52_min.jpg\",\"width\":894,\"height\":250},{\"@type\":\"WebPage\",\"@id\":\"https:\/\/www.delsofa.es\/informacion\/descubre-donde-probar-y-comprar-los-sofas-de-delsofa-es-en-navarra\/#webpage\",\"url\":\"https:\/\/www.delsofa.es\/informacion\/descubre-donde-probar-y-comprar-los-sofas-de-delsofa-es-en-navarra\/\",\"name\":\"Tiendas de sof\u00e1s en Navarra que distribuyen Delsof\u00e1.es\",\"isPartOf\":{\"@id\":\"https:\/\/www.delsofa.es\/informacion\/#website\"},\"primaryImageOfPage\":{\"@id\":\"https:\/\/www.delsofa.es\/informacion\/descubre-donde-probar-y-comprar-los-sofas-de-delsofa-es-en-navarra\/#primaryimage\"},\"datePublished\":\"2014-04-28T08:29:59+00:00\",\"dateModified\":\"2014-04-28T11:47:39+00:00\",\"author\":{\"@id\":\"https:\/\/www.delsofa.es\/informacion\/#\/schema\/person\/904d00808e282031a3b11f51524d259c\"},\"description\":\"Los modelos a la venta en Delsof\u00e1.es est\u00e1n disponibles para su compra y comprobar sus calidades en las siguientes tiendas de sof\u00e1s en Navarra.\",\"breadcrumb\":{\"@id\":\"https:\/\/www.delsofa.es\/informacion\/descubre-donde-probar-y-comprar-los-sofas-de-delsofa-es-en-navarra\/#breadcrumb\"},\"inLanguage\":\"es\",\"potentialAction\":[{\"@type\":\"ReadAction\",\"target\":[\"https:\/\/www.delsofa.es\/informacion\/descubre-donde-probar-y-comprar-los-sofas-de-delsofa-es-en-navarra\/\"]}]},{\"@type\":\"BreadcrumbList\",\"@id\":\"https:\/\/www.delsofa.es\/informacion\/descubre-donde-probar-y-comprar-los-sofas-de-delsofa-es-en-navarra\/#breadcrumb\",\"itemListElement\":[{\"@type\":\"ListItem\",\"position\":1,\"name\":\"Portada\",\"item\":\"https:\/\/www.delsofa.es\/informacion\/\"},{\"@type\":\"ListItem\",\"position\":2,\"name\":\"Descubre d\u00f3nde probar y comprar los sof\u00e1s de Delsof\u00e1.es en Navarra\"}]},{\"@type\":\"Person\",\"@id\":\"https:\/\/www.delsofa.es\/informacion\/#\/schema\/person\/904d00808e282031a3b11f51524d259c\",\"name\":\"Inma Molt\u00f3\",\"image\":{\"@type\":\"ImageObject\",\"@id\":\"https:\/\/www.delsofa.es\/informacion\/#personlogo\",\"inLanguage\":\"es\",\"url\":\"https:\/\/secure.gravatar.com\/avatar\/6411caf208a31a6dd0c4c353341facb7?s=96&d=mm&r=g\",\"contentUrl\":\"https:\/\/secure.gravatar.com\/avatar\/6411caf208a31a6dd0c4c353341facb7?s=96&d=mm&r=g\",\"caption\":\"Inma Molt\u00f3\"},\"description\":\"Soy periodista, community manager y formadora en redes sociales. Desde enero de 2013 escribo en el Blog Delsofa y actualmente tambi\u00e9n me encargo de su supervisi\u00f3n. Me encanta todo lo relacionado con la decoraci\u00f3n y el dise\u00f1o. Si quer\u00e9is saber m\u00e1s os dejo mi web: www.periodistasocialmedia.com\",\"sameAs\":[\"http:\/\/www.periodistasocialmedia.com\",\"https:\/\/twitter.com\/http:\/\/www.twitter.com\/inmolber\"],\"url\":\"https:\/\/www.delsofa.es\/informacion\/author\/inma\/\"}]}<\/script>\n<!-- \/ Yoast SEO plugin. -->","yoast_head_json":{"title":"Tiendas de sof\u00e1s en Navarra que distribuyen Delsof\u00e1.es","description":"Los modelos a la venta en Delsof\u00e1.es est\u00e1n disponibles para su compra y comprobar sus calidades en las siguientes tiendas de sof\u00e1s en Navarra.","robots":{"index":"index","follow":"follow","max-snippet":"max-snippet:-1","max-image-preview":"max-image-preview:large","max-video-preview":"max-video-preview:-1"},"canonical":"https:\/\/www.delsofa.es\/informacion\/descubre-donde-probar-y-comprar-los-sofas-de-delsofa-es-en-navarra\/","twitter_card":"summary_large_image","twitter_title":"Tiendas de sof\u00e1s en Navarra que distribuyen Delsof\u00e1.es","twitter_description":"Los modelos a la venta en Delsof\u00e1.es est\u00e1n disponibles para su compra y comprobar sus calidades en las siguientes tiendas de sof\u00e1s en Navarra.","twitter_image":"https:\/\/www.delsofa.es\/informacion\/wp-content\/uploads\/2013\/09\/52_min.jpg","twitter_creator":"@http:\/\/www.twitter.com\/inmolber","twitter_site":"@delsofaES","twitter_misc":{"Escrito por":"Inma Molt\u00f3","Tiempo de lectura":"3 minutos"},"schema":{"@context":"https:\/\/schema.org","@graph":[{"@type":"WebSite","@id":"https:\/\/www.delsofa.es\/informacion\/#website","url":"https:\/\/www.delsofa.es\/informacion\/","name":"","description":"","potentialAction":[{"@type":"SearchAction","target":{"@type":"EntryPoint","urlTemplate":"https:\/\/www.delsofa.es\/informacion\/?s={search_term_string}"},"query-input":"required name=search_term_string"}],"inLanguage":"es"},{"@type":"ImageObject","@id":"https:\/\/www.delsofa.es\/informacion\/descubre-donde-probar-y-comprar-los-sofas-de-delsofa-es-en-navarra\/#primaryimage","inLanguage":"es","url":"https:\/\/www.delsofa.es\/informacion\/wp-content\/uploads\/2013\/09\/52_min.jpg","contentUrl":"https:\/\/www.delsofa.es\/informacion\/wp-content\/uploads\/2013\/09\/52_min.jpg","width":894,"height":250},{"@type":"WebPage","@id":"https:\/\/www.delsofa.es\/informacion\/descubre-donde-probar-y-comprar-los-sofas-de-delsofa-es-en-navarra\/#webpage","url":"https:\/\/www.delsofa.es\/informacion\/descubre-donde-probar-y-comprar-los-sofas-de-delsofa-es-en-navarra\/","name":"Tiendas de sof\u00e1s en Navarra que distribuyen Delsof\u00e1.es","isPartOf":{"@id":"https:\/\/www.delsofa.es\/informacion\/#website"},"primaryImageOfPage":{"@id":"https:\/\/www.delsofa.es\/informacion\/descubre-donde-probar-y-comprar-los-sofas-de-delsofa-es-en-navarra\/#primaryimage"},"datePublished":"2014-04-28T08:29:59+00:00","dateModified":"2014-04-28T11:47:39+00:00","author":{"@id":"https:\/\/www.delsofa.es\/informacion\/#\/schema\/person\/904d00808e282031a3b11f51524d259c"},"description":"Los modelos a la venta en Delsof\u00e1.es est\u00e1n disponibles para su compra y comprobar sus calidades en las siguientes tiendas de sof\u00e1s en Navarra.","breadcrumb":{"@id":"https:\/\/www.delsofa.es\/informacion\/descubre-donde-probar-y-comprar-los-sofas-de-delsofa-es-en-navarra\/#breadcrumb"},"inLanguage":"es","potentialAction":[{"@type":"ReadAction","target":["https:\/\/www.delsofa.es\/informacion\/descubre-donde-probar-y-comprar-los-sofas-de-delsofa-es-en-navarra\/"]}]},{"@type":"BreadcrumbList","@id":"https:\/\/www.delsofa.es\/informacion\/descubre-donde-probar-y-comprar-los-sofas-de-delsofa-es-en-navarra\/#breadcrumb","itemListElement":[{"@type":"ListItem","position":1,"name":"Portada","item":"https:\/\/www.delsofa.es\/informacion\/"},{"@type":"ListItem","position":2,"name":"Descubre d\u00f3nde probar y comprar los sof\u00e1s de Delsof\u00e1.es en Navarra"}]},{"@type":"Person","@id":"https:\/\/www.delsofa.es\/informacion\/#\/schema\/person\/904d00808e282031a3b11f51524d259c","name":"Inma Molt\u00f3","image":{"@type":"ImageObject","@id":"https:\/\/www.delsofa.es\/informacion\/#personlogo","inLanguage":"es","url":"https:\/\/secure.gravatar.com\/avatar\/6411caf208a31a6dd0c4c353341facb7?s=96&d=mm&r=g","contentUrl":"https:\/\/secure.gravatar.com\/avatar\/6411caf208a31a6dd0c4c353341facb7?s=96&d=mm&r=g","caption":"Inma Molt\u00f3"},"description":"Soy periodista, community manager y formadora en redes sociales. Desde enero de 2013 escribo en el Blog Delsofa y actualmente tambi\u00e9n me encargo de su supervisi\u00f3n. Me encanta todo lo relacionado con la decoraci\u00f3n y el dise\u00f1o. Si quer\u00e9is saber m\u00e1s os dejo mi web: www.periodistasocialmedia.com","sameAs":["http:\/\/www.periodistasocialmedia.com","https:\/\/twitter.com\/http:\/\/www.twitter.com\/inmolber"],"url":"https:\/\/www.delsofa.es\/informacion\/author\/inma\/"}]}},"amp_enabled":true,"_links":{"self":[{"href":"https:\/\/www.delsofa.es\/informacion\/wp-json\/wp\/v2\/posts\/2826"}],"collection":[{"href":"https:\/\/www.delsofa.es\/informacion\/wp-json\/wp\/v2\/posts"}],"about":[{"href":"https:\/\/www.delsofa.es\/informacion\/wp-json\/wp\/v2\/types\/post"}],"author":[{"embeddable":true,"href":"https:\/\/www.delsofa.es\/informacion\/wp-json\/wp\/v2\/users\/3"}],"replies":[{"embeddable":true,"href":"https:\/\/www.delsofa.es\/informacion\/wp-json\/wp\/v2\/comments?post=2826"}],"version-history":[{"count":8,"href":"https:\/\/www.delsofa.es\/informacion\/wp-json\/wp\/v2\/posts\/2826\/revisions"}],"predecessor-version":[{"id":2842,"href":"https:\/\/www.delsofa.es\/informacion\/wp-json\/wp\/v2\/posts\/2826\/revisions\/2842"}],"wp:attachment":[{"href":"https:\/\/www.delsofa.es\/informacion\/wp-json\/wp\/v2\/media?parent=2826"}],"wp:term":[{"taxonomy":"category","embeddable":true,"href":"https:\/\/www.delsofa.es\/informacion\/wp-json\/wp\/v2\/categories?post=2826"},{"taxonomy":"post_tag","embeddable":true,"href":"https:\/\/www.delsofa.es\/informacion\/wp-json\/wp\/v2\/tags?post=2826"}],"curies":[{"name":"wp","href":"https:\/\/api.w.org\/{rel}","templated":true}]}}