{"id":2861,"date":"2014-05-14T09:00:34","date_gmt":"2014-05-14T09:00:34","guid":{"rendered":"https:\/\/www.delsofa.es\/informacion\/?p=2861"},"modified":"2015-05-12T07:38:08","modified_gmt":"2015-05-12T07:38:08","slug":"detalles-casa-decor-2014","status":"publish","type":"post","link":"https:\/\/www.delsofa.es\/informacion\/detalles-casa-decor-2014\/","title":{"rendered":"Todo listo para Casa Decor 2014, la cita de la decoraci\u00f3n en Madrid"},"content":{"rendered":"<p style=\"text-align: justify;\">Ya se acerca la pr\u00f3xima edici\u00f3n de <a href=\"http:\/\/casadecor.es\/madrid-2014\/\" target=\"_blank\">Casa Decor<\/a>, una cita ineludible con el interiorismo, el dise\u00f1o y el arte en Europa. El pr\u00f3ximo 22 de mayo\u00a0abrir\u00e1 sus puertas a miles de visitantes, \u00e1vidos de <strong>conocer de primera mano las tendencias, estilos y \u00faltimas novedades en decoraci\u00f3n, interiorismo<\/strong>, arte o arquitectura, de la mano de las firmas m\u00e1s prestigiosas del sector.<\/p>\n<p style=\"text-align: justify;\">Una exposici\u00f3n referente a nivel internacional, que este a\u00f1o ha elegido como marco donde desarrollarse el edificio que alberg\u00f3 hasta 2012 la sede oficial del Colegio de Arquitectos de Madrid. Situado en la calle Barquillo, n\u00famero 12, este edificio de 5 plantas fue construido en 1875 por el arquitecto Jos\u00e9 N\u00fa\u00f1ez Cort\u00e9s, y cuenta con una superficie total de aproximadamente 4.000 m2.<\/p>\n<div id=\"attachment_2859\" style=\"width: 485px\" class=\"wp-caption aligncenter\"><a href=\"https:\/\/www.delsofa.es\/informacion\/wp-content\/uploads\/2014\/04\/casa-decor.jpg\"><img aria-describedby=\"caption-attachment-2859\" decoding=\"async\" loading=\"lazy\" class=\"size-full wp-image-2859\" src=\"https:\/\/www.delsofa.es\/informacion\/wp-content\/uploads\/2014\/04\/casa-decor.jpg\" alt=\"Edificio Casa Decor 2014\" width=\"475\" height=\"725\" srcset=\"https:\/\/www.delsofa.es\/informacion\/wp-content\/uploads\/2014\/04\/casa-decor.jpg 475w, https:\/\/www.delsofa.es\/informacion\/wp-content\/uploads\/2014\/04\/casa-decor-196x300.jpg 196w\" sizes=\"(max-width: 475px) 100vw, 475px\" \/><\/a><p id=\"caption-attachment-2859\" class=\"wp-caption-text\">Edificio Casa Decor 2014. Fuente: Hola<\/p><\/div>\n<p style=\"text-align: justify;\">En el blog de Hola nos muestran todos <strong>los detalles arquitect\u00f3nicos de este majestuoso edificio<\/strong>, recogiendo diversas instat\u00e1neas de su fachada, as\u00ed como de su interior. Pod\u00e9is verlas en este <a title=\"Edificio Casa Decor 2014\" href=\"http:\/\/blog.hola.com\/elrincondesonia\/2014\/04\/descubrimos-el-edificio-para-casa-decor-2014.html\" target=\"_blank\">enlace<\/a>.<\/p>\n<p style=\"text-align: justify;\">Una superficie que aguarda impaciente las <strong>propuestas de los interioristas y expertos en decoraci\u00f3n, quienes dar\u00e1n rienda suelta a su creatividad<\/strong>, con el fin de dar un renovado aire a esta construcci\u00f3n, mostrando as\u00ed todo su potencial y saber hacer.<\/p>\n<p style=\"text-align: justify;\">Porque Casa Decor no es una exposici\u00f3n cualquiera, donde los artistas llenan las estancias con sus creaciones, y ocupan stands ef\u00edmeros. Aqu\u00ed, los expositores se enfrentan a un reto mayor. Tienen ante s\u00ed la oportunidad de <strong>impregnar de su esencia una estancia de este edificio tan singular<\/strong>; de desplegar todas sus artes, creando proyectos decorativos e interiorismo de alto nivel. Como ya se vio en ediciones anteriores. En un post anterior pudimos ver gran parte de lo que se mostr\u00f3 en <a href=\"https:\/\/www.delsofa.es\/informacion\/casa-decor-2013-un-paseo-inolvidable-para-los-amantes-de-la-decoracion\/\" target=\"_blank\">Casa Decor 2013<\/a>.<\/p>\n<p style=\"text-align: justify;\"><img decoding=\"async\" loading=\"lazy\" class=\"aligncenter wp-image-483\" title=\"Algunas de las propuestas de Casa Decor 2013\" src=\"https:\/\/www.delsofa.es\/informacion\/wp-content\/uploads\/2013\/05\/espacios-deco-casa-decor.jpg\" alt=\"Espacios deco Casa Decor\" width=\"584\" height=\"391\" \/><\/p>\n<p style=\"text-align: justify;\">Por tanto <strong>Casa Decor es m\u00e1s que un lugar de culto<\/strong> para promocionar el \u00faltimo grito en decoraci\u00f3n e interiorismo, se trata de un lugar donde descubrir el m\u00e1s fresco estilo de las nuevas figuras del sector, viendo proyectos reales, adaptados a un espacio real, con un prop\u00f3sito com\u00fan: rehabilitar un edificio emblem\u00e1tico, una obra que quedar\u00e1 para la posteridad.<\/p>\n<p style=\"text-align: justify;\">Por esta raz\u00f3n, Casa Decor cada a\u00f1o es singular, \u00fanico e inimitable. Una exposici\u00f3n nacida a principios de los 90 (1992) que en este 2014 celebra su 48 edici\u00f3n. Una exposici\u00f3n rompedora, que tuvo como primer escenario para la expresi\u00f3n art\u00edstica y plenamente libre en el convento de la calle General Ora\u00e1, en Madrid, donde se congregaron hasta 43 decoradores, quienes obraron el milagro.<\/p>\n<p style=\"text-align: justify;\">Una acci\u00f3n que sin duda gener\u00f3 gran expectativa, y sent\u00f3 las bases para un evento donde <strong>la creatividad m\u00e1s absoluta conviviera con la calidad y el respeto por el entorno<\/strong>. As\u00ed, los\u00a0creadores, de reconocido prestigio internacional, dan una nueva vida a los espacios, ateni\u00e9ndose a un c\u00f3digo no escrito de conseguir espacios m\u00e1s habitables, saludables y sostenibles.<\/p>\n<p style=\"text-align: justify;\"><img decoding=\"async\" loading=\"lazy\" class=\"aligncenter wp-image-481\" title=\"Espacio Deco de Concepto DR en Casa Decor 2013\" src=\"https:\/\/www.delsofa.es\/informacion\/wp-content\/uploads\/2013\/05\/cad13-diego-rodriguez-1.jpg\" alt=\"Espacio deco Concepto DR\" width=\"584\" height=\"538\" \/><\/p>\n<p style=\"text-align: justify;\">Estas creaciones, asimismo, tienen premio. La organizaci\u00f3n otorga los <strong>Premios de Decoraci\u00f3n e Interiorismo Casa Decor<\/strong>. En total son dos galardones. Uno de ellos concedido por el jurado, compuesto por expertos interioristas de reconocida trayectoria en el sector; mientras que el otro se concede a votaci\u00f3n popular; eligiendo al trabajo m\u00e1s votado por el p\u00fablico.<\/p>\n<p>Si eres amante del interiorismo y la decoraci\u00f3n, Casa Decor es tu sitio; <strong>el para\u00edso donde la est\u00e9tica y las tendencias m\u00e1s innovadoras aunan esfuerzos<\/strong> para dar un renovado aire a una construcci\u00f3n hist\u00f3rica.<\/p>\n","protected":false},"excerpt":{"rendered":"<p>Ya se acerca la pr\u00f3xima edici\u00f3n de Casa Decor, una cita ineludible con el interiorismo, el dise\u00f1o y el arte en Europa. El pr\u00f3ximo 22 de mayo\u00a0abrir\u00e1 sus puertas a miles de visitantes, \u00e1vidos de conocer de primera mano las &hellip; <a href=\"https:\/\/www.delsofa.es\/informacion\/detalles-casa-decor-2014\/\">Sigue leyendo <span class=\"meta-nav\">&rarr;<\/span><\/a><\/p>\n","protected":false},"author":10,"featured_media":0,"comment_status":"open","ping_status":"open","sticky":false,"template":"","format":"standard","meta":[],"categories":[4,1012,405],"tags":[977,137,978,979],"yoast_head":"<!-- This site is optimized with the Yoast SEO plugin v18.6 - https:\/\/yoast.com\/wordpress\/plugins\/seo\/ -->\n<title>Todo listo para Casa Decor 2014, la cita con la decoraci\u00f3n en Madrid<\/title>\n<meta name=\"description\" content=\"El pr\u00f3ximo 22 de mayo comienza en Madrid Casa Decor 2014, una cita imperdible para los amantes del dise\u00f1o, la arquitectura y la decoraci\u00f3n.\" \/>\n<meta name=\"robots\" content=\"index, follow, max-snippet:-1, max-image-preview:large, max-video-preview:-1\" \/>\n<link rel=\"canonical\" href=\"https:\/\/www.delsofa.es\/informacion\/detalles-casa-decor-2014\/\" \/>\n<meta name=\"twitter:card\" content=\"summary_large_image\" \/>\n<meta name=\"twitter:title\" content=\"Todo listo para Casa Decor 2014, la cita con la decoraci\u00f3n en Madrid\" \/>\n<meta name=\"twitter:description\" content=\"El pr\u00f3ximo 22 de mayo comienza en Madrid Casa Decor 2014, una cita imperdible para los amantes del dise\u00f1o, la arquitectura y la decoraci\u00f3n.\" \/>\n<meta name=\"twitter:image\" content=\"https:\/\/www.delsofa.es\/informacion\/wp-content\/uploads\/2014\/04\/casa-decor.jpg\" \/>\n<meta name=\"twitter:creator\" content=\"@https:\/\/twitter.com\/karimesan\" \/>\n<meta name=\"twitter:site\" content=\"@delsofaES\" \/>\n<meta name=\"twitter:label1\" content=\"Escrito por\" \/>\n\t<meta name=\"twitter:data1\" content=\"Carmen Santo\" \/>\n\t<meta name=\"twitter:label2\" content=\"Tiempo de lectura\" \/>\n\t<meta name=\"twitter:data2\" content=\"3 minutos\" \/>\n<script type=\"application\/ld+json\" class=\"yoast-schema-graph\">{\"@context\":\"https:\/\/schema.org\",\"@graph\":[{\"@type\":\"WebSite\",\"@id\":\"https:\/\/www.delsofa.es\/informacion\/#website\",\"url\":\"https:\/\/www.delsofa.es\/informacion\/\",\"name\":\"\",\"description\":\"\",\"potentialAction\":[{\"@type\":\"SearchAction\",\"target\":{\"@type\":\"EntryPoint\",\"urlTemplate\":\"https:\/\/www.delsofa.es\/informacion\/?s={search_term_string}\"},\"query-input\":\"required name=search_term_string\"}],\"inLanguage\":\"es\"},{\"@type\":\"ImageObject\",\"@id\":\"https:\/\/www.delsofa.es\/informacion\/detalles-casa-decor-2014\/#primaryimage\",\"inLanguage\":\"es\",\"url\":\"https:\/\/www.delsofa.es\/informacion\/wp-content\/uploads\/2014\/04\/casa-decor.jpg\",\"contentUrl\":\"https:\/\/www.delsofa.es\/informacion\/wp-content\/uploads\/2014\/04\/casa-decor.jpg\",\"width\":475,\"height\":725,\"caption\":\"Edificio Casa Decor 2014. Fuente: Hola\"},{\"@type\":\"WebPage\",\"@id\":\"https:\/\/www.delsofa.es\/informacion\/detalles-casa-decor-2014\/#webpage\",\"url\":\"https:\/\/www.delsofa.es\/informacion\/detalles-casa-decor-2014\/\",\"name\":\"Todo listo para Casa Decor 2014, la cita con la decoraci\u00f3n en Madrid\",\"isPartOf\":{\"@id\":\"https:\/\/www.delsofa.es\/informacion\/#website\"},\"primaryImageOfPage\":{\"@id\":\"https:\/\/www.delsofa.es\/informacion\/detalles-casa-decor-2014\/#primaryimage\"},\"datePublished\":\"2014-05-14T09:00:34+00:00\",\"dateModified\":\"2015-05-12T07:38:08+00:00\",\"author\":{\"@id\":\"https:\/\/www.delsofa.es\/informacion\/#\/schema\/person\/e8b966e5778ff0f60831b82e0d35a297\"},\"description\":\"El pr\u00f3ximo 22 de mayo comienza en Madrid Casa Decor 2014, una cita imperdible para los amantes del dise\u00f1o, la arquitectura y la decoraci\u00f3n.\",\"breadcrumb\":{\"@id\":\"https:\/\/www.delsofa.es\/informacion\/detalles-casa-decor-2014\/#breadcrumb\"},\"inLanguage\":\"es\",\"potentialAction\":[{\"@type\":\"ReadAction\",\"target\":[\"https:\/\/www.delsofa.es\/informacion\/detalles-casa-decor-2014\/\"]}]},{\"@type\":\"BreadcrumbList\",\"@id\":\"https:\/\/www.delsofa.es\/informacion\/detalles-casa-decor-2014\/#breadcrumb\",\"itemListElement\":[{\"@type\":\"ListItem\",\"position\":1,\"name\":\"Portada\",\"item\":\"https:\/\/www.delsofa.es\/informacion\/\"},{\"@type\":\"ListItem\",\"position\":2,\"name\":\"Todo listo para Casa Decor 2014, la cita de la decoraci\u00f3n en Madrid\"}]},{\"@type\":\"Person\",\"@id\":\"https:\/\/www.delsofa.es\/informacion\/#\/schema\/person\/e8b966e5778ff0f60831b82e0d35a297\",\"name\":\"Carmen Santo\",\"image\":{\"@type\":\"ImageObject\",\"@id\":\"https:\/\/www.delsofa.es\/informacion\/#personlogo\",\"inLanguage\":\"es\",\"url\":\"https:\/\/secure.gravatar.com\/avatar\/ed494de04c6901a10da67638da1c8e60?s=96&d=mm&r=g\",\"contentUrl\":\"https:\/\/secure.gravatar.com\/avatar\/ed494de04c6901a10da67638da1c8e60?s=96&d=mm&r=g\",\"caption\":\"Carmen Santo\"},\"description\":\"Consultora de Branding Personal. Social Media Manager y gesti\u00f3n de la Reputaci\u00f3n Online. Publicista y Periodista de formaci\u00f3n, profesional de la comunicaci\u00f3n por vocaci\u00f3n. Me apasiona la decoraci\u00f3n y he encontrado en este blog una oportunidad para mostrar mi visi\u00f3n particular y aprender con grandes profesionales del sector. M\u00e1s sobre mi trabajo en carmensanto.es\",\"sameAs\":[\"http:\/\/carmensanto.es\/\",\"https:\/\/www.facebook.com\/carmensanto.karimesan\",\"http:\/\/www.linkedin.com\/in\/carmensanto\",\"https:\/\/twitter.com\/https:\/\/twitter.com\/karimesan\"],\"url\":\"https:\/\/www.delsofa.es\/informacion\/author\/carmen\/\"}]}<\/script>\n<!-- \/ Yoast SEO plugin. -->","yoast_head_json":{"title":"Todo listo para Casa Decor 2014, la cita con la decoraci\u00f3n en Madrid","description":"El pr\u00f3ximo 22 de mayo comienza en Madrid Casa Decor 2014, una cita imperdible para los amantes del dise\u00f1o, la arquitectura y la decoraci\u00f3n.","robots":{"index":"index","follow":"follow","max-snippet":"max-snippet:-1","max-image-preview":"max-image-preview:large","max-video-preview":"max-video-preview:-1"},"canonical":"https:\/\/www.delsofa.es\/informacion\/detalles-casa-decor-2014\/","twitter_card":"summary_large_image","twitter_title":"Todo listo para Casa Decor 2014, la cita con la decoraci\u00f3n en Madrid","twitter_description":"El pr\u00f3ximo 22 de mayo comienza en Madrid Casa Decor 2014, una cita imperdible para los amantes del dise\u00f1o, la arquitectura y la decoraci\u00f3n.","twitter_image":"https:\/\/www.delsofa.es\/informacion\/wp-content\/uploads\/2014\/04\/casa-decor.jpg","twitter_creator":"@https:\/\/twitter.com\/karimesan","twitter_site":"@delsofaES","twitter_misc":{"Escrito por":"Carmen Santo","Tiempo de lectura":"3 minutos"},"schema":{"@context":"https:\/\/schema.org","@graph":[{"@type":"WebSite","@id":"https:\/\/www.delsofa.es\/informacion\/#website","url":"https:\/\/www.delsofa.es\/informacion\/","name":"","description":"","potentialAction":[{"@type":"SearchAction","target":{"@type":"EntryPoint","urlTemplate":"https:\/\/www.delsofa.es\/informacion\/?s={search_term_string}"},"query-input":"required name=search_term_string"}],"inLanguage":"es"},{"@type":"ImageObject","@id":"https:\/\/www.delsofa.es\/informacion\/detalles-casa-decor-2014\/#primaryimage","inLanguage":"es","url":"https:\/\/www.delsofa.es\/informacion\/wp-content\/uploads\/2014\/04\/casa-decor.jpg","contentUrl":"https:\/\/www.delsofa.es\/informacion\/wp-content\/uploads\/2014\/04\/casa-decor.jpg","width":475,"height":725,"caption":"Edificio Casa Decor 2014. Fuente: Hola"},{"@type":"WebPage","@id":"https:\/\/www.delsofa.es\/informacion\/detalles-casa-decor-2014\/#webpage","url":"https:\/\/www.delsofa.es\/informacion\/detalles-casa-decor-2014\/","name":"Todo listo para Casa Decor 2014, la cita con la decoraci\u00f3n en Madrid","isPartOf":{"@id":"https:\/\/www.delsofa.es\/informacion\/#website"},"primaryImageOfPage":{"@id":"https:\/\/www.delsofa.es\/informacion\/detalles-casa-decor-2014\/#primaryimage"},"datePublished":"2014-05-14T09:00:34+00:00","dateModified":"2015-05-12T07:38:08+00:00","author":{"@id":"https:\/\/www.delsofa.es\/informacion\/#\/schema\/person\/e8b966e5778ff0f60831b82e0d35a297"},"description":"El pr\u00f3ximo 22 de mayo comienza en Madrid Casa Decor 2014, una cita imperdible para los amantes del dise\u00f1o, la arquitectura y la decoraci\u00f3n.","breadcrumb":{"@id":"https:\/\/www.delsofa.es\/informacion\/detalles-casa-decor-2014\/#breadcrumb"},"inLanguage":"es","potentialAction":[{"@type":"ReadAction","target":["https:\/\/www.delsofa.es\/informacion\/detalles-casa-decor-2014\/"]}]},{"@type":"BreadcrumbList","@id":"https:\/\/www.delsofa.es\/informacion\/detalles-casa-decor-2014\/#breadcrumb","itemListElement":[{"@type":"ListItem","position":1,"name":"Portada","item":"https:\/\/www.delsofa.es\/informacion\/"},{"@type":"ListItem","position":2,"name":"Todo listo para Casa Decor 2014, la cita de la decoraci\u00f3n en Madrid"}]},{"@type":"Person","@id":"https:\/\/www.delsofa.es\/informacion\/#\/schema\/person\/e8b966e5778ff0f60831b82e0d35a297","name":"Carmen Santo","image":{"@type":"ImageObject","@id":"https:\/\/www.delsofa.es\/informacion\/#personlogo","inLanguage":"es","url":"https:\/\/secure.gravatar.com\/avatar\/ed494de04c6901a10da67638da1c8e60?s=96&d=mm&r=g","contentUrl":"https:\/\/secure.gravatar.com\/avatar\/ed494de04c6901a10da67638da1c8e60?s=96&d=mm&r=g","caption":"Carmen Santo"},"description":"Consultora de Branding Personal. Social Media Manager y gesti\u00f3n de la Reputaci\u00f3n Online. Publicista y Periodista de formaci\u00f3n, profesional de la comunicaci\u00f3n por vocaci\u00f3n. Me apasiona la decoraci\u00f3n y he encontrado en este blog una oportunidad para mostrar mi visi\u00f3n particular y aprender con grandes profesionales del sector. M\u00e1s sobre mi trabajo en carmensanto.es","sameAs":["http:\/\/carmensanto.es\/","https:\/\/www.facebook.com\/carmensanto.karimesan","http:\/\/www.linkedin.com\/in\/carmensanto","https:\/\/twitter.com\/https:\/\/twitter.com\/karimesan"],"url":"https:\/\/www.delsofa.es\/informacion\/author\/carmen\/"}]}},"amp_enabled":true,"_links":{"self":[{"href":"https:\/\/www.delsofa.es\/informacion\/wp-json\/wp\/v2\/posts\/2861"}],"collection":[{"href":"https:\/\/www.delsofa.es\/informacion\/wp-json\/wp\/v2\/posts"}],"about":[{"href":"https:\/\/www.delsofa.es\/informacion\/wp-json\/wp\/v2\/types\/post"}],"author":[{"embeddable":true,"href":"https:\/\/www.delsofa.es\/informacion\/wp-json\/wp\/v2\/users\/10"}],"replies":[{"embeddable":true,"href":"https:\/\/www.delsofa.es\/informacion\/wp-json\/wp\/v2\/comments?post=2861"}],"version-history":[{"count":10,"href":"https:\/\/www.delsofa.es\/informacion\/wp-json\/wp\/v2\/posts\/2861\/revisions"}],"predecessor-version":[{"id":2987,"href":"https:\/\/www.delsofa.es\/informacion\/wp-json\/wp\/v2\/posts\/2861\/revisions\/2987"}],"wp:attachment":[{"href":"https:\/\/www.delsofa.es\/informacion\/wp-json\/wp\/v2\/media?parent=2861"}],"wp:term":[{"taxonomy":"category","embeddable":true,"href":"https:\/\/www.delsofa.es\/informacion\/wp-json\/wp\/v2\/categories?post=2861"},{"taxonomy":"post_tag","embeddable":true,"href":"https:\/\/www.delsofa.es\/informacion\/wp-json\/wp\/v2\/tags?post=2861"}],"curies":[{"name":"wp","href":"https:\/\/api.w.org\/{rel}","templated":true}]}}