{"id":2888,"date":"2014-05-07T09:24:41","date_gmt":"2014-05-07T09:24:41","guid":{"rendered":"https:\/\/www.delsofa.es\/informacion\/?p=2888"},"modified":"2014-05-09T15:46:06","modified_gmt":"2014-05-09T15:46:06","slug":"viste-tu-salon-para-esta-primavera-adios-los-tejidos-calurosos","status":"publish","type":"post","link":"https:\/\/www.delsofa.es\/informacion\/viste-tu-salon-para-esta-primavera-adios-los-tejidos-calurosos\/","title":{"rendered":"Viste tu sal\u00f3n en primavera: \u00a1Di adi\u00f3s a los tejidos calurosos!"},"content":{"rendered":"<p align=\"justify\">Es f\u00e1cil darse cuenta de cuando el calor ha llegado a nuestro sal\u00f3n. Llegan las 3 de la tarde, sientes picores en el cuerpo y te percatas de que los tejidos de invierno que pusiste con tanta ilusi\u00f3n ahora te resultan calurosos y picajosos. Pasas un rato en ese estado y te das cuenta de que hay que cambiar algo, ya que las altas temperaturas no han hecho m\u00e1s que empezar y esto solo es la primavera.<\/p>\n<p align=\"justify\">Sillas, sof\u00e1s, sillones, cortinas&#8230; todo contribuye a configurar la temperatura ambiente. Incluso <strong>los colores de los textiles pueden darnos una sensaci\u00f3n de frescor o calor<\/strong>. \u00bfC\u00f3mo preparamos nuestro sal\u00f3n para que sea menos caluroso? \u00bfQu\u00e9 tipo de textiles deber\u00edamos utilizar? En este post te voy a dar algunos consejos e ideas para vestir tu sal\u00f3n en primavera.<\/p>\n<p align=\"justify\">No es necesario cambiar mucho la fisonom\u00eda de nuestra sala de estar; bastar\u00e1 con que dispongas de las <strong>telas o fundas adecuadas y le des un toque m\u00e1s fresco, agradable y ligero<\/strong>.<\/p>\n<p style=\"text-align: justify;\"><span style=\"font-size: 120%; color: #993366;\">\u00bfQu\u00e9 textiles recomiendan para primavera?<\/span><\/p>\n<p align=\"justify\">Hay que tener en cuenta que determinadas texturas dan calor debido a sus caracter\u00edsticas. Por ejemplo, los sof\u00e1s de piel sint\u00e9tica\u00a0se calientan con facilidad cuando entra el sol por la ventana. Tambi\u00e9n el terciopelo, o los tapizados de lana suelen ser muy calurosos. Debemos cubrirlos o renunciar a ellos para que no entren en contacto con nuestra piel. Lo m\u00e1s f\u00e1cil suele ser recubrirlos con <strong>telas o fundas de sof\u00e1 de algod\u00f3n o lino<\/strong>. Los estampados pueden ser muy variados, desde los aspectos lisos a las rayas, los cuadros o los motivos florales.<\/p>\n<p align=\"justify\"><img decoding=\"async\" loading=\"lazy\" class=\"aligncenter wp-image-2898 size-full\" title=\"Textiles de primavera. Fuente: Pisos.com\" src=\"https:\/\/www.delsofa.es\/informacion\/wp-content\/uploads\/2014\/05\/textiles-primavera.png\" alt=\"Tejidos de primavera\" width=\"544\" height=\"384\" srcset=\"https:\/\/www.delsofa.es\/informacion\/wp-content\/uploads\/2014\/05\/textiles-primavera.png 544w, https:\/\/www.delsofa.es\/informacion\/wp-content\/uploads\/2014\/05\/textiles-primavera-300x211.png 300w, https:\/\/www.delsofa.es\/informacion\/wp-content\/uploads\/2014\/05\/textiles-primavera-425x300.png 425w\" sizes=\"(max-width: 544px) 100vw, 544px\" \/><\/p>\n<p style=\"text-align: justify;\">En cuanto a los colores, tampoco debemos olvidarnos. No es s\u00f3lo una cuesti\u00f3n psicol\u00f3gica. Tiene una base cient\u00edfica. Los colores que ven nuestros ojos dependen de la luz, que va unida al calor. Los tejidos negros, por ejemplo, absorben todos los colores al mismo tiempo y tambi\u00e9n <strong>absorben la energ\u00eda calurosa de la fuente de luz<\/strong>. En cambio, los tejidos de tono blanco o m\u00e1s claro no absorben tanta luz, sino que la reflejan, de modo que resultan menos calurosos.<\/p>\n<p style=\"text-align: justify;\" align=\"justify\">Veamos ahora qu\u00e9 <strong>tipo de material es m\u00e1s conveniente para vestir nuestro sal\u00f3n<\/strong> a partir de los tejidos que te hemos mencionado.<\/p>\n<p style=\"text-align: justify;\"><span style=\"font-size: 120%; color: #993366;\">Cambia telas y fundas del sof\u00e1<\/span><\/p>\n<p align=\"justify\">Si tenemos un sof\u00e1 caluroso, por ejemplo, con un tapizado de lana, lo m\u00e1s recomendable ser\u00e1 cubrirlo con alg\u00fan tejido. \u00bfQu\u00e9 tipo de tejido? <strong>S\u00e1banas ligeras, telas, colchas o fundas de sof\u00e1<\/strong>; hay muchas opciones que te pueden servir.<\/p>\n<p align=\"justify\">Lo importante es que sean <strong>tejidos de algod\u00f3n<\/strong>, por ejemplo, ya que resultar\u00e1n m\u00e1s ligeros. Luego, tambi\u00e9n vendr\u00eda bien que escojamos una tela original que armonice con el resto del sal\u00f3n o, incluso, contribuya a darle un aspecto m\u00e1s ligero.<\/p>\n<p align=\"justify\">Por ejemplo, las <strong>telas con estampados florales<\/strong> son las m\u00e1s recomendables para cubrir sof\u00e1s y sillones, especialmente si est\u00e1n un poco estropedos. Adem\u00e1s de que es una forma de hacer referencia a la primavera, permiten descansar la vista de los tejidos monocrom\u00e1ticos. F\u00edjate por ejemplo en esta funda primaveral que vemos en <a title=\"Telas de sof\u00e1 para primavera\" href=\"http:\/\/casadiez.elle.es\/decoracion-facil\/trucos\/tapicerias2\/soluciones-telas\" target=\"_blank\">Casa Diez<\/a><\/p>\n<p align=\"justify\"><img decoding=\"async\" loading=\"lazy\" class=\"aligncenter wp-image-2890 size-full\" title=\"Sal\u00f3n de toque primaveral\" src=\"https:\/\/www.delsofa.es\/informacion\/wp-content\/uploads\/2014\/05\/sof\u00e1-primaveral.png\" alt=\"Sof\u00e1 con funda primaveral\" width=\"544\" height=\"414\" srcset=\"https:\/\/www.delsofa.es\/informacion\/wp-content\/uploads\/2014\/05\/sof\u00e1-primaveral.png 544w, https:\/\/www.delsofa.es\/informacion\/wp-content\/uploads\/2014\/05\/sof\u00e1-primaveral-300x228.png 300w, https:\/\/www.delsofa.es\/informacion\/wp-content\/uploads\/2014\/05\/sof\u00e1-primaveral-394x300.png 394w\" sizes=\"(max-width: 544px) 100vw, 544px\" \/><\/p>\n<p align=\"justify\">Para alejarnos de los <strong>tejidos monocolor,<\/strong> tambi\u00e9n hay dibujos\u00a0que ayudan a crear una sensaci\u00f3n m\u00e1s fresca y ligera. Probaremos con telas a rayas para darle un aspecto m\u00e1s familiar a nuestra casa. \u00a1Me encantan los salones que\u00a0nos muestran\u00a0en el blog\u00a0<a title=\"salones primaverales\" href=\"http:\/\/hogarisimo.blogspot.com.es\/2013\/04\/sofas-con-telas-de-rayas.html\" target=\"_blank\">Hogarisimo<\/a>!<\/p>\n<p><img decoding=\"async\" loading=\"lazy\" class=\"aligncenter wp-image-2893 size-full\" title=\"Sof\u00e1s con fundas primaverales\" src=\"https:\/\/www.delsofa.es\/informacion\/wp-content\/uploads\/2014\/05\/sal\u00f3n-primaveral.png\" alt=\"Tejidos de primavera\" width=\"544\" height=\"414\" srcset=\"https:\/\/www.delsofa.es\/informacion\/wp-content\/uploads\/2014\/05\/sal\u00f3n-primaveral.png 544w, https:\/\/www.delsofa.es\/informacion\/wp-content\/uploads\/2014\/05\/sal\u00f3n-primaveral-300x228.png 300w, https:\/\/www.delsofa.es\/informacion\/wp-content\/uploads\/2014\/05\/sal\u00f3n-primaveral-394x300.png 394w\" sizes=\"(max-width: 544px) 100vw, 544px\" \/><\/p>\n<p>&nbsp;<\/p>\n<p><img decoding=\"async\" loading=\"lazy\" class=\"aligncenter wp-image-2892 size-full\" title=\"Sal\u00f3n de aire primaveral\" src=\"https:\/\/www.delsofa.es\/informacion\/wp-content\/uploads\/2014\/05\/sof\u00e1-para-primavera.png\" alt=\"Sof\u00e1 vestido de primavera\" width=\"544\" height=\"414\" srcset=\"https:\/\/www.delsofa.es\/informacion\/wp-content\/uploads\/2014\/05\/sof\u00e1-para-primavera.png 544w, https:\/\/www.delsofa.es\/informacion\/wp-content\/uploads\/2014\/05\/sof\u00e1-para-primavera-300x228.png 300w, https:\/\/www.delsofa.es\/informacion\/wp-content\/uploads\/2014\/05\/sof\u00e1-para-primavera-394x300.png 394w\" sizes=\"(max-width: 544px) 100vw, 544px\" \/><\/p>\n<p style=\"text-align: justify;\"><span style=\"font-size: 120%; color: #993366;\">Un toque m\u00e1s fresco a los cojines<\/span><\/p>\n<p align=\"justify\">Los cojines son otro de los elementos calurosos de los que nos queremos librar. En invierno todo el mundo quiere un coj\u00edn para recostarse. Cuando empieza el calor, sin embargo, cuando en la familia nos sentamos en el sof\u00e1, lo l\u00f3gico es que nos los pasemos de unos a otros, se monte una batalla de cojines o acaben amontonados encima de una silla porque dan mucho calor y nadie los quiere.<\/p>\n<p align=\"justify\">Para darle un <strong>toque primaveral y fresco<\/strong> <strong>a los cojines<\/strong>, tendremos que cambiarles las fundas por otras m\u00e1s apropiadas para la temperatura. Podemos sustituir las fundas de lana con fundas de lino, que son muy ligeras, o simplemente fundas de algod\u00f3n para cojines de diferentes colores, como las que han usado en <a title=\"Cojines primavera\" href=\"http:\/\/vivirenzamora.com\/2014\/04\/15\/decoracion-primaveral\/\" target=\"_blank\">Vivir en Zamora<\/a>. \u00a1F\u00edjate qu\u00e9 efecto tan bonito!<\/p>\n<p align=\"justify\"><img decoding=\"async\" loading=\"lazy\" class=\"aligncenter wp-image-2894 size-full\" title=\"Cojines alegres y primaverales\" src=\"https:\/\/www.delsofa.es\/informacion\/wp-content\/uploads\/2014\/05\/cojines-primavera.jpg\" alt=\"Textiles de primavera\" width=\"462\" height=\"308\" srcset=\"https:\/\/www.delsofa.es\/informacion\/wp-content\/uploads\/2014\/05\/cojines-primavera.jpg 462w, https:\/\/www.delsofa.es\/informacion\/wp-content\/uploads\/2014\/05\/cojines-primavera-300x200.jpg 300w, https:\/\/www.delsofa.es\/informacion\/wp-content\/uploads\/2014\/05\/cojines-primavera-450x300.jpg 450w\" sizes=\"(max-width: 462px) 100vw, 462px\" \/><\/p>\n<p style=\"text-align: justify;\"><span style=\"font-size: 120%; color: #993366;\">Utiliza plaids coloridos y suaves<\/span><\/p>\n<p align=\"justify\">Por \u00faltimo, hay que tener en cuenta que algunos d\u00edas de primavera puede que haga un poco de fresco. Lo digo pensando sobre todo en las ciudades m\u00e1s del norte, donde siempre <strong>suele haber alguna noche m\u00e1s fr\u00eda<\/strong> que otra en la que echar\u00edamos de menos una buena mantita para cubrirnos mientras vemos la tele.<\/p>\n<p align=\"justify\">No hay porque renunciar a los plaids tan r\u00e1pidamente, pero s\u00ed podemos utilizar tejidos m\u00e1s ligeros. En esta imagen de <a title=\"plaids de primavera\" href=\"http:\/\/www.decorablog.com\/mantas-y-plaids-para-la-primavera\/\" target=\"_blank\">Decorablog<\/a> vemos c\u00f3mo se puede <strong>integrar una manta muy fina en un sof\u00e1 y un sal\u00f3n de estilo marcadamente primaveral<\/strong>.<\/p>\n<p align=\"justify\"><img decoding=\"async\" loading=\"lazy\" class=\"aligncenter wp-image-2896 size-full\" title=\"Plaid primaveral\" src=\"https:\/\/www.delsofa.es\/informacion\/wp-content\/uploads\/2014\/05\/plaid-primavera.png\" alt=\"Manta de primavera\" width=\"544\" height=\"347\" srcset=\"https:\/\/www.delsofa.es\/informacion\/wp-content\/uploads\/2014\/05\/plaid-primavera.png 544w, https:\/\/www.delsofa.es\/informacion\/wp-content\/uploads\/2014\/05\/plaid-primavera-300x191.png 300w, https:\/\/www.delsofa.es\/informacion\/wp-content\/uploads\/2014\/05\/plaid-primavera-470x300.png 470w\" sizes=\"(max-width: 544px) 100vw, 544px\" \/><\/p>\n<p style=\"text-align: justify;\"><span style=\"font-size: 120%; color: #993366;\">Cambia el tono de las cortinas<\/span><\/p>\n<p align=\"justify\">Aparte de los tejidos que vayan a tener contacto directo con la piel, no te olvides de <strong>cambiar las cortinas<\/strong> <strong>para primavera<\/strong>. Las cortinas nos dan calor durante el invierno, pero en la primavera pueden quitar luz a la habitaci\u00f3n y darle un aspecto m\u00e1s bien triste, cuando fuera hace tan buen tiempo.<\/p>\n<p align=\"justify\">\u00bfQu\u00e9 tenemos que hacer entonces? <strong>Cambiar las cortinas rugosas por tejidos m\u00e1s frescos y ligeros<\/strong>. Si en el invierno se recomienda usar tonos oscuros, o cortinas que lleguen hasta el suelo, para crear un ambiente m\u00e1s acogedor, en primavera hay otras muchas posibilidades.<\/p>\n<ul>\n<li>\n<p align=\"justify\">Cambiar las cortinas por <strong>estores en colores claros<\/strong>, que permitan dejar pasar m\u00e1s luz y tener las ventanas abiertas m\u00e1s tiempo.<\/p>\n<\/li>\n<\/ul>\n<ul>\n<li>\n<p align=\"justify\">Usar <strong>cortinas blancas o colores primaverales<\/strong> como lilas, rosas, azules, amarillas o verde claro en tonos suaves o transparentes.<\/p>\n<\/li>\n<\/ul>\n<ul>\n<li>\n<p align=\"justify\">Utilizar cortinas con <strong>motivos de flores<\/strong>, que le dar\u00e1n un toque m\u00e1s primaveral y alegre al sal\u00f3n.<\/p>\n<\/li>\n<\/ul>\n<p align=\"justify\">F\u00edjate por ejemplo qu\u00e9 ambiente m\u00e1s abierto y agradable se puede apreciar en esta imagen.<\/p>\n<p><img decoding=\"async\" loading=\"lazy\" class=\"aligncenter wp-image-2897 size-full\" title=\"Cortinas floreadas. Fuente: guiadinmuebles.com\" src=\"https:\/\/www.delsofa.es\/informacion\/wp-content\/uploads\/2014\/05\/cortinas-primavera.png\" alt=\"Sal\u00f3n primaveral\" width=\"544\" height=\"393\" srcset=\"https:\/\/www.delsofa.es\/informacion\/wp-content\/uploads\/2014\/05\/cortinas-primavera.png 544w, https:\/\/www.delsofa.es\/informacion\/wp-content\/uploads\/2014\/05\/cortinas-primavera-300x216.png 300w, https:\/\/www.delsofa.es\/informacion\/wp-content\/uploads\/2014\/05\/cortinas-primavera-415x300.png 415w\" sizes=\"(max-width: 544px) 100vw, 544px\" \/><\/p>\n<p align=\"justify\">Si\u00e9ntate, respira hondo y contempla a tu alrededor cu\u00e1les son los tejidos que te producen <strong>sensaci\u00f3n de calor.<\/strong> T\u00f3calos con los dedos para ver si son rugosos o suaves; las alfombras de invierno, por ejemplo, son otro elemento que conviene guardar en el armario, en un post anterior te explicamos <a href=\"https:\/\/www.delsofa.es\/informacion\/como-limpiar-las-alfombras-del-salon\/\" target=\"_blank\">c\u00f3mo limpiar las alfombras antes de guardarlas<\/a>. De lo que se trata es que cuando entres en el sal\u00f3n a ver una pel\u00edcula o a leer un libro o a pasar una velada con amigos o familiares o a descansar tras un largo d\u00eda&#8230;, no acabes sudando por estar en contacto con tejidos m\u00e1s propios del invierno.<\/p>\n<p align=\"justify\">\u00bfHas preparado ya tu sal\u00f3n para la primavera? Nos har\u00eda mucha ilusi\u00f3n que nos ense\u00f1es <strong>qu\u00e9 cambios has hecho durante estos d\u00edas<\/strong>, y si necesitas alg\u00fan consejo adicional, \u00a1no tienes m\u00e1s que ped\u00edrnoslo! D\u00e9janos un comentario cont\u00e1ndonos qu\u00e9 est\u00e1s haciendo, o\u00a0comparte\u00a0una foto de tu sal\u00f3n en el <a href=\"https:\/\/www.facebook.com\/delsofaES\" target=\"_blank\">Facebook de Delsofa.es<\/a> o en Twitter, mencionando a <a href=\"https:\/\/twitter.com\/delsofaEs\" target=\"_blank\">@delsofaES<\/a> y te haremos RT.<\/p>\n","protected":false},"excerpt":{"rendered":"<p>Es f\u00e1cil darse cuenta de cuando el calor ha llegado a nuestro sal\u00f3n. Llegan las 3 de la tarde, sientes picores en el cuerpo y te percatas de que los tejidos de invierno que pusiste con tanta ilusi\u00f3n ahora te &hellip; <a href=\"https:\/\/www.delsofa.es\/informacion\/viste-tu-salon-para-esta-primavera-adios-los-tejidos-calurosos\/\">Sigue leyendo <span class=\"meta-nav\">&rarr;<\/span><\/a><\/p>\n","protected":false},"author":8,"featured_media":0,"comment_status":"open","ping_status":"open","sticky":false,"template":"","format":"standard","meta":[],"categories":[4,405,438],"tags":[956,952,951,954,46,955,953],"yoast_head":"<!-- This site is optimized with the Yoast SEO plugin v18.6 - https:\/\/yoast.com\/wordpress\/plugins\/seo\/ -->\n<title>Viste tu sal\u00f3n en primavera: \u00a1Dia adi\u00f3s a los tejidos calurosos!<\/title>\n<meta name=\"description\" content=\"Comienza a notarse el tiempo primaveral, es hora de cambiar nuestro sal\u00f3n y guardar los textiles de invierno. Descubre c\u00f3mo vestir tu sal\u00f3n en primavera.\" \/>\n<meta name=\"robots\" content=\"index, follow, max-snippet:-1, max-image-preview:large, max-video-preview:-1\" \/>\n<link rel=\"canonical\" href=\"https:\/\/www.delsofa.es\/informacion\/viste-tu-salon-para-esta-primavera-adios-los-tejidos-calurosos\/\" \/>\n<meta name=\"twitter:card\" content=\"summary_large_image\" \/>\n<meta name=\"twitter:title\" content=\"Viste tu sal\u00f3n en primavera: \u00a1Dia adi\u00f3s a los tejidos calurosos!\" \/>\n<meta name=\"twitter:description\" content=\"Comienza a notarse el tiempo primaveral, es hora de cambiar nuestro sal\u00f3n y guardar los textiles de invierno. Descubre c\u00f3mo vestir tu sal\u00f3n en primavera.\" \/>\n<meta name=\"twitter:image\" content=\"https:\/\/www.delsofa.es\/informacion\/wp-content\/uploads\/2014\/05\/textiles-primavera.png\" \/>\n<meta name=\"twitter:creator\" content=\"@delsofaES\" \/>\n<meta name=\"twitter:site\" content=\"@delsofaES\" \/>\n<meta name=\"twitter:label1\" content=\"Escrito por\" \/>\n\t<meta name=\"twitter:data1\" content=\"Samuel Juli\u00e1\" \/>\n\t<meta name=\"twitter:label2\" content=\"Tiempo de lectura\" \/>\n\t<meta name=\"twitter:data2\" content=\"6 minutos\" \/>\n<script type=\"application\/ld+json\" class=\"yoast-schema-graph\">{\"@context\":\"https:\/\/schema.org\",\"@graph\":[{\"@type\":\"WebSite\",\"@id\":\"https:\/\/www.delsofa.es\/informacion\/#website\",\"url\":\"https:\/\/www.delsofa.es\/informacion\/\",\"name\":\"\",\"description\":\"\",\"potentialAction\":[{\"@type\":\"SearchAction\",\"target\":{\"@type\":\"EntryPoint\",\"urlTemplate\":\"https:\/\/www.delsofa.es\/informacion\/?s={search_term_string}\"},\"query-input\":\"required name=search_term_string\"}],\"inLanguage\":\"es\"},{\"@type\":\"ImageObject\",\"@id\":\"https:\/\/www.delsofa.es\/informacion\/viste-tu-salon-para-esta-primavera-adios-los-tejidos-calurosos\/#primaryimage\",\"inLanguage\":\"es\",\"url\":\"https:\/\/www.delsofa.es\/informacion\/wp-content\/uploads\/2014\/05\/textiles-primavera.png\",\"contentUrl\":\"https:\/\/www.delsofa.es\/informacion\/wp-content\/uploads\/2014\/05\/textiles-primavera.png\",\"width\":544,\"height\":384,\"caption\":\"Tejidos de primavera\"},{\"@type\":\"WebPage\",\"@id\":\"https:\/\/www.delsofa.es\/informacion\/viste-tu-salon-para-esta-primavera-adios-los-tejidos-calurosos\/#webpage\",\"url\":\"https:\/\/www.delsofa.es\/informacion\/viste-tu-salon-para-esta-primavera-adios-los-tejidos-calurosos\/\",\"name\":\"Viste tu sal\u00f3n en primavera: \u00a1Dia adi\u00f3s a los tejidos calurosos!\",\"isPartOf\":{\"@id\":\"https:\/\/www.delsofa.es\/informacion\/#website\"},\"primaryImageOfPage\":{\"@id\":\"https:\/\/www.delsofa.es\/informacion\/viste-tu-salon-para-esta-primavera-adios-los-tejidos-calurosos\/#primaryimage\"},\"datePublished\":\"2014-05-07T09:24:41+00:00\",\"dateModified\":\"2014-05-09T15:46:06+00:00\",\"author\":{\"@id\":\"https:\/\/www.delsofa.es\/informacion\/#\/schema\/person\/43745e6d3a8ff735b6110da6a43d32e9\"},\"description\":\"Comienza a notarse el tiempo primaveral, es hora de cambiar nuestro sal\u00f3n y guardar los textiles de invierno. Descubre c\u00f3mo vestir tu sal\u00f3n en primavera.\",\"breadcrumb\":{\"@id\":\"https:\/\/www.delsofa.es\/informacion\/viste-tu-salon-para-esta-primavera-adios-los-tejidos-calurosos\/#breadcrumb\"},\"inLanguage\":\"es\",\"potentialAction\":[{\"@type\":\"ReadAction\",\"target\":[\"https:\/\/www.delsofa.es\/informacion\/viste-tu-salon-para-esta-primavera-adios-los-tejidos-calurosos\/\"]}]},{\"@type\":\"BreadcrumbList\",\"@id\":\"https:\/\/www.delsofa.es\/informacion\/viste-tu-salon-para-esta-primavera-adios-los-tejidos-calurosos\/#breadcrumb\",\"itemListElement\":[{\"@type\":\"ListItem\",\"position\":1,\"name\":\"Portada\",\"item\":\"https:\/\/www.delsofa.es\/informacion\/\"},{\"@type\":\"ListItem\",\"position\":2,\"name\":\"Viste tu sal\u00f3n en primavera: \u00a1Di adi\u00f3s a los tejidos calurosos!\"}]},{\"@type\":\"Person\",\"@id\":\"https:\/\/www.delsofa.es\/informacion\/#\/schema\/person\/43745e6d3a8ff735b6110da6a43d32e9\",\"name\":\"Samuel Juli\u00e1\",\"image\":{\"@type\":\"ImageObject\",\"@id\":\"https:\/\/www.delsofa.es\/informacion\/#personlogo\",\"inLanguage\":\"es\",\"url\":\"https:\/\/secure.gravatar.com\/avatar\/63cc242575946deb5c9e2bacf79706b7?s=96&d=mm&r=g\",\"contentUrl\":\"https:\/\/secure.gravatar.com\/avatar\/63cc242575946deb5c9e2bacf79706b7?s=96&d=mm&r=g\",\"caption\":\"Samuel Juli\u00e1\"},\"description\":\"Periodista y community manager (Alicante, 1988). Entusiasmado con el mundo de la comunicaci\u00f3n online y las nuevas formas de expresi\u00f3n. Me encanta todo lo relacionado con la belleza, la est\u00e9tica y el arte. Escribo en El Blog del Sof\u00e1 desde noviembre de 2013.\",\"sameAs\":[\"http:\/\/www.miredactor.com\"],\"url\":\"https:\/\/www.delsofa.es\/informacion\/author\/samuel\/\"}]}<\/script>\n<!-- \/ Yoast SEO plugin. -->","yoast_head_json":{"title":"Viste tu sal\u00f3n en primavera: \u00a1Dia adi\u00f3s a los tejidos calurosos!","description":"Comienza a notarse el tiempo primaveral, es hora de cambiar nuestro sal\u00f3n y guardar los textiles de invierno. Descubre c\u00f3mo vestir tu sal\u00f3n en primavera.","robots":{"index":"index","follow":"follow","max-snippet":"max-snippet:-1","max-image-preview":"max-image-preview:large","max-video-preview":"max-video-preview:-1"},"canonical":"https:\/\/www.delsofa.es\/informacion\/viste-tu-salon-para-esta-primavera-adios-los-tejidos-calurosos\/","twitter_card":"summary_large_image","twitter_title":"Viste tu sal\u00f3n en primavera: \u00a1Dia adi\u00f3s a los tejidos calurosos!","twitter_description":"Comienza a notarse el tiempo primaveral, es hora de cambiar nuestro sal\u00f3n y guardar los textiles de invierno. Descubre c\u00f3mo vestir tu sal\u00f3n en primavera.","twitter_image":"https:\/\/www.delsofa.es\/informacion\/wp-content\/uploads\/2014\/05\/textiles-primavera.png","twitter_creator":"@delsofaES","twitter_site":"@delsofaES","twitter_misc":{"Escrito por":"Samuel Juli\u00e1","Tiempo de lectura":"6 minutos"},"schema":{"@context":"https:\/\/schema.org","@graph":[{"@type":"WebSite","@id":"https:\/\/www.delsofa.es\/informacion\/#website","url":"https:\/\/www.delsofa.es\/informacion\/","name":"","description":"","potentialAction":[{"@type":"SearchAction","target":{"@type":"EntryPoint","urlTemplate":"https:\/\/www.delsofa.es\/informacion\/?s={search_term_string}"},"query-input":"required name=search_term_string"}],"inLanguage":"es"},{"@type":"ImageObject","@id":"https:\/\/www.delsofa.es\/informacion\/viste-tu-salon-para-esta-primavera-adios-los-tejidos-calurosos\/#primaryimage","inLanguage":"es","url":"https:\/\/www.delsofa.es\/informacion\/wp-content\/uploads\/2014\/05\/textiles-primavera.png","contentUrl":"https:\/\/www.delsofa.es\/informacion\/wp-content\/uploads\/2014\/05\/textiles-primavera.png","width":544,"height":384,"caption":"Tejidos de primavera"},{"@type":"WebPage","@id":"https:\/\/www.delsofa.es\/informacion\/viste-tu-salon-para-esta-primavera-adios-los-tejidos-calurosos\/#webpage","url":"https:\/\/www.delsofa.es\/informacion\/viste-tu-salon-para-esta-primavera-adios-los-tejidos-calurosos\/","name":"Viste tu sal\u00f3n en primavera: \u00a1Dia adi\u00f3s a los tejidos calurosos!","isPartOf":{"@id":"https:\/\/www.delsofa.es\/informacion\/#website"},"primaryImageOfPage":{"@id":"https:\/\/www.delsofa.es\/informacion\/viste-tu-salon-para-esta-primavera-adios-los-tejidos-calurosos\/#primaryimage"},"datePublished":"2014-05-07T09:24:41+00:00","dateModified":"2014-05-09T15:46:06+00:00","author":{"@id":"https:\/\/www.delsofa.es\/informacion\/#\/schema\/person\/43745e6d3a8ff735b6110da6a43d32e9"},"description":"Comienza a notarse el tiempo primaveral, es hora de cambiar nuestro sal\u00f3n y guardar los textiles de invierno. Descubre c\u00f3mo vestir tu sal\u00f3n en primavera.","breadcrumb":{"@id":"https:\/\/www.delsofa.es\/informacion\/viste-tu-salon-para-esta-primavera-adios-los-tejidos-calurosos\/#breadcrumb"},"inLanguage":"es","potentialAction":[{"@type":"ReadAction","target":["https:\/\/www.delsofa.es\/informacion\/viste-tu-salon-para-esta-primavera-adios-los-tejidos-calurosos\/"]}]},{"@type":"BreadcrumbList","@id":"https:\/\/www.delsofa.es\/informacion\/viste-tu-salon-para-esta-primavera-adios-los-tejidos-calurosos\/#breadcrumb","itemListElement":[{"@type":"ListItem","position":1,"name":"Portada","item":"https:\/\/www.delsofa.es\/informacion\/"},{"@type":"ListItem","position":2,"name":"Viste tu sal\u00f3n en primavera: \u00a1Di adi\u00f3s a los tejidos calurosos!"}]},{"@type":"Person","@id":"https:\/\/www.delsofa.es\/informacion\/#\/schema\/person\/43745e6d3a8ff735b6110da6a43d32e9","name":"Samuel Juli\u00e1","image":{"@type":"ImageObject","@id":"https:\/\/www.delsofa.es\/informacion\/#personlogo","inLanguage":"es","url":"https:\/\/secure.gravatar.com\/avatar\/63cc242575946deb5c9e2bacf79706b7?s=96&d=mm&r=g","contentUrl":"https:\/\/secure.gravatar.com\/avatar\/63cc242575946deb5c9e2bacf79706b7?s=96&d=mm&r=g","caption":"Samuel Juli\u00e1"},"description":"Periodista y community manager (Alicante, 1988). Entusiasmado con el mundo de la comunicaci\u00f3n online y las nuevas formas de expresi\u00f3n. Me encanta todo lo relacionado con la belleza, la est\u00e9tica y el arte. Escribo en El Blog del Sof\u00e1 desde noviembre de 2013.","sameAs":["http:\/\/www.miredactor.com"],"url":"https:\/\/www.delsofa.es\/informacion\/author\/samuel\/"}]}},"amp_enabled":true,"_links":{"self":[{"href":"https:\/\/www.delsofa.es\/informacion\/wp-json\/wp\/v2\/posts\/2888"}],"collection":[{"href":"https:\/\/www.delsofa.es\/informacion\/wp-json\/wp\/v2\/posts"}],"about":[{"href":"https:\/\/www.delsofa.es\/informacion\/wp-json\/wp\/v2\/types\/post"}],"author":[{"embeddable":true,"href":"https:\/\/www.delsofa.es\/informacion\/wp-json\/wp\/v2\/users\/8"}],"replies":[{"embeddable":true,"href":"https:\/\/www.delsofa.es\/informacion\/wp-json\/wp\/v2\/comments?post=2888"}],"version-history":[{"count":9,"href":"https:\/\/www.delsofa.es\/informacion\/wp-json\/wp\/v2\/posts\/2888\/revisions"}],"predecessor-version":[{"id":2981,"href":"https:\/\/www.delsofa.es\/informacion\/wp-json\/wp\/v2\/posts\/2888\/revisions\/2981"}],"wp:attachment":[{"href":"https:\/\/www.delsofa.es\/informacion\/wp-json\/wp\/v2\/media?parent=2888"}],"wp:term":[{"taxonomy":"category","embeddable":true,"href":"https:\/\/www.delsofa.es\/informacion\/wp-json\/wp\/v2\/categories?post=2888"},{"taxonomy":"post_tag","embeddable":true,"href":"https:\/\/www.delsofa.es\/informacion\/wp-json\/wp\/v2\/tags?post=2888"}],"curies":[{"name":"wp","href":"https:\/\/api.w.org\/{rel}","templated":true}]}}