{"id":2909,"date":"2014-05-12T09:23:54","date_gmt":"2014-05-12T09:23:54","guid":{"rendered":"https:\/\/www.delsofa.es\/informacion\/?p=2909"},"modified":"2020-01-09T07:47:06","modified_gmt":"2020-01-09T07:47:06","slug":"elige-una-correcta-distribucion-del-sofa","status":"publish","type":"post","link":"https:\/\/www.delsofa.es\/informacion\/elige-una-correcta-distribucion-del-sofa\/","title":{"rendered":"Elige una correcta distribuci\u00f3n del sof\u00e1 seg\u00fan los miembros del hogar"},"content":{"rendered":"<p style=\"text-align: justify;\"><strong>\u00bfQu\u00e9 sof\u00e1 escogemos para nuestro sal\u00f3n?<\/strong> Es una buena pregunta, lo cierto es que se trata de una de las cuestiones m\u00e1s planteadas a la hora de decorar&nbsp;el sal\u00f3n, sin embargo, antes de llegar a este punto deber\u00edamos plantearnos&nbsp;otras cuestiones:&nbsp;<em>\u00bfCu\u00e1ntos somos en casa?<\/em><em>&nbsp;\u00bfC\u00f3mo es la distribuci\u00f3n del sal\u00f3n?<\/em><\/p>\n<p style=\"text-align: justify;\"><a href=\"https:\/\/www.delsofa.es\/sofa-norman.php\" target=\"_blank\" rel=\"noopener noreferrer\"><img decoding=\"async\" loading=\"lazy\" class=\"aligncenter wp-image-2910\" title=\"Sof\u00e1 Norman, a la venta en Delsofa.es\" src=\"https:\/\/www.delsofa.es\/informacion\/wp-content\/uploads\/2014\/05\/Sof\u00e1-Norman-1024x591.jpg\" alt=\"Sof\u00e1 Norman\" width=\"534\" height=\"309\" srcset=\"https:\/\/www.delsofa.es\/informacion\/wp-content\/uploads\/2014\/05\/Sof\u00e1-Norman-1024x591.jpg 1024w, https:\/\/www.delsofa.es\/informacion\/wp-content\/uploads\/2014\/05\/Sof\u00e1-Norman-300x173.jpg 300w, https:\/\/www.delsofa.es\/informacion\/wp-content\/uploads\/2014\/05\/Sof\u00e1-Norman-500x288.jpg 500w\" sizes=\"(max-width: 534px) 100vw, 534px\" \/><\/a><\/p>\n<p style=\"text-align: justify;\">Ambas respuestas influir\u00e1n en el tipo de sof\u00e1 que escojamos. Acertar no es una tarea sencilla, estamos cansados de ver c\u00f3mo familiares y amigos se precipitan en la elecci\u00f3n y luego lo lamentan durante mucho tiempo \u00bfQu\u00e9 te parece si hacemos una <strong>peque\u00f1a gu\u00eda de recomendaciones para elegir bien tu sof\u00e1<\/strong>?<\/p>\n<p style=\"text-align: justify;\"><span style=\"font-size: 120%; color: #993366;\">Lo m\u00e1s importante: Las dimensiones<\/span><\/p>\n<p style=\"text-align: justify;\">No es lo mismo contar con un sal\u00f3n de 20 metros cuadrados que uno de 9 metros cuadrados. Muy a nuestro pesar e independientemente de cu\u00e1ntos seamos en casa, lo normal es <strong>controlar primero el factor espacio<\/strong>, ya que es probable que un chaise longue no sea la mejor opci\u00f3n si no queremos recargar en exceso una sala de dimensiones reducidas.<\/p>\n<p style=\"text-align: justify;\"><strong>\u00bfQu\u00e9 te parece un modelo m\u00e1s compacto? <\/strong>La ventaja es que siempre podemos contar con dos piezas que permitir\u00e1n una ubicaci\u00f3n ideal seg\u00fan la forma del sal\u00f3n, evitando as\u00ed ocupar toda una pared o el centro entorpeciendo el paso y la propia decoraci\u00f3n.<\/p>\n<p style=\"text-align: justify;\"><a href=\"https:\/\/www.delsofa.es\/sofa-amatista.php\" target=\"_blank\" rel=\"noopener noreferrer\"><img decoding=\"async\" loading=\"lazy\" class=\"aligncenter wp-image-2912\" title=\"Sof\u00e1 Amatista, a la venta en Delsofa.es\" src=\"https:\/\/www.delsofa.es\/informacion\/wp-content\/uploads\/2014\/05\/Sof\u00e1-Amatista.jpg\" alt=\"Sof\u00e1 Amatista\" width=\"539\" height=\"215\" srcset=\"https:\/\/www.delsofa.es\/informacion\/wp-content\/uploads\/2014\/05\/Sof\u00e1-Amatista.jpg 607w, https:\/\/www.delsofa.es\/informacion\/wp-content\/uploads\/2014\/05\/Sof\u00e1-Amatista-300x119.jpg 300w, https:\/\/www.delsofa.es\/informacion\/wp-content\/uploads\/2014\/05\/Sof\u00e1-Amatista-500x199.jpg 500w\" sizes=\"(max-width: 539px) 100vw, 539px\" \/><\/a><\/p>\n<p style=\"text-align: justify;\">El <strong>modelo Amatista<\/strong> podr\u00eda ser un claro ejemplo, ya que por su forma y tama\u00f1o viene a convertirse en una de las mejores opciones para aquellos que no tenemos metros de sobra. Ha sido fabricado en madera maciza recubierta de fibra termofusionada y goma espuma.<\/p>\n<p style=\"text-align: justify;\">Adem\u00e1s, <strong>un sof\u00e1 3+2 como \u00e9ste es el elemento ideal para familias numerosas<\/strong>, tambi\u00e9n es una buena idea si recibimos muchos invitados o si nuestro sal\u00f3n es el punto de reuni\u00f3n de los amigos. Todos tendr\u00e1n cabida en este gran modelo.<\/p>\n<p style=\"text-align: justify;\">Lo bueno de este tipo de sof\u00e1s es que <strong>la distribuci\u00f3n del sof\u00e1 es muy variada<\/strong>, ya que podemos contar con una pieza como la que vemos en la imagen anterior, o bien, optar por otra adicional en el caso de que dispusi\u00e9ramos del espacio suficiente y\/o fuera necesario para dar asiento a todos los miembros de la familia.<\/p>\n<p style=\"text-align: justify;\"><img decoding=\"async\" loading=\"lazy\" class=\"aligncenter wp-image-2914\" title=\"Sof\u00e1 amatista, a la venta en Delsofa.es\" src=\"https:\/\/www.delsofa.es\/informacion\/wp-content\/uploads\/2014\/05\/Sof\u00e1-Amatista-3+2.jpg\" alt=\"Sof\u00e1 Amatista 3+2\" width=\"538\" height=\"769\" srcset=\"https:\/\/www.delsofa.es\/informacion\/wp-content\/uploads\/2014\/05\/Sof\u00e1-Amatista-3+2.jpg 595w, https:\/\/www.delsofa.es\/informacion\/wp-content\/uploads\/2014\/05\/Sof\u00e1-Amatista-3+2-210x300.jpg 210w\" sizes=\"(max-width: 538px) 100vw, 538px\" \/><\/p>\n<p style=\"text-align: justify;\">Ahora bien, si tienes la suerte de que los metros no son una limitaci\u00f3n, me gustar\u00eda recomendarte un modelo que particularmente me gusta mucho, se trata del <strong>chaise longue&nbsp;modelo Noelia<\/strong>, el cual se puede ojear en la siguiente imagen:<\/p>\n<p style=\"text-align: justify;\"><a href=\"https:\/\/www.delsofa.es\/chaise-longue-noelia.php\" target=\"_blank\" rel=\"noopener noreferrer\"><img decoding=\"async\" loading=\"lazy\" class=\"aligncenter wp-image-2915\" title=\"Chaise longue Noelia, a la venta en Delsofa.es\" src=\"https:\/\/www.delsofa.es\/informacion\/wp-content\/uploads\/2014\/05\/Chaise-longue-Noelia.jpg\" alt=\"Chaise longue Noelia\" width=\"538\" height=\"217\" srcset=\"https:\/\/www.delsofa.es\/informacion\/wp-content\/uploads\/2014\/05\/Chaise-longue-Noelia.jpg 591w, https:\/\/www.delsofa.es\/informacion\/wp-content\/uploads\/2014\/05\/Chaise-longue-Noelia-300x120.jpg 300w, https:\/\/www.delsofa.es\/informacion\/wp-content\/uploads\/2014\/05\/Chaise-longue-Noelia-500x201.jpg 500w\" sizes=\"(max-width: 538px) 100vw, 538px\" \/><\/a><\/p>\n<p style=\"text-align: justify;\">Un modelo con un acabado realmente bonito, y que adem\u00e1s, permite que lo podamos ubicar en cualquier parte del sal\u00f3n, aunque claro est\u00e1 que <strong>este tipo de sof\u00e1s siempre favorece un poquito m\u00e1s cuando jugamos con las paredes<\/strong>.<\/p>\n<p style=\"text-align: justify;\">En este punto me gustar\u00eda a\u00f1adir que las paredes son siempre un bonito lugar en el que colocar este tipo de muebles y que te recomiendo que contemples siempre la posibilidad de hacerlo, aunque claro est\u00e1 que este consejo es relativo, ya que cada sal\u00f3n es especial y perfectamente podr\u00eda lucirse mejor con el sof\u00e1 en medio en vez de acercarlo a la pared.<\/p>\n<p style=\"text-align: justify;\">El&nbsp;chaise longue modelo Noelia est\u00e1 fabricado en madera de pino que perfectamente puede acompa\u00f1ar en la mayor\u00eda de estilos decorativos y que por si fuera poco, <strong>permite escoger diferentes distribuciones para poderlo adaptar a todos los miembros de la familia<\/strong>, \u00bfSe puede pedir algo m\u00e1s?<\/p>\n<p style=\"text-align: justify;\"><img decoding=\"async\" loading=\"lazy\" class=\"aligncenter wp-image-2916\" title=\"Distribuciones del sof\u00e1 modelo Noelia, a la venta en Delsofa.es\" src=\"https:\/\/www.delsofa.es\/informacion\/wp-content\/uploads\/2014\/05\/Distribuci\u00f3n-Noelia.jpg\" alt=\"Distribuci\u00f3n Noelia\" width=\"539\" height=\"307\" srcset=\"https:\/\/www.delsofa.es\/informacion\/wp-content\/uploads\/2014\/05\/Distribuci\u00f3n-Noelia.jpg 672w, https:\/\/www.delsofa.es\/informacion\/wp-content\/uploads\/2014\/05\/Distribuci\u00f3n-Noelia-300x170.jpg 300w, https:\/\/www.delsofa.es\/informacion\/wp-content\/uploads\/2014\/05\/Distribuci\u00f3n-Noelia-500x284.jpg 500w\" sizes=\"(max-width: 539px) 100vw, 539px\" \/><\/p>\n<p style=\"text-align: justify;\"><span style=\"font-size: 120%; color: #993366;\">\u00bfCu\u00e1ntos miembros hay en casa?<\/span><\/p>\n<p style=\"text-align: justify;\">Siendo conscientes de las limitaciones del espacio, ahora toca centrarse en la cantidad de personas que har\u00e1n uso del sof\u00e1 de una forma casi diaria. No es lo mismo <strong>escoger un sof\u00e1 para una pareja que para una familia<\/strong> repleta de ni\u00f1os correteando sin parar, y ya no solo por los cuidados, sino por las necesidades de cada uno.<\/p>\n<p style=\"text-align: justify;\">\u201c<em>\u00bfPero si las parejas son las primeras en escoger un modelo chaise longue aunque solo sean 2?<\/em>\u201d Es cierto, pero debemos tener en cuenta que no es necesario reducir el abanico de opciones porque solo sean 2, pues <strong>todos buscamos comodidad ante todo<\/strong>, y si podemos disfrutar del espacio, mejor.<\/p>\n<p style=\"text-align: justify;\"><a href=\"#\" target=\"_blank\" rel=\"noopener noreferrer\"><img decoding=\"async\" loading=\"lazy\" class=\"aligncenter wp-image-2917\" title=\"Chaise longue modelo Bely, a la venta en Delsofa.es\" src=\"https:\/\/www.delsofa.es\/informacion\/wp-content\/uploads\/2014\/05\/Chaise-longue-Bely.jpg\" alt=\"Chaise longue Bely\" width=\"539\" height=\"312\" srcset=\"https:\/\/www.delsofa.es\/informacion\/wp-content\/uploads\/2014\/05\/Chaise-longue-Bely.jpg 645w, https:\/\/www.delsofa.es\/informacion\/wp-content\/uploads\/2014\/05\/Chaise-longue-Bely-300x173.jpg 300w, https:\/\/www.delsofa.es\/informacion\/wp-content\/uploads\/2014\/05\/Chaise-longue-Bely-500x289.jpg 500w\" sizes=\"(max-width: 539px) 100vw, 539px\" \/><\/a><\/p>\n<p style=\"text-align: justify;\">El <strong>modelo Bely es un chaise longue que perfectamente podr\u00eda ser igual de recomendable para una pareja<\/strong> que busca comodidad y espacio, como tambi\u00e9n para una familia completa que necesita ofrecer siempre un peque\u00f1o rinc\u00f3n para cada uno de sus integrantes, sin sacrificar el dise\u00f1o.<\/p>\n<p style=\"text-align: justify;\">Que no te enga\u00f1e la presentaci\u00f3n, es evidente que jugando con las dimensiones del sal\u00f3n de la imagen es un sof\u00e1 ideal, sin embargo, para tu sal\u00f3n tambi\u00e9n lo es, tan solo necesitas asignar unos metros para su colocaci\u00f3n y despu\u00e9s podr\u00e1s comprobar como muchos de sus acabados combinan perfectamente con tu decoraci\u00f3n.<\/p>\n<p style=\"text-align: justify;\">Recuerda el consejo anterior, <strong>siempre puedes acercarlo a la pared si tu sal\u00f3n no dispone de los mismos metros que la imagen<\/strong>. As\u00ed podr\u00e1s ganar el centro para incluso renovar la peque\u00f1a mesita que preside la sala. No olvidemos que adem\u00e1s de ser un sof\u00e1, estamos decorando, por lo que traer un componente nuevo a casa implica, por suerte para los que nos gusta, pensar en a\u00f1adir complementos para aprovechar y retocar la decoraci\u00f3n.<\/p>\n<p style=\"text-align: justify;\"><a href=\"https:\/\/www.delsofa.es\/sofa-viela.php\" target=\"_blank\" rel=\"noopener noreferrer\"><img decoding=\"async\" loading=\"lazy\" class=\"aligncenter wp-image-2918\" title=\"Sof\u00e1 Viela, a la venta en Delsofa.es\" src=\"https:\/\/www.delsofa.es\/informacion\/wp-content\/uploads\/2014\/05\/Sof\u00e1-Viela.jpg\" alt=\"Sof\u00e1 Viela\" width=\"539\" height=\"337\" srcset=\"https:\/\/www.delsofa.es\/informacion\/wp-content\/uploads\/2014\/05\/Sof\u00e1-Viela.jpg 650w, https:\/\/www.delsofa.es\/informacion\/wp-content\/uploads\/2014\/05\/Sof\u00e1-Viela-300x187.jpg 300w, https:\/\/www.delsofa.es\/informacion\/wp-content\/uploads\/2014\/05\/Sof\u00e1-Viela-479x300.jpg 479w\" sizes=\"(max-width: 539px) 100vw, 539px\" \/><\/a><\/p>\n<p style=\"text-align: justify;\">Ahora pasemos al <strong>sof\u00e1 Viela<\/strong>, seguro que has visto la imagen y te han dado ganas de probarlo. Es completamente normal, se trata de un modelo de 2 plazas fabricado en madera maciza y recubierto con goma y fibra termofusionada antial\u00e9rgica. <strong>\u00a1Es ideal para salones de estilo cl\u00e1sico!<\/strong><\/p>\n<p style=\"text-align: justify;\">Sus diferentes distribuciones permiten ajustar el tama\u00f1o a las dimensiones del sal\u00f3n. En la imagen queda bastante claro que han sabido escoger la adecuada. <strong>\u00bfC\u00f3mo crees que quedar\u00e1 en el tuyo?<\/strong> Si vives con tu pareja y a ambos os gusta el estilo de decoraci\u00f3n neocl\u00e1sico,&nbsp;sin dudarlo os recomiendo este modelo.<\/p>\n<p style=\"text-align: justify;\"><span style=\"font-size: 120%; color: #993366;\">\u00bfY qu\u00e9 hay de la comodidad?<\/span><\/p>\n<p style=\"text-align: justify;\">Es cierto que las dimensiones y los miembros de la familia son puntos a tener en cuenta, sin embargo, <strong>la comodidad es un factor al que no deber\u00edamos renunciar nunca<\/strong>. Existen gustos para todo, lo que a uno le puede gustar es probable que a otro no, pero eso es completamente normal, el problema viene cuando damos prioridad a la vista antes que al tacto.<\/p>\n<p style=\"text-align: justify;\"><a href=\"#\" target=\"_blank\" rel=\"noopener noreferrer\"><img decoding=\"async\" loading=\"lazy\" class=\"aligncenter wp-image-2919\" title=\"Sof\u00e1 modelo Atila, a la venta en Delsofa.es\" src=\"https:\/\/www.delsofa.es\/informacion\/wp-content\/uploads\/2014\/05\/Chaise-longue-Atila.jpg\" alt=\"Chaise longue Atila\" width=\"539\" height=\"377\" srcset=\"https:\/\/www.delsofa.es\/informacion\/wp-content\/uploads\/2014\/05\/Chaise-longue-Atila.jpg 850w, https:\/\/www.delsofa.es\/informacion\/wp-content\/uploads\/2014\/05\/Chaise-longue-Atila-300x210.jpg 300w, https:\/\/www.delsofa.es\/informacion\/wp-content\/uploads\/2014\/05\/Chaise-longue-Atila-428x300.jpg 428w\" sizes=\"(max-width: 539px) 100vw, 539px\" \/><\/a><\/p>\n<p style=\"text-align: justify;\">El sof\u00e1 que has visto en la imagen anterior es <strong>el modelo Atila, y como puedes comprobar, invita a pasar una tarde entera sentado en \u00e9l mientras disfrutamos de un libro<\/strong>.<\/p>\n<p style=\"text-align: justify;\">A modo de consejo particular, es recomendable que escojas un modelo que primero entre por los ojos, y que despu\u00e9s de haberlo probado y asegurado su confortabilidad, comiences a evaluar la posibilidad de sumarlo a la decoraci\u00f3n del sal\u00f3n. Esto es lo primero que debemos hacer, analizar, para despu\u00e9s poder determinar cu\u00e1l es la mejor de las opciones.<\/p>\n<p style=\"text-align: justify;\"><img decoding=\"async\" loading=\"lazy\" class=\"aligncenter wp-image-2920\" title=\"Distribuciones posibles del modelo Atila, a la venta en Delsofa.es\" src=\"https:\/\/www.delsofa.es\/informacion\/wp-content\/uploads\/2014\/05\/Distribucion-sofa-Atila.jpg\" alt=\"Distribucion sofa Atila\" width=\"539\" height=\"283\" srcset=\"https:\/\/www.delsofa.es\/informacion\/wp-content\/uploads\/2014\/05\/Distribucion-sofa-Atila.jpg 664w, https:\/\/www.delsofa.es\/informacion\/wp-content\/uploads\/2014\/05\/Distribucion-sofa-Atila-300x157.jpg 300w, https:\/\/www.delsofa.es\/informacion\/wp-content\/uploads\/2014\/05\/Distribucion-sofa-Atila-500x262.jpg 500w\" sizes=\"(max-width: 539px) 100vw, 539px\" \/><\/p>\n<p style=\"text-align: justify;\">Seg\u00fan puedes ver en el mapa de distribuciones del sof\u00e1, tienes bastantes opciones para poderlo ajustar a tus necesidades. Ahora solo tendr\u00e1s que preocuparte por saber a d\u00f3nde enviar\u00e1s tu viejo sof\u00e1 una vez que el nuevo se convierta en el centro de atenci\u00f3n del sal\u00f3n. No te preocupes en Delsofa.es tambi\u00e9n nos ocupamos de esto.<\/p>\n<p style=\"text-align: justify;\">Otra opci\u00f3n muy interesante es el <strong>Modelo Vurton, un chaise longue fabricado con pino gallego y que cuenta con cabezales abatibles<\/strong>, asientos deslizantes y un canap\u00e9 con arc\u00f3n que te permitir\u00e1 guardar todo lo que desees.<\/p>\n<p style=\"text-align: justify;\"><a href=\"#\" target=\"_blank\" rel=\"noopener noreferrer\"><img decoding=\"async\" loading=\"lazy\" class=\"aligncenter wp-image-2921\" title=\"Chaise longue modelo Vurton, a la venta en Delsofa.es\" src=\"https:\/\/www.delsofa.es\/informacion\/wp-content\/uploads\/2014\/05\/Chaise-Longue-Vurton-1024x537.jpg\" alt=\"Chaise Longue Vurton\" width=\"539\" height=\"283\" srcset=\"https:\/\/www.delsofa.es\/informacion\/wp-content\/uploads\/2014\/05\/Chaise-Longue-Vurton-1024x537.jpg 1024w, https:\/\/www.delsofa.es\/informacion\/wp-content\/uploads\/2014\/05\/Chaise-Longue-Vurton-300x157.jpg 300w, https:\/\/www.delsofa.es\/informacion\/wp-content\/uploads\/2014\/05\/Chaise-Longue-Vurton-500x262.jpg 500w, https:\/\/www.delsofa.es\/informacion\/wp-content\/uploads\/2014\/05\/Chaise-Longue-Vurton.jpg 1549w\" sizes=\"(max-width: 539px) 100vw, 539px\" \/><\/a><\/p>\n<p style=\"text-align: justify;\">Adem\u00e1s, este modelo cuenta con una novedad que a m\u00e1s de uno le va a gustar, y es que <strong>se ilumina con LEDs<\/strong>, pero eso lo dejar\u00e9 en el aire para que tengas curiosidad y accedas a su ficha -haz clic sobre la imagen y la ver\u00e1s- para conocer todos los detalles, que no son pocos.<\/p>\n<p style=\"text-align: justify;\">Ten en cuenta que <strong>el sof\u00e1 es un mueble muy especial<\/strong>, no se trata de una estanter\u00eda ni de una mesita de noche, en \u00e9l pasaremos largos ratos y vendr\u00e1n invitados. Ser\u00eda un error precipitarse en la elecci\u00f3n de la distribuci\u00f3n por culpa de las prisas. T\u00f3mate tu tiempo y analiza todas estas opciones que te estoy mostrando.<\/p>\n<p style=\"text-align: justify;\"><span style=\"font-size: 120%; color: #993366;\">\u00bfC\u00f3mo puedo escoger la distribuci\u00f3n adecuada?<\/span><\/p>\n<p style=\"text-align: justify;\">Es probable que a estas alturas todav\u00eda mantengas una serie de dudas acerca del tama\u00f1o y la confortabilidad&nbsp;del sof\u00e1, donde no sabes si la elecci\u00f3n ser\u00e1 acertada o comprometer\u00e1 tu descanso durante los pr\u00f3ximos a\u00f1os.<\/p>\n<p style=\"text-align: justify;\"><a href=\"https:\/\/www.delsofa.es\/sofa-mali.php\" target=\"_blank\" rel=\"noopener noreferrer\"><img decoding=\"async\" loading=\"lazy\" class=\"aligncenter wp-image-2922\" title=\"Sof\u00e1 modular Mali, a la venta en Delsofa.es\" src=\"https:\/\/www.delsofa.es\/informacion\/wp-content\/uploads\/2014\/05\/Sof\u00e1-Mali.jpg\" alt=\"Sof\u00e1 Mali\" width=\"539\" height=\"415\" srcset=\"https:\/\/www.delsofa.es\/informacion\/wp-content\/uploads\/2014\/05\/Sof\u00e1-Mali.jpg 623w, https:\/\/www.delsofa.es\/informacion\/wp-content\/uploads\/2014\/05\/Sof\u00e1-Mali-300x231.jpg 300w, https:\/\/www.delsofa.es\/informacion\/wp-content\/uploads\/2014\/05\/Sof\u00e1-Mali-389x300.jpg 389w\" sizes=\"(max-width: 539px) 100vw, 539px\" \/><\/a><\/p>\n<p style=\"text-align: justify;\">\u00bfParece muy grande este sof\u00e1 verdad? Lo es, se trata del <strong>modelo Mali y cuenta con espacio para toda la familia<\/strong>. Este tipo de sof\u00e1s modulares te permite jugar con tu espacio y n\u00famero de asientos, adem\u00e1s su juego de colores convertir\u00e1 tu sal\u00f3n en un lugar alegre y muy personal.<\/p>\n<p style=\"text-align: justify;\">Si te gusta un sof\u00e1 pero no encuentras&nbsp;en nuestra tienda online la distribuci\u00f3n que quieres, no te preocupes, <strong>todos y cada uno de los&nbsp;modelos a la venta en Delsofa.es&nbsp;cuentan con infinidad de posibilidades <\/strong>a la hora de configurarlos, accede a las fichas e inf\u00f3rmate sobre ellos.<\/p>\n<p style=\"text-align: justify;\">Adem\u00e1s, siempre puedes llamar a nuestro<strong>&nbsp;tel\u00e9fono gratuito 900.701.086, donde nuestros expertos en sof\u00e1s te brindar\u00e1n el mejor asesoramiento posible <\/strong>y podr\u00e1s hacer tu pedido personalizado con las medidas y distribuci\u00f3n que se adapte a tus necesidades.<\/p>\n<p style=\"text-align: justify;\">Tambi\u00e9n puedes comentarnos tus dudas aprovechando el campo de comentarios de este post o a trav\u00e9s de nuestros perfiles sociales. En el <a href=\"https:\/\/www.facebook.com\/delsofaES\" target=\"_blank\" rel=\"noopener noreferrer\">Facebook de Delsofa.es<\/a> o en nuestro Twitter: <a href=\"https:\/\/twitter.com\/delsofaEs\" target=\"_blank\" rel=\"noopener noreferrer\">@delsofaES<\/a>.<\/p>\n<p style=\"text-align: justify;\"><strong>\u00a1Estamos encantados de ayudarte!<\/strong><\/p>\n<p style=\"text-align: justify;\">\n","protected":false},"excerpt":{"rendered":"<p>\u00bfQu\u00e9 sof\u00e1 escogemos para nuestro sal\u00f3n? Es una buena pregunta, lo cierto es que se trata de una de las cuestiones m\u00e1s planteadas a la hora de decorar&nbsp;el sal\u00f3n, sin embargo, antes de llegar a este punto deber\u00edamos plantearnos&nbsp;otras cuestiones:&nbsp;\u00bfCu\u00e1ntos &hellip; <a href=\"https:\/\/www.delsofa.es\/informacion\/elige-una-correcta-distribucion-del-sofa\/\">Sigue leyendo <span class=\"meta-nav\">&rarr;<\/span><\/a><\/p>\n","protected":false},"author":9,"featured_media":0,"comment_status":"open","ping_status":"open","sticky":false,"template":"","format":"standard","meta":[],"categories":[4,359,405,438],"tags":[742,949,950,964,6,963,965,966,962],"yoast_head":"<!-- This site is optimized with the Yoast SEO plugin v18.6 - https:\/\/yoast.com\/wordpress\/plugins\/seo\/ -->\n<title>Elige la distribuci\u00f3n del sof\u00e1 en funci\u00f3n de los miembros del hogar<\/title>\n<meta name=\"description\" content=\"La distribuci\u00f3n del sof\u00e1 es un punto delicado a la hora de escoger un modelo concreto. Te ayudamos a tomar la decisi\u00f3n en funci\u00f3n de los miembros del hogar.\" \/>\n<meta name=\"robots\" content=\"index, follow, max-snippet:-1, max-image-preview:large, max-video-preview:-1\" \/>\n<link rel=\"canonical\" href=\"https:\/\/www.delsofa.es\/informacion\/elige-una-correcta-distribucion-del-sofa\/\" \/>\n<meta name=\"twitter:card\" content=\"summary_large_image\" \/>\n<meta name=\"twitter:title\" content=\"Elige la distribuci\u00f3n del sof\u00e1 en funci\u00f3n de los miembros del hogar\" \/>\n<meta name=\"twitter:description\" content=\"La distribuci\u00f3n del sof\u00e1 es un punto delicado a la hora de escoger un modelo concreto. Te ayudamos a tomar la decisi\u00f3n en funci\u00f3n de los miembros del hogar.\" \/>\n<meta name=\"twitter:image\" content=\"https:\/\/www.delsofa.es\/informacion\/wp-content\/uploads\/2014\/05\/Chaise-longue-Noelia.jpg\" \/>\n<meta name=\"twitter:creator\" content=\"@delsofaES\" \/>\n<meta name=\"twitter:site\" content=\"@delsofaES\" \/>\n<meta name=\"twitter:label1\" content=\"Escrito por\" \/>\n\t<meta name=\"twitter:data1\" content=\"Andr\u00e9s Garrido\" \/>\n\t<meta name=\"twitter:label2\" content=\"Tiempo de lectura\" \/>\n\t<meta name=\"twitter:data2\" content=\"8 minutos\" \/>\n<script type=\"application\/ld+json\" class=\"yoast-schema-graph\">{\"@context\":\"https:\/\/schema.org\",\"@graph\":[{\"@type\":\"WebSite\",\"@id\":\"https:\/\/www.delsofa.es\/informacion\/#website\",\"url\":\"https:\/\/www.delsofa.es\/informacion\/\",\"name\":\"\",\"description\":\"\",\"potentialAction\":[{\"@type\":\"SearchAction\",\"target\":{\"@type\":\"EntryPoint\",\"urlTemplate\":\"https:\/\/www.delsofa.es\/informacion\/?s={search_term_string}\"},\"query-input\":\"required name=search_term_string\"}],\"inLanguage\":\"es\"},{\"@type\":\"ImageObject\",\"@id\":\"https:\/\/www.delsofa.es\/informacion\/elige-una-correcta-distribucion-del-sofa\/#primaryimage\",\"inLanguage\":\"es\",\"url\":\"https:\/\/www.delsofa.es\/informacion\/wp-content\/uploads\/2014\/05\/Chaise-longue-Noelia.jpg\",\"contentUrl\":\"https:\/\/www.delsofa.es\/informacion\/wp-content\/uploads\/2014\/05\/Chaise-longue-Noelia.jpg\",\"width\":591,\"height\":238},{\"@type\":\"WebPage\",\"@id\":\"https:\/\/www.delsofa.es\/informacion\/elige-una-correcta-distribucion-del-sofa\/#webpage\",\"url\":\"https:\/\/www.delsofa.es\/informacion\/elige-una-correcta-distribucion-del-sofa\/\",\"name\":\"Elige la distribuci\u00f3n del sof\u00e1 en funci\u00f3n de los miembros del hogar\",\"isPartOf\":{\"@id\":\"https:\/\/www.delsofa.es\/informacion\/#website\"},\"primaryImageOfPage\":{\"@id\":\"https:\/\/www.delsofa.es\/informacion\/elige-una-correcta-distribucion-del-sofa\/#primaryimage\"},\"datePublished\":\"2014-05-12T09:23:54+00:00\",\"dateModified\":\"2020-01-09T07:47:06+00:00\",\"author\":{\"@id\":\"https:\/\/www.delsofa.es\/informacion\/#\/schema\/person\/fbd66748501b52f725af3e230fb3afb1\"},\"description\":\"La distribuci\u00f3n del sof\u00e1 es un punto delicado a la hora de escoger un modelo concreto. Te ayudamos a tomar la decisi\u00f3n en funci\u00f3n de los miembros del hogar.\",\"breadcrumb\":{\"@id\":\"https:\/\/www.delsofa.es\/informacion\/elige-una-correcta-distribucion-del-sofa\/#breadcrumb\"},\"inLanguage\":\"es\",\"potentialAction\":[{\"@type\":\"ReadAction\",\"target\":[\"https:\/\/www.delsofa.es\/informacion\/elige-una-correcta-distribucion-del-sofa\/\"]}]},{\"@type\":\"BreadcrumbList\",\"@id\":\"https:\/\/www.delsofa.es\/informacion\/elige-una-correcta-distribucion-del-sofa\/#breadcrumb\",\"itemListElement\":[{\"@type\":\"ListItem\",\"position\":1,\"name\":\"Portada\",\"item\":\"https:\/\/www.delsofa.es\/informacion\/\"},{\"@type\":\"ListItem\",\"position\":2,\"name\":\"Elige una correcta distribuci\u00f3n del sof\u00e1 seg\u00fan los miembros del hogar\"}]},{\"@type\":\"Person\",\"@id\":\"https:\/\/www.delsofa.es\/informacion\/#\/schema\/person\/fbd66748501b52f725af3e230fb3afb1\",\"name\":\"Andr\u00e9s Garrido\",\"image\":{\"@type\":\"ImageObject\",\"@id\":\"https:\/\/www.delsofa.es\/informacion\/#personlogo\",\"inLanguage\":\"es\",\"url\":\"https:\/\/secure.gravatar.com\/avatar\/d46dec6687b3ea5c07ac515483bb7afc?s=96&d=mm&r=g\",\"contentUrl\":\"https:\/\/secure.gravatar.com\/avatar\/d46dec6687b3ea5c07ac515483bb7afc?s=96&d=mm&r=g\",\"caption\":\"Andr\u00e9s Garrido\"},\"description\":\"Redactor e ingeniero inform\u00e1tico en proceso. Me encanta escribir sobre temas como el dise\u00f1o, blogging o el mundo del emprendedor.\",\"url\":\"https:\/\/www.delsofa.es\/informacion\/author\/andres\/\"}]}<\/script>\n<!-- \/ Yoast SEO plugin. -->","yoast_head_json":{"title":"Elige la distribuci\u00f3n del sof\u00e1 en funci\u00f3n de los miembros del hogar","description":"La distribuci\u00f3n del sof\u00e1 es un punto delicado a la hora de escoger un modelo concreto. Te ayudamos a tomar la decisi\u00f3n en funci\u00f3n de los miembros del hogar.","robots":{"index":"index","follow":"follow","max-snippet":"max-snippet:-1","max-image-preview":"max-image-preview:large","max-video-preview":"max-video-preview:-1"},"canonical":"https:\/\/www.delsofa.es\/informacion\/elige-una-correcta-distribucion-del-sofa\/","twitter_card":"summary_large_image","twitter_title":"Elige la distribuci\u00f3n del sof\u00e1 en funci\u00f3n de los miembros del hogar","twitter_description":"La distribuci\u00f3n del sof\u00e1 es un punto delicado a la hora de escoger un modelo concreto. Te ayudamos a tomar la decisi\u00f3n en funci\u00f3n de los miembros del hogar.","twitter_image":"https:\/\/www.delsofa.es\/informacion\/wp-content\/uploads\/2014\/05\/Chaise-longue-Noelia.jpg","twitter_creator":"@delsofaES","twitter_site":"@delsofaES","twitter_misc":{"Escrito por":"Andr\u00e9s Garrido","Tiempo de lectura":"8 minutos"},"schema":{"@context":"https:\/\/schema.org","@graph":[{"@type":"WebSite","@id":"https:\/\/www.delsofa.es\/informacion\/#website","url":"https:\/\/www.delsofa.es\/informacion\/","name":"","description":"","potentialAction":[{"@type":"SearchAction","target":{"@type":"EntryPoint","urlTemplate":"https:\/\/www.delsofa.es\/informacion\/?s={search_term_string}"},"query-input":"required name=search_term_string"}],"inLanguage":"es"},{"@type":"ImageObject","@id":"https:\/\/www.delsofa.es\/informacion\/elige-una-correcta-distribucion-del-sofa\/#primaryimage","inLanguage":"es","url":"https:\/\/www.delsofa.es\/informacion\/wp-content\/uploads\/2014\/05\/Chaise-longue-Noelia.jpg","contentUrl":"https:\/\/www.delsofa.es\/informacion\/wp-content\/uploads\/2014\/05\/Chaise-longue-Noelia.jpg","width":591,"height":238},{"@type":"WebPage","@id":"https:\/\/www.delsofa.es\/informacion\/elige-una-correcta-distribucion-del-sofa\/#webpage","url":"https:\/\/www.delsofa.es\/informacion\/elige-una-correcta-distribucion-del-sofa\/","name":"Elige la distribuci\u00f3n del sof\u00e1 en funci\u00f3n de los miembros del hogar","isPartOf":{"@id":"https:\/\/www.delsofa.es\/informacion\/#website"},"primaryImageOfPage":{"@id":"https:\/\/www.delsofa.es\/informacion\/elige-una-correcta-distribucion-del-sofa\/#primaryimage"},"datePublished":"2014-05-12T09:23:54+00:00","dateModified":"2020-01-09T07:47:06+00:00","author":{"@id":"https:\/\/www.delsofa.es\/informacion\/#\/schema\/person\/fbd66748501b52f725af3e230fb3afb1"},"description":"La distribuci\u00f3n del sof\u00e1 es un punto delicado a la hora de escoger un modelo concreto. Te ayudamos a tomar la decisi\u00f3n en funci\u00f3n de los miembros del hogar.","breadcrumb":{"@id":"https:\/\/www.delsofa.es\/informacion\/elige-una-correcta-distribucion-del-sofa\/#breadcrumb"},"inLanguage":"es","potentialAction":[{"@type":"ReadAction","target":["https:\/\/www.delsofa.es\/informacion\/elige-una-correcta-distribucion-del-sofa\/"]}]},{"@type":"BreadcrumbList","@id":"https:\/\/www.delsofa.es\/informacion\/elige-una-correcta-distribucion-del-sofa\/#breadcrumb","itemListElement":[{"@type":"ListItem","position":1,"name":"Portada","item":"https:\/\/www.delsofa.es\/informacion\/"},{"@type":"ListItem","position":2,"name":"Elige una correcta distribuci\u00f3n del sof\u00e1 seg\u00fan los miembros del hogar"}]},{"@type":"Person","@id":"https:\/\/www.delsofa.es\/informacion\/#\/schema\/person\/fbd66748501b52f725af3e230fb3afb1","name":"Andr\u00e9s Garrido","image":{"@type":"ImageObject","@id":"https:\/\/www.delsofa.es\/informacion\/#personlogo","inLanguage":"es","url":"https:\/\/secure.gravatar.com\/avatar\/d46dec6687b3ea5c07ac515483bb7afc?s=96&d=mm&r=g","contentUrl":"https:\/\/secure.gravatar.com\/avatar\/d46dec6687b3ea5c07ac515483bb7afc?s=96&d=mm&r=g","caption":"Andr\u00e9s Garrido"},"description":"Redactor e ingeniero inform\u00e1tico en proceso. Me encanta escribir sobre temas como el dise\u00f1o, blogging o el mundo del emprendedor.","url":"https:\/\/www.delsofa.es\/informacion\/author\/andres\/"}]}},"amp_enabled":true,"_links":{"self":[{"href":"https:\/\/www.delsofa.es\/informacion\/wp-json\/wp\/v2\/posts\/2909"}],"collection":[{"href":"https:\/\/www.delsofa.es\/informacion\/wp-json\/wp\/v2\/posts"}],"about":[{"href":"https:\/\/www.delsofa.es\/informacion\/wp-json\/wp\/v2\/types\/post"}],"author":[{"embeddable":true,"href":"https:\/\/www.delsofa.es\/informacion\/wp-json\/wp\/v2\/users\/9"}],"replies":[{"embeddable":true,"href":"https:\/\/www.delsofa.es\/informacion\/wp-json\/wp\/v2\/comments?post=2909"}],"version-history":[{"count":14,"href":"https:\/\/www.delsofa.es\/informacion\/wp-json\/wp\/v2\/posts\/2909\/revisions"}],"predecessor-version":[{"id":4950,"href":"https:\/\/www.delsofa.es\/informacion\/wp-json\/wp\/v2\/posts\/2909\/revisions\/4950"}],"wp:attachment":[{"href":"https:\/\/www.delsofa.es\/informacion\/wp-json\/wp\/v2\/media?parent=2909"}],"wp:term":[{"taxonomy":"category","embeddable":true,"href":"https:\/\/www.delsofa.es\/informacion\/wp-json\/wp\/v2\/categories?post=2909"},{"taxonomy":"post_tag","embeddable":true,"href":"https:\/\/www.delsofa.es\/informacion\/wp-json\/wp\/v2\/tags?post=2909"}],"curies":[{"name":"wp","href":"https:\/\/api.w.org\/{rel}","templated":true}]}}