{"id":2941,"date":"2014-05-09T11:13:01","date_gmt":"2014-05-09T11:13:01","guid":{"rendered":"https:\/\/www.delsofa.es\/informacion\/?p=2941"},"modified":"2014-05-09T14:39:39","modified_gmt":"2014-05-09T14:39:39","slug":"la-decoracion-en-espacios-coworking-en-el-sofa-con-cristina-pastor","status":"publish","type":"post","link":"https:\/\/www.delsofa.es\/informacion\/la-decoracion-en-espacios-coworking-en-el-sofa-con-cristina-pastor\/","title":{"rendered":"En el sof\u00e1 con @Crist_Pastor \u00abLa decoraci\u00f3n en espacios coworking\u00bb"},"content":{"rendered":"<p style=\"text-align: justify;\">Con este post comenzamos una nueva secci\u00f3n en nuestro blog que nos llevar\u00e1 a sentarnos en el sof\u00e1 y dialogar con decoradores, emprendedores, fabricantes, bloggers, cocineros, restauradores&#8230; sobre la importancia de la decoraci\u00f3n en determinados espacios: trabajo, restaurantes, oficinas, salones, hoteles&#8230;. y conocer as\u00ed, de primera mano ideas y tendencias. <strong>Hoy nuestro sof\u00e1 lo ocupa Cristina Pastor<\/strong>, fundadora de <a href=\"http:\/\/www.comunidadcoworking.es\/index.asp\" target=\"_blank\">Comunidad Coworking<\/a>, una plataforma online que aglutina este tipo de espacios de trabajo que cada vez proliferan m\u00e1s en nuestro pa\u00eds.<\/p>\n<p style=\"text-align: justify;\">Os invito a que nos acompa\u00f1\u00e9is en este charla, en la que <a href=\"https:\/\/twitter.com\/Crist_Pastor\" target=\"_blank\">Cristina<\/a> nos\u00a0cuenta de primera mano <strong>la importancia de la decoraci\u00f3n en espacios coworking<\/strong>, lugares donde el trabajo se combina con el <em>networking<\/em> y los momentos de relax. Pero antes conozcamos un poco m\u00e1s a esta\u00a0joven emprendedora\u00a0madrile\u00f1a, que actualmente vive en Sitges, donde adem\u00e1s de dirigir Comunidad Coworking, se encarga de gestionar su propio espacio \u00ab<a href=\"http:\/\/www.comunidadcoworking.es\/fitxa.asp?zona=107&amp;Submit=Buscar&amp;Id=653\" target=\"_blank\">La Corrala<\/a>\u00ab. <strong>Su esp\u00edritu emprendedor y su gran creatividad la definen<\/strong> y no dejan de empujarle a comenzar nuevos proyectos, el \u00faltimo la web <a href=\"http:\/\/www.xsitges.com\/\" target=\"_blank\">XSitges<\/a>, una gu\u00eda online para disfrutar de forma \u00fanica de comer y beber en este enclave\u00a0costero catal\u00e1n.<\/p>\n<p style=\"text-align: justify;\"><img decoding=\"async\" loading=\"lazy\" class=\"aligncenter wp-image-2945\" title=\"Espacio Coworking \u00c1gora\" src=\"https:\/\/www.delsofa.es\/informacion\/wp-content\/uploads\/2014\/05\/AGORA.jpg\" alt=\"AGORA\" width=\"584\" height=\"202\" srcset=\"https:\/\/www.delsofa.es\/informacion\/wp-content\/uploads\/2014\/05\/AGORA.jpg 1024w, https:\/\/www.delsofa.es\/informacion\/wp-content\/uploads\/2014\/05\/AGORA-300x104.jpg 300w, https:\/\/www.delsofa.es\/informacion\/wp-content\/uploads\/2014\/05\/AGORA-500x173.jpg 500w\" sizes=\"(max-width: 584px) 100vw, 584px\" \/><\/p>\n<p style=\"text-align: justify;\">Antes de adentrarnos en la decoraci\u00f3n, qu\u00e9 tal si Cristina nos cuenta un poco m\u00e1s de su proyecto.<\/p>\n<p style=\"text-align: justify;\"><span style=\"font-size: 120%; color: #993366;\">\u00bfQu\u00e9 es un espacio coworking?<\/span><\/p>\n<p style=\"text-align: justify;\">Los espacios coworking son espacios de trabajo donde <strong>profesionales de diversos sectores comparten instalaciones, gastos varios, experiencia y talento<\/strong>. En ocasiones todo lo anterior se suma al desarrollo de actividades formativas, culturales e iniciativas de diversos tipos, que permitan poner en contacto a la sociedad con el espacio y hacer crecer a la comunidad en todos los sentidos.<\/p>\n<p style=\"text-align: justify;\"><span style=\"font-size: 120%; color: #993366;\">\u00bfC\u00f3mo surgi\u00f3 la idea de comunidad coworking?<\/span><\/p>\n<p style=\"text-align: justify;\">All\u00e1 por el a\u00f1o 2010 tropec\u00e9 con <strong>esta filosof\u00eda de trabajo que proviene de San Francisco<\/strong>. En EEUU por aquel entonces ya estaba a la orden del d\u00eda y me pareci\u00f3 una soluci\u00f3n fant\u00e1stica para aut\u00f3nomos como yo. En Espa\u00f1a ya exist\u00edan oficinas o despachos compartidos, pero tard\u00f3 algo de tiempo en llegar el concepto de espacio coworking\u00a0 como tal.<\/p>\n<p style=\"text-align: justify;\">En 2011 los espacios coworking se pod\u00edan contar con los dedos de una mano, pero sin embargo resultaba muy dif\u00edcil para el usuario encontrar informaci\u00f3n sobre ellos porque cada espacio gestionaba su comunicaci\u00f3n como pod\u00eda.\u00a0De ah\u00ed naci\u00f3 Comunidad Coworking; <strong>una plataforma con dos objetivos fundamentales<\/strong>: poner en contacto a espacios de toda Espa\u00f1a con usuarios interesados. Y por supuesto, dar a conocer el coworking en Espa\u00f1a.<\/p>\n<p style=\"text-align: justify;\"><img decoding=\"async\" loading=\"lazy\" class=\"aligncenter wp-image-2946\" title=\"Espacio Coworking ideoestudi\" src=\"https:\/\/www.delsofa.es\/informacion\/wp-content\/uploads\/2014\/05\/ideoestudi.jpg\" alt=\"ideoestudi\" width=\"584\" height=\"438\" srcset=\"https:\/\/www.delsofa.es\/informacion\/wp-content\/uploads\/2014\/05\/ideoestudi.jpg 600w, https:\/\/www.delsofa.es\/informacion\/wp-content\/uploads\/2014\/05\/ideoestudi-300x225.jpg 300w, https:\/\/www.delsofa.es\/informacion\/wp-content\/uploads\/2014\/05\/ideoestudi-400x300.jpg 400w\" sizes=\"(max-width: 584px) 100vw, 584px\" \/><\/p>\n<p style=\"text-align: justify;\"><span style=\"font-size: 120%; color: #993366;\">\u00bfQu\u00e9 estilo de decoraci\u00f3n impera en los espacios coworking? \u00bfTienen un estilo propio o hay mucha diversidad?<\/span><\/p>\n<p style=\"text-align: justify;\">Teniendo en cuenta que en Espa\u00f1a tenemos constancia de que existen alrededor de 200 espacios coworking y m\u00e1s de 500 oficinas compartidas, <strong>es dif\u00edcil que coincidan en un estilo concreto<\/strong>.<\/p>\n<p style=\"text-align: justify;\">Lo que s\u00ed impera en casi todos ellos son las zonas: todos cuentan con el espacio de trabajo compartido propiamente dicho, donde se encuentran las mesas de trabajo; zona com\u00fan de relax para hacer un descanso, cocina u office y salas de reuniones actividades.<\/p>\n<p style=\"text-align: justify;\"><img decoding=\"async\" loading=\"lazy\" class=\"aligncenter wp-image-2947 size-large\" title=\"Espacio coworking La Colecta\" src=\"https:\/\/www.delsofa.es\/informacion\/wp-content\/uploads\/2014\/05\/la_colecta-1024x680.jpg\" alt=\"la_colecta\" width=\"584\" height=\"387\" srcset=\"https:\/\/www.delsofa.es\/informacion\/wp-content\/uploads\/2014\/05\/la_colecta-1024x680.jpg 1024w, https:\/\/www.delsofa.es\/informacion\/wp-content\/uploads\/2014\/05\/la_colecta-300x199.jpg 300w, https:\/\/www.delsofa.es\/informacion\/wp-content\/uploads\/2014\/05\/la_colecta-451x300.jpg 451w, https:\/\/www.delsofa.es\/informacion\/wp-content\/uploads\/2014\/05\/la_colecta.jpg 1817w\" sizes=\"(max-width: 584px) 100vw, 584px\" \/><\/p>\n<p style=\"text-align: justify;\"><span style=\"font-size: 120%; color: #993366;\">\u00bfSe le da mucha importancia y se cuida la decoraci\u00f3n en los espacios coworking?<\/span><\/p>\n<p style=\"text-align: justify;\">Cada vez se le da m\u00e1s importancia. En el \u00faltimo a\u00f1o est\u00e1n surgiendo espacios donde se nota que <strong>se ha invertido mucho esfuerzo en la decoraci\u00f3n<\/strong>: selecci\u00f3n de mobiliario, materiales, elementos de decoraci\u00f3n\u2026<\/p>\n<p style=\"text-align: justify;\"><span style=\"font-size: 120%; color: #993366;\">\u00bfQu\u00e9 elemento decorativo no puede faltar en un espacio?<\/span><\/p>\n<p style=\"text-align: justify;\">Est\u00e1 claro que las mesas y sillas de trabajo son uno de los elementos del mobiliario m\u00e1s importante, por la gran cantidad de tiempo que pasaremos en ellos, pero <strong>un buen sof\u00e1 donde poder hacer un descanso de la jornada laboral<\/strong>, un perchero donde dejar los abrigos y un reloj nunca viene mal. Ah! Y las plantas dan mucha vida, en mi opini\u00f3n son indispensables para decorar el espacio.<\/p>\n<p style=\"text-align: justify;\"><img decoding=\"async\" loading=\"lazy\" class=\"aligncenter wp-image-2948\" title=\"Espacio Coworking Tres Cantos\" src=\"https:\/\/www.delsofa.es\/informacion\/wp-content\/uploads\/2014\/05\/coworking_tres_cantos.jpg\" alt=\"coworking_tres_cantos\" width=\"584\" height=\"390\" srcset=\"https:\/\/www.delsofa.es\/informacion\/wp-content\/uploads\/2014\/05\/coworking_tres_cantos.jpg 1024w, https:\/\/www.delsofa.es\/informacion\/wp-content\/uploads\/2014\/05\/coworking_tres_cantos-300x200.jpg 300w, https:\/\/www.delsofa.es\/informacion\/wp-content\/uploads\/2014\/05\/coworking_tres_cantos-449x300.jpg 449w\" sizes=\"(max-width: 584px) 100vw, 584px\" \/><\/p>\n<p style=\"text-align: justify;\"><span style=\"font-size: 120%; color: #993366;\">\u00bfEs importante tener un sof\u00e1 en un espacio coworking? \u00bfQu\u00e9 tipo y estilo ser\u00eda el ideal: grande, c\u00f3modo, de dise\u00f1o, original, chaise longue&#8230;.?<\/span><\/p>\n<p style=\"text-align: justify;\">Creo que es fundamental. La jornada laboral es larga y en un espacio coworking los momentos m\u00e1s valorados son los de desconexi\u00f3n, donde conocer un poco m\u00e1s al resto de profesionales con los que compartes instalaciones. Un aut\u00f3nomo elige trabajar desde un espacio coworking entre otras cosas, para evitar la soledad que siente trabajando desde su casa.\u00a0<strong>Los sof\u00e1s son elementos imprescindibles para estos momentos de desconexi\u00f3n.\u00a0<\/strong><\/p>\n<p style=\"text-align: justify;\">Si tuviera que decidirme por un tipo de sill\u00f3n para un espacio coworking, apostar\u00eda por los sillones de dos &#8211; tres plazas. Para espacios grandes y di\u00e1fanos es ideal ubicar varios de ellos en forma de \u201cU\u201d creando o separando zonas dentro de cada zona.<\/p>\n<p style=\"text-align: justify;\"><img decoding=\"async\" loading=\"lazy\" class=\"aligncenter wp-image-2949\" title=\"Espacio coworking El Local 48\" src=\"https:\/\/www.delsofa.es\/informacion\/wp-content\/uploads\/2014\/05\/el_local_48.jpg\" alt=\"el_local_48\" width=\"584\" height=\"390\" srcset=\"https:\/\/www.delsofa.es\/informacion\/wp-content\/uploads\/2014\/05\/el_local_48.jpg 1024w, https:\/\/www.delsofa.es\/informacion\/wp-content\/uploads\/2014\/05\/el_local_48-300x200.jpg 300w, https:\/\/www.delsofa.es\/informacion\/wp-content\/uploads\/2014\/05\/el_local_48-449x300.jpg 449w\" sizes=\"(max-width: 584px) 100vw, 584px\" \/><\/p>\n<p style=\"text-align: justify;\"><span style=\"font-size: 120%; color: #993366;\">En tu revista cografia se muestran espacios que aportan algo diferente, nosotros queremos destacar su decoraci\u00f3n, nos puedes hablar de algunos que llamen la atenci\u00f3n por ella.<\/span><\/p>\n<p style=\"text-align: justify;\">Dentro de Comunidad Coworking existen <strong>un gran n\u00famero de espacios que sorprenden por su decoraci\u00f3n<\/strong>, pero si tuviera que elegir alguno de los que hemos mostrado en la <a href=\"http:\/\/cografia.es\/directorio\/\" target=\"_blank\">revista COgraf\u00eda<\/a>, citar\u00eda\u00a0los siguientes:<\/p>\n<p style=\"text-align: justify;\"><a href=\"http:\/\/www.comunidadcoworking.es\/fitxa.asp?zona=2&amp;Submit=Buscar&amp;Id=522\" target=\"_blank\">Meet BCN:<\/a> por la calidez que transmiten todos los elementos de decoraci\u00f3n seleccionados con mimo y cuidado.<\/p>\n<p style=\"text-align: justify;\"><img decoding=\"async\" loading=\"lazy\" class=\"aligncenter wp-image-2942\" title=\"Espacio Coworking Meet Barcelona\" src=\"https:\/\/www.delsofa.es\/informacion\/wp-content\/uploads\/2014\/05\/meet_bcn.jpg\" alt=\"meet_bcn\" width=\"584\" height=\"438\" srcset=\"https:\/\/www.delsofa.es\/informacion\/wp-content\/uploads\/2014\/05\/meet_bcn.jpg 800w, https:\/\/www.delsofa.es\/informacion\/wp-content\/uploads\/2014\/05\/meet_bcn-300x225.jpg 300w, https:\/\/www.delsofa.es\/informacion\/wp-content\/uploads\/2014\/05\/meet_bcn-400x300.jpg 400w\" sizes=\"(max-width: 584px) 100vw, 584px\" \/><\/p>\n<p style=\"text-align: justify;\"><a href=\"http:\/\/www.comunidadcoworking.es\/fitxa.asp?zona=2&amp;Submit=Buscar&amp;Id=531\" target=\"_blank\">DOM\u00c8NECH 7:<\/a> por lo variopinto que resulta. Este espacio alquila m2 por lo que cada usuario puede personalizar su espacio como realmente quiera. Hasta colgar su bicicleta para poder ir a trabajar en ella con toda comodidad.<\/p>\n<p style=\"text-align: justify;\"><img decoding=\"async\" loading=\"lazy\" class=\"aligncenter wp-image-2943\" title=\"Espacio Coworking Domenech7\" src=\"https:\/\/www.delsofa.es\/informacion\/wp-content\/uploads\/2014\/05\/domenech7_2.jpg\" alt=\"domenech7_2\" width=\"584\" height=\"438\" srcset=\"https:\/\/www.delsofa.es\/informacion\/wp-content\/uploads\/2014\/05\/domenech7_2.jpg 1024w, https:\/\/www.delsofa.es\/informacion\/wp-content\/uploads\/2014\/05\/domenech7_2-300x225.jpg 300w, https:\/\/www.delsofa.es\/informacion\/wp-content\/uploads\/2014\/05\/domenech7_2-400x300.jpg 400w\" sizes=\"(max-width: 584px) 100vw, 584px\" \/><\/p>\n<p style=\"text-align: justify;\"><a href=\"http:\/\/www.comunidadcoworking.es\/fitxa.asp?zona=2&amp;Submit=Buscar&amp;offset=10&amp;Id=573\" target=\"_blank\">LOFT COWORK:<\/a> tiene ese toque elegante y de buen gusto obra del arquitecto-interiorista gestor y creador de este espacio.<\/p>\n<p style=\"text-align: justify;\"><img decoding=\"async\" loading=\"lazy\" class=\"aligncenter wp-image-2944\" title=\"Espacio Coworking loft Cowork\" src=\"https:\/\/www.delsofa.es\/informacion\/wp-content\/uploads\/2014\/05\/loft_cowork.jpg\" alt=\"loft_cowork\" width=\"584\" height=\"368\" srcset=\"https:\/\/www.delsofa.es\/informacion\/wp-content\/uploads\/2014\/05\/loft_cowork.jpg 910w, https:\/\/www.delsofa.es\/informacion\/wp-content\/uploads\/2014\/05\/loft_cowork-300x188.jpg 300w, https:\/\/www.delsofa.es\/informacion\/wp-content\/uploads\/2014\/05\/loft_cowork-476x300.jpg 476w\" sizes=\"(max-width: 584px) 100vw, 584px\" \/><\/p>\n<p style=\"text-align: justify;\"><span style=\"font-size: 120%; color: #993366;\">Tambi\u00e9n cuenta con una secci\u00f3n de coworking alrededor del mundo, \u00bfqu\u00e9 espacios coworking internacionales destacar\u00edas por su decoraci\u00f3n?<\/span><\/p>\n<p style=\"text-align: justify;\">Me fascina por ejemplo <strong>Studiomates en Brookyn<\/strong>, por la cuidada selecci\u00f3n y mezcla de elementos de todo tipo. Tambi\u00e9n <strong>Creative Lounge MOV en Tokyo<\/strong> por la buena distribuci\u00f3n de sus zonas comunes. O <strong>\u00c1gora\u00a0en Berl\u00edn<\/strong>\u00a0-pod\u00e9is verlo en la primera imagen\u00a0que ilustra este post- porque en mi opini\u00f3n es la combinaci\u00f3n perfecta de cafeter\u00eda + espacio de coworking.<\/p>\n<p style=\"text-align: justify;\"><img decoding=\"async\" loading=\"lazy\" class=\"aligncenter wp-image-2952\" title=\"Espacio Coworking Creative Lounge Mov\" src=\"https:\/\/www.delsofa.es\/informacion\/wp-content\/uploads\/2014\/05\/MOV.jpg\" alt=\"MOV\" width=\"584\" height=\"330\" srcset=\"https:\/\/www.delsofa.es\/informacion\/wp-content\/uploads\/2014\/05\/MOV.jpg 620w, https:\/\/www.delsofa.es\/informacion\/wp-content\/uploads\/2014\/05\/MOV-300x169.jpg 300w, https:\/\/www.delsofa.es\/informacion\/wp-content\/uploads\/2014\/05\/MOV-500x282.jpg 500w\" sizes=\"(max-width: 584px) 100vw, 584px\" \/><\/p>\n<p style=\"text-align: justify;\"><span style=\"font-size: 120%; color: #993366;\">T\u00fa adem\u00e1s gestionas y has decorado tu propio espacio coworking, \u00bfC\u00f3mo definir\u00edas su estilo decorativo? \u00bfQu\u00e9 elementos destacar\u00edas en su decoraci\u00f3n?<\/span><\/p>\n<p style=\"text-align: justify;\">Me encanta todo lo \u201chandmade\u201d dando vida siempre que se pueda a materiales reciclados. <strong>Madera, cart\u00f3n, tela, cartulina y vinilo son mis materiales preferidos<\/strong>.<\/p>\n<p style=\"text-align: justify;\">Como hab\u00e9is podido comprobar el dise\u00f1o y los detalles decorativos cuidados al m\u00e1ximo est\u00e1n cada vez m\u00e1s a la orden del d\u00eda en los nuevos espacios de trabajo. La creatividad y la imaginaci\u00f3n no solo est\u00e1n presentes en los profesionales que ocupan estos espacios, tambi\u00e9n son las se\u00f1as de identidad de\u00a0su decoraci\u00f3n.<\/p>\n<p style=\"text-align: justify;\">\n","protected":false},"excerpt":{"rendered":"<p>Con este post comenzamos una nueva secci\u00f3n en nuestro blog que nos llevar\u00e1 a sentarnos en el sof\u00e1 y dialogar con decoradores, emprendedores, fabricantes, bloggers, cocineros, restauradores&#8230; sobre la importancia de la decoraci\u00f3n en determinados espacios: trabajo, restaurantes, oficinas, salones, &hellip; <a href=\"https:\/\/www.delsofa.es\/informacion\/la-decoracion-en-espacios-coworking-en-el-sofa-con-cristina-pastor\/\">Sigue leyendo <span class=\"meta-nav\">&rarr;<\/span><\/a><\/p>\n","protected":false},"author":3,"featured_media":0,"comment_status":"open","ping_status":"open","sticky":false,"template":"","format":"standard","meta":[],"categories":[61,4,967],"tags":[972,969,968,974,973,971,970],"yoast_head":"<!-- This site is optimized with the Yoast SEO plugin v18.6 - https:\/\/yoast.com\/wordpress\/plugins\/seo\/ -->\n<title>En el sof\u00e1 con @Crist_Pastor. La decoraci\u00f3n en espacios coworking<\/title>\n<meta name=\"description\" content=\"Hoy nos sentamos en el sof\u00e1 con Cristina Pastor, creadora de Comunidad Coworking, para hablar de la decoraci\u00f3n en estos espacios de trabajo.\" \/>\n<meta name=\"robots\" content=\"index, follow, max-snippet:-1, max-image-preview:large, max-video-preview:-1\" \/>\n<link rel=\"canonical\" href=\"https:\/\/www.delsofa.es\/informacion\/la-decoracion-en-espacios-coworking-en-el-sofa-con-cristina-pastor\/\" \/>\n<meta name=\"twitter:card\" content=\"summary_large_image\" \/>\n<meta name=\"twitter:title\" content=\"En el sof\u00e1 con @Crist_Pastor. La decoraci\u00f3n en espacios coworking\" \/>\n<meta name=\"twitter:description\" content=\"Hoy nos sentamos en el sof\u00e1 con Cristina Pastor, creadora de Comunidad Coworking, para hablar de la decoraci\u00f3n en estos espacios de trabajo.\" \/>\n<meta name=\"twitter:image\" content=\"https:\/\/www.delsofa.es\/informacion\/wp-content\/uploads\/2014\/05\/AGORA.jpg\" \/>\n<meta name=\"twitter:creator\" content=\"@http:\/\/www.twitter.com\/inmolber\" \/>\n<meta name=\"twitter:site\" content=\"@delsofaES\" \/>\n<meta name=\"twitter:label1\" content=\"Escrito por\" \/>\n\t<meta name=\"twitter:data1\" content=\"Inma Molt\u00f3\" \/>\n\t<meta name=\"twitter:label2\" content=\"Tiempo de lectura\" \/>\n\t<meta name=\"twitter:data2\" content=\"6 minutos\" \/>\n<script type=\"application\/ld+json\" class=\"yoast-schema-graph\">{\"@context\":\"https:\/\/schema.org\",\"@graph\":[{\"@type\":\"WebSite\",\"@id\":\"https:\/\/www.delsofa.es\/informacion\/#website\",\"url\":\"https:\/\/www.delsofa.es\/informacion\/\",\"name\":\"\",\"description\":\"\",\"potentialAction\":[{\"@type\":\"SearchAction\",\"target\":{\"@type\":\"EntryPoint\",\"urlTemplate\":\"https:\/\/www.delsofa.es\/informacion\/?s={search_term_string}\"},\"query-input\":\"required name=search_term_string\"}],\"inLanguage\":\"es\"},{\"@type\":\"ImageObject\",\"@id\":\"https:\/\/www.delsofa.es\/informacion\/la-decoracion-en-espacios-coworking-en-el-sofa-con-cristina-pastor\/#primaryimage\",\"inLanguage\":\"es\",\"url\":\"https:\/\/www.delsofa.es\/informacion\/wp-content\/uploads\/2014\/05\/AGORA.jpg\",\"contentUrl\":\"https:\/\/www.delsofa.es\/informacion\/wp-content\/uploads\/2014\/05\/AGORA.jpg\",\"width\":1024,\"height\":355},{\"@type\":\"WebPage\",\"@id\":\"https:\/\/www.delsofa.es\/informacion\/la-decoracion-en-espacios-coworking-en-el-sofa-con-cristina-pastor\/#webpage\",\"url\":\"https:\/\/www.delsofa.es\/informacion\/la-decoracion-en-espacios-coworking-en-el-sofa-con-cristina-pastor\/\",\"name\":\"En el sof\u00e1 con @Crist_Pastor. La decoraci\u00f3n en espacios coworking\",\"isPartOf\":{\"@id\":\"https:\/\/www.delsofa.es\/informacion\/#website\"},\"primaryImageOfPage\":{\"@id\":\"https:\/\/www.delsofa.es\/informacion\/la-decoracion-en-espacios-coworking-en-el-sofa-con-cristina-pastor\/#primaryimage\"},\"datePublished\":\"2014-05-09T11:13:01+00:00\",\"dateModified\":\"2014-05-09T14:39:39+00:00\",\"author\":{\"@id\":\"https:\/\/www.delsofa.es\/informacion\/#\/schema\/person\/904d00808e282031a3b11f51524d259c\"},\"description\":\"Hoy nos sentamos en el sof\u00e1 con Cristina Pastor, creadora de Comunidad Coworking, para hablar de la decoraci\u00f3n en estos espacios de trabajo.\",\"breadcrumb\":{\"@id\":\"https:\/\/www.delsofa.es\/informacion\/la-decoracion-en-espacios-coworking-en-el-sofa-con-cristina-pastor\/#breadcrumb\"},\"inLanguage\":\"es\",\"potentialAction\":[{\"@type\":\"ReadAction\",\"target\":[\"https:\/\/www.delsofa.es\/informacion\/la-decoracion-en-espacios-coworking-en-el-sofa-con-cristina-pastor\/\"]}]},{\"@type\":\"BreadcrumbList\",\"@id\":\"https:\/\/www.delsofa.es\/informacion\/la-decoracion-en-espacios-coworking-en-el-sofa-con-cristina-pastor\/#breadcrumb\",\"itemListElement\":[{\"@type\":\"ListItem\",\"position\":1,\"name\":\"Portada\",\"item\":\"https:\/\/www.delsofa.es\/informacion\/\"},{\"@type\":\"ListItem\",\"position\":2,\"name\":\"En el sof\u00e1 con @Crist_Pastor \u00abLa decoraci\u00f3n en espacios coworking\u00bb\"}]},{\"@type\":\"Person\",\"@id\":\"https:\/\/www.delsofa.es\/informacion\/#\/schema\/person\/904d00808e282031a3b11f51524d259c\",\"name\":\"Inma Molt\u00f3\",\"image\":{\"@type\":\"ImageObject\",\"@id\":\"https:\/\/www.delsofa.es\/informacion\/#personlogo\",\"inLanguage\":\"es\",\"url\":\"https:\/\/secure.gravatar.com\/avatar\/6411caf208a31a6dd0c4c353341facb7?s=96&d=mm&r=g\",\"contentUrl\":\"https:\/\/secure.gravatar.com\/avatar\/6411caf208a31a6dd0c4c353341facb7?s=96&d=mm&r=g\",\"caption\":\"Inma Molt\u00f3\"},\"description\":\"Soy periodista, community manager y formadora en redes sociales. Desde enero de 2013 escribo en el Blog Delsofa y actualmente tambi\u00e9n me encargo de su supervisi\u00f3n. Me encanta todo lo relacionado con la decoraci\u00f3n y el dise\u00f1o. Si quer\u00e9is saber m\u00e1s os dejo mi web: www.periodistasocialmedia.com\",\"sameAs\":[\"http:\/\/www.periodistasocialmedia.com\",\"https:\/\/twitter.com\/http:\/\/www.twitter.com\/inmolber\"],\"url\":\"https:\/\/www.delsofa.es\/informacion\/author\/inma\/\"}]}<\/script>\n<!-- \/ Yoast SEO plugin. -->","yoast_head_json":{"title":"En el sof\u00e1 con @Crist_Pastor. La decoraci\u00f3n en espacios coworking","description":"Hoy nos sentamos en el sof\u00e1 con Cristina Pastor, creadora de Comunidad Coworking, para hablar de la decoraci\u00f3n en estos espacios de trabajo.","robots":{"index":"index","follow":"follow","max-snippet":"max-snippet:-1","max-image-preview":"max-image-preview:large","max-video-preview":"max-video-preview:-1"},"canonical":"https:\/\/www.delsofa.es\/informacion\/la-decoracion-en-espacios-coworking-en-el-sofa-con-cristina-pastor\/","twitter_card":"summary_large_image","twitter_title":"En el sof\u00e1 con @Crist_Pastor. La decoraci\u00f3n en espacios coworking","twitter_description":"Hoy nos sentamos en el sof\u00e1 con Cristina Pastor, creadora de Comunidad Coworking, para hablar de la decoraci\u00f3n en estos espacios de trabajo.","twitter_image":"https:\/\/www.delsofa.es\/informacion\/wp-content\/uploads\/2014\/05\/AGORA.jpg","twitter_creator":"@http:\/\/www.twitter.com\/inmolber","twitter_site":"@delsofaES","twitter_misc":{"Escrito por":"Inma Molt\u00f3","Tiempo de lectura":"6 minutos"},"schema":{"@context":"https:\/\/schema.org","@graph":[{"@type":"WebSite","@id":"https:\/\/www.delsofa.es\/informacion\/#website","url":"https:\/\/www.delsofa.es\/informacion\/","name":"","description":"","potentialAction":[{"@type":"SearchAction","target":{"@type":"EntryPoint","urlTemplate":"https:\/\/www.delsofa.es\/informacion\/?s={search_term_string}"},"query-input":"required name=search_term_string"}],"inLanguage":"es"},{"@type":"ImageObject","@id":"https:\/\/www.delsofa.es\/informacion\/la-decoracion-en-espacios-coworking-en-el-sofa-con-cristina-pastor\/#primaryimage","inLanguage":"es","url":"https:\/\/www.delsofa.es\/informacion\/wp-content\/uploads\/2014\/05\/AGORA.jpg","contentUrl":"https:\/\/www.delsofa.es\/informacion\/wp-content\/uploads\/2014\/05\/AGORA.jpg","width":1024,"height":355},{"@type":"WebPage","@id":"https:\/\/www.delsofa.es\/informacion\/la-decoracion-en-espacios-coworking-en-el-sofa-con-cristina-pastor\/#webpage","url":"https:\/\/www.delsofa.es\/informacion\/la-decoracion-en-espacios-coworking-en-el-sofa-con-cristina-pastor\/","name":"En el sof\u00e1 con @Crist_Pastor. La decoraci\u00f3n en espacios coworking","isPartOf":{"@id":"https:\/\/www.delsofa.es\/informacion\/#website"},"primaryImageOfPage":{"@id":"https:\/\/www.delsofa.es\/informacion\/la-decoracion-en-espacios-coworking-en-el-sofa-con-cristina-pastor\/#primaryimage"},"datePublished":"2014-05-09T11:13:01+00:00","dateModified":"2014-05-09T14:39:39+00:00","author":{"@id":"https:\/\/www.delsofa.es\/informacion\/#\/schema\/person\/904d00808e282031a3b11f51524d259c"},"description":"Hoy nos sentamos en el sof\u00e1 con Cristina Pastor, creadora de Comunidad Coworking, para hablar de la decoraci\u00f3n en estos espacios de trabajo.","breadcrumb":{"@id":"https:\/\/www.delsofa.es\/informacion\/la-decoracion-en-espacios-coworking-en-el-sofa-con-cristina-pastor\/#breadcrumb"},"inLanguage":"es","potentialAction":[{"@type":"ReadAction","target":["https:\/\/www.delsofa.es\/informacion\/la-decoracion-en-espacios-coworking-en-el-sofa-con-cristina-pastor\/"]}]},{"@type":"BreadcrumbList","@id":"https:\/\/www.delsofa.es\/informacion\/la-decoracion-en-espacios-coworking-en-el-sofa-con-cristina-pastor\/#breadcrumb","itemListElement":[{"@type":"ListItem","position":1,"name":"Portada","item":"https:\/\/www.delsofa.es\/informacion\/"},{"@type":"ListItem","position":2,"name":"En el sof\u00e1 con @Crist_Pastor \u00abLa decoraci\u00f3n en espacios coworking\u00bb"}]},{"@type":"Person","@id":"https:\/\/www.delsofa.es\/informacion\/#\/schema\/person\/904d00808e282031a3b11f51524d259c","name":"Inma Molt\u00f3","image":{"@type":"ImageObject","@id":"https:\/\/www.delsofa.es\/informacion\/#personlogo","inLanguage":"es","url":"https:\/\/secure.gravatar.com\/avatar\/6411caf208a31a6dd0c4c353341facb7?s=96&d=mm&r=g","contentUrl":"https:\/\/secure.gravatar.com\/avatar\/6411caf208a31a6dd0c4c353341facb7?s=96&d=mm&r=g","caption":"Inma Molt\u00f3"},"description":"Soy periodista, community manager y formadora en redes sociales. Desde enero de 2013 escribo en el Blog Delsofa y actualmente tambi\u00e9n me encargo de su supervisi\u00f3n. Me encanta todo lo relacionado con la decoraci\u00f3n y el dise\u00f1o. Si quer\u00e9is saber m\u00e1s os dejo mi web: www.periodistasocialmedia.com","sameAs":["http:\/\/www.periodistasocialmedia.com","https:\/\/twitter.com\/http:\/\/www.twitter.com\/inmolber"],"url":"https:\/\/www.delsofa.es\/informacion\/author\/inma\/"}]}},"amp_enabled":true,"_links":{"self":[{"href":"https:\/\/www.delsofa.es\/informacion\/wp-json\/wp\/v2\/posts\/2941"}],"collection":[{"href":"https:\/\/www.delsofa.es\/informacion\/wp-json\/wp\/v2\/posts"}],"about":[{"href":"https:\/\/www.delsofa.es\/informacion\/wp-json\/wp\/v2\/types\/post"}],"author":[{"embeddable":true,"href":"https:\/\/www.delsofa.es\/informacion\/wp-json\/wp\/v2\/users\/3"}],"replies":[{"embeddable":true,"href":"https:\/\/www.delsofa.es\/informacion\/wp-json\/wp\/v2\/comments?post=2941"}],"version-history":[{"count":15,"href":"https:\/\/www.delsofa.es\/informacion\/wp-json\/wp\/v2\/posts\/2941\/revisions"}],"predecessor-version":[{"id":2980,"href":"https:\/\/www.delsofa.es\/informacion\/wp-json\/wp\/v2\/posts\/2941\/revisions\/2980"}],"wp:attachment":[{"href":"https:\/\/www.delsofa.es\/informacion\/wp-json\/wp\/v2\/media?parent=2941"}],"wp:term":[{"taxonomy":"category","embeddable":true,"href":"https:\/\/www.delsofa.es\/informacion\/wp-json\/wp\/v2\/categories?post=2941"},{"taxonomy":"post_tag","embeddable":true,"href":"https:\/\/www.delsofa.es\/informacion\/wp-json\/wp\/v2\/tags?post=2941"}],"curies":[{"name":"wp","href":"https:\/\/api.w.org\/{rel}","templated":true}]}}