{"id":3091,"date":"2014-05-26T08:17:10","date_gmt":"2014-05-26T08:17:10","guid":{"rendered":"https:\/\/www.delsofa.es\/informacion\/?p=3091"},"modified":"2015-05-12T07:55:16","modified_gmt":"2015-05-12T07:55:16","slug":"en-el-sofa-con-davidjimenezap-el-arte-de-disenar-paisajes-lugares-al-aire-libre","status":"publish","type":"post","link":"https:\/\/www.delsofa.es\/informacion\/en-el-sofa-con-davidjimenezap-el-arte-de-disenar-paisajes-lugares-al-aire-libre\/","title":{"rendered":"En el sof\u00e1 con @davidjimenezAP \u00abEl arte de dise\u00f1ar paisajes, lugares al aire libre\u00bb"},"content":{"rendered":"<p style=\"text-align: justify;\">Hoy nuestro sof\u00e1 lo ocupa <a href=\"http:\/\/davidjimenez.eu\/\" target=\"_blank\">David Jim\u00e9nez, arquitecto paisajista<\/a>, cuya labor se centra en dise\u00f1ar paisajes y evocar recuerdos, haciendo de nuestros espacios al aire libre, lugares m\u00e1gicos. Para saber c\u00f3mo lo consigue os animo a uniros a nuestra charla.<\/p>\n<p style=\"text-align: justify;\">Desde que recuerda, David ha tenido una relaci\u00f3n intensa con la naturaleza. Su ni\u00f1ez es un mosaico de im\u00e1genes de veranos en la ardiente arena de la playa, disfrutando del olor a humedad del c\u00e9sped reci\u00e9n cortado o de su madre en su rosaleda. Tal como \u00e9l dice, \u201cquiz\u00e1 por eso, <strong>todos mis proyectos han trabajado sobre el recuerdo como materia prima<\/strong>\u201d.<\/p>\n<p style=\"text-align: justify;\">Estudi\u00f3 arquitectura en la Universidad de Alicante y la HvA de \u00c1msterdam. Ha trabajado con arquitectos de la talla de <a href=\"http:\/\/joaquinalvado.wordpress.com\/\" target=\"_blank\">Joaqu\u00edn Alvado<\/a> o <a href=\"http:\/\/gabuheindl.at\/\" target=\"_blank\">Gabu Heindl<\/a>, entre otros y sus proyectos han sido expuestos y publicados en varias revistas y plataformas.<\/p>\n<p style=\"text-align: justify;\">Actualmente <strong>su trabajo est\u00e1 centrado en desarrollar proyectos de paisajismo<\/strong>, con el recuerdo como generador de contenido.<\/p>\n<p style=\"text-align: justify;\"><a href=\"http:\/\/davidjimenez.eu\/sobre-mi\/\" target=\"_blank\"><img decoding=\"async\" loading=\"lazy\" class=\"aligncenter wp-image-3094 size-large\" title=\"David Jim\u00e9nez, arquitecto paisajista\" src=\"https:\/\/www.delsofa.es\/informacion\/wp-content\/uploads\/2014\/05\/david-1024x674.jpg\" alt=\"David Jim\u00e9nez, arquitecto paisajista\" width=\"584\" height=\"384\" srcset=\"https:\/\/www.delsofa.es\/informacion\/wp-content\/uploads\/2014\/05\/david-1024x674.jpg 1024w, https:\/\/www.delsofa.es\/informacion\/wp-content\/uploads\/2014\/05\/david-300x197.jpg 300w, https:\/\/www.delsofa.es\/informacion\/wp-content\/uploads\/2014\/05\/david-455x300.jpg 455w\" sizes=\"(max-width: 584px) 100vw, 584px\" \/><\/a><\/p>\n<p style=\"text-align: justify;\"><span style=\"font-size: 120%; color: #993366;\">Primero nos gustar\u00eda conocerte un poco. \u00bfC\u00f3mo te defines? \u00bfCu\u00e1les son tus pasiones?<\/span><\/p>\n<p style=\"text-align: justify;\">Siempre me he definido como <strong>un arquitecto con alma de ingeniero<\/strong>. Desde ni\u00f1o he tenido el coraz\u00f3n dividido por las grandes estructuras (sobre todo las presas) y la arquitectura. Estudi\u00e9 arquitectura y como no puede ser de otro modo cualquier manifestaci\u00f3n art\u00edstica me interesa, sobre todo la fotograf\u00eda. Suele ser uno de los detonantes de mis proyectos, junto al recuerdo que supongo que trataremos despu\u00e9s.<\/p>\n<p style=\"text-align: justify;\">Pasiones tengo dos, el mar. No me puedo separar de \u00e9l m\u00e1s de seis meses y fotografiar momentos ef\u00edmeros. El \u00faltimo esta ma\u00f1ana.<\/p>\n<p style=\"text-align: justify;\"><span style=\"font-size: 120%; color: #993366;\">\u00bfC\u00f3mo es el trabajo de un paisajista?<\/span><\/p>\n<p style=\"text-align: justify;\">Para empezar es duro. Es una disciplina relativamente nueva que intenta abrirse camino y no es f\u00e1cil. <strong>Hace falta mucha pedagog\u00eda y sobre todo hacer las cosas bien<\/strong>. Que se entienda nuestro lugar en la sociedad.<\/p>\n<p style=\"text-align: justify;\"><a href=\"http:\/\/davidjimenez.eu\/portfolio\/jardin-jnc\/\" target=\"_blank\"><img decoding=\"async\" loading=\"lazy\" class=\"aligncenter wp-image-3097 size-large\" title=\"El paisajismo es el arte de trabajar el paisaje \" src=\"https:\/\/www.delsofa.es\/informacion\/wp-content\/uploads\/2014\/05\/P9040436-1024x768.jpg\" alt=\"El paisajismo es el arte de trabajar el paisaje\" width=\"584\" height=\"438\" srcset=\"https:\/\/www.delsofa.es\/informacion\/wp-content\/uploads\/2014\/05\/P9040436-1024x768.jpg 1024w, https:\/\/www.delsofa.es\/informacion\/wp-content\/uploads\/2014\/05\/P9040436-300x225.jpg 300w, https:\/\/www.delsofa.es\/informacion\/wp-content\/uploads\/2014\/05\/P9040436-400x300.jpg 400w, https:\/\/www.delsofa.es\/informacion\/wp-content\/uploads\/2014\/05\/P9040436.jpg 2000w\" sizes=\"(max-width: 584px) 100vw, 584px\" \/><\/a><\/p>\n<p style=\"text-align: justify;\"><span style=\"font-size: 120%; color: #993366;\">\u00bfEn qu\u00e9 consiste principalmente tu trabajo?<\/span><\/p>\n<p style=\"text-align: justify;\">En <strong>trabajar el paisaje, el espacio exterior, dot\u00e1ndolo de inter\u00e9s<\/strong>. Ya sea el territorio, la ciudad o el jard\u00edn privado, que es el mundo en el que me muevo yo.<\/p>\n<p style=\"text-align: justify;\"><span style=\"font-size: 120%; color: #993366;\">\u00bfEn tu trabajo es fundamental recrear sensaciones? T\u00fa creas jardines con historia, trabajando con los recuerdos \u00bfC\u00f3mo se consigue, si no es un secreto? Por lo menos, dame una pista\u2026<\/span><\/p>\n<p style=\"text-align: justify;\">Hay que saber leer al cliente. Charlar con \u00e9l. Hay clientes muy transparentes que te sientan en su terraza con una copa de vino y sin mirarte a la cara te cuentan su infancia. Otros en cambio, son opacos y extraerles emociones es dif\u00edcil.<\/p>\n<p style=\"text-align: justify;\">El secreto es huir de la inmediatez. <strong>Hay que destilar de los recuerdos, las sensaciones e intentar no reproducir el jard\u00edn de la infancia o el lugar donde se fue feliz, sino entender el porqu\u00e9<\/strong>.<\/p>\n<p style=\"text-align: justify;\">Quiz\u00e1 tuvo que ver la temperatura, el olor a mar, el c\u00e9sped reci\u00e9n cortado o por el contrario el prado seco. Hay que trabajar con colores, contrastes entre materiales y vegetaci\u00f3n, etc.<\/p>\n<p style=\"text-align: justify;\"><a href=\"http:\/\/davidjimenez.eu\/portfolio\/finca-de-bodas-la-torreta-de-bayona\/\" target=\"_blank\"><img decoding=\"async\" loading=\"lazy\" class=\"aligncenter wp-image-3102 size-large\" title=\"Hay que trabajar los contrastes\" src=\"https:\/\/www.delsofa.es\/informacion\/wp-content\/uploads\/2014\/05\/DSC_0617-685x1024.jpg\" alt=\"Hay que trabajar los contrastes en paisajismo\" width=\"584\" height=\"873\" srcset=\"https:\/\/www.delsofa.es\/informacion\/wp-content\/uploads\/2014\/05\/DSC_0617-685x1024.jpg 685w, https:\/\/www.delsofa.es\/informacion\/wp-content\/uploads\/2014\/05\/DSC_0617-200x300.jpg 200w\" sizes=\"(max-width: 584px) 100vw, 584px\" \/><\/a><\/p>\n<p style=\"text-align: justify;\"><span style=\"font-size: 120%; color: #993366;\">\u00bfC\u00f3mo ser\u00eda tu jard\u00edn ideal, tu lugar m\u00e1gico?<\/span><\/p>\n<p style=\"text-align: justify;\">Mi jard\u00edn es una amalgama de recuerdos. En el no puede faltar una higuera. Era el \u00e1rbol favorito de mi abuelo y donde tuve mi primera casa en el \u00e1rbol. <strong>Para m\u00ed el verano tiene la fragancia de la higuera<\/strong>.<\/p>\n<p style=\"text-align: justify;\">Tampoco podr\u00eda faltar una cumbre de palmeras datileras con al menos un par de ellas hembras, el sonido de los ca\u00f1os de agua y los corredores de aire.<\/p>\n<p style=\"text-align: justify;\"><a href=\"http:\/\/davidjimenez.eu\/sobre-mi\/\" target=\"_blank\"><img decoding=\"async\" loading=\"lazy\" class=\"aligncenter wp-image-3095 size-large\" title=\"David Jim\u00e9nez de ni\u00f1o. Para \u00e9l el verano tiene fragancia de higuera\" src=\"https:\/\/www.delsofa.es\/informacion\/wp-content\/uploads\/2014\/05\/david-nino-817x1024.png\" alt=\"david-nino\" width=\"584\" height=\"731\" srcset=\"https:\/\/www.delsofa.es\/informacion\/wp-content\/uploads\/2014\/05\/david-nino-817x1024.png 817w, https:\/\/www.delsofa.es\/informacion\/wp-content\/uploads\/2014\/05\/david-nino-239x300.png 239w, https:\/\/www.delsofa.es\/informacion\/wp-content\/uploads\/2014\/05\/david-nino.png 1161w\" sizes=\"(max-width: 584px) 100vw, 584px\" \/><\/a><\/p>\n<p style=\"text-align: justify;\"><span style=\"font-size: 120%; color: #993366;\">\u00bfDe qu\u00e9 proyectos te sientes m\u00e1s orgulloso?<\/span><\/p>\n<p style=\"text-align: justify;\">Aprendo de todos. Cada uno es distinto. Quiz\u00e1 me sienta m\u00e1s orgulloso de los peque\u00f1os. Ah\u00ed los detalles saltan m\u00e1s a la vista y la magia queda en suspensi\u00f3n, la planta tiene m\u00e1s protagonismo.<\/p>\n<p style=\"text-align: justify;\"><strong>El \u00faltimo jard\u00edn que he proyectado es muy peque\u00f1o, apenas 36m2<\/strong>. Lo cual te permite algunas licencias que en los grandes no puedes realizar. En este caso el jard\u00edn consiste en un espacio muy mediterr\u00e1neo con seto de laurel, un madro\u00f1o ejemplar a modo de arbusto de 3 metros y jazmines morunos en las celos\u00edas. Un jard\u00edn que se transforma en un espacio arom\u00e1tico de primer nivel cuando se mojan los jazmines y los laureles. Transport\u00e1ndote a tu lugar m\u00e1gico en segundos.<\/p>\n<p style=\"text-align: justify;\"><a href=\"http:\/\/davidjimenez.eu\/portfolio\/jardin-jsv\/\" target=\"_blank\"><img decoding=\"async\" loading=\"lazy\" class=\"aligncenter wp-image-3098 size-large\" title=\"No es necesario tener una gran cantidad de metros \" src=\"https:\/\/www.delsofa.es\/informacion\/wp-content\/uploads\/2014\/05\/Jose-Vicente-06-1024x685.jpg\" alt=\"Jose Vicente 06\" width=\"584\" height=\"390\" srcset=\"https:\/\/www.delsofa.es\/informacion\/wp-content\/uploads\/2014\/05\/Jose-Vicente-06-1024x685.jpg 1024w, https:\/\/www.delsofa.es\/informacion\/wp-content\/uploads\/2014\/05\/Jose-Vicente-06-300x200.jpg 300w, https:\/\/www.delsofa.es\/informacion\/wp-content\/uploads\/2014\/05\/Jose-Vicente-06-448x300.jpg 448w\" sizes=\"(max-width: 584px) 100vw, 584px\" \/><\/a><\/p>\n<p style=\"text-align: justify;\"><span style=\"font-size: 120%; color: #993366;\">\u00bfHas recibido peticiones muy singulares? \u00bfNos puedes comentar algunas de ellas?<\/span><\/p>\n<p style=\"text-align: justify;\">Ahora, recuerdo dos. La primera consist\u00eda en reconvertir un jard\u00edn familiar. La idea era modernizar el jard\u00edn tras unas mejoras de la vivienda pero sin borrar su pasado. Es decir, que tanto las generaciones pasadas como las futuras hagan suyo ese nuevo jard\u00edn.<\/p>\n<p style=\"text-align: justify;\">Por otro lado he tenido varios proyectos de revegetaci\u00f3n de monte, es decir. <strong>Crear un jard\u00edn como s\u00ed del mismo monte se tratara<\/strong>. En ese caso los clientes ten\u00edan una vivienda en una parcela agr\u00edcola y quer\u00edan restaurar todo el monte destruido por las obras de la casa de tal forma que su jard\u00edn fuera la monta\u00f1a.<\/p>\n<p style=\"text-align: justify;\"><span style=\"font-size: 120%; color: #993366;\">\u00bfQu\u00e9 no debe faltar en un espacio al aire libre?<\/span><\/p>\n<p style=\"text-align: justify;\">Un espacio para relajarse. <strong>No entiendo el jard\u00edn si sus connotaciones m\u00e1s importante: la de socializar y descansar<\/strong>. Ya sea leyendo un libro, contemplando una puesta de sol o haciendo una barbacoa con amigos.<\/p>\n<p style=\"text-align: justify;\"><a href=\"http:\/\/davidjimenez.eu\/portfolio\/jardin-amp\/\" target=\"_blank\"><img decoding=\"async\" loading=\"lazy\" class=\"alignnone wp-image-3099 size-large\" title=\"Un rinc\u00f3n de relax es fundamental\" src=\"https:\/\/www.delsofa.es\/informacion\/wp-content\/uploads\/2014\/05\/Estanque-Amparo_1-685x1024.jpg\" alt=\"Estanque Amparo_1\" width=\"584\" height=\"873\" srcset=\"https:\/\/www.delsofa.es\/informacion\/wp-content\/uploads\/2014\/05\/Estanque-Amparo_1-685x1024.jpg 685w, https:\/\/www.delsofa.es\/informacion\/wp-content\/uploads\/2014\/05\/Estanque-Amparo_1-200x300.jpg 200w\" sizes=\"(max-width: 584px) 100vw, 584px\" \/><\/a><\/p>\n<p style=\"text-align: justify;\"><span style=\"font-size: 120%; color: #993366;\">\u00bfQu\u00e9 tipos de sof\u00e1s son los m\u00e1s adecuados para este tipo de espacios?<\/span><\/p>\n<p style=\"text-align: justify;\"><strong>Todo depende del jard\u00edn<\/strong>. Por ejemplo, hay espacios modernos en los que piezas de resina de VONDOM son una magn\u00edfica elecci\u00f3n, ya que no solo resisten a la intemperie sino que trabajan tambi\u00e9n como peque\u00f1as esculturas. Y hay otros en los que los materiales nobles como la madera o los elementos de tela ayudan a crear espacios \u00edntimos y personales.<\/p>\n<p style=\"text-align: justify;\"><span style=\"font-size: 120%; color: #993366;\">Los espacios al aire libre est\u00e1n en muchas ocasiones asociados al relax, \u00bfC\u00f3mo se puede crear esa sensaci\u00f3n de relajaci\u00f3n que buscamos en nuestros jardines?<\/span><\/p>\n<p style=\"text-align: justify;\">Para conseguir esta sensaci\u00f3n de relax,\u00a0es importante tener claro varios conceptos b\u00e1sicos. El primero es que <strong>todo proyecto de paisajismo debe ser un proyecto global<\/strong>. Se puede ejecutar por fases, incluso en varios a\u00f1os pero siempre sobre un proyecto claro.<\/p>\n<p style=\"text-align: justify;\">El otro concepto es la sombra. <strong>Un buen espacio de relax est\u00e1 siempre vinculado a la sombra<\/strong>. Podemos trabajar la sombra con vegetaci\u00f3n (moreras, palmeras datileras, enredaderas, celtis, etc.) o con materiales como el ca\u00f1izo, las p\u00e9rgolas, las lonas\u2026 todo depender\u00e1 de la magia de cada jard\u00edn.<\/p>\n<p style=\"text-align: justify;\"><a href=\"http:\/\/davidjimenez.eu\/portfolio\/jardin-amp\/\" target=\"_blank\"><img decoding=\"async\" loading=\"lazy\" class=\"aligncenter wp-image-3100 size-large\" title=\"Sonidos como el del agua y la sombra nos ayuda a relajarnos\" src=\"https:\/\/www.delsofa.es\/informacion\/wp-content\/uploads\/2014\/05\/amp02-1024x685.jpg\" alt=\"Paisajes agua y sombra\" width=\"584\" height=\"390\" srcset=\"https:\/\/www.delsofa.es\/informacion\/wp-content\/uploads\/2014\/05\/amp02-1024x685.jpg 1024w, https:\/\/www.delsofa.es\/informacion\/wp-content\/uploads\/2014\/05\/amp02-300x200.jpg 300w, https:\/\/www.delsofa.es\/informacion\/wp-content\/uploads\/2014\/05\/amp02-448x300.jpg 448w\" sizes=\"(max-width: 584px) 100vw, 584px\" \/><\/a><\/p>\n<p style=\"text-align: justify;\"><span style=\"font-size: 120%; color: #993366;\">A la hora de distribuir las plantas y elegirlas \u00bfEn qu\u00e9 nos debemos fijar, qu\u00e9 factores determinan una elecci\u00f3n u otra\u2026.?<\/span><\/p>\n<p style=\"text-align: justify;\">Primero en el concepto de jard\u00edn y en qu\u00e9 queremos transmitir. Antes he comentado c\u00f3mo realizar un jard\u00edn meramente arom\u00e1tico con laureles y jazmines con un car\u00e1cter muy mediterr\u00e1neo. Adem\u00e1s, el hecho de usar el madro\u00f1o dentro de un jard\u00edn tan verde y sobrio hace que los frutos rojos de \u00e9ste adquieran un protagonismo especial.<\/p>\n<p style=\"text-align: justify;\">Lo segundo es <strong>pensar la orientaci\u00f3n y el soleamiento<\/strong>. No todo puede vivir en cualquier sitio y por lo tanto necesita unas determinadas horas de sol o fr\u00edo.<\/p>\n<p style=\"text-align: justify;\">Y lo tercero y no menos importante, <strong>conocer la calidad de nuestra tierra y agua<\/strong>. Se tiende a creer que lo importante es la planta, cuando la mayor garant\u00eda para que un jard\u00edn evolucione correctamente es que la tierra y el agua sea de calidad, sino es as\u00ed habr\u00e1 que mejorarla acidific\u00e1ndola, alcaliniz\u00e1ndola o a\u00f1adiendo materia org\u00e1nica.<\/p>\n<p style=\"text-align: justify;\"><a href=\"http:\/\/davidjimenez.eu\/portfolio\/jardin-lau\/\" target=\"_blank\"><img decoding=\"async\" loading=\"lazy\" class=\"aligncenter wp-image-3101 size-large\" title=\"La calidad de la tierra es fundamental \" src=\"https:\/\/www.delsofa.es\/informacion\/wp-content\/uploads\/2014\/05\/DSC_5647-1024x685.jpg\" alt=\"DSC_5647\" width=\"584\" height=\"390\" srcset=\"https:\/\/www.delsofa.es\/informacion\/wp-content\/uploads\/2014\/05\/DSC_5647-1024x685.jpg 1024w, https:\/\/www.delsofa.es\/informacion\/wp-content\/uploads\/2014\/05\/DSC_5647-300x200.jpg 300w, https:\/\/www.delsofa.es\/informacion\/wp-content\/uploads\/2014\/05\/DSC_5647-448x300.jpg 448w, https:\/\/www.delsofa.es\/informacion\/wp-content\/uploads\/2014\/05\/DSC_5647.jpg 1800w\" sizes=\"(max-width: 584px) 100vw, 584px\" \/><\/a><\/p>\n<p style=\"text-align: justify;\"><span style=\"font-size: 120%; color: #993366;\">\u00bfLos espacios al aire libre, se pueden disfrutar todo el a\u00f1o, se pueden vivir independientemente de la \u00e9poca del a\u00f1o?<\/span><\/p>\n<p style=\"text-align: justify;\">\u00a1Por supuesto, al menos hay que intentarlo! <strong>Una manera es generando espacios m\u00e1s frescos para el verano y terrazas c\u00e1lidas para las tardes de invierno<\/strong>. Por ejemplo trabajando con \u00e1rboles caducos como moreras o celtis australis. El jard\u00edn es un espacio para disfrutar, hay que intentar aprovecharlo todo el a\u00f1o.<\/p>\n<p style=\"text-align: justify;\">Para finalizar esta charla me gustar\u00eda dar las gracias a David por su tiempo y por saber transmitirnos su pasi\u00f3n por el paisaje y los espacios al aire libre. Os animo desde aqu\u00ed a <strong>conseguir que vuestros jardines, terrazas, patios se conviertan en ese lugar m\u00e1gico en el que evocar\u00a0sensaciones, sentimientos<\/strong>&#8230; como dice nuestro compa\u00f1ero de sof\u00e1, simplemente hay que buscar en nuestros recuerdos.<\/p>\n<p style=\"text-align: justify;\">Pod\u00e9is contactar con David tambi\u00e9n a trav\u00e9s de las redes sociales. Su p\u00e1gina de Facebook es\u00a0<a href=\"https:\/\/www.facebook.com\/davidjimenez.AP\" target=\"_blank\">David Jimenez arquitectura y paisaje<\/a>\u00a0y su usuario de twitter es <a href=\"https:\/\/twitter.com\/davidjimenezAP\" target=\"_blank\">@davidjimenezAP<\/a>.<\/p>\n","protected":false},"excerpt":{"rendered":"<p>Hoy nuestro sof\u00e1 lo ocupa David Jim\u00e9nez, arquitecto paisajista, cuya labor se centra en dise\u00f1ar paisajes y evocar recuerdos, haciendo de nuestros espacios al aire libre, lugares m\u00e1gicos. Para saber c\u00f3mo lo consigue os animo a uniros a nuestra charla. &hellip; <a href=\"https:\/\/www.delsofa.es\/informacion\/en-el-sofa-con-davidjimenezap-el-arte-de-disenar-paisajes-lugares-al-aire-libre\/\">Sigue leyendo <span class=\"meta-nav\">&rarr;<\/span><\/a><\/p>\n","protected":false},"author":3,"featured_media":0,"comment_status":"open","ping_status":"open","sticky":false,"template":"","format":"standard","meta":[],"categories":[61,967],"tags":[1026,1027,1025,1031,1029,1030,1028],"yoast_head":"<!-- This site is optimized with the Yoast SEO plugin v18.6 - https:\/\/yoast.com\/wordpress\/plugins\/seo\/ -->\n<title>En el sof\u00e1 con David Jim\u00e9nez &quot;El arte de dise\u00f1ar paisajes&quot;<\/title>\n<meta name=\"description\" content=\"Hoy nuestro sof\u00e1 lo ocupa el arquitecto paisajista David Jim\u00e9nez. Con \u00e9l hablamos del arte de dise\u00f1ar paisajes y decorar espacios al aire libre.\" \/>\n<meta name=\"robots\" content=\"index, follow, max-snippet:-1, max-image-preview:large, max-video-preview:-1\" \/>\n<link rel=\"canonical\" href=\"https:\/\/www.delsofa.es\/informacion\/en-el-sofa-con-davidjimenezap-el-arte-de-disenar-paisajes-lugares-al-aire-libre\/\" \/>\n<meta name=\"twitter:card\" content=\"summary_large_image\" \/>\n<meta name=\"twitter:title\" content=\"En el sof\u00e1 con David Jim\u00e9nez &quot;El arte de dise\u00f1ar paisajes&quot;\" \/>\n<meta name=\"twitter:description\" content=\"Hoy nuestro sof\u00e1 lo ocupa el arquitecto paisajista David Jim\u00e9nez. Con \u00e9l hablamos del arte de dise\u00f1ar paisajes y decorar espacios al aire libre.\" \/>\n<meta name=\"twitter:image\" content=\"https:\/\/www.delsofa.es\/informacion\/wp-content\/uploads\/2014\/05\/david.jpg\" \/>\n<meta name=\"twitter:creator\" content=\"@http:\/\/www.twitter.com\/inmolber\" \/>\n<meta name=\"twitter:site\" content=\"@delsofaES\" \/>\n<meta name=\"twitter:label1\" content=\"Escrito por\" \/>\n\t<meta name=\"twitter:data1\" content=\"Inma Molt\u00f3\" \/>\n\t<meta name=\"twitter:label2\" content=\"Tiempo de lectura\" \/>\n\t<meta name=\"twitter:data2\" content=\"7 minutos\" \/>\n<script type=\"application\/ld+json\" class=\"yoast-schema-graph\">{\"@context\":\"https:\/\/schema.org\",\"@graph\":[{\"@type\":\"WebSite\",\"@id\":\"https:\/\/www.delsofa.es\/informacion\/#website\",\"url\":\"https:\/\/www.delsofa.es\/informacion\/\",\"name\":\"\",\"description\":\"\",\"potentialAction\":[{\"@type\":\"SearchAction\",\"target\":{\"@type\":\"EntryPoint\",\"urlTemplate\":\"https:\/\/www.delsofa.es\/informacion\/?s={search_term_string}\"},\"query-input\":\"required name=search_term_string\"}],\"inLanguage\":\"es\"},{\"@type\":\"ImageObject\",\"@id\":\"https:\/\/www.delsofa.es\/informacion\/en-el-sofa-con-davidjimenezap-el-arte-de-disenar-paisajes-lugares-al-aire-libre\/#primaryimage\",\"inLanguage\":\"es\",\"url\":\"https:\/\/www.delsofa.es\/informacion\/wp-content\/uploads\/2014\/05\/david.jpg\",\"contentUrl\":\"https:\/\/www.delsofa.es\/informacion\/wp-content\/uploads\/2014\/05\/david.jpg\",\"width\":2144,\"height\":1413},{\"@type\":\"WebPage\",\"@id\":\"https:\/\/www.delsofa.es\/informacion\/en-el-sofa-con-davidjimenezap-el-arte-de-disenar-paisajes-lugares-al-aire-libre\/#webpage\",\"url\":\"https:\/\/www.delsofa.es\/informacion\/en-el-sofa-con-davidjimenezap-el-arte-de-disenar-paisajes-lugares-al-aire-libre\/\",\"name\":\"En el sof\u00e1 con David Jim\u00e9nez \\\"El arte de dise\u00f1ar paisajes\\\"\",\"isPartOf\":{\"@id\":\"https:\/\/www.delsofa.es\/informacion\/#website\"},\"primaryImageOfPage\":{\"@id\":\"https:\/\/www.delsofa.es\/informacion\/en-el-sofa-con-davidjimenezap-el-arte-de-disenar-paisajes-lugares-al-aire-libre\/#primaryimage\"},\"datePublished\":\"2014-05-26T08:17:10+00:00\",\"dateModified\":\"2015-05-12T07:55:16+00:00\",\"author\":{\"@id\":\"https:\/\/www.delsofa.es\/informacion\/#\/schema\/person\/904d00808e282031a3b11f51524d259c\"},\"description\":\"Hoy nuestro sof\u00e1 lo ocupa el arquitecto paisajista David Jim\u00e9nez. Con \u00e9l hablamos del arte de dise\u00f1ar paisajes y decorar espacios al aire libre.\",\"breadcrumb\":{\"@id\":\"https:\/\/www.delsofa.es\/informacion\/en-el-sofa-con-davidjimenezap-el-arte-de-disenar-paisajes-lugares-al-aire-libre\/#breadcrumb\"},\"inLanguage\":\"es\",\"potentialAction\":[{\"@type\":\"ReadAction\",\"target\":[\"https:\/\/www.delsofa.es\/informacion\/en-el-sofa-con-davidjimenezap-el-arte-de-disenar-paisajes-lugares-al-aire-libre\/\"]}]},{\"@type\":\"BreadcrumbList\",\"@id\":\"https:\/\/www.delsofa.es\/informacion\/en-el-sofa-con-davidjimenezap-el-arte-de-disenar-paisajes-lugares-al-aire-libre\/#breadcrumb\",\"itemListElement\":[{\"@type\":\"ListItem\",\"position\":1,\"name\":\"Portada\",\"item\":\"https:\/\/www.delsofa.es\/informacion\/\"},{\"@type\":\"ListItem\",\"position\":2,\"name\":\"En el sof\u00e1 con @davidjimenezAP \u00abEl arte de dise\u00f1ar paisajes, lugares al aire libre\u00bb\"}]},{\"@type\":\"Person\",\"@id\":\"https:\/\/www.delsofa.es\/informacion\/#\/schema\/person\/904d00808e282031a3b11f51524d259c\",\"name\":\"Inma Molt\u00f3\",\"image\":{\"@type\":\"ImageObject\",\"@id\":\"https:\/\/www.delsofa.es\/informacion\/#personlogo\",\"inLanguage\":\"es\",\"url\":\"https:\/\/secure.gravatar.com\/avatar\/6411caf208a31a6dd0c4c353341facb7?s=96&d=mm&r=g\",\"contentUrl\":\"https:\/\/secure.gravatar.com\/avatar\/6411caf208a31a6dd0c4c353341facb7?s=96&d=mm&r=g\",\"caption\":\"Inma Molt\u00f3\"},\"description\":\"Soy periodista, community manager y formadora en redes sociales. Desde enero de 2013 escribo en el Blog Delsofa y actualmente tambi\u00e9n me encargo de su supervisi\u00f3n. Me encanta todo lo relacionado con la decoraci\u00f3n y el dise\u00f1o. Si quer\u00e9is saber m\u00e1s os dejo mi web: www.periodistasocialmedia.com\",\"sameAs\":[\"http:\/\/www.periodistasocialmedia.com\",\"https:\/\/twitter.com\/http:\/\/www.twitter.com\/inmolber\"],\"url\":\"https:\/\/www.delsofa.es\/informacion\/author\/inma\/\"}]}<\/script>\n<!-- \/ Yoast SEO plugin. -->","yoast_head_json":{"title":"En el sof\u00e1 con David Jim\u00e9nez \"El arte de dise\u00f1ar paisajes\"","description":"Hoy nuestro sof\u00e1 lo ocupa el arquitecto paisajista David Jim\u00e9nez. Con \u00e9l hablamos del arte de dise\u00f1ar paisajes y decorar espacios al aire libre.","robots":{"index":"index","follow":"follow","max-snippet":"max-snippet:-1","max-image-preview":"max-image-preview:large","max-video-preview":"max-video-preview:-1"},"canonical":"https:\/\/www.delsofa.es\/informacion\/en-el-sofa-con-davidjimenezap-el-arte-de-disenar-paisajes-lugares-al-aire-libre\/","twitter_card":"summary_large_image","twitter_title":"En el sof\u00e1 con David Jim\u00e9nez \"El arte de dise\u00f1ar paisajes\"","twitter_description":"Hoy nuestro sof\u00e1 lo ocupa el arquitecto paisajista David Jim\u00e9nez. Con \u00e9l hablamos del arte de dise\u00f1ar paisajes y decorar espacios al aire libre.","twitter_image":"https:\/\/www.delsofa.es\/informacion\/wp-content\/uploads\/2014\/05\/david.jpg","twitter_creator":"@http:\/\/www.twitter.com\/inmolber","twitter_site":"@delsofaES","twitter_misc":{"Escrito por":"Inma Molt\u00f3","Tiempo de lectura":"7 minutos"},"schema":{"@context":"https:\/\/schema.org","@graph":[{"@type":"WebSite","@id":"https:\/\/www.delsofa.es\/informacion\/#website","url":"https:\/\/www.delsofa.es\/informacion\/","name":"","description":"","potentialAction":[{"@type":"SearchAction","target":{"@type":"EntryPoint","urlTemplate":"https:\/\/www.delsofa.es\/informacion\/?s={search_term_string}"},"query-input":"required name=search_term_string"}],"inLanguage":"es"},{"@type":"ImageObject","@id":"https:\/\/www.delsofa.es\/informacion\/en-el-sofa-con-davidjimenezap-el-arte-de-disenar-paisajes-lugares-al-aire-libre\/#primaryimage","inLanguage":"es","url":"https:\/\/www.delsofa.es\/informacion\/wp-content\/uploads\/2014\/05\/david.jpg","contentUrl":"https:\/\/www.delsofa.es\/informacion\/wp-content\/uploads\/2014\/05\/david.jpg","width":2144,"height":1413},{"@type":"WebPage","@id":"https:\/\/www.delsofa.es\/informacion\/en-el-sofa-con-davidjimenezap-el-arte-de-disenar-paisajes-lugares-al-aire-libre\/#webpage","url":"https:\/\/www.delsofa.es\/informacion\/en-el-sofa-con-davidjimenezap-el-arte-de-disenar-paisajes-lugares-al-aire-libre\/","name":"En el sof\u00e1 con David Jim\u00e9nez \"El arte de dise\u00f1ar paisajes\"","isPartOf":{"@id":"https:\/\/www.delsofa.es\/informacion\/#website"},"primaryImageOfPage":{"@id":"https:\/\/www.delsofa.es\/informacion\/en-el-sofa-con-davidjimenezap-el-arte-de-disenar-paisajes-lugares-al-aire-libre\/#primaryimage"},"datePublished":"2014-05-26T08:17:10+00:00","dateModified":"2015-05-12T07:55:16+00:00","author":{"@id":"https:\/\/www.delsofa.es\/informacion\/#\/schema\/person\/904d00808e282031a3b11f51524d259c"},"description":"Hoy nuestro sof\u00e1 lo ocupa el arquitecto paisajista David Jim\u00e9nez. Con \u00e9l hablamos del arte de dise\u00f1ar paisajes y decorar espacios al aire libre.","breadcrumb":{"@id":"https:\/\/www.delsofa.es\/informacion\/en-el-sofa-con-davidjimenezap-el-arte-de-disenar-paisajes-lugares-al-aire-libre\/#breadcrumb"},"inLanguage":"es","potentialAction":[{"@type":"ReadAction","target":["https:\/\/www.delsofa.es\/informacion\/en-el-sofa-con-davidjimenezap-el-arte-de-disenar-paisajes-lugares-al-aire-libre\/"]}]},{"@type":"BreadcrumbList","@id":"https:\/\/www.delsofa.es\/informacion\/en-el-sofa-con-davidjimenezap-el-arte-de-disenar-paisajes-lugares-al-aire-libre\/#breadcrumb","itemListElement":[{"@type":"ListItem","position":1,"name":"Portada","item":"https:\/\/www.delsofa.es\/informacion\/"},{"@type":"ListItem","position":2,"name":"En el sof\u00e1 con @davidjimenezAP \u00abEl arte de dise\u00f1ar paisajes, lugares al aire libre\u00bb"}]},{"@type":"Person","@id":"https:\/\/www.delsofa.es\/informacion\/#\/schema\/person\/904d00808e282031a3b11f51524d259c","name":"Inma Molt\u00f3","image":{"@type":"ImageObject","@id":"https:\/\/www.delsofa.es\/informacion\/#personlogo","inLanguage":"es","url":"https:\/\/secure.gravatar.com\/avatar\/6411caf208a31a6dd0c4c353341facb7?s=96&d=mm&r=g","contentUrl":"https:\/\/secure.gravatar.com\/avatar\/6411caf208a31a6dd0c4c353341facb7?s=96&d=mm&r=g","caption":"Inma Molt\u00f3"},"description":"Soy periodista, community manager y formadora en redes sociales. Desde enero de 2013 escribo en el Blog Delsofa y actualmente tambi\u00e9n me encargo de su supervisi\u00f3n. Me encanta todo lo relacionado con la decoraci\u00f3n y el dise\u00f1o. Si quer\u00e9is saber m\u00e1s os dejo mi web: www.periodistasocialmedia.com","sameAs":["http:\/\/www.periodistasocialmedia.com","https:\/\/twitter.com\/http:\/\/www.twitter.com\/inmolber"],"url":"https:\/\/www.delsofa.es\/informacion\/author\/inma\/"}]}},"amp_enabled":true,"_links":{"self":[{"href":"https:\/\/www.delsofa.es\/informacion\/wp-json\/wp\/v2\/posts\/3091"}],"collection":[{"href":"https:\/\/www.delsofa.es\/informacion\/wp-json\/wp\/v2\/posts"}],"about":[{"href":"https:\/\/www.delsofa.es\/informacion\/wp-json\/wp\/v2\/types\/post"}],"author":[{"embeddable":true,"href":"https:\/\/www.delsofa.es\/informacion\/wp-json\/wp\/v2\/users\/3"}],"replies":[{"embeddable":true,"href":"https:\/\/www.delsofa.es\/informacion\/wp-json\/wp\/v2\/comments?post=3091"}],"version-history":[{"count":15,"href":"https:\/\/www.delsofa.es\/informacion\/wp-json\/wp\/v2\/posts\/3091\/revisions"}],"predecessor-version":[{"id":3123,"href":"https:\/\/www.delsofa.es\/informacion\/wp-json\/wp\/v2\/posts\/3091\/revisions\/3123"}],"wp:attachment":[{"href":"https:\/\/www.delsofa.es\/informacion\/wp-json\/wp\/v2\/media?parent=3091"}],"wp:term":[{"taxonomy":"category","embeddable":true,"href":"https:\/\/www.delsofa.es\/informacion\/wp-json\/wp\/v2\/categories?post=3091"},{"taxonomy":"post_tag","embeddable":true,"href":"https:\/\/www.delsofa.es\/informacion\/wp-json\/wp\/v2\/tags?post=3091"}],"curies":[{"name":"wp","href":"https:\/\/api.w.org\/{rel}","templated":true}]}}