{"id":3137,"date":"2014-06-11T09:10:40","date_gmt":"2014-06-11T09:10:40","guid":{"rendered":"https:\/\/www.delsofa.es\/informacion\/?p=3137"},"modified":"2014-06-11T09:10:40","modified_gmt":"2014-06-11T09:10:40","slug":"consejos-para-sobrellevar-el-calor-y-morir-en-el-intento","status":"publish","type":"post","link":"https:\/\/www.delsofa.es\/informacion\/consejos-para-sobrellevar-el-calor-y-morir-en-el-intento\/","title":{"rendered":"Consejos para sobrellevar el calor en el hogar y no morir en el intento"},"content":{"rendered":"<p style=\"text-align: justify;\">Como se nota que ya va llegando el verano,\u00a0los d\u00edas se alargan m\u00e1s, ahora llegamos a casa por la tarde y el Sol sigue acompa\u00f1\u00e1ndonos, de hecho, nos invita a hacer planes que en invierno nos dar\u00edan mucha pereza, cualquier opci\u00f3n es buena para estar en la calle, sin embargo, la presencia del Sol no solo se siente fuera, sino que en casa tambi\u00e9n lo notamos, sobre todo con la subida de la temperatura. En este post te voy a dar algunos consejos para disfrutar del verano fresquitos en casa.<\/p>\n<p style=\"text-align: justify;\">Recuerda lo que pasaba el a\u00f1o pasado con la llegada del verano, se hac\u00eda imposible estar en cualquier habitaci\u00f3n, y mucho menos tumbados en el sof\u00e1. A no ser que hubiera climatizaci\u00f3n, pero como s\u00e9 que muchos de nosotros no contamos con esta maravilla tecnol\u00f3gica, quiero lanzar una peque\u00f1a bater\u00eda de <strong>consejos pr\u00e1cticos para sobrellevar el calor, sobre todo, en el sal\u00f3n<\/strong>, lugar clave para las conversaciones, pelis, palomitas o una tradicional y alargada siesta.<\/p>\n<p style=\"text-align: justify;\"><span style=\"font-size: 120%; color: #993366;\">Lo m\u00e1s importante; Evita la exposici\u00f3n directa de los rayos del Sol<\/span><\/p>\n<p style=\"text-align: justify;\"><img decoding=\"async\" loading=\"lazy\" class=\"aligncenter wp-image-3239\" title=\"Sal\u00f3n de verano con ventanales y cortinas blancas\" src=\"https:\/\/www.delsofa.es\/informacion\/wp-content\/uploads\/2014\/06\/Sal\u00f3n-comedor-con-ventanales-y-cortinas-blancas-1024x712.jpg\" alt=\"Sal\u00f3n comedor con ventanales y cortinas blancas\" width=\"539\" height=\"375\" srcset=\"https:\/\/www.delsofa.es\/informacion\/wp-content\/uploads\/2014\/06\/Sal\u00f3n-comedor-con-ventanales-y-cortinas-blancas-1024x712.jpg 1024w, https:\/\/www.delsofa.es\/informacion\/wp-content\/uploads\/2014\/06\/Sal\u00f3n-comedor-con-ventanales-y-cortinas-blancas-300x208.jpg 300w, https:\/\/www.delsofa.es\/informacion\/wp-content\/uploads\/2014\/06\/Sal\u00f3n-comedor-con-ventanales-y-cortinas-blancas-431x300.jpg 431w, https:\/\/www.delsofa.es\/informacion\/wp-content\/uploads\/2014\/06\/Sal\u00f3n-comedor-con-ventanales-y-cortinas-blancas.jpg 1280w\" sizes=\"(max-width: 539px) 100vw, 539px\" \/><\/p>\n<p style=\"text-align: justify;\">Es cierto que la luz natural ha de iluminar el sal\u00f3n, la imagen que te muestro es de un sal\u00f3n procedente de la revista\u00a0<a href=\"http:\/\/www.elmueble.com\/\" target=\"_blank\">El Mueble<\/a>, aunque podr\u00eda ser perfectamente el tuyo. Siempre hago hincapi\u00e9 en este punto, <strong>la luz natural es obligatoria, sin embargo, ten en cuenta que los rayos del Sol calientan<\/strong>, por lo que si dejas tu sal\u00f3n a su merced, cuando llegues te encontrar\u00e1s en una caldera.<\/p>\n<p style=\"text-align: justify;\">\u00bfQu\u00e9 hacemos para evitarlo? Es muy sencillo, <strong>juega con las cortinas<\/strong>. Si quieres que entre la luz natural, recurre a modelos finos y claros, que permitan que el sal\u00f3n se mantenga luminoso pero a salvo del calor del Sol. Notar\u00e1s la diferencia.<\/p>\n<p style=\"text-align: justify;\"><span style=\"font-size: 120%; color: #993366;\">Una funda para el sof\u00e1<\/span><\/p>\n<p style=\"text-align: justify;\"><img decoding=\"async\" loading=\"lazy\" class=\"aligncenter wp-image-3242\" title=\"Sal\u00f3n preparado para el calor\" src=\"https:\/\/www.delsofa.es\/informacion\/wp-content\/uploads\/2014\/06\/Sal\u00f3n-preparado-para-el-calor.jpg\" alt=\"Sal\u00f3n preparado para el calor\" width=\"538\" height=\"358\" srcset=\"https:\/\/www.delsofa.es\/informacion\/wp-content\/uploads\/2014\/06\/Sal\u00f3n-preparado-para-el-calor.jpg 755w, https:\/\/www.delsofa.es\/informacion\/wp-content\/uploads\/2014\/06\/Sal\u00f3n-preparado-para-el-calor-300x199.jpg 300w, https:\/\/www.delsofa.es\/informacion\/wp-content\/uploads\/2014\/06\/Sal\u00f3n-preparado-para-el-calor-450x300.jpg 450w\" sizes=\"(max-width: 538px) 100vw, 538px\" \/><\/p>\n<p style=\"text-align: justify;\">\u00bfQu\u00e9 te parece este sal\u00f3n que nos muestra el blog\u00a0<a href=\"http:\/\/petitecandela.blogspot.com.es\/\" target=\"_blank\">PetiteCandela<\/a>?, \u00bfDesentona el sof\u00e1? Seguro que no, y estoy convencido de que cambiando esos cojines por una funda ligera y transpirable, tampoco. Para el invierno tambi\u00e9n puede funcionarnos con una mantita m\u00e1s gruesa, pero <strong>llegado el verano, lo que queremos es frescura para sobrellevar el calor<\/strong>, por lo que una fina tela podr\u00eda ser el remedio.<\/p>\n<p style=\"text-align: justify;\">Lleva a la pr\u00e1ctica este consejo sobre todo si tu sof\u00e1 es de piel sint\u00e9tica, cuando el calor aprieta es normal que este material resulte un tanto inc\u00f3modo. Resulta casi imposible encontrar la postura ideal cuando el propio sof\u00e1\u00a0mantiene una temperatura elevada.<\/p>\n<p style=\"text-align: justify;\"><span style=\"font-size: 120%; color: #993366;\">Ventila el ambiente<\/span><\/p>\n<p style=\"text-align: justify;\"><img decoding=\"async\" loading=\"lazy\" class=\"aligncenter wp-image-3243\" title=\"Ventila el sal\u00f3n siempre que puedas, que corra el aire\" src=\"https:\/\/www.delsofa.es\/informacion\/wp-content\/uploads\/2014\/06\/Ventila-el-Sal\u00f3n-siempre-que-puedas-que-corra-el-aire.jpg\" alt=\"Ventila el sal\u00f3n siempre que puedas, que corra el aire\" width=\"539\" height=\"402\" srcset=\"https:\/\/www.delsofa.es\/informacion\/wp-content\/uploads\/2014\/06\/Ventila-el-Sal\u00f3n-siempre-que-puedas-que-corra-el-aire.jpg 600w, https:\/\/www.delsofa.es\/informacion\/wp-content\/uploads\/2014\/06\/Ventila-el-Sal\u00f3n-siempre-que-puedas-que-corra-el-aire-300x224.jpg 300w, https:\/\/www.delsofa.es\/informacion\/wp-content\/uploads\/2014\/06\/Ventila-el-Sal\u00f3n-siempre-que-puedas-que-corra-el-aire-401x300.jpg 401w\" sizes=\"(max-width: 539px) 100vw, 539px\" \/><\/p>\n<p style=\"text-align: justify;\">\u201cSi no abro, no entra el\u00a0calor\u201d. A veces es un error esta frase tan com\u00fan. Aunque no lo creas, no son pocas las personas que creen que tap\u00e1ndolo todo del Sol es mejor que ventilar. Mira el sal\u00f3n de la imagen de <a href=\"http:\/\/www.micasarevista.com\/\" target=\"_blank\">MiCasaRevista<\/a>, ser\u00eda <strong>un error\u00a0tenerlo todo cerrado a cal y canto<\/strong>.<\/p>\n<p style=\"text-align: justify;\">Si hace mucho viento, abre una sola ventana, no siempre tiene por qu\u00e9 hacer corriente, y si puedes, siempre hazlo con la cortina por delante, si no hay nada m\u00e1s abierto en otra habitaci\u00f3n, no deber\u00eda salir volando la cortina.<\/p>\n<p style=\"text-align: justify;\">Incluso los d\u00edas en los que el viento sea inexistente, abre todo lo que puedas, es una prioridad, <strong>permitir\u00e1s que la brisa recorra el sal\u00f3n y refresque<\/strong>. Siempre y cuando no vivas en una cueva y\/o dispongas de aire acondicionado, ya que se escapar\u00eda el fresquito y ya sabemos lo complicado que resulta retenerlo en casa.<\/p>\n<p style=\"text-align: justify;\">Espero que con estos sencillos consejos consigas hacer de tu sal\u00f3n un espacio habitable y confortable en verano. Es el lugar m\u00e1s concurrido del hogar y no deber\u00edamos ignorarlo durante el verano.<\/p>\n","protected":false},"excerpt":{"rendered":"<p>Como se nota que ya va llegando el verano,\u00a0los d\u00edas se alargan m\u00e1s, ahora llegamos a casa por la tarde y el Sol sigue acompa\u00f1\u00e1ndonos, de hecho, nos invita a hacer planes que en invierno nos dar\u00edan mucha pereza, cualquier &hellip; <a href=\"https:\/\/www.delsofa.es\/informacion\/consejos-para-sobrellevar-el-calor-y-morir-en-el-intento\/\">Sigue leyendo <span class=\"meta-nav\">&rarr;<\/span><\/a><\/p>\n","protected":false},"author":9,"featured_media":0,"comment_status":"open","ping_status":"open","sticky":false,"template":"","format":"standard","meta":[],"categories":[405,438,5],"tags":[1032,1061,1036,1034,720,1060,1035,6,1033],"yoast_head":"<!-- This site is optimized with the Yoast SEO plugin v18.6 - https:\/\/yoast.com\/wordpress\/plugins\/seo\/ -->\n<title>Consejos para sobrellevar el calor en casa<\/title>\n<meta name=\"description\" content=\"Llega el verano y con \u00e9l, las altas temperaturas. Descubre c\u00f3mo acomodar tu sal\u00f3n para sobrellevar el calor. Es hora de refrescarnos \u00bfqui\u00e9n se apunta?\" \/>\n<meta name=\"robots\" content=\"index, follow, max-snippet:-1, max-image-preview:large, max-video-preview:-1\" \/>\n<link rel=\"canonical\" href=\"https:\/\/www.delsofa.es\/informacion\/consejos-para-sobrellevar-el-calor-y-morir-en-el-intento\/\" \/>\n<meta name=\"twitter:card\" content=\"summary_large_image\" \/>\n<meta name=\"twitter:title\" content=\"Consejos para sobrellevar el calor en casa\" \/>\n<meta name=\"twitter:description\" content=\"Llega el verano y con \u00e9l, las altas temperaturas. Descubre c\u00f3mo acomodar tu sal\u00f3n para sobrellevar el calor. Es hora de refrescarnos \u00bfqui\u00e9n se apunta?\" \/>\n<meta name=\"twitter:creator\" content=\"@delsofaES\" \/>\n<meta name=\"twitter:site\" content=\"@delsofaES\" \/>\n<meta name=\"twitter:label1\" content=\"Escrito por\" \/>\n\t<meta name=\"twitter:data1\" content=\"Andr\u00e9s Garrido\" \/>\n\t<meta name=\"twitter:label2\" content=\"Tiempo de lectura\" \/>\n\t<meta name=\"twitter:data2\" content=\"3 minutos\" \/>\n<script type=\"application\/ld+json\" class=\"yoast-schema-graph\">{\"@context\":\"https:\/\/schema.org\",\"@graph\":[{\"@type\":\"WebSite\",\"@id\":\"https:\/\/www.delsofa.es\/informacion\/#website\",\"url\":\"https:\/\/www.delsofa.es\/informacion\/\",\"name\":\"\",\"description\":\"\",\"potentialAction\":[{\"@type\":\"SearchAction\",\"target\":{\"@type\":\"EntryPoint\",\"urlTemplate\":\"https:\/\/www.delsofa.es\/informacion\/?s={search_term_string}\"},\"query-input\":\"required name=search_term_string\"}],\"inLanguage\":\"es\"},{\"@type\":\"WebPage\",\"@id\":\"https:\/\/www.delsofa.es\/informacion\/consejos-para-sobrellevar-el-calor-y-morir-en-el-intento\/#webpage\",\"url\":\"https:\/\/www.delsofa.es\/informacion\/consejos-para-sobrellevar-el-calor-y-morir-en-el-intento\/\",\"name\":\"Consejos para sobrellevar el calor en casa\",\"isPartOf\":{\"@id\":\"https:\/\/www.delsofa.es\/informacion\/#website\"},\"datePublished\":\"2014-06-11T09:10:40+00:00\",\"dateModified\":\"2014-06-11T09:10:40+00:00\",\"author\":{\"@id\":\"https:\/\/www.delsofa.es\/informacion\/#\/schema\/person\/fbd66748501b52f725af3e230fb3afb1\"},\"description\":\"Llega el verano y con \u00e9l, las altas temperaturas. Descubre c\u00f3mo acomodar tu sal\u00f3n para sobrellevar el calor. Es hora de refrescarnos \u00bfqui\u00e9n se apunta?\",\"breadcrumb\":{\"@id\":\"https:\/\/www.delsofa.es\/informacion\/consejos-para-sobrellevar-el-calor-y-morir-en-el-intento\/#breadcrumb\"},\"inLanguage\":\"es\",\"potentialAction\":[{\"@type\":\"ReadAction\",\"target\":[\"https:\/\/www.delsofa.es\/informacion\/consejos-para-sobrellevar-el-calor-y-morir-en-el-intento\/\"]}]},{\"@type\":\"BreadcrumbList\",\"@id\":\"https:\/\/www.delsofa.es\/informacion\/consejos-para-sobrellevar-el-calor-y-morir-en-el-intento\/#breadcrumb\",\"itemListElement\":[{\"@type\":\"ListItem\",\"position\":1,\"name\":\"Portada\",\"item\":\"https:\/\/www.delsofa.es\/informacion\/\"},{\"@type\":\"ListItem\",\"position\":2,\"name\":\"Consejos para sobrellevar el calor en el hogar y no morir en el intento\"}]},{\"@type\":\"Person\",\"@id\":\"https:\/\/www.delsofa.es\/informacion\/#\/schema\/person\/fbd66748501b52f725af3e230fb3afb1\",\"name\":\"Andr\u00e9s Garrido\",\"image\":{\"@type\":\"ImageObject\",\"@id\":\"https:\/\/www.delsofa.es\/informacion\/#personlogo\",\"inLanguage\":\"es\",\"url\":\"https:\/\/secure.gravatar.com\/avatar\/d46dec6687b3ea5c07ac515483bb7afc?s=96&d=mm&r=g\",\"contentUrl\":\"https:\/\/secure.gravatar.com\/avatar\/d46dec6687b3ea5c07ac515483bb7afc?s=96&d=mm&r=g\",\"caption\":\"Andr\u00e9s Garrido\"},\"description\":\"Redactor e ingeniero inform\u00e1tico en proceso. Me encanta escribir sobre temas como el dise\u00f1o, blogging o el mundo del emprendedor.\",\"url\":\"https:\/\/www.delsofa.es\/informacion\/author\/andres\/\"}]}<\/script>\n<!-- \/ Yoast SEO plugin. -->","yoast_head_json":{"title":"Consejos para sobrellevar el calor en casa","description":"Llega el verano y con \u00e9l, las altas temperaturas. Descubre c\u00f3mo acomodar tu sal\u00f3n para sobrellevar el calor. Es hora de refrescarnos \u00bfqui\u00e9n se apunta?","robots":{"index":"index","follow":"follow","max-snippet":"max-snippet:-1","max-image-preview":"max-image-preview:large","max-video-preview":"max-video-preview:-1"},"canonical":"https:\/\/www.delsofa.es\/informacion\/consejos-para-sobrellevar-el-calor-y-morir-en-el-intento\/","twitter_card":"summary_large_image","twitter_title":"Consejos para sobrellevar el calor en casa","twitter_description":"Llega el verano y con \u00e9l, las altas temperaturas. Descubre c\u00f3mo acomodar tu sal\u00f3n para sobrellevar el calor. Es hora de refrescarnos \u00bfqui\u00e9n se apunta?","twitter_creator":"@delsofaES","twitter_site":"@delsofaES","twitter_misc":{"Escrito por":"Andr\u00e9s Garrido","Tiempo de lectura":"3 minutos"},"schema":{"@context":"https:\/\/schema.org","@graph":[{"@type":"WebSite","@id":"https:\/\/www.delsofa.es\/informacion\/#website","url":"https:\/\/www.delsofa.es\/informacion\/","name":"","description":"","potentialAction":[{"@type":"SearchAction","target":{"@type":"EntryPoint","urlTemplate":"https:\/\/www.delsofa.es\/informacion\/?s={search_term_string}"},"query-input":"required name=search_term_string"}],"inLanguage":"es"},{"@type":"WebPage","@id":"https:\/\/www.delsofa.es\/informacion\/consejos-para-sobrellevar-el-calor-y-morir-en-el-intento\/#webpage","url":"https:\/\/www.delsofa.es\/informacion\/consejos-para-sobrellevar-el-calor-y-morir-en-el-intento\/","name":"Consejos para sobrellevar el calor en casa","isPartOf":{"@id":"https:\/\/www.delsofa.es\/informacion\/#website"},"datePublished":"2014-06-11T09:10:40+00:00","dateModified":"2014-06-11T09:10:40+00:00","author":{"@id":"https:\/\/www.delsofa.es\/informacion\/#\/schema\/person\/fbd66748501b52f725af3e230fb3afb1"},"description":"Llega el verano y con \u00e9l, las altas temperaturas. Descubre c\u00f3mo acomodar tu sal\u00f3n para sobrellevar el calor. Es hora de refrescarnos \u00bfqui\u00e9n se apunta?","breadcrumb":{"@id":"https:\/\/www.delsofa.es\/informacion\/consejos-para-sobrellevar-el-calor-y-morir-en-el-intento\/#breadcrumb"},"inLanguage":"es","potentialAction":[{"@type":"ReadAction","target":["https:\/\/www.delsofa.es\/informacion\/consejos-para-sobrellevar-el-calor-y-morir-en-el-intento\/"]}]},{"@type":"BreadcrumbList","@id":"https:\/\/www.delsofa.es\/informacion\/consejos-para-sobrellevar-el-calor-y-morir-en-el-intento\/#breadcrumb","itemListElement":[{"@type":"ListItem","position":1,"name":"Portada","item":"https:\/\/www.delsofa.es\/informacion\/"},{"@type":"ListItem","position":2,"name":"Consejos para sobrellevar el calor en el hogar y no morir en el intento"}]},{"@type":"Person","@id":"https:\/\/www.delsofa.es\/informacion\/#\/schema\/person\/fbd66748501b52f725af3e230fb3afb1","name":"Andr\u00e9s Garrido","image":{"@type":"ImageObject","@id":"https:\/\/www.delsofa.es\/informacion\/#personlogo","inLanguage":"es","url":"https:\/\/secure.gravatar.com\/avatar\/d46dec6687b3ea5c07ac515483bb7afc?s=96&d=mm&r=g","contentUrl":"https:\/\/secure.gravatar.com\/avatar\/d46dec6687b3ea5c07ac515483bb7afc?s=96&d=mm&r=g","caption":"Andr\u00e9s Garrido"},"description":"Redactor e ingeniero inform\u00e1tico en proceso. Me encanta escribir sobre temas como el dise\u00f1o, blogging o el mundo del emprendedor.","url":"https:\/\/www.delsofa.es\/informacion\/author\/andres\/"}]}},"amp_enabled":true,"_links":{"self":[{"href":"https:\/\/www.delsofa.es\/informacion\/wp-json\/wp\/v2\/posts\/3137"}],"collection":[{"href":"https:\/\/www.delsofa.es\/informacion\/wp-json\/wp\/v2\/posts"}],"about":[{"href":"https:\/\/www.delsofa.es\/informacion\/wp-json\/wp\/v2\/types\/post"}],"author":[{"embeddable":true,"href":"https:\/\/www.delsofa.es\/informacion\/wp-json\/wp\/v2\/users\/9"}],"replies":[{"embeddable":true,"href":"https:\/\/www.delsofa.es\/informacion\/wp-json\/wp\/v2\/comments?post=3137"}],"version-history":[{"count":13,"href":"https:\/\/www.delsofa.es\/informacion\/wp-json\/wp\/v2\/posts\/3137\/revisions"}],"predecessor-version":[{"id":3247,"href":"https:\/\/www.delsofa.es\/informacion\/wp-json\/wp\/v2\/posts\/3137\/revisions\/3247"}],"wp:attachment":[{"href":"https:\/\/www.delsofa.es\/informacion\/wp-json\/wp\/v2\/media?parent=3137"}],"wp:term":[{"taxonomy":"category","embeddable":true,"href":"https:\/\/www.delsofa.es\/informacion\/wp-json\/wp\/v2\/categories?post=3137"},{"taxonomy":"post_tag","embeddable":true,"href":"https:\/\/www.delsofa.es\/informacion\/wp-json\/wp\/v2\/tags?post=3137"}],"curies":[{"name":"wp","href":"https:\/\/api.w.org\/{rel}","templated":true}]}}