{"id":3404,"date":"2014-07-02T08:24:39","date_gmt":"2014-07-02T08:24:39","guid":{"rendered":"https:\/\/www.delsofa.es\/informacion\/?p=3404"},"modified":"2015-05-12T07:55:03","modified_gmt":"2015-05-12T07:55:03","slug":"cenando-en-el-sofa-con-virginia-martin-del-gastroblog-sweet-sour","status":"publish","type":"post","link":"https:\/\/www.delsofa.es\/informacion\/cenando-en-el-sofa-con-virginia-martin-del-gastroblog-sweet-sour\/","title":{"rendered":"Cenando en el sof\u00e1 con Virginia Mart\u00edn del gastroblog Sweet &#038; Sour"},"content":{"rendered":"<p style=\"text-align: justify;\">Hoy nuestro sof\u00e1 lo ocupa la letrada bilba\u00edna Virginia Mart\u00edn Orive, pero lejos de lo que pueda parecer, nuestra charla no va a versar sobre leyes ni Derecho, temas a los que dedica su d\u00eda a d\u00eda, con\u00a0toga incluida. Y es que nuestra anfitriona tiene otra pasi\u00f3n, que no trata de ocultar, la cocina. A trav\u00e9s de su gastroblog <a href=\"http:\/\/sweetandsour.es\/\" target=\"_blank\">Sweet &amp; Sour<\/a> nos descubre <strong>recetas saludables, variadas y sabrosas para degustar en nuestro hogar<\/strong>. Aprovechando su amabilidad, en Delsof\u00e1 le hemos pedido que nos invite a cenar y como no pod\u00eda ser de otra forma, lo haremos sentados en su sof\u00e1. \u00bfOs apetece descubrir el men\u00fa?<\/p>\n<p style=\"text-align: justify;\">Antes de comenzar a degustar los platos que nos sugiere Virginia,<strong> la conversaci\u00f3n nos lleva a saber m\u00e1s de esta abogada Bilba\u00edna<\/strong> de 46 a\u00f1os, felizmente casada y madre de una preciosa hija de 23 a\u00f1os.<\/p>\n<p style=\"text-align: justify;\"><img decoding=\"async\" loading=\"lazy\" class=\"aligncenter wp-image-3406 size-large\" title=\"Virginia Mart\u00edn escribe sobre cocina en su blog Sweet &amp; Sour\" src=\"https:\/\/www.delsofa.es\/informacion\/wp-content\/uploads\/2014\/06\/IMG_2665-RECORTADA-1024x962.jpg\" alt=\"IMG_2665 RECORTADA\" width=\"584\" height=\"548\" srcset=\"https:\/\/www.delsofa.es\/informacion\/wp-content\/uploads\/2014\/06\/IMG_2665-RECORTADA-1024x962.jpg 1024w, https:\/\/www.delsofa.es\/informacion\/wp-content\/uploads\/2014\/06\/IMG_2665-RECORTADA-300x281.jpg 300w, https:\/\/www.delsofa.es\/informacion\/wp-content\/uploads\/2014\/06\/IMG_2665-RECORTADA-319x300.jpg 319w\" sizes=\"(max-width: 584px) 100vw, 584px\" \/><\/p>\n<p style=\"text-align: justify;\"><span style=\"font-size: 120%; color: #993366;\">\u00bfQu\u00e9 nos puedes decir de ti misma? \u00bfCu\u00e1les son tus pasiones?<\/span><\/p>\n<p style=\"text-align: justify;\">Resulta dif\u00edcil definirse a uno mismo en pocas palabras, somos un c\u00famulo de muchas cosas y en ocasiones contradictorias\u2026Pero si tuviera que dar unas cuantas pinceladas de m\u00ed misma, <strong>dir\u00eda que soy una persona tenaz, amante de su familia, y que disfruta enormemente con las peque\u00f1as cosas<\/strong>. Al final esas peque\u00f1as cosas siempre resultan ser las m\u00e1s importantes.<\/p>\n<p style=\"text-align: justify;\">Mi pasi\u00f3n est\u00e1 claro, es mi familia por encima de todo. Pero si me preguntas por pasiones m\u00e1s terrenales, la cocina y la fotograf\u00eda son dos de ellas. Desde hace unos tres a\u00f1os comparto parte de mi tiempo libre con todo aquel que quiera acercarse al <strong>blog \u201cSweet &amp; Sour\u201d, un blog gastron\u00f3mico<\/strong> donde aprovecho para poner en pr\u00e1ctica mi lado m\u00e1s creativo en forma de recetas y fotograf\u00eda.<\/p>\n<p style=\"text-align: justify;\">La cocina desde que tengo mis primeros recuerdos me encandila. Aromas, sabores, texturas\u2026., estar entre cazuelas, viendo y aprendiendo. <strong>Creo que la cocina es una de las estancias m\u00e1s importantes de la casa<\/strong>, donde se \u201ccuecen\u201d muchas veces las grandes decisiones, al calor de los fogones y donde se hace familia en torno a un buen plato preparado con cari\u00f1o. La cocina <strong>es adem\u00e1s un veh\u00edculo de trasmisi\u00f3n cultural<\/strong> important\u00edsimo y al que hasta hace pocas fechas no se le ha dado la importancia merecida. Aunque si te he de ser sincera, creo que hemos pasado de la nula importancia a un exceso de gastronom\u00eda en todos los \u00e1mbitos, que en ocasiones me abruma.<\/p>\n<p style=\"text-align: justify;\"><img decoding=\"async\" loading=\"lazy\" class=\"aligncenter wp-image-3407 size-full\" title=\"Sweet &amp; Sour agrupa cocina y fotograf\u00eda, las pasiones de Virginia\" src=\"https:\/\/www.delsofa.es\/informacion\/wp-content\/uploads\/2014\/06\/cabecera-blog.jpg\" alt=\"cabecera-blog\" width=\"584\" height=\"186\" srcset=\"https:\/\/www.delsofa.es\/informacion\/wp-content\/uploads\/2014\/06\/cabecera-blog.jpg 584w, https:\/\/www.delsofa.es\/informacion\/wp-content\/uploads\/2014\/06\/cabecera-blog-300x95.jpg 300w, https:\/\/www.delsofa.es\/informacion\/wp-content\/uploads\/2014\/06\/cabecera-blog-500x159.jpg 500w\" sizes=\"(max-width: 584px) 100vw, 584px\" \/><\/p>\n<p style=\"text-align: justify;\">Por su parte, <strong>la fotograf\u00eda desde hace unos a\u00f1os se ha convertido en una absoluta pasi\u00f3n<\/strong>. Creo que sin darme cuenta sustitu\u00ed los pinceles y las acuarelas que hac\u00eda a\u00f1os hab\u00eda abandonado por el objetivo de la c\u00e1mara. Te ense\u00f1a a ver todo con otros ojos, con otros colores, con otra luz. A captar el momento m\u00e1gico.<\/p>\n<p style=\"text-align: justify;\">Ojo que tampoco todo en mi vida es cocina y fotograf\u00eda. <strong>El deporte, la lectura los viajes y la m\u00fasica<\/strong> me acompa\u00f1an siempre tambi\u00e9n.<\/p>\n<p style=\"text-align: justify;\"><span style=\"font-size: 120%; color: #993366;\">Nos hablas de Sweet &amp; Sour como una forma de expresar tus pasiones y comunicarte con gente que las comparte. \u00bfC\u00f3mo surgi\u00f3 la idea de crearlo? \u00bfQu\u00e9 podemos encontrar en \u00e9l?<\/span><\/p>\n<p style=\"text-align: justify;\">Sweet &amp; Sour <strong>surge de la ilusi\u00f3n por compartir de una forma agradable y did\u00e1ctica mis experimentos en la cocina<\/strong>, pensando que puedan ser de utilidad a quien se encuentre detr\u00e1s de la pantalla. Esa fue mi \u00fanica pretensi\u00f3n cuando lo cree hace algo m\u00e1s de tres a\u00f1os.<\/p>\n<p style=\"text-align: justify;\">En \u00e9l <strong>pod\u00e9is encontrar todo tipo de platos, desde platos salados, postres, dulces, panes y boller\u00eda<\/strong>. Encontrar\u00e9is desde recetas cl\u00e1sicas, b\u00e1sicos con sus tutoriales y paso a paso, hasta recetas sencillas y r\u00e1pidas de esas que te sacan de un apuro pero con nota. Siempre procuro que cada receta que publico tenga algo especial, bien por los ingredientes, por la forma de ejecuci\u00f3n\u2026 Tambi\u00e9n tengo que deciros que me gusta mucho la gastronom\u00eda internacional, creo que la gastronom\u00eda de un pa\u00eds o de una zona dice mucho de su cultura, de sus or\u00edgenes y me encanta indagar en esos platos nuevos para m\u00ed, en sus productos y acercarlos a quien se acerca a mi rinc\u00f3n.<\/p>\n<p style=\"text-align: justify;\"><img decoding=\"async\" loading=\"lazy\" class=\"aligncenter wp-image-3418\" title=\"Crudites con dips de humus y labneh. Receta Sweet &amp; Sour\" src=\"https:\/\/www.delsofa.es\/informacion\/wp-content\/uploads\/2014\/06\/MG_3400-blog.jpg\" alt=\"_MG_3400 blog\" width=\"584\" height=\"876\" srcset=\"https:\/\/www.delsofa.es\/informacion\/wp-content\/uploads\/2014\/06\/MG_3400-blog.jpg 600w, https:\/\/www.delsofa.es\/informacion\/wp-content\/uploads\/2014\/06\/MG_3400-blog-200x300.jpg 200w\" sizes=\"(max-width: 584px) 100vw, 584px\" \/><\/p>\n<p style=\"text-align: justify;\">En cualquier caso trato de cuidar al m\u00e1ximo la presentaci\u00f3n y la fotograf\u00eda que acerca todos esos platos. <strong>Dicen que primero se come con la vista<\/strong>.<\/p>\n<p style=\"text-align: justify;\"><span style=\"font-size: 120%; color: #993366;\">Hoy nuestra cena es como no pod\u00eda ser de otra forma en el sof\u00e1, pero \u00bfsueles cenar en \u00e9l?<\/span><\/p>\n<p style=\"text-align: justify;\">La verdad es que en pocas ocasiones. Nos gusta cenar en familia en la mesa, es el momento de reuni\u00f3n familiar, al final del d\u00eda. Pero <strong>de vez en cuando s\u00ed nos damos el capricho de cenar en el sof\u00e1<\/strong>, la excusa una buena peli, un acontecimiento deportivo&#8230;<\/p>\n<p style=\"text-align: justify;\"><img decoding=\"async\" loading=\"lazy\" class=\"aligncenter wp-image-3408 size-large\" title=\"La fotograf\u00eda es otra de las grandes pasiones de Virginia de Sweet &amp; Sour\" src=\"https:\/\/www.delsofa.es\/informacion\/wp-content\/uploads\/2014\/06\/IMG_2768-682x1024.jpg\" alt=\"IMG_2768\" width=\"584\" height=\"876\" srcset=\"https:\/\/www.delsofa.es\/informacion\/wp-content\/uploads\/2014\/06\/IMG_2768-682x1024.jpg 682w, https:\/\/www.delsofa.es\/informacion\/wp-content\/uploads\/2014\/06\/IMG_2768-200x300.jpg 200w\" sizes=\"(max-width: 584px) 100vw, 584px\" \/><\/p>\n<p style=\"text-align: justify;\"><span style=\"font-size: 120%; color: #993366;\">\u00bfC\u00f3mo es tu sof\u00e1?<\/span><\/p>\n<p style=\"text-align: justify;\">Mi sof\u00e1 es blandito, de plumas y grande, muy grande. <strong>De esos que te piden a gritos que te dejes caer<\/strong> y te des el gusto de una buena siesta. Lo pod\u00e9is ver de\u00a0fondo en la fotograf\u00eda\u00a0anterior.<\/p>\n<p style=\"text-align: justify;\"><span style=\"font-size: 120%; color: #993366;\">\u00bfC\u00f3mo ser\u00eda un sof\u00e1 ideal para cenar en \u00e9l?<\/span><\/p>\n<p style=\"text-align: justify;\">El sof\u00e1 ideal para una cena <strong>tiene que ser firme para encontrarte bien c\u00f3modo<\/strong> y con una buena tela antimanchas, sobre todo si tienes peques en casa.<\/p>\n<p style=\"text-align: justify;\"><img decoding=\"async\" loading=\"lazy\" class=\"aligncenter wp-image-2917\" title=\"Virginia cree que el sof\u00e1 Bely de Delsof\u00e1 es c\u00f3modo para cenar en \u00e9l\" src=\"https:\/\/www.delsofa.es\/informacion\/wp-content\/uploads\/2014\/05\/Chaise-longue-Bely.jpg\" alt=\"Chaise longue Bely\" width=\"584\" height=\"338\" srcset=\"https:\/\/www.delsofa.es\/informacion\/wp-content\/uploads\/2014\/05\/Chaise-longue-Bely.jpg 645w, https:\/\/www.delsofa.es\/informacion\/wp-content\/uploads\/2014\/05\/Chaise-longue-Bely-300x173.jpg 300w, https:\/\/www.delsofa.es\/informacion\/wp-content\/uploads\/2014\/05\/Chaise-longue-Bely-500x289.jpg 500w\" sizes=\"(max-width: 584px) 100vw, 584px\" \/><\/p>\n<p style=\"text-align: justify;\"><span style=\"font-size: 120%; color: #993366;\">Si tuvieras que elegir alguno de los sof\u00e1s de nuestra web www.delsofa.es para cenar c\u00f3modamente en \u00e9l, \u00bfCu\u00e1l ser\u00eda? \u00bfPor qu\u00e9?<\/span><\/p>\n<p style=\"text-align: justify;\">Creo que me quedar\u00eda con el <a href=\"#\" target=\"_blank\">sof\u00e1 Bely<\/a>. Es modular con el juego que ofrece, parece firme para encontrarte c\u00f3modo, <strong>es amplio lo que te permite espacio<\/strong> y adem\u00e1s tiene aspecto moderno y robusto. Para mi el ideal para una cena.<\/p>\n<p style=\"text-align: justify;\"><span style=\"font-size: 120%; color: #993366;\">Es hora de comenzar a cenar. Qu\u00e9 tal si nos sugieres una cena saludable y variada, pensando en tomarla en el sof\u00e1. Con cada una de estas circunstancias y acompa\u00f1antes. El men\u00fa lo eliges t\u00fa.<\/span><\/p>\n<p style=\"text-align: justify;\"><img decoding=\"async\" loading=\"lazy\" class=\"aligncenter wp-image-3419\" title=\"Virginia de Sweet &amp; Sour nos sugiere distintas cenas para tomarlas en el sof\u00e1\" src=\"https:\/\/www.delsofa.es\/informacion\/wp-content\/uploads\/2014\/06\/MG_6002-blog.jpg\" alt=\"_MG_6002 blog\" width=\"584\" height=\"787\" srcset=\"https:\/\/www.delsofa.es\/informacion\/wp-content\/uploads\/2014\/06\/MG_6002-blog.jpg 600w, https:\/\/www.delsofa.es\/informacion\/wp-content\/uploads\/2014\/06\/MG_6002-blog-222x300.jpg 222w\" sizes=\"(max-width: 584px) 100vw, 584px\" \/><\/p>\n<p style=\"text-align: justify;\"><span style=\"font-size: 120%; color: #993366;\">Una cena en el sof\u00e1: Sola y despu\u00e9s de un largo y cansado d\u00eda de trabajo<\/span><\/p>\n<p style=\"text-align: justify;\">En estos casos <strong>tiene que ser algo sencillo y r\u00e1pido de preparar<\/strong>, llegamos cansados y aunque seamos cocinillas no siempre apetece meternos largo rato en la cocina. Yo os aconsejar\u00eda <strong>algo que ya tengas preparado con antelaci\u00f3n en la nevera<\/strong>, por ejemplo en estas fechas que sea fresquito y ligero, como el <a href=\"http:\/\/sweetandsour.es\/gazpacho-de-cerezas-con-antxoas-del-cantabrico-y-albahaca\/\" target=\"_blank\">Gazpacho de cerezas<\/a>,\u00a0o una <a href=\"http:\/\/sweetandsour.es\/ensalada-de-burrata-y-pollo-con-alino-de-limon\/\" target=\"_blank\">Ensalada de burrata, tomate y pollo marinado al lim\u00f3n<\/a>, que puedes tener lista en un abrir y cerra de ojos, porque el pollo es un b\u00e1sico, muy light que sirve para gran cantidad de platos y tambi\u00e9n lo puedes tener en la nevera.<\/p>\n<p style=\"text-align: justify;\"><img decoding=\"async\" loading=\"lazy\" class=\"aligncenter wp-image-3409\" title=\"Un Gazpacho de cereza es una fresca y ligera cena para tomar en el sof\u00e1\" src=\"https:\/\/www.delsofa.es\/informacion\/wp-content\/uploads\/2014\/06\/IMG_1871-texto-degra.jpg\" alt=\"IMG_1871 texto degra\" width=\"584\" height=\"876\" srcset=\"https:\/\/www.delsofa.es\/informacion\/wp-content\/uploads\/2014\/06\/IMG_1871-texto-degra.jpg 640w, https:\/\/www.delsofa.es\/informacion\/wp-content\/uploads\/2014\/06\/IMG_1871-texto-degra-200x300.jpg 200w\" sizes=\"(max-width: 584px) 100vw, 584px\" \/><\/p>\n<p style=\"text-align: justify;\"><span style=\"font-size: 120%; color: #993366;\">Una cena en el sof\u00e1: En pareja disfrutando de una peli. \u00bfQu\u00e9 peli ser\u00eda?<\/span><\/p>\n<p style=\"text-align: justify;\">Umm, aqu\u00ed me decanto por el <a href=\"http:\/\/sweetandsour.es\/coronation-chicken-sandwich-y-vacaciones\/\" target=\"_blank\">Coronation Chicken S\u00e1ndwich<\/a>, <strong>un s\u00e1ndwich muy brit\u00e1nico<\/strong>, cuyos or\u00edgenes se encuentran en la conmemoraci\u00f3n de la coronaci\u00f3n de la Reina Isabel II en 1953, <strong>a base de pollo asado, y salsa de curry<\/strong>. \u00a1\u00a1En casa nos encanta!!<\/p>\n<p style=\"text-align: justify;\"><img decoding=\"async\" loading=\"lazy\" class=\"aligncenter wp-image-3416\" title=\"Coronation Chicken S\u00e1ndwich. Receta Sweet &amp; Sour\" src=\"https:\/\/www.delsofa.es\/informacion\/wp-content\/uploads\/2014\/06\/MG_8065-blog-copia.jpg\" alt=\"_MG_8065 blog - copia\" width=\"584\" height=\"869\" srcset=\"https:\/\/www.delsofa.es\/informacion\/wp-content\/uploads\/2014\/06\/MG_8065-blog-copia.jpg 600w, https:\/\/www.delsofa.es\/informacion\/wp-content\/uploads\/2014\/06\/MG_8065-blog-copia-201x300.jpg 201w\" sizes=\"(max-width: 584px) 100vw, 584px\" \/><\/p>\n<p style=\"text-align: justify;\">Otra opci\u00f3n unos <a href=\"http:\/\/sweetandsour.es\/bagel-para-bake-the-world\/\" target=\"_blank\">Bagels de salm\u00f3n ahumado, queso crema y encurtidos<\/a>\u00a0y\u00a0si os apetece algo dulce, por supuesto no puede faltar un <a href=\"http:\/\/sweetandsour.es\/coulant-de-chocolate-con-parfait-de-naranja-sanguina-para-san-valentin\/\" target=\"_blank\">coulant de chocolate<\/a>\u00a0para darle un final especial. \u00a1No es light pero est\u00e1 de miedo! Los dos platos se pueden preparar en un pis pas, ya que la mezcla del S\u00e1ndwich de Coronaci\u00f3n se puede preparar con antelaci\u00f3n y <strong>los coulant yo los suelo preparar y congelar, con lo que solo tienes que hornearlos<\/strong>\u2026. Ahh y todo es caserito.<\/p>\n<p style=\"text-align: justify;\"><img decoding=\"async\" loading=\"lazy\" class=\"aligncenter wp-image-3410\" src=\"https:\/\/www.delsofa.es\/informacion\/wp-content\/uploads\/2014\/06\/MG_2531-blog-TEXTURA.jpg\" alt=\"_MG_2531 blog TEXTURA\" width=\"584\" height=\"858\" srcset=\"https:\/\/www.delsofa.es\/informacion\/wp-content\/uploads\/2014\/06\/MG_2531-blog-TEXTURA.jpg 600w, https:\/\/www.delsofa.es\/informacion\/wp-content\/uploads\/2014\/06\/MG_2531-blog-TEXTURA-204x300.jpg 204w\" sizes=\"(max-width: 584px) 100vw, 584px\" \/><\/p>\n<p style=\"text-align: justify;\">Peli\u2026d\u00e9jame pensar. Un <em>thriller<\/em> son nuestras pel\u00edculas favoritas, y <strong>si quieres algo rom\u00e1ntico me quedo con Memorias de \u00c1frica<\/strong>, un cl\u00e1sico con un trasfondo hist\u00f3rico y con una m\u00fasica y una fotograf\u00eda espectaculares.<\/p>\n<p style=\"text-align: justify;\"><span style=\"font-size: 120%; color: #993366;\">Una cena en el sof\u00e1: Todos juntos en familia, con los ni\u00f1os<\/span><\/p>\n<p style=\"text-align: justify;\">Aqu\u00ed ganan los peques\u2026 <a href=\"http:\/\/sweetandsour.es\/pan-de-hamburguesa-y-hamburguesa-casera-para-triunfar\/\" target=\"_blank\">Hamburguesa casera<\/a> no falla o <a href=\"http:\/\/sweetandsour.es\/pizza-de-higos-frescos-lascas-de-jamon-iberico-y-rucula\/\" target=\"_blank\">Pizza tambi\u00e9n casera<\/a> y de postre vamos a <strong>darles un capricho pero sin perder de vista que debe ser algo saludable<\/strong>, \u00bfQu\u00e9 te parecen unos <a href=\"http:\/\/sweetandsour.es\/polos-de-platano-helado-y-chocolate\/\" target=\"_blank\">Polos de Pl\u00e1tano Helado y Chocolate<\/a>?<\/p>\n<p style=\"text-align: justify;\"><img decoding=\"async\" loading=\"lazy\" class=\"aligncenter wp-image-3411\" src=\"https:\/\/www.delsofa.es\/informacion\/wp-content\/uploads\/2014\/06\/IMG_2530.jpg\" alt=\"IMG_2530\" width=\"584\" height=\"876\" srcset=\"https:\/\/www.delsofa.es\/informacion\/wp-content\/uploads\/2014\/06\/IMG_2530.jpg 640w, https:\/\/www.delsofa.es\/informacion\/wp-content\/uploads\/2014\/06\/IMG_2530-200x300.jpg 200w\" sizes=\"(max-width: 584px) 100vw, 584px\" \/><\/p>\n<p style=\"text-align: justify;\"><span style=\"font-size: 120%; color: #993366;\">Una cena en el sof\u00e1: Con los suegros<\/span><\/p>\n<p style=\"text-align: justify;\"><strong>\u00a1\u00a1\u00a1Aqu\u00ed debemos lucirnos!!!<\/strong> Algo especial y que debemos tener preparado con antelaci\u00f3n\u2026. Un <a href=\"http:\/\/sweetandsour.es\/salmon-en-croute-con-hierbas-aromaticas-y-mostaza\/\" target=\"_blank\">Salm\u00f3n en Crout\u00e8 con hierbas arom\u00e1ticas<\/a> sorprender\u00e9is y les encantar\u00e1.<\/p>\n<p style=\"text-align: justify;\"><span style=\"font-size: 120%; color: #993366;\">Una cena en el sof\u00e1: En una noche calurosa de reuni\u00f3n con los amigos<\/span><\/p>\n<p style=\"text-align: justify;\">Aqu\u00ed tenemos un abanico amplio, <strong>yo propondr\u00eda picoteo<\/strong> con unos <a href=\"http:\/\/sweetandsour.es\/costrini-de-roquefort-nueces-y-pera\/\" target=\"_blank\">costrini de roquefort nueces y pera<\/a>,\u00a0<a href=\"http:\/\/sweetandsour.es\/focaccia-de-cebolla-y-tomates-secos-con-aceite-de-hierbas\/\" target=\"_blank\">focaccia de cebolla y tomates secos<\/a>,\u00a0<a href=\"http:\/\/sweetandsour.es\/biscotes-de-semillas-y-frutos-secos-tostas-de-queso-con-salsa-de-uvas-negras-y-salsa-de-albaricoques\/\" target=\"_blank\">tostas casera de frutos secos con queso<\/a>,\u00a0<a href=\"http:\/\/sweetandsour.es\/labneh-humus-y-pan-bash-mankoush-con-zataar-para-un-desayuno-libanes\/\" target=\"_blank\">unas crudites con dips de humus y labneh<\/a>.<\/p>\n<p style=\"text-align: justify;\"><a href=\"https:\/\/www.delsofa.es\/informacion\/wp-content\/uploads\/2014\/06\/MG_6966-BLOG.jpg\"><img decoding=\"async\" loading=\"lazy\" class=\"alignnone size-full wp-image-3412\" src=\"https:\/\/www.delsofa.es\/informacion\/wp-content\/uploads\/2014\/06\/MG_6966-BLOG.jpg\" alt=\"_MG_6966 BLOG\" width=\"600\" height=\"900\" srcset=\"https:\/\/www.delsofa.es\/informacion\/wp-content\/uploads\/2014\/06\/MG_6966-BLOG.jpg 600w, https:\/\/www.delsofa.es\/informacion\/wp-content\/uploads\/2014\/06\/MG_6966-BLOG-200x300.jpg 200w\" sizes=\"(max-width: 600px) 100vw, 600px\" \/><\/a><\/p>\n<p style=\"text-align: justify;\">Como bebida no debe faltar la <a href=\"http:\/\/sweetandsour.es\/limonada-surena-sin-azucar-con-aires-de-mojito\/\" target=\"_blank\">limonada sure\u00f1a<\/a>\u00a0para todos los p\u00fablicos, o\u00a0con alcohol la <a href=\"http:\/\/sweetandsour.es\/barracuda-de-champagne\/\" target=\"_blank\">Barracuda de Champagne<\/a>.<\/p>\n<p style=\"text-align: justify;\"><a href=\"https:\/\/www.delsofa.es\/informacion\/wp-content\/uploads\/2014\/06\/IMG_2002.jpg\"><img decoding=\"async\" loading=\"lazy\" class=\"alignnone size-full wp-image-3413\" src=\"https:\/\/www.delsofa.es\/informacion\/wp-content\/uploads\/2014\/06\/IMG_2002.jpg\" alt=\"IMG_2002\" width=\"640\" height=\"953\" srcset=\"https:\/\/www.delsofa.es\/informacion\/wp-content\/uploads\/2014\/06\/IMG_2002.jpg 640w, https:\/\/www.delsofa.es\/informacion\/wp-content\/uploads\/2014\/06\/IMG_2002-201x300.jpg 201w\" sizes=\"(max-width: 640px) 100vw, 640px\" \/><\/a><\/p>\n<p style=\"text-align: justify;\"><span style=\"font-size: 120%; color: #993366;\">\u00bfPara ti qu\u00e9 alimentos no pueden faltar en la cena ideal?<\/span><\/p>\n<p style=\"text-align: justify;\">Soy muy ensaladera\u2026 <strong>Una buena ensalada, siempre variada, fresca y r\u00e1pida<\/strong>\u2026. Las ensaladas dan mucho juego, y no me refiero solo a la simple ensalada de lechuga y tomate. En una ensalada cabe de todo, frutas, frutos secos, prote\u00edna en forma de at\u00fan, pollo, huevo\u2026 . Y bueno los aderezos y vinagretas son punto y aparte. <strong>La ensalada no me aburre nunca<\/strong>. Creo que si nos ponemos no hay un plato m\u00e1s completo y ligero. No debemos olvidar que es la comida previa a irnos a descansar y aqu\u00ed al menos, tenemos la costumbre de hacerla tarde.<\/p>\n<p style=\"text-align: justify;\"><img decoding=\"async\" loading=\"lazy\" class=\"aligncenter wp-image-3414\" title=\"Ensalada de burrata, tomate y pollo marinado al lim\u00f3n. Receta Sweet &amp; Sour \" src=\"https:\/\/www.delsofa.es\/informacion\/wp-content\/uploads\/2014\/06\/IMG_0643.jpg\" alt=\"IMG_0643\" width=\"584\" height=\"876\" srcset=\"https:\/\/www.delsofa.es\/informacion\/wp-content\/uploads\/2014\/06\/IMG_0643.jpg 640w, https:\/\/www.delsofa.es\/informacion\/wp-content\/uploads\/2014\/06\/IMG_0643-200x300.jpg 200w\" sizes=\"(max-width: 584px) 100vw, 584px\" \/><\/p>\n<p style=\"text-align: justify;\">Como veis Virginia nos ha dado <strong>un mont\u00f3n de ideas para cenar en el sof\u00e1<\/strong>. Nos encantar\u00eda saber si os anim\u00e1is a cocinar alguna. Si lo hac\u00e9is esperamos vuestros comentarios. Esperamos que hay\u00e1is disfrutado del men\u00fa. Por nuestra parte, ha sido todo un placer compartir, sof\u00e1 y mantel contigo Virginia. <strong>Gracias por tu colaboraci\u00f3n y por las ideas, recetas y fotograf\u00edas.<\/strong><\/p>\n<p style=\"text-align: justify;\">Adem\u00e1s de en su blog Sweet &amp; Sour, <strong>Virginia comparte sus recetas y fotograf\u00edas en<\/strong> su p\u00e1gina de <a href=\"https:\/\/www.facebook.com\/pages\/Sweet-Sour\/324570570906069?ref=hl\" target=\"_blank\">Facebook<\/a>, en su <a href=\"https:\/\/twitter.com\/VirSweetandSour\" target=\"_blank\">Twitter<\/a>, en su perfil de <a href=\"https:\/\/plus.google.com\/116004629254245246363\/about\" target=\"_blank\">Google+<\/a>, y en sus perfiles de<br \/>\n<a href=\"http:\/\/www.pinterest.com\/sweetandsourvir\/\" target=\"_blank\">Pinterest<\/a>,\u00a0<a href=\"https:\/\/www.flickr.com\/photos\/sweetandsour-vir\/\" target=\"_blank\">Flickr<\/a>\u00a0e\u00a0<a href=\"http:\/\/instagram.com\/virginiasweetandsour#\" target=\"_blank\">Instagram<\/a>.<\/p>\n","protected":false},"excerpt":{"rendered":"<p>Hoy nuestro sof\u00e1 lo ocupa la letrada bilba\u00edna Virginia Mart\u00edn Orive, pero lejos de lo que pueda parecer, nuestra charla no va a versar sobre leyes ni Derecho, temas a los que dedica su d\u00eda a d\u00eda, con\u00a0toga incluida. Y &hellip; <a href=\"https:\/\/www.delsofa.es\/informacion\/cenando-en-el-sofa-con-virginia-martin-del-gastroblog-sweet-sour\/\">Sigue leyendo <span class=\"meta-nav\">&rarr;<\/span><\/a><\/p>\n","protected":false},"author":3,"featured_media":0,"comment_status":"open","ping_status":"open","sticky":false,"template":"","format":"standard","meta":[],"categories":[61,967],"tags":[1128,1129,1121,1123,1137,1126,1125,1122,1124,1127,1130],"yoast_head":"<!-- This site is optimized with the Yoast SEO plugin v18.6 - https:\/\/yoast.com\/wordpress\/plugins\/seo\/ -->\n<title>Cenando en el sof\u00e1 con Virginia del gastroblog Sweet &amp; Sour<\/title>\n<meta name=\"description\" content=\"Virginia Mart\u00edn en su gastroblog Sweet &amp; Sour comparte recetas incre\u00edbles y sabrosas. Le hemos pedido que nos sugiera cenas ideales para comer en el sof\u00e1.\" \/>\n<meta name=\"robots\" content=\"index, follow, max-snippet:-1, max-image-preview:large, max-video-preview:-1\" \/>\n<link rel=\"canonical\" href=\"https:\/\/www.delsofa.es\/informacion\/cenando-en-el-sofa-con-virginia-martin-del-gastroblog-sweet-sour\/\" \/>\n<meta name=\"twitter:card\" content=\"summary_large_image\" \/>\n<meta name=\"twitter:title\" content=\"Cenando en el sof\u00e1 con Virginia del gastroblog Sweet &amp; Sour\" \/>\n<meta name=\"twitter:description\" content=\"Virginia Mart\u00edn en su gastroblog Sweet &amp; Sour comparte recetas incre\u00edbles y sabrosas. Le hemos pedido que nos sugiera cenas ideales para comer en el sof\u00e1.\" \/>\n<meta name=\"twitter:image\" content=\"https:\/\/www.delsofa.es\/informacion\/wp-content\/uploads\/2014\/06\/IMG_2665-RECORTADA.jpg\" \/>\n<meta name=\"twitter:creator\" content=\"@http:\/\/www.twitter.com\/inmolber\" \/>\n<meta name=\"twitter:site\" content=\"@delsofaES\" \/>\n<meta name=\"twitter:label1\" content=\"Escrito por\" \/>\n\t<meta name=\"twitter:data1\" content=\"Inma Molt\u00f3\" \/>\n\t<meta name=\"twitter:label2\" content=\"Tiempo de lectura\" \/>\n\t<meta name=\"twitter:data2\" content=\"9 minutos\" \/>\n<script type=\"application\/ld+json\" class=\"yoast-schema-graph\">{\"@context\":\"https:\/\/schema.org\",\"@graph\":[{\"@type\":\"WebSite\",\"@id\":\"https:\/\/www.delsofa.es\/informacion\/#website\",\"url\":\"https:\/\/www.delsofa.es\/informacion\/\",\"name\":\"\",\"description\":\"\",\"potentialAction\":[{\"@type\":\"SearchAction\",\"target\":{\"@type\":\"EntryPoint\",\"urlTemplate\":\"https:\/\/www.delsofa.es\/informacion\/?s={search_term_string}\"},\"query-input\":\"required name=search_term_string\"}],\"inLanguage\":\"es\"},{\"@type\":\"ImageObject\",\"@id\":\"https:\/\/www.delsofa.es\/informacion\/cenando-en-el-sofa-con-virginia-martin-del-gastroblog-sweet-sour\/#primaryimage\",\"inLanguage\":\"es\",\"url\":\"https:\/\/www.delsofa.es\/informacion\/wp-content\/uploads\/2014\/06\/IMG_2665-RECORTADA.jpg\",\"contentUrl\":\"https:\/\/www.delsofa.es\/informacion\/wp-content\/uploads\/2014\/06\/IMG_2665-RECORTADA.jpg\",\"width\":3540,\"height\":3326},{\"@type\":\"WebPage\",\"@id\":\"https:\/\/www.delsofa.es\/informacion\/cenando-en-el-sofa-con-virginia-martin-del-gastroblog-sweet-sour\/#webpage\",\"url\":\"https:\/\/www.delsofa.es\/informacion\/cenando-en-el-sofa-con-virginia-martin-del-gastroblog-sweet-sour\/\",\"name\":\"Cenando en el sof\u00e1 con Virginia del gastroblog Sweet & Sour\",\"isPartOf\":{\"@id\":\"https:\/\/www.delsofa.es\/informacion\/#website\"},\"primaryImageOfPage\":{\"@id\":\"https:\/\/www.delsofa.es\/informacion\/cenando-en-el-sofa-con-virginia-martin-del-gastroblog-sweet-sour\/#primaryimage\"},\"datePublished\":\"2014-07-02T08:24:39+00:00\",\"dateModified\":\"2015-05-12T07:55:03+00:00\",\"author\":{\"@id\":\"https:\/\/www.delsofa.es\/informacion\/#\/schema\/person\/904d00808e282031a3b11f51524d259c\"},\"description\":\"Virginia Mart\u00edn en su gastroblog Sweet & Sour comparte recetas incre\u00edbles y sabrosas. Le hemos pedido que nos sugiera cenas ideales para comer en el sof\u00e1.\",\"breadcrumb\":{\"@id\":\"https:\/\/www.delsofa.es\/informacion\/cenando-en-el-sofa-con-virginia-martin-del-gastroblog-sweet-sour\/#breadcrumb\"},\"inLanguage\":\"es\",\"potentialAction\":[{\"@type\":\"ReadAction\",\"target\":[\"https:\/\/www.delsofa.es\/informacion\/cenando-en-el-sofa-con-virginia-martin-del-gastroblog-sweet-sour\/\"]}]},{\"@type\":\"BreadcrumbList\",\"@id\":\"https:\/\/www.delsofa.es\/informacion\/cenando-en-el-sofa-con-virginia-martin-del-gastroblog-sweet-sour\/#breadcrumb\",\"itemListElement\":[{\"@type\":\"ListItem\",\"position\":1,\"name\":\"Portada\",\"item\":\"https:\/\/www.delsofa.es\/informacion\/\"},{\"@type\":\"ListItem\",\"position\":2,\"name\":\"Cenando en el sof\u00e1 con Virginia Mart\u00edn del gastroblog Sweet &#038; Sour\"}]},{\"@type\":\"Person\",\"@id\":\"https:\/\/www.delsofa.es\/informacion\/#\/schema\/person\/904d00808e282031a3b11f51524d259c\",\"name\":\"Inma Molt\u00f3\",\"image\":{\"@type\":\"ImageObject\",\"@id\":\"https:\/\/www.delsofa.es\/informacion\/#personlogo\",\"inLanguage\":\"es\",\"url\":\"https:\/\/secure.gravatar.com\/avatar\/6411caf208a31a6dd0c4c353341facb7?s=96&d=mm&r=g\",\"contentUrl\":\"https:\/\/secure.gravatar.com\/avatar\/6411caf208a31a6dd0c4c353341facb7?s=96&d=mm&r=g\",\"caption\":\"Inma Molt\u00f3\"},\"description\":\"Soy periodista, community manager y formadora en redes sociales. Desde enero de 2013 escribo en el Blog Delsofa y actualmente tambi\u00e9n me encargo de su supervisi\u00f3n. Me encanta todo lo relacionado con la decoraci\u00f3n y el dise\u00f1o. Si quer\u00e9is saber m\u00e1s os dejo mi web: www.periodistasocialmedia.com\",\"sameAs\":[\"http:\/\/www.periodistasocialmedia.com\",\"https:\/\/twitter.com\/http:\/\/www.twitter.com\/inmolber\"],\"url\":\"https:\/\/www.delsofa.es\/informacion\/author\/inma\/\"}]}<\/script>\n<!-- \/ Yoast SEO plugin. -->","yoast_head_json":{"title":"Cenando en el sof\u00e1 con Virginia del gastroblog Sweet & Sour","description":"Virginia Mart\u00edn en su gastroblog Sweet & Sour comparte recetas incre\u00edbles y sabrosas. Le hemos pedido que nos sugiera cenas ideales para comer en el sof\u00e1.","robots":{"index":"index","follow":"follow","max-snippet":"max-snippet:-1","max-image-preview":"max-image-preview:large","max-video-preview":"max-video-preview:-1"},"canonical":"https:\/\/www.delsofa.es\/informacion\/cenando-en-el-sofa-con-virginia-martin-del-gastroblog-sweet-sour\/","twitter_card":"summary_large_image","twitter_title":"Cenando en el sof\u00e1 con Virginia del gastroblog Sweet & Sour","twitter_description":"Virginia Mart\u00edn en su gastroblog Sweet & Sour comparte recetas incre\u00edbles y sabrosas. Le hemos pedido que nos sugiera cenas ideales para comer en el sof\u00e1.","twitter_image":"https:\/\/www.delsofa.es\/informacion\/wp-content\/uploads\/2014\/06\/IMG_2665-RECORTADA.jpg","twitter_creator":"@http:\/\/www.twitter.com\/inmolber","twitter_site":"@delsofaES","twitter_misc":{"Escrito por":"Inma Molt\u00f3","Tiempo de lectura":"9 minutos"},"schema":{"@context":"https:\/\/schema.org","@graph":[{"@type":"WebSite","@id":"https:\/\/www.delsofa.es\/informacion\/#website","url":"https:\/\/www.delsofa.es\/informacion\/","name":"","description":"","potentialAction":[{"@type":"SearchAction","target":{"@type":"EntryPoint","urlTemplate":"https:\/\/www.delsofa.es\/informacion\/?s={search_term_string}"},"query-input":"required name=search_term_string"}],"inLanguage":"es"},{"@type":"ImageObject","@id":"https:\/\/www.delsofa.es\/informacion\/cenando-en-el-sofa-con-virginia-martin-del-gastroblog-sweet-sour\/#primaryimage","inLanguage":"es","url":"https:\/\/www.delsofa.es\/informacion\/wp-content\/uploads\/2014\/06\/IMG_2665-RECORTADA.jpg","contentUrl":"https:\/\/www.delsofa.es\/informacion\/wp-content\/uploads\/2014\/06\/IMG_2665-RECORTADA.jpg","width":3540,"height":3326},{"@type":"WebPage","@id":"https:\/\/www.delsofa.es\/informacion\/cenando-en-el-sofa-con-virginia-martin-del-gastroblog-sweet-sour\/#webpage","url":"https:\/\/www.delsofa.es\/informacion\/cenando-en-el-sofa-con-virginia-martin-del-gastroblog-sweet-sour\/","name":"Cenando en el sof\u00e1 con Virginia del gastroblog Sweet & Sour","isPartOf":{"@id":"https:\/\/www.delsofa.es\/informacion\/#website"},"primaryImageOfPage":{"@id":"https:\/\/www.delsofa.es\/informacion\/cenando-en-el-sofa-con-virginia-martin-del-gastroblog-sweet-sour\/#primaryimage"},"datePublished":"2014-07-02T08:24:39+00:00","dateModified":"2015-05-12T07:55:03+00:00","author":{"@id":"https:\/\/www.delsofa.es\/informacion\/#\/schema\/person\/904d00808e282031a3b11f51524d259c"},"description":"Virginia Mart\u00edn en su gastroblog Sweet & Sour comparte recetas incre\u00edbles y sabrosas. Le hemos pedido que nos sugiera cenas ideales para comer en el sof\u00e1.","breadcrumb":{"@id":"https:\/\/www.delsofa.es\/informacion\/cenando-en-el-sofa-con-virginia-martin-del-gastroblog-sweet-sour\/#breadcrumb"},"inLanguage":"es","potentialAction":[{"@type":"ReadAction","target":["https:\/\/www.delsofa.es\/informacion\/cenando-en-el-sofa-con-virginia-martin-del-gastroblog-sweet-sour\/"]}]},{"@type":"BreadcrumbList","@id":"https:\/\/www.delsofa.es\/informacion\/cenando-en-el-sofa-con-virginia-martin-del-gastroblog-sweet-sour\/#breadcrumb","itemListElement":[{"@type":"ListItem","position":1,"name":"Portada","item":"https:\/\/www.delsofa.es\/informacion\/"},{"@type":"ListItem","position":2,"name":"Cenando en el sof\u00e1 con Virginia Mart\u00edn del gastroblog Sweet &#038; Sour"}]},{"@type":"Person","@id":"https:\/\/www.delsofa.es\/informacion\/#\/schema\/person\/904d00808e282031a3b11f51524d259c","name":"Inma Molt\u00f3","image":{"@type":"ImageObject","@id":"https:\/\/www.delsofa.es\/informacion\/#personlogo","inLanguage":"es","url":"https:\/\/secure.gravatar.com\/avatar\/6411caf208a31a6dd0c4c353341facb7?s=96&d=mm&r=g","contentUrl":"https:\/\/secure.gravatar.com\/avatar\/6411caf208a31a6dd0c4c353341facb7?s=96&d=mm&r=g","caption":"Inma Molt\u00f3"},"description":"Soy periodista, community manager y formadora en redes sociales. Desde enero de 2013 escribo en el Blog Delsofa y actualmente tambi\u00e9n me encargo de su supervisi\u00f3n. Me encanta todo lo relacionado con la decoraci\u00f3n y el dise\u00f1o. Si quer\u00e9is saber m\u00e1s os dejo mi web: www.periodistasocialmedia.com","sameAs":["http:\/\/www.periodistasocialmedia.com","https:\/\/twitter.com\/http:\/\/www.twitter.com\/inmolber"],"url":"https:\/\/www.delsofa.es\/informacion\/author\/inma\/"}]}},"amp_enabled":true,"_links":{"self":[{"href":"https:\/\/www.delsofa.es\/informacion\/wp-json\/wp\/v2\/posts\/3404"}],"collection":[{"href":"https:\/\/www.delsofa.es\/informacion\/wp-json\/wp\/v2\/posts"}],"about":[{"href":"https:\/\/www.delsofa.es\/informacion\/wp-json\/wp\/v2\/types\/post"}],"author":[{"embeddable":true,"href":"https:\/\/www.delsofa.es\/informacion\/wp-json\/wp\/v2\/users\/3"}],"replies":[{"embeddable":true,"href":"https:\/\/www.delsofa.es\/informacion\/wp-json\/wp\/v2\/comments?post=3404"}],"version-history":[{"count":11,"href":"https:\/\/www.delsofa.es\/informacion\/wp-json\/wp\/v2\/posts\/3404\/revisions"}],"predecessor-version":[{"id":4157,"href":"https:\/\/www.delsofa.es\/informacion\/wp-json\/wp\/v2\/posts\/3404\/revisions\/4157"}],"wp:attachment":[{"href":"https:\/\/www.delsofa.es\/informacion\/wp-json\/wp\/v2\/media?parent=3404"}],"wp:term":[{"taxonomy":"category","embeddable":true,"href":"https:\/\/www.delsofa.es\/informacion\/wp-json\/wp\/v2\/categories?post=3404"},{"taxonomy":"post_tag","embeddable":true,"href":"https:\/\/www.delsofa.es\/informacion\/wp-json\/wp\/v2\/tags?post=3404"}],"curies":[{"name":"wp","href":"https:\/\/api.w.org\/{rel}","templated":true}]}}