{"id":4219,"date":"2015-03-13T10:05:19","date_gmt":"2015-03-13T10:05:19","guid":{"rendered":"https:\/\/www.delsofa.es\/informacion\/?p=4219"},"modified":"2015-05-12T07:44:07","modified_gmt":"2015-05-12T07:44:07","slug":"en-el-sofa-con-manoli-de-alimenta-tu-bienestar-consejos-para-sentirnos-bien","status":"publish","type":"post","link":"https:\/\/www.delsofa.es\/informacion\/en-el-sofa-con-manoli-de-alimenta-tu-bienestar-consejos-para-sentirnos-bien\/","title":{"rendered":"En el sof\u00e1 con Manoli de Alimenta Tu Bienestar. Consejos para sentirnos bien"},"content":{"rendered":"<p style=\"text-align: justify;\">Este mes nuestro sof\u00e1 lo ocupa Manoli Mart\u00edn Azkue responsable de <a href=\"http:\/\/www.alimentatubienestar.es\/\" target=\"_blank\">Alimenta tu Bienestar<\/a>, un blog en el que podemos encontrar mucha informaci\u00f3n y consejos sobre <strong>c\u00f3mo cuidarnos, alimentarnos, para sentirnos bien por dentro y por fuera<\/strong>. Con ella hablamos de su blog y le hemos pedido que nos traslade algunos consejos para poder realizar c\u00f3modamente desde casa.<\/p>\n<p style=\"text-align: justify;\">Manoli se define como una persona abierta, organizada, trabajadora, lo malo prefiere guardarselo para ella, nos dice entre risas, con ganas de hacer y vivir muchas experiencias, aunque en este momento a su d\u00eda le faltan horas para llegar a todo, porque <strong>ser madre es \u201cla actividad\u201d que m\u00e1s tiempo le ocupa<\/strong> y, al menos en su caso, ahora hay menos espacio para sus necesidades o intereses de lo que ha habido en el pasado y de lo que espera que haya en el futuro.<\/p>\n<p style=\"text-align: justify;\">Guauuu&#8230; \u00bfmuy prometedora esta entrevista verdad? Te invitamos a seguir leyendo.<\/p>\n<p style=\"text-align: justify;\"><!--more--><\/p>\n<p><a href=\"https:\/\/www.delsofa.es\/informacion\/wp-content\/uploads\/2015\/03\/manoli-alimenta.jpg\"><img decoding=\"async\" loading=\"lazy\" class=\" size-full wp-image-4217 aligncenter\" src=\"https:\/\/www.delsofa.es\/informacion\/wp-content\/uploads\/2015\/03\/manoli-alimenta.jpg\" alt=\"manoli-alimenta\" width=\"569\" height=\"569\" srcset=\"https:\/\/www.delsofa.es\/informacion\/wp-content\/uploads\/2015\/03\/manoli-alimenta.jpg 569w, https:\/\/www.delsofa.es\/informacion\/wp-content\/uploads\/2015\/03\/manoli-alimenta-150x150.jpg 150w, https:\/\/www.delsofa.es\/informacion\/wp-content\/uploads\/2015\/03\/manoli-alimenta-300x300.jpg 300w\" sizes=\"(max-width: 569px) 100vw, 569px\" \/><\/a><\/p>\n<p style=\"text-align: justify;\">En su af\u00e1n de vivir nuevas experiencias, hace ahora dos a\u00f1os decidi\u00f3 <strong>formarse como Community Manager<\/strong>, fue entonces cuando le pareci\u00f3 conveniente crear un blog en el que llevar a la pr\u00e1ctica los conocimientos que estaba adquiriendo en materia de marketing en medios sociales. \u201cUno de los primeros ejercicios que tuve que realizar durante el primer curso que hice, era el de creaci\u00f3n de una marca -nos dice-, en ese momento empez\u00f3 a gestarse Alimenta tu bienestar\u201d.<\/p>\n<p style=\"text-align: justify;\">De su blog, de consejos para sentirnos bien, un poco de decoraci\u00f3n y como no, de sof\u00e1s, ha versado nuestra charla. Os invitamos a <strong>acompa\u00f1arnos en nuestra conversaci\u00f3n.<\/strong><\/p>\n<p style=\"text-align: justify;\"><span style=\"font-size: 120%; color: #993366;\">\u00bfPor qu\u00e9 un blog sobre nutrici\u00f3n?<\/span><\/p>\n<p style=\"text-align: justify;\">A la hora de decidir el tema de mi blog, no hubo dudas, <strong>la nutrici\u00f3n siempre me hab\u00eda interesado<\/strong>. As\u00ed que me lanc\u00e9 a la aventura de publicar un blog y empec\u00e9 a escribir art\u00edculos sobre aquello que hab\u00eda aprendido leyendo libros de nutrici\u00f3n y sobre lo que ten\u00eda la impresi\u00f3n de que muchas personas de mi entorno desconoc\u00edan, pese a ser algunas de ellas -a mi parecer- bastante obvias.<\/p>\n<p style=\"text-align: justify;\"><img decoding=\"async\" loading=\"lazy\" class=\" wp-image-4221 size-full aligncenter\" title=\"Logo Alimenta tu Bienestar\" src=\"https:\/\/www.delsofa.es\/informacion\/wp-content\/uploads\/2015\/03\/logo-alimenta-verde.jpg\" alt=\"logo-alimenta-verde\" width=\"499\" height=\"505\" srcset=\"https:\/\/www.delsofa.es\/informacion\/wp-content\/uploads\/2015\/03\/logo-alimenta-verde.jpg 499w, https:\/\/www.delsofa.es\/informacion\/wp-content\/uploads\/2015\/03\/logo-alimenta-verde-296x300.jpg 296w\" sizes=\"(max-width: 499px) 100vw, 499px\" \/><\/p>\n<p style=\"text-align: justify;\"><span style=\"font-size: 120%; color: #993366;\">\u00bfQu\u00e9 podemos encontrar en el blog?<\/span><\/p>\n<p style=\"text-align: justify;\">En el blog tenemos <strong>art\u00edculos sobre alimentos, sus propiedades, nutrientes, dietas<\/strong> pero no s\u00f3lo para perder peso, tambi\u00e9n compartimos dietas o planes alimenticios para distintos males frecuentes hoy en d\u00eda (enfermedades de la piel, cardiovasculares, tensi\u00f3n arterial, diabetes, anemias, colesterol&#8230;); recetas saludables, h\u00e1bitos saludables, ejercicio f\u00edsico, bienestar emocional\u2026 En definitiva, art\u00edculos para que <strong>nuestro cuerpo, mente y emociones se hallen en armon\u00eda<\/strong>, o al menos, para que cada lector -en funci\u00f3n de sus necesidades- tenga una orientaci\u00f3n sobre qu\u00e9 hacer o hacia d\u00f3nde tirar en algunas situaciones.<\/p>\n<p style=\"text-align: justify;\">No obstante, me parece necesario aclarar que <strong>la informaci\u00f3n publicada en la p\u00e1gina tiene car\u00e1cter informativo<\/strong> y debe ser utilizada \u00fanica y estrictamente bajo la responsabilidad de cada uno; el contenido que publicamos no sustituye a los consejos del m\u00e9dico o de otros profesionales de la salud.<\/p>\n<p><img decoding=\"async\" loading=\"lazy\" class=\"aligncenter wp-image-4212 size-full\" title=\"Temas de Alimenta tu bienestar\" src=\"https:\/\/www.delsofa.es\/informacion\/wp-content\/uploads\/2015\/03\/alimenta-portada.jpg\" alt=\"alimenta-portada\" width=\"584\" height=\"217\" srcset=\"https:\/\/www.delsofa.es\/informacion\/wp-content\/uploads\/2015\/03\/alimenta-portada.jpg 584w, https:\/\/www.delsofa.es\/informacion\/wp-content\/uploads\/2015\/03\/alimenta-portada-300x111.jpg 300w, https:\/\/www.delsofa.es\/informacion\/wp-content\/uploads\/2015\/03\/alimenta-portada-500x186.jpg 500w\" sizes=\"(max-width: 584px) 100vw, 584px\" \/><\/p>\n<p style=\"text-align: justify;\"><span style=\"font-size: 120%; color: #993366;\">\u00bfCu\u00e1l es tu labor en Alimenta tu bienestar?<\/span><\/p>\n<p style=\"text-align: justify;\">En este momento y dado el crecimiento que ha tenido el blog en n\u00famero de colaboradores expertos en la materia, mi labor se centra fundamentalmente en la administraci\u00f3n de la p\u00e1gina, <strong>coordinaci\u00f3n de publicaciones<\/strong>, SEO de art\u00edculos, marketing en redes sociales, dise\u00f1o de im\u00e1genes e <strong>infograf\u00edas<\/strong>&#8230; y, de vez en cuando, publico alg\u00fan art\u00edculo escrito por m\u00ed, aunque admito que cada vez me queda menos tiempo para ello.<\/p>\n<p style=\"text-align: justify;\"><span style=\"font-size: 120%; color: #993366;\">\u00bfC\u00f3mo se consigue \u201calimentar\u201d un blog de \u00e9xito?<\/span><\/p>\n<p style=\"text-align: justify;\">El blog se alimenta publicando art\u00edculos con frecuencia, en este caso, tres d\u00edas a la semana es lo usual. Adem\u00e1s, cada semana publico una frase destacada (la frase de la semana) con el fin de <strong>incitar a la reflexi\u00f3n sobre nuestros comportamientos<\/strong> o bien con el fin de encontrar motivaci\u00f3n para seguir adelante, porque en Alimenta tu bienestar entendemos que el bienestar no se limita al cuidado del cuerpo y a la alimentaci\u00f3n.<\/p>\n<p style=\"text-align: justify;\"><span style=\"font-size: 120%; color: #993366;\">\u00bfNos puedes hablar de algunos de los premios que ha recibido? \u00bfCu\u00e1l\/es te han hecho m\u00e1s ilusi\u00f3n?<\/span><\/p>\n<p style=\"text-align: justify;\">Alimenta tu bienestar <strong>ha recibido varios premios blogueros<\/strong>: el Liebster Award, el One Lovely Blog Award, Premios Con\u00f3ceme y el Premio al Blog Amigo, en este orden. El primero de los cuatro fue el que m\u00e1s impacto me caus\u00f3, ya que el blog apenas ten\u00eda unos meses de vida cuando fue nominado y no era consciente de la existencia de este tipo de premios. Adem\u00e1s, hemos participado en los <strong>Premios Bit\u00e1coras<\/strong> tanto en el a\u00f1o 2013 como en el 2014, compitiendo con blogs de mucha calidad y manteni\u00e9ndonos siempre en los 10 primeros puestos, lo cual me hace mucha ilusi\u00f3n. Este a\u00f1o tambi\u00e9n hemos participado en la primera edici\u00f3n de los <strong>Premios Educa<\/strong> y hemos quedado en 2\u00ba lugar. \u00bfNo est\u00e1 mal, verdad?<\/p>\n<p style=\"text-align: justify;\"><span style=\"font-size: 120%; color: #993366;\">Aprovechando tus conocimientos, nos gustar\u00eda que nos dieras consejos para:<\/span><\/p>\n<p style=\"text-align: justify;\"><strong>-Sentirnos bien con nosotros mismos (cuerpo y mente)<\/strong><\/p>\n<p style=\"text-align: justify;\">Para sentirse bien con uno mismo es fundamental conocerse, aceptarse y ser honesto con uno mismo. Me parece que \u00e9se es el punto de partida para <strong>tener paz interior y poder afrontar la vida con una actitud positiva<\/strong>. \u00c9sta \u00faltima unida a una alimentaci\u00f3n saludable, ejercicio f\u00edsico, descanso y disfrutar de vida social son, a mi parecer, los pilares de un cuerpo, mente y emociones en armon\u00eda. Y como una imagen vale m\u00e1s que mil palabras, os env\u00edo\u00a0una imagen que dise\u00f1\u00e9 para ilustrar uno de los art\u00edculos de Paloma, la colaboradora m\u00e1s veterana del blog. En ella vemos representados diez h\u00e1bitos que nos ayudar\u00e1n a llevar un estilo de vida saludable.<\/p>\n<p><img decoding=\"async\" loading=\"lazy\" class=\"aligncenter wp-image-4215 size-full\" title=\"H\u00e1bitos para un estilo de vida saludable. Alimentatubienestar\" src=\"https:\/\/www.delsofa.es\/informacion\/wp-content\/uploads\/2015\/03\/Estilo-de-vida-saludable-.jpg\" alt=\"Estilo-de-vida-saludable---\" width=\"584\" height=\"584\" srcset=\"https:\/\/www.delsofa.es\/informacion\/wp-content\/uploads\/2015\/03\/Estilo-de-vida-saludable-.jpg 584w, https:\/\/www.delsofa.es\/informacion\/wp-content\/uploads\/2015\/03\/Estilo-de-vida-saludable--150x150.jpg 150w, https:\/\/www.delsofa.es\/informacion\/wp-content\/uploads\/2015\/03\/Estilo-de-vida-saludable--300x300.jpg 300w\" sizes=\"(max-width: 584px) 100vw, 584px\" \/><\/p>\n<p style=\"text-align: justify;\"><strong>-Tener una buena alimentaci\u00f3n<\/strong><\/p>\n<p style=\"text-align: justify;\">Hacer 5 comidas al d\u00eda (3 principales y 2 tentempi\u00e9s) aunque en funci\u00f3n de lo larga que sea la jornada pueden llegar a ser 6; <strong>empezar con un buen desayuno<\/strong>, es decir, considerarlo una de las comidas principales y m\u00e1s importantes; frutas y verduras a diario; legumbres y pescado varios d\u00edas a la semana y, fundamental, beber un par de litros de agua al d\u00eda repartidos a lo largo de toda la jornada.<\/p>\n<p style=\"text-align: justify;\">Para ayudarnos a llevar una buena alimentaci\u00f3n, Manoli nos ha enviado esta infograf\u00eda en la que se explica muy bien <strong>c\u00f3mo calcular las calor\u00edas que cada uno necesita<\/strong> en su d\u00eda a d\u00eda. Adem\u00e1s nos ayudar\u00e1 a saber qu\u00e9 cantidad consumir si queremos perder peso. La dieta debe ir acompa\u00f1ada de ejercicio f\u00edsico.<\/p>\n<p><img decoding=\"async\" loading=\"lazy\" class=\"aligncenter wp-image-4213 size-large\" title=\"Calcula las calor\u00edas que necesitas en tu d\u00eda a d\u00eda. Alimentatubienestar\" src=\"https:\/\/www.delsofa.es\/informacion\/wp-content\/uploads\/2015\/03\/Calcular-calorias-para-adel-410x1024.jpg\" alt=\"Calcular-calorias-para-adel\" width=\"410\" height=\"1024\" srcset=\"https:\/\/www.delsofa.es\/informacion\/wp-content\/uploads\/2015\/03\/Calcular-calorias-para-adel-410x1024.jpg 410w, https:\/\/www.delsofa.es\/informacion\/wp-content\/uploads\/2015\/03\/Calcular-calorias-para-adel-120x300.jpg 120w, https:\/\/www.delsofa.es\/informacion\/wp-content\/uploads\/2015\/03\/Calcular-calorias-para-adel.jpg 584w\" sizes=\"(max-width: 410px) 100vw, 410px\" \/><\/p>\n<p style=\"text-align: justify;\"><strong>-Cenas saludables para poder tomar sentados en el sof\u00e1<\/strong><\/p>\n<p style=\"text-align: justify;\">Una opci\u00f3n es una ensalada \u201cpoderosa\u201d, como yo la llamo: fundamental que lleve vegetales (lechuga, tomate, cebolla, aguacate&#8230;) y a mi me gusta a\u00f1adirle nueces, caballa o pechuga de pavo y huevo cocido.<\/p>\n<p style=\"text-align: justify;\">Otra alternativa puede ser un <strong>sandwich vegetal<\/strong>, pero siempre con pan integral; cuanto menos productos refinados consumamos, mejor y un yogur.<\/p>\n<p style=\"text-align: justify;\">Y es importante <strong>no ingerir fritos<\/strong> en nuestra cena.<\/p>\n<p style=\"text-align: justify;\"><img decoding=\"async\" loading=\"lazy\" class=\"aligncenter wp-image-4216 size-large\" title=\"Evitar los fritos en la dieta. Alimenta tu bienestar\" src=\"https:\/\/www.delsofa.es\/informacion\/wp-content\/uploads\/2015\/03\/Las-frituras-Infografia-512x1024.jpg\" alt=\"Las-frituras-Infografia\" width=\"512\" height=\"1024\" srcset=\"https:\/\/www.delsofa.es\/informacion\/wp-content\/uploads\/2015\/03\/Las-frituras-Infografia-512x1024.jpg 512w, https:\/\/www.delsofa.es\/informacion\/wp-content\/uploads\/2015\/03\/Las-frituras-Infografia-150x300.jpg 150w, https:\/\/www.delsofa.es\/informacion\/wp-content\/uploads\/2015\/03\/Las-frituras-Infografia.jpg 584w\" sizes=\"(max-width: 512px) 100vw, 512px\" \/><\/p>\n<p><strong>-Ejercicios que podemos hacer en el sal\u00f3n de casa<\/strong><\/p>\n<p style=\"text-align: justify;\">Para responder a esta pregunta os voy a remitir a un art\u00edculo publicado en el blog dedicado precisamente a este tema: <a href=\"http:\/\/www.alimentatubienestar.es\/21-ejercicios-para-hacer-en-casa-y-mantenerte-en-buena-forma\/\" target=\"_blank\">21 ejercicios para hacer en casa y mantenerte en buena forma<\/a>.<\/p>\n<p style=\"text-align: justify;\"><strong>-H\u00e1bitos saludables a la hora de manipular los alimentos en nuestro hogar<\/strong><\/p>\n<p style=\"text-align: justify;\">En la imagen siguiente os cuento algunos trucos para una <strong>buena higiene alimentaria<\/strong>.<\/p>\n<p style=\"text-align: justify;\"><img decoding=\"async\" loading=\"lazy\" class=\"aligncenter wp-image-4218 size-full\" title=\"Una buena higiene alimentaria. Alimentatubienestar\" src=\"https:\/\/www.delsofa.es\/informacion\/wp-content\/uploads\/2015\/03\/Medidas-de-higiene-alimenta.jpg\" alt=\"Medidas-de-higiene-alimenta\" width=\"584\" height=\"570\" srcset=\"https:\/\/www.delsofa.es\/informacion\/wp-content\/uploads\/2015\/03\/Medidas-de-higiene-alimenta.jpg 584w, https:\/\/www.delsofa.es\/informacion\/wp-content\/uploads\/2015\/03\/Medidas-de-higiene-alimenta-300x293.jpg 300w, https:\/\/www.delsofa.es\/informacion\/wp-content\/uploads\/2015\/03\/Medidas-de-higiene-alimenta-307x300.jpg 307w\" sizes=\"(max-width: 584px) 100vw, 584px\" \/><\/p>\n<p style=\"text-align: justify;\">Nuestros compa\u00f1eros de <a href=\"http:\/\/www.colchones.es\" target=\"_blank\">Colchones.es<\/a> nos han pedido que te traslademos esta\u00a0pregunta:<\/p>\n<p style=\"text-align: justify;\"><strong>-Consejos para un buen descanso<\/strong><\/p>\n<p style=\"text-align: justify;\">Para esta respuesta os dejo una infograf\u00eda que he preparado con algunos consejos muy simples que nos ayudar\u00e1n a <strong>ir a la cama sin estr\u00e9s<\/strong> y dormir mejor.<\/p>\n<p><img decoding=\"async\" loading=\"lazy\" class=\"aligncenter wp-image-4214 size-full\" title=\"Consejos para dormir mejor. Alimenta tu bienestar\" src=\"https:\/\/www.delsofa.es\/informacion\/wp-content\/uploads\/2015\/03\/Descansar-para-combatir-el-.jpg\" alt=\"Descansar-para-combatir-el-\" width=\"584\" height=\"584\" srcset=\"https:\/\/www.delsofa.es\/informacion\/wp-content\/uploads\/2015\/03\/Descansar-para-combatir-el-.jpg 584w, https:\/\/www.delsofa.es\/informacion\/wp-content\/uploads\/2015\/03\/Descansar-para-combatir-el--150x150.jpg 150w, https:\/\/www.delsofa.es\/informacion\/wp-content\/uploads\/2015\/03\/Descansar-para-combatir-el--300x300.jpg 300w\" sizes=\"(max-width: 584px) 100vw, 584px\" \/><\/p>\n<p style=\"text-align: justify;\"><span style=\"font-size: 120%; color: #993366;\">Nos encanta la frase de que no encontraremos la soluci\u00f3n a nuestras preocupaciones estando cansados. Son todos magn\u00edficos consejos. No podemos terminar nuestra charla sin abusar un poco de tu confianza y pedirte que nos cuentes\u00a0c\u00f3mo es tu sal\u00f3n.<\/span><\/p>\n<p style=\"text-align: justify;\">La verdad es que mi sal\u00f3n <strong>es un espacio destinado a m\u00faltiples actividades<\/strong>: sal\u00f3n, comedor, tareas de los ni\u00f1os e incluso a ratos, oficina de Alimenta tu bienestar.<\/p>\n<p style=\"text-align: justify;\">Es un espacio grande pero no lo hemos amueblado a\u00fan, es decir, tiene muebles pero son los que vinieron de nuestra vivienda anterior; no se trata de muebles especialmente pensados para este sal\u00f3n. En su d\u00eda decidimos esperar a que los ni\u00f1os se hicieran un poco m\u00e1s mayores para amueblarlo y pese a que el peque\u00f1o tiene ya 8 a\u00f1os, no lo hemos hecho a\u00fan.<\/p>\n<p style=\"text-align: justify;\"><span style=\"font-size: 120%; color: #993366;\">\u00bfY tu sof\u00e1?<\/span><\/p>\n<p style=\"text-align: justify;\">El sof\u00e1 es el \u00fanico mueble que compramos para este sal\u00f3n; es <strong>un chaise longue marr\u00f3n oscuro de cuatro plazas<\/strong> al que le hemos dado much\u00edsimo uso, probablemente sea el mueble m\u00e1s usado del sal\u00f3n.<\/p>\n<p style=\"text-align: justify;\"><span style=\"font-size: 120%; color: #993366;\">Te pedimos un \u00faltimo favor. Si tuvieras que elegir alg\u00fan modelo de la web www.delsofa.es \u00bfCu\u00e1l ser\u00eda? \u00bfPor qu\u00e9 esta elecci\u00f3n?<\/span><\/p>\n<p style=\"text-align: justify;\">Me han gustado el <a href=\"#\" target=\"_blank\">sof\u00e1 Dante<\/a> o el <a href=\"#\" target=\"_blank\">sof\u00e1 Luisiana<\/a>. <strong>El reposapi\u00e9s es lo que tienen en com\u00fan<\/strong>, ideal para echarse un rato pero con la posibilidad de que quede recogido y ocupe menos espacio en el sal\u00f3n cuando no se est\u00e1 usando.<\/p>\n<p style=\"text-align: justify;\">Sin duda dos buenas elecciones. Agradecemos a Manoli su tiempo y dedicaci\u00f3n y os animamos a todos a <strong>situar a Alimenta tu bienestar en la lista de vuestros blogs favoritos<\/strong>. Os ayudar\u00e1 a sentiros bien por dentro y por fuera.<\/p>\n<p style=\"text-align: justify;\">Adem\u00e1s del blog, <strong>Manoli nos hace llegar sus consejos<\/strong> desde la p\u00e1gina de <a href=\"https:\/\/www.facebook.com\/AlimentaTuBienestar\" target=\"_blank\">Facebook de Alimenta tu bienestar<\/a>, desde su perfil de Twitter <a href=\"https:\/\/twitter.com\/AlimentaTuBiene\" target=\"_blank\">@AlimetaTuBiene<\/a> y podemos acceder a un gran n\u00famero de infograf\u00edas con consejos detallados en su perfil de <a href=\"https:\/\/es.pinterest.com\/alimenbienestar\/\" target=\"_blank\">Pinterest<\/a> como las que vemos a lo largo de este post.<\/p>\n<p style=\"text-align: justify;\"><strong>\u00a1Es hora de alimentar nuestro bienestar!<\/strong><\/p>\n","protected":false},"excerpt":{"rendered":"<p>Este mes nuestro sof\u00e1 lo ocupa Manoli Mart\u00edn Azkue responsable de Alimenta tu Bienestar, un blog en el que podemos encontrar mucha informaci\u00f3n y consejos sobre c\u00f3mo cuidarnos, alimentarnos, para sentirnos bien por dentro y por fuera. Con ella hablamos &hellip; <a href=\"https:\/\/www.delsofa.es\/informacion\/en-el-sofa-con-manoli-de-alimenta-tu-bienestar-consejos-para-sentirnos-bien\/\">Sigue leyendo <span class=\"meta-nav\">&rarr;<\/span><\/a><\/p>\n","protected":false},"author":3,"featured_media":0,"comment_status":"open","ping_status":"open","sticky":false,"template":"","format":"standard","meta":[],"categories":[61,967,10],"tags":[1355,1359,1358,1357,1356],"yoast_head":"<!-- This site is optimized with the Yoast SEO plugin v18.6 - https:\/\/yoast.com\/wordpress\/plugins\/seo\/ -->\n<title>Manoli de Alimenta tu Bienestar nos habla de nutrici\u00f3n<\/title>\n<meta name=\"description\" content=\"Os invitamos a acompa\u00f1arnos en el sof\u00e1 en nuestra charla sobre h\u00e1bitos saludables y nutrici\u00f3n con Manoli del Blog Alimenta tu bienestar.\" \/>\n<meta name=\"robots\" content=\"index, follow, max-snippet:-1, max-image-preview:large, max-video-preview:-1\" \/>\n<link rel=\"canonical\" href=\"https:\/\/www.delsofa.es\/informacion\/en-el-sofa-con-manoli-de-alimenta-tu-bienestar-consejos-para-sentirnos-bien\/\" \/>\n<meta name=\"twitter:card\" content=\"summary_large_image\" \/>\n<meta name=\"twitter:title\" content=\"Manoli de Alimenta tu Bienestar nos habla de nutrici\u00f3n\" \/>\n<meta name=\"twitter:description\" content=\"Os invitamos a acompa\u00f1arnos en el sof\u00e1 en nuestra charla sobre h\u00e1bitos saludables y nutrici\u00f3n con Manoli del Blog Alimenta tu bienestar.\" \/>\n<meta name=\"twitter:image\" content=\"https:\/\/www.delsofa.es\/informacion\/wp-content\/uploads\/2015\/03\/manoli-alimenta.jpg\" \/>\n<meta name=\"twitter:creator\" content=\"@http:\/\/www.twitter.com\/inmolber\" \/>\n<meta name=\"twitter:site\" content=\"@delsofaES\" \/>\n<meta name=\"twitter:label1\" content=\"Escrito por\" \/>\n\t<meta name=\"twitter:data1\" content=\"Inma Molt\u00f3\" \/>\n\t<meta name=\"twitter:label2\" content=\"Tiempo de lectura\" \/>\n\t<meta name=\"twitter:data2\" content=\"8 minutos\" \/>\n<script type=\"application\/ld+json\" class=\"yoast-schema-graph\">{\"@context\":\"https:\/\/schema.org\",\"@graph\":[{\"@type\":\"WebSite\",\"@id\":\"https:\/\/www.delsofa.es\/informacion\/#website\",\"url\":\"https:\/\/www.delsofa.es\/informacion\/\",\"name\":\"\",\"description\":\"\",\"potentialAction\":[{\"@type\":\"SearchAction\",\"target\":{\"@type\":\"EntryPoint\",\"urlTemplate\":\"https:\/\/www.delsofa.es\/informacion\/?s={search_term_string}\"},\"query-input\":\"required name=search_term_string\"}],\"inLanguage\":\"es\"},{\"@type\":\"ImageObject\",\"@id\":\"https:\/\/www.delsofa.es\/informacion\/en-el-sofa-con-manoli-de-alimenta-tu-bienestar-consejos-para-sentirnos-bien\/#primaryimage\",\"inLanguage\":\"es\",\"url\":\"https:\/\/www.delsofa.es\/informacion\/wp-content\/uploads\/2015\/03\/manoli-alimenta.jpg\",\"contentUrl\":\"https:\/\/www.delsofa.es\/informacion\/wp-content\/uploads\/2015\/03\/manoli-alimenta.jpg\",\"width\":569,\"height\":569},{\"@type\":\"WebPage\",\"@id\":\"https:\/\/www.delsofa.es\/informacion\/en-el-sofa-con-manoli-de-alimenta-tu-bienestar-consejos-para-sentirnos-bien\/#webpage\",\"url\":\"https:\/\/www.delsofa.es\/informacion\/en-el-sofa-con-manoli-de-alimenta-tu-bienestar-consejos-para-sentirnos-bien\/\",\"name\":\"Manoli de Alimenta tu Bienestar nos habla de nutrici\u00f3n\",\"isPartOf\":{\"@id\":\"https:\/\/www.delsofa.es\/informacion\/#website\"},\"primaryImageOfPage\":{\"@id\":\"https:\/\/www.delsofa.es\/informacion\/en-el-sofa-con-manoli-de-alimenta-tu-bienestar-consejos-para-sentirnos-bien\/#primaryimage\"},\"datePublished\":\"2015-03-13T10:05:19+00:00\",\"dateModified\":\"2015-05-12T07:44:07+00:00\",\"author\":{\"@id\":\"https:\/\/www.delsofa.es\/informacion\/#\/schema\/person\/904d00808e282031a3b11f51524d259c\"},\"description\":\"Os invitamos a acompa\u00f1arnos en el sof\u00e1 en nuestra charla sobre h\u00e1bitos saludables y nutrici\u00f3n con Manoli del Blog Alimenta tu bienestar.\",\"breadcrumb\":{\"@id\":\"https:\/\/www.delsofa.es\/informacion\/en-el-sofa-con-manoli-de-alimenta-tu-bienestar-consejos-para-sentirnos-bien\/#breadcrumb\"},\"inLanguage\":\"es\",\"potentialAction\":[{\"@type\":\"ReadAction\",\"target\":[\"https:\/\/www.delsofa.es\/informacion\/en-el-sofa-con-manoli-de-alimenta-tu-bienestar-consejos-para-sentirnos-bien\/\"]}]},{\"@type\":\"BreadcrumbList\",\"@id\":\"https:\/\/www.delsofa.es\/informacion\/en-el-sofa-con-manoli-de-alimenta-tu-bienestar-consejos-para-sentirnos-bien\/#breadcrumb\",\"itemListElement\":[{\"@type\":\"ListItem\",\"position\":1,\"name\":\"Portada\",\"item\":\"https:\/\/www.delsofa.es\/informacion\/\"},{\"@type\":\"ListItem\",\"position\":2,\"name\":\"En el sof\u00e1 con Manoli de Alimenta Tu Bienestar. Consejos para sentirnos bien\"}]},{\"@type\":\"Person\",\"@id\":\"https:\/\/www.delsofa.es\/informacion\/#\/schema\/person\/904d00808e282031a3b11f51524d259c\",\"name\":\"Inma Molt\u00f3\",\"image\":{\"@type\":\"ImageObject\",\"@id\":\"https:\/\/www.delsofa.es\/informacion\/#personlogo\",\"inLanguage\":\"es\",\"url\":\"https:\/\/secure.gravatar.com\/avatar\/6411caf208a31a6dd0c4c353341facb7?s=96&d=mm&r=g\",\"contentUrl\":\"https:\/\/secure.gravatar.com\/avatar\/6411caf208a31a6dd0c4c353341facb7?s=96&d=mm&r=g\",\"caption\":\"Inma Molt\u00f3\"},\"description\":\"Soy periodista, community manager y formadora en redes sociales. Desde enero de 2013 escribo en el Blog Delsofa y actualmente tambi\u00e9n me encargo de su supervisi\u00f3n. Me encanta todo lo relacionado con la decoraci\u00f3n y el dise\u00f1o. Si quer\u00e9is saber m\u00e1s os dejo mi web: www.periodistasocialmedia.com\",\"sameAs\":[\"http:\/\/www.periodistasocialmedia.com\",\"https:\/\/twitter.com\/http:\/\/www.twitter.com\/inmolber\"],\"url\":\"https:\/\/www.delsofa.es\/informacion\/author\/inma\/\"}]}<\/script>\n<!-- \/ Yoast SEO plugin. -->","yoast_head_json":{"title":"Manoli de Alimenta tu Bienestar nos habla de nutrici\u00f3n","description":"Os invitamos a acompa\u00f1arnos en el sof\u00e1 en nuestra charla sobre h\u00e1bitos saludables y nutrici\u00f3n con Manoli del Blog Alimenta tu bienestar.","robots":{"index":"index","follow":"follow","max-snippet":"max-snippet:-1","max-image-preview":"max-image-preview:large","max-video-preview":"max-video-preview:-1"},"canonical":"https:\/\/www.delsofa.es\/informacion\/en-el-sofa-con-manoli-de-alimenta-tu-bienestar-consejos-para-sentirnos-bien\/","twitter_card":"summary_large_image","twitter_title":"Manoli de Alimenta tu Bienestar nos habla de nutrici\u00f3n","twitter_description":"Os invitamos a acompa\u00f1arnos en el sof\u00e1 en nuestra charla sobre h\u00e1bitos saludables y nutrici\u00f3n con Manoli del Blog Alimenta tu bienestar.","twitter_image":"https:\/\/www.delsofa.es\/informacion\/wp-content\/uploads\/2015\/03\/manoli-alimenta.jpg","twitter_creator":"@http:\/\/www.twitter.com\/inmolber","twitter_site":"@delsofaES","twitter_misc":{"Escrito por":"Inma Molt\u00f3","Tiempo de lectura":"8 minutos"},"schema":{"@context":"https:\/\/schema.org","@graph":[{"@type":"WebSite","@id":"https:\/\/www.delsofa.es\/informacion\/#website","url":"https:\/\/www.delsofa.es\/informacion\/","name":"","description":"","potentialAction":[{"@type":"SearchAction","target":{"@type":"EntryPoint","urlTemplate":"https:\/\/www.delsofa.es\/informacion\/?s={search_term_string}"},"query-input":"required name=search_term_string"}],"inLanguage":"es"},{"@type":"ImageObject","@id":"https:\/\/www.delsofa.es\/informacion\/en-el-sofa-con-manoli-de-alimenta-tu-bienestar-consejos-para-sentirnos-bien\/#primaryimage","inLanguage":"es","url":"https:\/\/www.delsofa.es\/informacion\/wp-content\/uploads\/2015\/03\/manoli-alimenta.jpg","contentUrl":"https:\/\/www.delsofa.es\/informacion\/wp-content\/uploads\/2015\/03\/manoli-alimenta.jpg","width":569,"height":569},{"@type":"WebPage","@id":"https:\/\/www.delsofa.es\/informacion\/en-el-sofa-con-manoli-de-alimenta-tu-bienestar-consejos-para-sentirnos-bien\/#webpage","url":"https:\/\/www.delsofa.es\/informacion\/en-el-sofa-con-manoli-de-alimenta-tu-bienestar-consejos-para-sentirnos-bien\/","name":"Manoli de Alimenta tu Bienestar nos habla de nutrici\u00f3n","isPartOf":{"@id":"https:\/\/www.delsofa.es\/informacion\/#website"},"primaryImageOfPage":{"@id":"https:\/\/www.delsofa.es\/informacion\/en-el-sofa-con-manoli-de-alimenta-tu-bienestar-consejos-para-sentirnos-bien\/#primaryimage"},"datePublished":"2015-03-13T10:05:19+00:00","dateModified":"2015-05-12T07:44:07+00:00","author":{"@id":"https:\/\/www.delsofa.es\/informacion\/#\/schema\/person\/904d00808e282031a3b11f51524d259c"},"description":"Os invitamos a acompa\u00f1arnos en el sof\u00e1 en nuestra charla sobre h\u00e1bitos saludables y nutrici\u00f3n con Manoli del Blog Alimenta tu bienestar.","breadcrumb":{"@id":"https:\/\/www.delsofa.es\/informacion\/en-el-sofa-con-manoli-de-alimenta-tu-bienestar-consejos-para-sentirnos-bien\/#breadcrumb"},"inLanguage":"es","potentialAction":[{"@type":"ReadAction","target":["https:\/\/www.delsofa.es\/informacion\/en-el-sofa-con-manoli-de-alimenta-tu-bienestar-consejos-para-sentirnos-bien\/"]}]},{"@type":"BreadcrumbList","@id":"https:\/\/www.delsofa.es\/informacion\/en-el-sofa-con-manoli-de-alimenta-tu-bienestar-consejos-para-sentirnos-bien\/#breadcrumb","itemListElement":[{"@type":"ListItem","position":1,"name":"Portada","item":"https:\/\/www.delsofa.es\/informacion\/"},{"@type":"ListItem","position":2,"name":"En el sof\u00e1 con Manoli de Alimenta Tu Bienestar. Consejos para sentirnos bien"}]},{"@type":"Person","@id":"https:\/\/www.delsofa.es\/informacion\/#\/schema\/person\/904d00808e282031a3b11f51524d259c","name":"Inma Molt\u00f3","image":{"@type":"ImageObject","@id":"https:\/\/www.delsofa.es\/informacion\/#personlogo","inLanguage":"es","url":"https:\/\/secure.gravatar.com\/avatar\/6411caf208a31a6dd0c4c353341facb7?s=96&d=mm&r=g","contentUrl":"https:\/\/secure.gravatar.com\/avatar\/6411caf208a31a6dd0c4c353341facb7?s=96&d=mm&r=g","caption":"Inma Molt\u00f3"},"description":"Soy periodista, community manager y formadora en redes sociales. Desde enero de 2013 escribo en el Blog Delsofa y actualmente tambi\u00e9n me encargo de su supervisi\u00f3n. Me encanta todo lo relacionado con la decoraci\u00f3n y el dise\u00f1o. Si quer\u00e9is saber m\u00e1s os dejo mi web: www.periodistasocialmedia.com","sameAs":["http:\/\/www.periodistasocialmedia.com","https:\/\/twitter.com\/http:\/\/www.twitter.com\/inmolber"],"url":"https:\/\/www.delsofa.es\/informacion\/author\/inma\/"}]}},"amp_enabled":true,"_links":{"self":[{"href":"https:\/\/www.delsofa.es\/informacion\/wp-json\/wp\/v2\/posts\/4219"}],"collection":[{"href":"https:\/\/www.delsofa.es\/informacion\/wp-json\/wp\/v2\/posts"}],"about":[{"href":"https:\/\/www.delsofa.es\/informacion\/wp-json\/wp\/v2\/types\/post"}],"author":[{"embeddable":true,"href":"https:\/\/www.delsofa.es\/informacion\/wp-json\/wp\/v2\/users\/3"}],"replies":[{"embeddable":true,"href":"https:\/\/www.delsofa.es\/informacion\/wp-json\/wp\/v2\/comments?post=4219"}],"version-history":[{"count":8,"href":"https:\/\/www.delsofa.es\/informacion\/wp-json\/wp\/v2\/posts\/4219\/revisions"}],"predecessor-version":[{"id":4252,"href":"https:\/\/www.delsofa.es\/informacion\/wp-json\/wp\/v2\/posts\/4219\/revisions\/4252"}],"wp:attachment":[{"href":"https:\/\/www.delsofa.es\/informacion\/wp-json\/wp\/v2\/media?parent=4219"}],"wp:term":[{"taxonomy":"category","embeddable":true,"href":"https:\/\/www.delsofa.es\/informacion\/wp-json\/wp\/v2\/categories?post=4219"},{"taxonomy":"post_tag","embeddable":true,"href":"https:\/\/www.delsofa.es\/informacion\/wp-json\/wp\/v2\/tags?post=4219"}],"curies":[{"name":"wp","href":"https:\/\/api.w.org\/{rel}","templated":true}]}}