{"id":4228,"date":"2015-04-16T09:03:03","date_gmt":"2015-04-16T09:03:03","guid":{"rendered":"https:\/\/www.delsofa.es\/informacion\/?p=4228"},"modified":"2015-05-11T13:00:36","modified_gmt":"2015-05-11T13:00:36","slug":"tienda-de-sofas-muebles-la-factoria-alfafar-valencia","status":"publish","type":"post","link":"https:\/\/www.delsofa.es\/informacion\/tienda-de-sofas-muebles-la-factoria-alfafar-valencia\/","title":{"rendered":"Tienda de sof\u00e1s Muebles La Factor\u00eda Alfafar, en Valencia"},"content":{"rendered":"<p style=\"text-align: justify;\">Este mes visitamos la tienda de sof\u00e1s\u00a0<a href=\"http:\/\/muebleslafactoria.es\/\" target=\"_blank\">Muebles La Factor\u00eda<\/a> en Alfafar, una de nuestras tiendas oficiales en la provincia de Valencia. Hemos visitado sus instalaciones y nos hemos interesado por <strong>c\u00f3mo funciona y evoluciona el mercado de la tapicer\u00eda<\/strong>. Os dejamos nuestra charla con el responsable de la tienda.<\/p>\n<p style=\"text-align: justify;\"><img decoding=\"async\" loading=\"lazy\" class=\"aligncenter wp-image-4230 size-full\" title=\"Rafael Adsuara, jefe de tienda de Muebles La Factor\u00eda Alfafar, distribuidor de Delsof\u00e1\" src=\"https:\/\/www.delsofa.es\/informacion\/wp-content\/uploads\/2015\/03\/rafa-factoria-alfafar.jpg\" alt=\"rafa-factoria-alfafar\" width=\"584\" height=\"245\" srcset=\"https:\/\/www.delsofa.es\/informacion\/wp-content\/uploads\/2015\/03\/rafa-factoria-alfafar.jpg 584w, https:\/\/www.delsofa.es\/informacion\/wp-content\/uploads\/2015\/03\/rafa-factoria-alfafar-300x126.jpg 300w, https:\/\/www.delsofa.es\/informacion\/wp-content\/uploads\/2015\/03\/rafa-factoria-alfafar-500x210.jpg 500w\" sizes=\"(max-width: 584px) 100vw, 584px\" \/><\/p>\n<p style=\"text-align: justify;\"><!--more--><\/p>\n<p style=\"text-align: justify;\">Pero primero nos gustar\u00eda presentaros a nuestro anfitri\u00f3n. <strong>Rafael se define como una persona de gustos sencillos<\/strong>, le encanta pasar tiempo en familia y sobre todo con su nieto, reconoce que le tiene loco. Disfruta dando largos paseos, a poder ser cerca del mar. \u201cMe carga de energ\u00eda para estar al 200% y poder as\u00ed dar lo mejor en mi trabajo\u201d.<\/p>\n<p style=\"text-align: justify;\">Su experiencia en el mundo de la distribuci\u00f3n del mueble es muy amplia. Antes de incorporarse a las franquicias del mueble del Grupo Ventura, al que pertenece tambi\u00e9n <a href=\"https:\/\/www.delsofa.es\" target=\"_blank\">Delsof\u00e1<\/a>, trabaj\u00f3 como vendedor en la extinta Muebles El Ofert\u00f3n. En 2002 entr\u00f3 a formar parte en la plantilla de Muebles Max Descuento, en su establecimiento de Alfafar, de ah\u00ed pas\u00f3 a Muebles La Factor\u00eda de Vinaroz, ya como jefe de tienda y <strong>desde hace seis a\u00f1os, es el responsable de Muebles La Factor\u00eda Alfafar<\/strong>. Establecimiento en el que nos ha recibido y sobre el que versan las primeras preguntas de nuestra entrevista. Aqu\u00ed os la mostramos.<\/p>\n<p style=\"text-align: justify;\"><span style=\"font-size: 120%; color: #993366;\">\u00bfQu\u00e9 tipo de productos de la familia de los tapizados encontramos en Muebles La Factor\u00eda en Alfafar?<\/span><\/p>\n<p style=\"text-align: justify;\">Recientemente hemos renovado por completo toda la tienda, con el objetivo de llegar a todo tipo de p\u00fablico. <strong>Tenemos un amplio abanico de posibilidades,<\/strong> desde los sof\u00e1s m\u00e1s exclusivos orientados a satisfacer al p\u00fablico m\u00e1s exigente, hasta los modelos de precio m\u00e1s bajo, para quien busca algo m\u00e1s sencillo, para segundas viviendas, casas de alquiler&#8230;, cuidando siempre muy mucho los acabados y preocup\u00e1ndonos de <strong>trabajar solo con tapiceros de nuestra confianza<\/strong>, que sabemos que miman el producto como a nosotros nos gusta.<\/p>\n<p style=\"text-align: justify;\"><span style=\"font-size: 120%; color: #993366;\">\u00bfC\u00f3mo definir\u00edas al cliente que busca comprar un producto de tapicer\u00eda: sof\u00e1s, sill\u00f3n, sof\u00e1 cama, chaise longue\u2026?<\/span><\/p>\n<p style=\"text-align: justify;\">Teniendo en cuenta el momento en que nos encontramos, hay que pensar muy mucho en qu\u00e9 se invierte y d\u00f3nde, y as\u00ed se comporta el cliente, por eso nos preocupamos ahora m\u00e1s que nunca en dar un asesoramiento y trato excelentes. <strong>El cliente tiene muy claro que el descanso y la comodidad es primordial<\/strong>, y al llegar a nuestra tienda se sorprende, ya que generalmente tienen pensado cu\u00e1nto invertir en el sof\u00e1. Descubren que se pueden llevar m\u00e1s prestaciones por menos precio. Como os dec\u00eda con el fin de cubrir toda la demanda, acabamos de renovar nuestra imagen y nuestra oferta por completo.<\/p>\n<p style=\"text-align: justify;\"><img decoding=\"async\" loading=\"lazy\" class=\"aligncenter wp-image-4231 size-full\" title=\"Muebles La Factor\u00eda Alfafar, tienda oficial de Delsofa.es en Valencia\" src=\"https:\/\/www.delsofa.es\/informacion\/wp-content\/uploads\/2015\/03\/muebles-factoria-alfafar.jpg\" alt=\"muebles-factoria-alfafar\" width=\"584\" height=\"438\" srcset=\"https:\/\/www.delsofa.es\/informacion\/wp-content\/uploads\/2015\/03\/muebles-factoria-alfafar.jpg 584w, https:\/\/www.delsofa.es\/informacion\/wp-content\/uploads\/2015\/03\/muebles-factoria-alfafar-300x225.jpg 300w, https:\/\/www.delsofa.es\/informacion\/wp-content\/uploads\/2015\/03\/muebles-factoria-alfafar-400x300.jpg 400w\" sizes=\"(max-width: 584px) 100vw, 584px\" \/><\/p>\n<p style=\"text-align: justify;\"><span style=\"font-size: 120%; color: #993366;\">\u00bfQu\u00e9 tipo de sof\u00e1s son hoy los m\u00e1s vendidos?<\/span><\/p>\n<p style=\"text-align: justify;\">La mayor\u00eda son <strong>sof\u00e1s con m\u00f3dulo chaise longue<\/strong>, cada vez el cliente es m\u00e1s pr\u00e1ctico y como dec\u00eda antes, m\u00e1s exigente y m\u00e1s informado. Nos piden mucho modelos tapizados con tejidos de f\u00e1cil limpieza. Sobre este punto me gustar\u00eda resaltar que todos nuestros fabricantes incorporan en sus colecciones este tipo de telas.<\/p>\n<p style=\"text-align: justify;\"><span style=\"font-size: 120%; color: #993366;\">\u00bfQu\u00e9 valores diferenciales ofrece Muebles La Factor\u00eda Alfafar para atraer al cliente de tapicer\u00eda?<\/span><\/p>\n<p style=\"text-align: justify;\">Toda nuestra tapicer\u00eda es exclusiva, como te he comentado <strong>cuidamos muy mucho la calidad, cada detalle<\/strong> y el estar dentro de un gran grupo como Delsof\u00e1, nos da la opci\u00f3n de ofrecer a nuestros clientes un producto sobradamente testado por nuestro departamento comercial y de compras, que antes de presentar un nuevo producto a las tiendas lo estudia cuidadosamente. <strong>Para nosotros es muy importante descubrir las necesidades del cliente<\/strong>, sabemos que esta tarea no siempre es f\u00e1cil, pero ah\u00ed est\u00e1 la profesionalidad de nuestros vendedores para asesorar y detectar lo que el cliente necesita realmente.<\/p>\n<p style=\"text-align: justify;\"><span style=\"font-size: 120%; color: #993366;\">Como has dicho sois distribuidores oficiales de la tienda online Delsofa.es, los clientes que lo deseen pueden informarse en la web e ir a probar de primera mano los modelos a vuestro establecimiento. \u00bfC\u00f3mo os ha ayudado formar parte de nuestra red de tiendas formada por m\u00e1s de 160 establecimientos en toda Espa\u00f1a?<\/span><\/p>\n<p style=\"text-align: justify;\">Es un gran apoyo para nosotros, <strong>cada vez m\u00e1s el cliente se informa a trav\u00e9s de la red<\/strong> antes de visitar una tienda. Creo adem\u00e1s, que formar parte de Delsof\u00e1 nos da un prestigio y conforma un valor a\u00f1adido para nosotros.<\/p>\n<p style=\"text-align: justify;\"><span style=\"font-size: 120%; color: #993366;\">Nos gustar\u00eda abusar de tu confianza y de tus conocimientos y experiencia en la venta de tapicer\u00eda, para poder aconsejar a las personas que est\u00e1n pensando comprarse un sof\u00e1.<\/span><\/p>\n<p style=\"text-align: justify;\">Para poder dar consejos, <strong>es muy importante descubrir qu\u00e9 necesita realmente el cliente.<\/strong>\u00a0Muchas veces te piden extras que realmente no se acaban utilizando y que se pueden sustituir por otras prestaciones que el cliente apreciar\u00e1 m\u00e1s a la larga, como puede ser la sentada viscoel\u00e1stica, un chaise longue m\u00e1s ancho\u2026.<\/p>\n<p style=\"text-align: justify;\">Mi consejo general es que ante todo deben primar la comodidad y que <strong>invertir en un buen sof\u00e1 es invertir en salud<\/strong>, un buen descanso es primordial.<\/p>\n<p style=\"text-align: justify;\"><img decoding=\"async\" loading=\"lazy\" class=\"aligncenter wp-image-2851 size-full\" title=\"Rafael Adsuara disfruta en su casa de la comodidad del sof\u00e1 cl\u00e1sico Atila, disponible en Delsofa.es\" src=\"https:\/\/www.delsofa.es\/informacion\/wp-content\/uploads\/2014\/03\/ATILA_sofa_0_0.jpg\" alt=\"ATILA_sofa_0_0\" width=\"584\" height=\"438\" srcset=\"https:\/\/www.delsofa.es\/informacion\/wp-content\/uploads\/2014\/03\/ATILA_sofa_0_0.jpg 584w, https:\/\/www.delsofa.es\/informacion\/wp-content\/uploads\/2014\/03\/ATILA_sofa_0_0-300x225.jpg 300w, https:\/\/www.delsofa.es\/informacion\/wp-content\/uploads\/2014\/03\/ATILA_sofa_0_0-400x300.jpg 400w\" sizes=\"(max-width: 584px) 100vw, 584px\" \/><\/p>\n<p style=\"text-align: justify;\"><span style=\"font-size: 120%; color: #993366;\">Tenemos una curiosidad, \u00bfqu\u00e9 sof\u00e1 tiene en casa un experto en tapicer\u00eda como t\u00fa?<\/span><\/p>\n<p style=\"text-align: justify;\">Mis muebles son de un corte m\u00e1s cl\u00e1sico y opte por el <a href=\"#\" target=\"_blank\">modelo Atila<\/a>, lo recomiendo <strong>para quien busque una l\u00ednea m\u00e1s \u00abconservadora\u00bb.<\/strong><\/p>\n<p style=\"text-align: justify;\"><span style=\"font-size: 120%; color: #993366;\">Si tuvieras que renovarlo, \u00bfqu\u00e9 modelo de la web de Delsofa elegir\u00edas?<\/span><\/p>\n<p style=\"text-align: justify;\">Me encanta el <a href=\"#\" target=\"_blank\">modelo Andrea<\/a> por su acogida tan envolvente, es de una gran comodidad y un aspecto imponente, <strong>relaci\u00f3n calidad precio un Diez<\/strong>, si me animo a cambiar los muebles, \u00e9ste ser\u00e1 el candidato.<\/p>\n<p style=\"text-align: justify;\"><img decoding=\"async\" loading=\"lazy\" class=\"aligncenter wp-image-3670 size-full\" title=\"Chaise longue modelo Andrea, a la venta en Delsofa.es\" src=\"https:\/\/www.delsofa.es\/informacion\/wp-content\/uploads\/2014\/07\/ANDREA_sofa_chaiselonque_1-e1405529809891.jpg\" alt=\"Sof\u00e1 para recostarse\" width=\"584\" height=\"224\" \/><\/p>\n<p style=\"text-align: justify;\">Sin duda una gran elecci\u00f3n. Queremos agradecer a Rafael Adsuara su amabilidad y el tiempo dedicado. Es un placer conversar con profesionales del mundo de la tapicer\u00eda. Os animamos desde aqu\u00ed a<strong> visitar las instalaciones de Muebles La Factor\u00eda Alfafar, situadas en la Avenida Albufera, n\u00famero 68<\/strong>. Si lo hac\u00e9is no olvid\u00e9is pasar por la <a href=\"https:\/\/www.delsofa.es\/tiendas-de-sofas-y-sillones-valencia\/muebles-la-factoria-alfafar.php\" target=\"_blank\">ficha de tienda en la web de Delsof\u00e1<\/a> e imprimir el vale descuento del 5%, aplicable a nuestros modelos de tapicer\u00eda. El establecimiento est\u00e1 abierto al p\u00fablico de lunes a viernes de 10 a 14h y de 16.30 a 21h. Los s\u00e1bados su horario es de 10 a 14h y de 16.30 a 21.30.<\/p>\n<p style=\"text-align: justify;\">Adem\u00e1s de Rafael, en Muebles La Factor\u00eda Alfafar encontramos a Majo, Carola y Ester que nos asesoran en el departamento de ventas y Carles y Julio que se ocupan de la log\u00edstica y de tener la exposici\u00f3n siempre atractiva. <strong>Os conquistar\u00e1n con su amabilidad y su profesionalidad.<\/strong><\/p>\n","protected":false},"excerpt":{"rendered":"<p>Este mes visitamos la tienda de sof\u00e1s\u00a0Muebles La Factor\u00eda en Alfafar, una de nuestras tiendas oficiales en la provincia de Valencia. Hemos visitado sus instalaciones y nos hemos interesado por c\u00f3mo funciona y evoluciona el mercado de la tapicer\u00eda. Os &hellip; <a href=\"https:\/\/www.delsofa.es\/informacion\/tienda-de-sofas-muebles-la-factoria-alfafar-valencia\/\">Sigue leyendo <span class=\"meta-nav\">&rarr;<\/span><\/a><\/p>\n","protected":false},"author":3,"featured_media":0,"comment_status":"open","ping_status":"open","sticky":false,"template":"","format":"standard","meta":[],"categories":[204,28],"tags":[323,1360,1361,69],"yoast_head":"<!-- This site is optimized with the Yoast SEO plugin v18.6 - https:\/\/yoast.com\/wordpress\/plugins\/seo\/ -->\n<title>Muebles La Factor\u00eda Alfafar, tienda oficial Delsofa.es<\/title>\n<meta name=\"description\" content=\"En Delsofa.es hablamos con Rafael Adsuara, responsable de Muebles La Factor\u00eda Alfafar, una de nuestras tiendas oficiales en la provincia de Valencia.\" \/>\n<meta name=\"robots\" content=\"index, follow, max-snippet:-1, max-image-preview:large, max-video-preview:-1\" \/>\n<link rel=\"canonical\" href=\"https:\/\/www.delsofa.es\/informacion\/tienda-de-sofas-muebles-la-factoria-alfafar-valencia\/\" \/>\n<meta name=\"twitter:card\" content=\"summary_large_image\" \/>\n<meta name=\"twitter:title\" content=\"Muebles La Factor\u00eda Alfafar, tienda oficial Delsofa.es\" \/>\n<meta name=\"twitter:description\" content=\"En Delsofa.es hablamos con Rafael Adsuara, responsable de Muebles La Factor\u00eda Alfafar, una de nuestras tiendas oficiales en la provincia de Valencia.\" \/>\n<meta name=\"twitter:image\" content=\"https:\/\/www.delsofa.es\/informacion\/wp-content\/uploads\/2015\/03\/rafa-factoria-alfafar.jpg\" \/>\n<meta name=\"twitter:creator\" content=\"@http:\/\/www.twitter.com\/inmolber\" \/>\n<meta name=\"twitter:site\" content=\"@delsofaES\" \/>\n<meta name=\"twitter:label1\" content=\"Escrito por\" \/>\n\t<meta name=\"twitter:data1\" content=\"Inma Molt\u00f3\" \/>\n\t<meta name=\"twitter:label2\" content=\"Tiempo de lectura\" \/>\n\t<meta name=\"twitter:data2\" content=\"6 minutos\" \/>\n<script type=\"application\/ld+json\" class=\"yoast-schema-graph\">{\"@context\":\"https:\/\/schema.org\",\"@graph\":[{\"@type\":\"WebSite\",\"@id\":\"https:\/\/www.delsofa.es\/informacion\/#website\",\"url\":\"https:\/\/www.delsofa.es\/informacion\/\",\"name\":\"\",\"description\":\"\",\"potentialAction\":[{\"@type\":\"SearchAction\",\"target\":{\"@type\":\"EntryPoint\",\"urlTemplate\":\"https:\/\/www.delsofa.es\/informacion\/?s={search_term_string}\"},\"query-input\":\"required name=search_term_string\"}],\"inLanguage\":\"es\"},{\"@type\":\"ImageObject\",\"@id\":\"https:\/\/www.delsofa.es\/informacion\/tienda-de-sofas-muebles-la-factoria-alfafar-valencia\/#primaryimage\",\"inLanguage\":\"es\",\"url\":\"https:\/\/www.delsofa.es\/informacion\/wp-content\/uploads\/2015\/03\/rafa-factoria-alfafar.jpg\",\"contentUrl\":\"https:\/\/www.delsofa.es\/informacion\/wp-content\/uploads\/2015\/03\/rafa-factoria-alfafar.jpg\",\"width\":584,\"height\":245},{\"@type\":\"WebPage\",\"@id\":\"https:\/\/www.delsofa.es\/informacion\/tienda-de-sofas-muebles-la-factoria-alfafar-valencia\/#webpage\",\"url\":\"https:\/\/www.delsofa.es\/informacion\/tienda-de-sofas-muebles-la-factoria-alfafar-valencia\/\",\"name\":\"Muebles La Factor\u00eda Alfafar, tienda oficial Delsofa.es\",\"isPartOf\":{\"@id\":\"https:\/\/www.delsofa.es\/informacion\/#website\"},\"primaryImageOfPage\":{\"@id\":\"https:\/\/www.delsofa.es\/informacion\/tienda-de-sofas-muebles-la-factoria-alfafar-valencia\/#primaryimage\"},\"datePublished\":\"2015-04-16T09:03:03+00:00\",\"dateModified\":\"2015-05-11T13:00:36+00:00\",\"author\":{\"@id\":\"https:\/\/www.delsofa.es\/informacion\/#\/schema\/person\/904d00808e282031a3b11f51524d259c\"},\"description\":\"En Delsofa.es hablamos con Rafael Adsuara, responsable de Muebles La Factor\u00eda Alfafar, una de nuestras tiendas oficiales en la provincia de Valencia.\",\"breadcrumb\":{\"@id\":\"https:\/\/www.delsofa.es\/informacion\/tienda-de-sofas-muebles-la-factoria-alfafar-valencia\/#breadcrumb\"},\"inLanguage\":\"es\",\"potentialAction\":[{\"@type\":\"ReadAction\",\"target\":[\"https:\/\/www.delsofa.es\/informacion\/tienda-de-sofas-muebles-la-factoria-alfafar-valencia\/\"]}]},{\"@type\":\"BreadcrumbList\",\"@id\":\"https:\/\/www.delsofa.es\/informacion\/tienda-de-sofas-muebles-la-factoria-alfafar-valencia\/#breadcrumb\",\"itemListElement\":[{\"@type\":\"ListItem\",\"position\":1,\"name\":\"Portada\",\"item\":\"https:\/\/www.delsofa.es\/informacion\/\"},{\"@type\":\"ListItem\",\"position\":2,\"name\":\"Tienda de sof\u00e1s Muebles La Factor\u00eda Alfafar, en Valencia\"}]},{\"@type\":\"Person\",\"@id\":\"https:\/\/www.delsofa.es\/informacion\/#\/schema\/person\/904d00808e282031a3b11f51524d259c\",\"name\":\"Inma Molt\u00f3\",\"image\":{\"@type\":\"ImageObject\",\"@id\":\"https:\/\/www.delsofa.es\/informacion\/#personlogo\",\"inLanguage\":\"es\",\"url\":\"https:\/\/secure.gravatar.com\/avatar\/6411caf208a31a6dd0c4c353341facb7?s=96&d=mm&r=g\",\"contentUrl\":\"https:\/\/secure.gravatar.com\/avatar\/6411caf208a31a6dd0c4c353341facb7?s=96&d=mm&r=g\",\"caption\":\"Inma Molt\u00f3\"},\"description\":\"Soy periodista, community manager y formadora en redes sociales. Desde enero de 2013 escribo en el Blog Delsofa y actualmente tambi\u00e9n me encargo de su supervisi\u00f3n. Me encanta todo lo relacionado con la decoraci\u00f3n y el dise\u00f1o. Si quer\u00e9is saber m\u00e1s os dejo mi web: www.periodistasocialmedia.com\",\"sameAs\":[\"http:\/\/www.periodistasocialmedia.com\",\"https:\/\/twitter.com\/http:\/\/www.twitter.com\/inmolber\"],\"url\":\"https:\/\/www.delsofa.es\/informacion\/author\/inma\/\"}]}<\/script>\n<!-- \/ Yoast SEO plugin. -->","yoast_head_json":{"title":"Muebles La Factor\u00eda Alfafar, tienda oficial Delsofa.es","description":"En Delsofa.es hablamos con Rafael Adsuara, responsable de Muebles La Factor\u00eda Alfafar, una de nuestras tiendas oficiales en la provincia de Valencia.","robots":{"index":"index","follow":"follow","max-snippet":"max-snippet:-1","max-image-preview":"max-image-preview:large","max-video-preview":"max-video-preview:-1"},"canonical":"https:\/\/www.delsofa.es\/informacion\/tienda-de-sofas-muebles-la-factoria-alfafar-valencia\/","twitter_card":"summary_large_image","twitter_title":"Muebles La Factor\u00eda Alfafar, tienda oficial Delsofa.es","twitter_description":"En Delsofa.es hablamos con Rafael Adsuara, responsable de Muebles La Factor\u00eda Alfafar, una de nuestras tiendas oficiales en la provincia de Valencia.","twitter_image":"https:\/\/www.delsofa.es\/informacion\/wp-content\/uploads\/2015\/03\/rafa-factoria-alfafar.jpg","twitter_creator":"@http:\/\/www.twitter.com\/inmolber","twitter_site":"@delsofaES","twitter_misc":{"Escrito por":"Inma Molt\u00f3","Tiempo de lectura":"6 minutos"},"schema":{"@context":"https:\/\/schema.org","@graph":[{"@type":"WebSite","@id":"https:\/\/www.delsofa.es\/informacion\/#website","url":"https:\/\/www.delsofa.es\/informacion\/","name":"","description":"","potentialAction":[{"@type":"SearchAction","target":{"@type":"EntryPoint","urlTemplate":"https:\/\/www.delsofa.es\/informacion\/?s={search_term_string}"},"query-input":"required name=search_term_string"}],"inLanguage":"es"},{"@type":"ImageObject","@id":"https:\/\/www.delsofa.es\/informacion\/tienda-de-sofas-muebles-la-factoria-alfafar-valencia\/#primaryimage","inLanguage":"es","url":"https:\/\/www.delsofa.es\/informacion\/wp-content\/uploads\/2015\/03\/rafa-factoria-alfafar.jpg","contentUrl":"https:\/\/www.delsofa.es\/informacion\/wp-content\/uploads\/2015\/03\/rafa-factoria-alfafar.jpg","width":584,"height":245},{"@type":"WebPage","@id":"https:\/\/www.delsofa.es\/informacion\/tienda-de-sofas-muebles-la-factoria-alfafar-valencia\/#webpage","url":"https:\/\/www.delsofa.es\/informacion\/tienda-de-sofas-muebles-la-factoria-alfafar-valencia\/","name":"Muebles La Factor\u00eda Alfafar, tienda oficial Delsofa.es","isPartOf":{"@id":"https:\/\/www.delsofa.es\/informacion\/#website"},"primaryImageOfPage":{"@id":"https:\/\/www.delsofa.es\/informacion\/tienda-de-sofas-muebles-la-factoria-alfafar-valencia\/#primaryimage"},"datePublished":"2015-04-16T09:03:03+00:00","dateModified":"2015-05-11T13:00:36+00:00","author":{"@id":"https:\/\/www.delsofa.es\/informacion\/#\/schema\/person\/904d00808e282031a3b11f51524d259c"},"description":"En Delsofa.es hablamos con Rafael Adsuara, responsable de Muebles La Factor\u00eda Alfafar, una de nuestras tiendas oficiales en la provincia de Valencia.","breadcrumb":{"@id":"https:\/\/www.delsofa.es\/informacion\/tienda-de-sofas-muebles-la-factoria-alfafar-valencia\/#breadcrumb"},"inLanguage":"es","potentialAction":[{"@type":"ReadAction","target":["https:\/\/www.delsofa.es\/informacion\/tienda-de-sofas-muebles-la-factoria-alfafar-valencia\/"]}]},{"@type":"BreadcrumbList","@id":"https:\/\/www.delsofa.es\/informacion\/tienda-de-sofas-muebles-la-factoria-alfafar-valencia\/#breadcrumb","itemListElement":[{"@type":"ListItem","position":1,"name":"Portada","item":"https:\/\/www.delsofa.es\/informacion\/"},{"@type":"ListItem","position":2,"name":"Tienda de sof\u00e1s Muebles La Factor\u00eda Alfafar, en Valencia"}]},{"@type":"Person","@id":"https:\/\/www.delsofa.es\/informacion\/#\/schema\/person\/904d00808e282031a3b11f51524d259c","name":"Inma Molt\u00f3","image":{"@type":"ImageObject","@id":"https:\/\/www.delsofa.es\/informacion\/#personlogo","inLanguage":"es","url":"https:\/\/secure.gravatar.com\/avatar\/6411caf208a31a6dd0c4c353341facb7?s=96&d=mm&r=g","contentUrl":"https:\/\/secure.gravatar.com\/avatar\/6411caf208a31a6dd0c4c353341facb7?s=96&d=mm&r=g","caption":"Inma Molt\u00f3"},"description":"Soy periodista, community manager y formadora en redes sociales. Desde enero de 2013 escribo en el Blog Delsofa y actualmente tambi\u00e9n me encargo de su supervisi\u00f3n. Me encanta todo lo relacionado con la decoraci\u00f3n y el dise\u00f1o. Si quer\u00e9is saber m\u00e1s os dejo mi web: www.periodistasocialmedia.com","sameAs":["http:\/\/www.periodistasocialmedia.com","https:\/\/twitter.com\/http:\/\/www.twitter.com\/inmolber"],"url":"https:\/\/www.delsofa.es\/informacion\/author\/inma\/"}]}},"amp_enabled":true,"_links":{"self":[{"href":"https:\/\/www.delsofa.es\/informacion\/wp-json\/wp\/v2\/posts\/4228"}],"collection":[{"href":"https:\/\/www.delsofa.es\/informacion\/wp-json\/wp\/v2\/posts"}],"about":[{"href":"https:\/\/www.delsofa.es\/informacion\/wp-json\/wp\/v2\/types\/post"}],"author":[{"embeddable":true,"href":"https:\/\/www.delsofa.es\/informacion\/wp-json\/wp\/v2\/users\/3"}],"replies":[{"embeddable":true,"href":"https:\/\/www.delsofa.es\/informacion\/wp-json\/wp\/v2\/comments?post=4228"}],"version-history":[{"count":9,"href":"https:\/\/www.delsofa.es\/informacion\/wp-json\/wp\/v2\/posts\/4228\/revisions"}],"predecessor-version":[{"id":4250,"href":"https:\/\/www.delsofa.es\/informacion\/wp-json\/wp\/v2\/posts\/4228\/revisions\/4250"}],"wp:attachment":[{"href":"https:\/\/www.delsofa.es\/informacion\/wp-json\/wp\/v2\/media?parent=4228"}],"wp:term":[{"taxonomy":"category","embeddable":true,"href":"https:\/\/www.delsofa.es\/informacion\/wp-json\/wp\/v2\/categories?post=4228"},{"taxonomy":"post_tag","embeddable":true,"href":"https:\/\/www.delsofa.es\/informacion\/wp-json\/wp\/v2\/tags?post=4228"}],"curies":[{"name":"wp","href":"https:\/\/api.w.org\/{rel}","templated":true}]}}