{"id":4333,"date":"2015-07-16T14:35:02","date_gmt":"2015-07-16T14:35:02","guid":{"rendered":"https:\/\/www.delsofa.es\/informacion\/?p=4333"},"modified":"2015-07-16T14:35:46","modified_gmt":"2015-07-16T14:35:46","slug":"muebles-y-decoracion-antonio-jimenez-tienda-oficial-de-delsofa-es-en-granada","status":"publish","type":"post","link":"https:\/\/www.delsofa.es\/informacion\/muebles-y-decoracion-antonio-jimenez-tienda-oficial-de-delsofa-es-en-granada\/","title":{"rendered":"Muebles y Decoraci\u00f3n Antonio Jim\u00e9nez tienda oficial de Delsofa.es en Granada"},"content":{"rendered":"<p style=\"text-align: justify;\">Este mes dedicamos nuestro post a presentaros una de nuestras <strong>tiendas distribuidores oficiales de Delsof\u00e1 en la provincia de Granada<\/strong>. Es el establecimiento de <a href=\"https:\/\/www.delsofa.es\/tiendas-de-sofas-y-sillones-granada\/muebles-jimenez-baza.php\" target=\"_blank\">Muebles y Decoraci\u00f3n Antonio Jim\u00e9nez<\/a>, en la localidad de Baza. En ella pod\u00e9is probar sin ning\u00fan compromiso los productos a la venta en nuestra tienda online.<\/p>\n<p style=\"text-align: justify;\">En Muebles y Decoraci\u00f3n Antonio Jim\u00e9nez os espera un equipo de <strong>profesionales del sector del mobiliario<\/strong> que lleva muchos a\u00f1os distribuyendo muebles de calidad, entre ellos sof\u00e1s, sillones, sof\u00e1s cama, chaise longue. Os apetece conocerlos m\u00e1s a fondo.<!--more--><\/p>\n<p style=\"text-align: justify;\"><img decoding=\"async\" loading=\"lazy\" class=\"aligncenter wp-image-4335 size-full\" title=\"Muebles y Decoraci\u00f3n Antonio Jim\u00e9nez\" src=\"https:\/\/www.delsofa.es\/informacion\/wp-content\/uploads\/2015\/07\/tienda-antoniojimenez.jpg\" alt=\"tienda-antoniojimenez\" width=\"584\" height=\"438\" srcset=\"https:\/\/www.delsofa.es\/informacion\/wp-content\/uploads\/2015\/07\/tienda-antoniojimenez.jpg 584w, https:\/\/www.delsofa.es\/informacion\/wp-content\/uploads\/2015\/07\/tienda-antoniojimenez-300x225.jpg 300w, https:\/\/www.delsofa.es\/informacion\/wp-content\/uploads\/2015\/07\/tienda-antoniojimenez-400x300.jpg 400w\" sizes=\"(max-width: 584px) 100vw, 584px\" \/><\/p>\n<p style=\"text-align: justify;\">Situada en el pol\u00edgono industrial La Noria, en Carretera de Murcia sin n\u00famero, en la localidad de Baza, encontr\u00e1is una <strong>gran exposici\u00f3n de mobiliario para el hogar<\/strong>, con una relaci\u00f3n calidad precio inmejorable. En ella pod\u00e9is probar y comprobar de primera mano el confort de los sof\u00e1s a la venta en Delsofa.es. Su horario comercial es de lunes a s\u00e1bado de 10 a 13.30 horas y de 17 a 20.30.<\/p>\n<p style=\"text-align: justify;\">Cuenta con un amplio cat\u00e1logo en mobiliario para el hogar, para amueblar vuestro sal\u00f3n, dormitorios principales, dormitorios infantiles\u2026 Adem\u00e1s como expertos en decoraci\u00f3n os ayudar\u00e1n con todas las <strong>ideas y consejos que necesit\u00e9is<\/strong>, eligiendo as\u00ed los muebles que mejor se adapten a vuestros gustos, necesidades y presupuesto. S\u00f3lo ten\u00e9is que preguntar a su equipo de profesionales.<\/p>\n<p style=\"text-align: justify;\"><span style=\"font-size: 120%; color: #993366;\">Elige tu tienda Delsof\u00e1 m\u00e1s cercana<\/span><\/p>\n<p style=\"text-align: justify;\">Al igual que el establecimiento de Muebles y Decoraci\u00f3n Antonio Jim\u00e9nez, en Delsofa.es ofrecemos a nuestros clientes la posibilidad de <strong>probar nuestros modelos de sof\u00e1s, sillones, sof\u00e1s cama, chaise longue a la venta<\/strong>, en m\u00e1s de 160 tiendas repartidas por toda Espa\u00f1a. Descubrir cu\u00e1l es la m\u00e1s cercana a tu domicilio es muy f\u00e1cil. Os lo cuento a continuaci\u00f3n.<\/p>\n<p style=\"text-align: justify;\"><img decoding=\"async\" loading=\"lazy\" class=\"aligncenter wp-image-4160 size-full\" title=\"Buscar Tiendas de Delsofa.es\" src=\"https:\/\/www.delsofa.es\/informacion\/wp-content\/uploads\/2014\/01\/ir-a-tiendas-delsofa.jpg\" alt=\"ir a tiendas delsofa\" width=\"584\" height=\"159\" srcset=\"https:\/\/www.delsofa.es\/informacion\/wp-content\/uploads\/2014\/01\/ir-a-tiendas-delsofa.jpg 584w, https:\/\/www.delsofa.es\/informacion\/wp-content\/uploads\/2014\/01\/ir-a-tiendas-delsofa-300x81.jpg 300w, https:\/\/www.delsofa.es\/informacion\/wp-content\/uploads\/2014\/01\/ir-a-tiendas-delsofa-500x136.jpg 500w\" sizes=\"(max-width: 584px) 100vw, 584px\" \/><\/p>\n<p style=\"text-align: justify;\">Desde nuestra web <a href=\"https:\/\/www.delsofa.es\" target=\"_blank\">www.delsofa.es<\/a> vemos en la esquina superior derecha el texto <strong>\u201cTiendas de Sof\u00e1s\u201d<\/strong>, este texto puede variar a medida que naveguemos por las distintas familias de productos, pero al hacer clic en cualquiera de sus vertientes, acced\u00e9is directamente a nuestro buscador de tiendas por provincias.<\/p>\n<p style=\"text-align: justify;\"><img decoding=\"async\" loading=\"lazy\" class=\"aligncenter wp-image-4334 size-full\" title=\"Elige tu provincia\" src=\"https:\/\/www.delsofa.es\/informacion\/wp-content\/uploads\/2015\/07\/desplegable-granada.jpg\" alt=\"desplegable-granada\" width=\"584\" height=\"321\" srcset=\"https:\/\/www.delsofa.es\/informacion\/wp-content\/uploads\/2015\/07\/desplegable-granada.jpg 584w, https:\/\/www.delsofa.es\/informacion\/wp-content\/uploads\/2015\/07\/desplegable-granada-300x165.jpg 300w, https:\/\/www.delsofa.es\/informacion\/wp-content\/uploads\/2015\/07\/desplegable-granada-500x275.jpg 500w\" sizes=\"(max-width: 584px) 100vw, 584px\" \/><\/p>\n<p style=\"text-align: justify;\">En el buscador de tiendas, simplemente debes <strong>elegir\u00a0tu provincia <\/strong>en el desplegable\u00a0habilitado para ello\u00a0o bien hacer scroll buscando su nombre a lo largo de la p\u00e1gina. Al hacerlo te dirigimos a una pantalla en la que se muestran las tiendas y distribuidores oficiales en esa regi\u00f3n.<\/p>\n<p style=\"text-align: justify;\">Ahora s\u00f3lo debes <strong>hacer clic sobre el nombre de la tienda<\/strong> que prefieras y accedes directamente a su ficha. En dicha ficha te mostramos informaci\u00f3n sobre la tienda: horario comercial, tel\u00e9fono de contacto, email, web, perfiles sociales, direcci\u00f3n. Al final de la misma tienes un formulario de contacto que puedes rellenar con tus consultas y les llegar\u00e1 a su personal. Por si necesitas ayuda para llegar a la tienda, hemos a\u00f1adido en su ficha una herramienta que te sugiere una ruta en coche desde el punto de origen que nos indiques hasta el establecimiento. No\u00a0queremos que te pierdas de\u00a0camino a nuestras tiendas.<\/p>\n<p style=\"text-align: justify;\">Si necesitas m\u00e1s informaci\u00f3n sobre c\u00f3mo probar o d\u00f3nde nuestros modelos de tapicer\u00eda, puedes llamar al departamento de atenci\u00f3n al cliente de Delsofa.es. Te atienden en el<strong> tel\u00e9fono gratuito 900.701.086<\/strong>, de lunes a viernes de 8 a 20 horas.<\/p>\n","protected":false},"excerpt":{"rendered":"<p>Este mes dedicamos nuestro post a presentaros una de nuestras tiendas distribuidores oficiales de Delsof\u00e1 en la provincia de Granada. Es el establecimiento de Muebles y Decoraci\u00f3n Antonio Jim\u00e9nez, en la localidad de Baza. En ella pod\u00e9is probar sin ning\u00fan &hellip; <a href=\"https:\/\/www.delsofa.es\/informacion\/muebles-y-decoracion-antonio-jimenez-tienda-oficial-de-delsofa-es-en-granada\/\">Sigue leyendo <span class=\"meta-nav\">&rarr;<\/span><\/a><\/p>\n","protected":false},"author":3,"featured_media":0,"comment_status":"open","ping_status":"open","sticky":false,"template":"","format":"standard","meta":[],"categories":[204],"tags":[1379,1370,1380],"yoast_head":"<!-- This site is optimized with the Yoast SEO plugin v18.6 - https:\/\/yoast.com\/wordpress\/plugins\/seo\/ -->\n<title>Muebles y Decoraci\u00f3n Antonio Jim\u00e9nez, distibuidor Delsof\u00e1<\/title>\n<meta name=\"description\" content=\"Si vives en Granada puedes probar los modelos a la venta en Delsof\u00e1 en el establecimiento de Muebles y Decoraci\u00f3n Antonio Jim\u00e9nez. Te esperamos.\" \/>\n<meta name=\"robots\" content=\"index, follow, max-snippet:-1, max-image-preview:large, max-video-preview:-1\" \/>\n<link rel=\"canonical\" href=\"https:\/\/www.delsofa.es\/informacion\/muebles-y-decoracion-antonio-jimenez-tienda-oficial-de-delsofa-es-en-granada\/\" \/>\n<meta name=\"twitter:card\" content=\"summary_large_image\" \/>\n<meta name=\"twitter:title\" content=\"Muebles y Decoraci\u00f3n Antonio Jim\u00e9nez, distibuidor Delsof\u00e1\" \/>\n<meta name=\"twitter:description\" content=\"Si vives en Granada puedes probar los modelos a la venta en Delsof\u00e1 en el establecimiento de Muebles y Decoraci\u00f3n Antonio Jim\u00e9nez. Te esperamos.\" \/>\n<meta name=\"twitter:image\" content=\"https:\/\/www.delsofa.es\/informacion\/wp-content\/uploads\/2015\/07\/tienda-antoniojimenez.jpg\" \/>\n<meta name=\"twitter:creator\" content=\"@http:\/\/www.twitter.com\/inmolber\" \/>\n<meta name=\"twitter:site\" content=\"@delsofaES\" \/>\n<meta name=\"twitter:label1\" content=\"Escrito por\" \/>\n\t<meta name=\"twitter:data1\" content=\"Inma Molt\u00f3\" \/>\n\t<meta name=\"twitter:label2\" content=\"Tiempo de lectura\" \/>\n\t<meta name=\"twitter:data2\" content=\"3 minutos\" \/>\n<script type=\"application\/ld+json\" class=\"yoast-schema-graph\">{\"@context\":\"https:\/\/schema.org\",\"@graph\":[{\"@type\":\"WebSite\",\"@id\":\"https:\/\/www.delsofa.es\/informacion\/#website\",\"url\":\"https:\/\/www.delsofa.es\/informacion\/\",\"name\":\"\",\"description\":\"\",\"potentialAction\":[{\"@type\":\"SearchAction\",\"target\":{\"@type\":\"EntryPoint\",\"urlTemplate\":\"https:\/\/www.delsofa.es\/informacion\/?s={search_term_string}\"},\"query-input\":\"required name=search_term_string\"}],\"inLanguage\":\"es\"},{\"@type\":\"ImageObject\",\"@id\":\"https:\/\/www.delsofa.es\/informacion\/muebles-y-decoracion-antonio-jimenez-tienda-oficial-de-delsofa-es-en-granada\/#primaryimage\",\"inLanguage\":\"es\",\"url\":\"https:\/\/www.delsofa.es\/informacion\/wp-content\/uploads\/2015\/07\/tienda-antoniojimenez.jpg\",\"contentUrl\":\"https:\/\/www.delsofa.es\/informacion\/wp-content\/uploads\/2015\/07\/tienda-antoniojimenez.jpg\",\"width\":584,\"height\":438},{\"@type\":\"WebPage\",\"@id\":\"https:\/\/www.delsofa.es\/informacion\/muebles-y-decoracion-antonio-jimenez-tienda-oficial-de-delsofa-es-en-granada\/#webpage\",\"url\":\"https:\/\/www.delsofa.es\/informacion\/muebles-y-decoracion-antonio-jimenez-tienda-oficial-de-delsofa-es-en-granada\/\",\"name\":\"Muebles y Decoraci\u00f3n Antonio Jim\u00e9nez, distibuidor Delsof\u00e1\",\"isPartOf\":{\"@id\":\"https:\/\/www.delsofa.es\/informacion\/#website\"},\"primaryImageOfPage\":{\"@id\":\"https:\/\/www.delsofa.es\/informacion\/muebles-y-decoracion-antonio-jimenez-tienda-oficial-de-delsofa-es-en-granada\/#primaryimage\"},\"datePublished\":\"2015-07-16T14:35:02+00:00\",\"dateModified\":\"2015-07-16T14:35:46+00:00\",\"author\":{\"@id\":\"https:\/\/www.delsofa.es\/informacion\/#\/schema\/person\/904d00808e282031a3b11f51524d259c\"},\"description\":\"Si vives en Granada puedes probar los modelos a la venta en Delsof\u00e1 en el establecimiento de Muebles y Decoraci\u00f3n Antonio Jim\u00e9nez. Te esperamos.\",\"breadcrumb\":{\"@id\":\"https:\/\/www.delsofa.es\/informacion\/muebles-y-decoracion-antonio-jimenez-tienda-oficial-de-delsofa-es-en-granada\/#breadcrumb\"},\"inLanguage\":\"es\",\"potentialAction\":[{\"@type\":\"ReadAction\",\"target\":[\"https:\/\/www.delsofa.es\/informacion\/muebles-y-decoracion-antonio-jimenez-tienda-oficial-de-delsofa-es-en-granada\/\"]}]},{\"@type\":\"BreadcrumbList\",\"@id\":\"https:\/\/www.delsofa.es\/informacion\/muebles-y-decoracion-antonio-jimenez-tienda-oficial-de-delsofa-es-en-granada\/#breadcrumb\",\"itemListElement\":[{\"@type\":\"ListItem\",\"position\":1,\"name\":\"Portada\",\"item\":\"https:\/\/www.delsofa.es\/informacion\/\"},{\"@type\":\"ListItem\",\"position\":2,\"name\":\"Muebles y Decoraci\u00f3n Antonio Jim\u00e9nez tienda oficial de Delsofa.es en Granada\"}]},{\"@type\":\"Person\",\"@id\":\"https:\/\/www.delsofa.es\/informacion\/#\/schema\/person\/904d00808e282031a3b11f51524d259c\",\"name\":\"Inma Molt\u00f3\",\"image\":{\"@type\":\"ImageObject\",\"@id\":\"https:\/\/www.delsofa.es\/informacion\/#personlogo\",\"inLanguage\":\"es\",\"url\":\"https:\/\/secure.gravatar.com\/avatar\/6411caf208a31a6dd0c4c353341facb7?s=96&d=mm&r=g\",\"contentUrl\":\"https:\/\/secure.gravatar.com\/avatar\/6411caf208a31a6dd0c4c353341facb7?s=96&d=mm&r=g\",\"caption\":\"Inma Molt\u00f3\"},\"description\":\"Soy periodista, community manager y formadora en redes sociales. Desde enero de 2013 escribo en el Blog Delsofa y actualmente tambi\u00e9n me encargo de su supervisi\u00f3n. Me encanta todo lo relacionado con la decoraci\u00f3n y el dise\u00f1o. Si quer\u00e9is saber m\u00e1s os dejo mi web: www.periodistasocialmedia.com\",\"sameAs\":[\"http:\/\/www.periodistasocialmedia.com\",\"https:\/\/twitter.com\/http:\/\/www.twitter.com\/inmolber\"],\"url\":\"https:\/\/www.delsofa.es\/informacion\/author\/inma\/\"}]}<\/script>\n<!-- \/ Yoast SEO plugin. -->","yoast_head_json":{"title":"Muebles y Decoraci\u00f3n Antonio Jim\u00e9nez, distibuidor Delsof\u00e1","description":"Si vives en Granada puedes probar los modelos a la venta en Delsof\u00e1 en el establecimiento de Muebles y Decoraci\u00f3n Antonio Jim\u00e9nez. Te esperamos.","robots":{"index":"index","follow":"follow","max-snippet":"max-snippet:-1","max-image-preview":"max-image-preview:large","max-video-preview":"max-video-preview:-1"},"canonical":"https:\/\/www.delsofa.es\/informacion\/muebles-y-decoracion-antonio-jimenez-tienda-oficial-de-delsofa-es-en-granada\/","twitter_card":"summary_large_image","twitter_title":"Muebles y Decoraci\u00f3n Antonio Jim\u00e9nez, distibuidor Delsof\u00e1","twitter_description":"Si vives en Granada puedes probar los modelos a la venta en Delsof\u00e1 en el establecimiento de Muebles y Decoraci\u00f3n Antonio Jim\u00e9nez. Te esperamos.","twitter_image":"https:\/\/www.delsofa.es\/informacion\/wp-content\/uploads\/2015\/07\/tienda-antoniojimenez.jpg","twitter_creator":"@http:\/\/www.twitter.com\/inmolber","twitter_site":"@delsofaES","twitter_misc":{"Escrito por":"Inma Molt\u00f3","Tiempo de lectura":"3 minutos"},"schema":{"@context":"https:\/\/schema.org","@graph":[{"@type":"WebSite","@id":"https:\/\/www.delsofa.es\/informacion\/#website","url":"https:\/\/www.delsofa.es\/informacion\/","name":"","description":"","potentialAction":[{"@type":"SearchAction","target":{"@type":"EntryPoint","urlTemplate":"https:\/\/www.delsofa.es\/informacion\/?s={search_term_string}"},"query-input":"required name=search_term_string"}],"inLanguage":"es"},{"@type":"ImageObject","@id":"https:\/\/www.delsofa.es\/informacion\/muebles-y-decoracion-antonio-jimenez-tienda-oficial-de-delsofa-es-en-granada\/#primaryimage","inLanguage":"es","url":"https:\/\/www.delsofa.es\/informacion\/wp-content\/uploads\/2015\/07\/tienda-antoniojimenez.jpg","contentUrl":"https:\/\/www.delsofa.es\/informacion\/wp-content\/uploads\/2015\/07\/tienda-antoniojimenez.jpg","width":584,"height":438},{"@type":"WebPage","@id":"https:\/\/www.delsofa.es\/informacion\/muebles-y-decoracion-antonio-jimenez-tienda-oficial-de-delsofa-es-en-granada\/#webpage","url":"https:\/\/www.delsofa.es\/informacion\/muebles-y-decoracion-antonio-jimenez-tienda-oficial-de-delsofa-es-en-granada\/","name":"Muebles y Decoraci\u00f3n Antonio Jim\u00e9nez, distibuidor Delsof\u00e1","isPartOf":{"@id":"https:\/\/www.delsofa.es\/informacion\/#website"},"primaryImageOfPage":{"@id":"https:\/\/www.delsofa.es\/informacion\/muebles-y-decoracion-antonio-jimenez-tienda-oficial-de-delsofa-es-en-granada\/#primaryimage"},"datePublished":"2015-07-16T14:35:02+00:00","dateModified":"2015-07-16T14:35:46+00:00","author":{"@id":"https:\/\/www.delsofa.es\/informacion\/#\/schema\/person\/904d00808e282031a3b11f51524d259c"},"description":"Si vives en Granada puedes probar los modelos a la venta en Delsof\u00e1 en el establecimiento de Muebles y Decoraci\u00f3n Antonio Jim\u00e9nez. Te esperamos.","breadcrumb":{"@id":"https:\/\/www.delsofa.es\/informacion\/muebles-y-decoracion-antonio-jimenez-tienda-oficial-de-delsofa-es-en-granada\/#breadcrumb"},"inLanguage":"es","potentialAction":[{"@type":"ReadAction","target":["https:\/\/www.delsofa.es\/informacion\/muebles-y-decoracion-antonio-jimenez-tienda-oficial-de-delsofa-es-en-granada\/"]}]},{"@type":"BreadcrumbList","@id":"https:\/\/www.delsofa.es\/informacion\/muebles-y-decoracion-antonio-jimenez-tienda-oficial-de-delsofa-es-en-granada\/#breadcrumb","itemListElement":[{"@type":"ListItem","position":1,"name":"Portada","item":"https:\/\/www.delsofa.es\/informacion\/"},{"@type":"ListItem","position":2,"name":"Muebles y Decoraci\u00f3n Antonio Jim\u00e9nez tienda oficial de Delsofa.es en Granada"}]},{"@type":"Person","@id":"https:\/\/www.delsofa.es\/informacion\/#\/schema\/person\/904d00808e282031a3b11f51524d259c","name":"Inma Molt\u00f3","image":{"@type":"ImageObject","@id":"https:\/\/www.delsofa.es\/informacion\/#personlogo","inLanguage":"es","url":"https:\/\/secure.gravatar.com\/avatar\/6411caf208a31a6dd0c4c353341facb7?s=96&d=mm&r=g","contentUrl":"https:\/\/secure.gravatar.com\/avatar\/6411caf208a31a6dd0c4c353341facb7?s=96&d=mm&r=g","caption":"Inma Molt\u00f3"},"description":"Soy periodista, community manager y formadora en redes sociales. Desde enero de 2013 escribo en el Blog Delsofa y actualmente tambi\u00e9n me encargo de su supervisi\u00f3n. Me encanta todo lo relacionado con la decoraci\u00f3n y el dise\u00f1o. Si quer\u00e9is saber m\u00e1s os dejo mi web: www.periodistasocialmedia.com","sameAs":["http:\/\/www.periodistasocialmedia.com","https:\/\/twitter.com\/http:\/\/www.twitter.com\/inmolber"],"url":"https:\/\/www.delsofa.es\/informacion\/author\/inma\/"}]}},"amp_enabled":true,"_links":{"self":[{"href":"https:\/\/www.delsofa.es\/informacion\/wp-json\/wp\/v2\/posts\/4333"}],"collection":[{"href":"https:\/\/www.delsofa.es\/informacion\/wp-json\/wp\/v2\/posts"}],"about":[{"href":"https:\/\/www.delsofa.es\/informacion\/wp-json\/wp\/v2\/types\/post"}],"author":[{"embeddable":true,"href":"https:\/\/www.delsofa.es\/informacion\/wp-json\/wp\/v2\/users\/3"}],"replies":[{"embeddable":true,"href":"https:\/\/www.delsofa.es\/informacion\/wp-json\/wp\/v2\/comments?post=4333"}],"version-history":[{"count":5,"href":"https:\/\/www.delsofa.es\/informacion\/wp-json\/wp\/v2\/posts\/4333\/revisions"}],"predecessor-version":[{"id":4340,"href":"https:\/\/www.delsofa.es\/informacion\/wp-json\/wp\/v2\/posts\/4333\/revisions\/4340"}],"wp:attachment":[{"href":"https:\/\/www.delsofa.es\/informacion\/wp-json\/wp\/v2\/media?parent=4333"}],"wp:term":[{"taxonomy":"category","embeddable":true,"href":"https:\/\/www.delsofa.es\/informacion\/wp-json\/wp\/v2\/categories?post=4333"},{"taxonomy":"post_tag","embeddable":true,"href":"https:\/\/www.delsofa.es\/informacion\/wp-json\/wp\/v2\/tags?post=4333"}],"curies":[{"name":"wp","href":"https:\/\/api.w.org\/{rel}","templated":true}]}}