{"id":4394,"date":"2015-11-17T12:05:00","date_gmt":"2015-11-17T12:05:00","guid":{"rendered":"https:\/\/www.delsofa.es\/informacion\/?p=4394"},"modified":"2015-12-21T09:37:13","modified_gmt":"2015-12-21T09:37:13","slug":"en-el-sofa-con-gloria-de-villalba-interiorismo-decoracion-de-salones-invernales","status":"publish","type":"post","link":"https:\/\/www.delsofa.es\/informacion\/en-el-sofa-con-gloria-de-villalba-interiorismo-decoracion-de-salones-invernales\/","title":{"rendered":"En el sof\u00e1 con Gloria de Villalba Interiorismo. Decoraci\u00f3n de salones invernales"},"content":{"rendered":"<p style=\"text-align: justify;\">Se va acercando el invierno y con \u00e9l aumentan las ganas de quedarnos en casa, disfrutando del calor del hogar. Para sentirnos m\u00e1s c\u00e1lidos y c\u00f3modos en casa, en Delsofa.es le hemos pedido a Gloria Corominas de Villalba Interiorismo que nos ayude en la misi\u00f3n de <strong>decorar nuestro sal\u00f3n para este invierno<\/strong>.<\/p>\n<p style=\"text-align: justify;\">Antes de conocer sus consejos e ideas para decorar nuestros salones esta temporada de invierno, vamos a saber un poco m\u00e1s de Gloria y de su firma y como no de su blog decoracioninteriorismo.me. <strong>Os animamos a acompa\u00f1arnos en esta charla de sof\u00e1<\/strong>.<!--more--><\/p>\n<p style=\"text-align: justify;\">Villalba Interiorismo es una <strong>empresa familiar<\/strong> en la que junto a Gloria, trabaja su marido Toni, \u201ccabeza pensante de nuestra peque\u00f1a empresa. Sin sus proyectos y renders esto no ser\u00eda igual\u201d y su hija Mar\u00eda que se ocupa de la tienda online.<\/p>\n<p style=\"text-align: justify;\"><img decoding=\"async\" loading=\"lazy\" class=\"aligncenter wp-image-4391 size-full\" title=\"Gloria Corominas de Villalba Interiorismo\" src=\"https:\/\/www.delsofa.es\/informacion\/wp-content\/uploads\/2015\/11\/Gloria-Corominas.jpg\" alt=\"Gloria-Corominas\" width=\"584\" height=\"357\" srcset=\"https:\/\/www.delsofa.es\/informacion\/wp-content\/uploads\/2015\/11\/Gloria-Corominas.jpg 584w, https:\/\/www.delsofa.es\/informacion\/wp-content\/uploads\/2015\/11\/Gloria-Corominas-300x183.jpg 300w, https:\/\/www.delsofa.es\/informacion\/wp-content\/uploads\/2015\/11\/Gloria-Corominas-491x300.jpg 491w\" sizes=\"(max-width: 584px) 100vw, 584px\" \/><\/p>\n<p style=\"text-align: justify;\"><span style=\"font-size: 120%; color: #993366;\">Nos has contado un poco la labor de tu marido y de tu hija en la empresa. En tu caso, \u00bfen qu\u00e9 consiste tu trabajo?<\/span><\/p>\n<p style=\"text-align: justify;\">Mi trabajo me parece muy apasionado y variado, <strong>puedo hacer multitud de cosas en un mismo d\u00eda<\/strong>: desde atender al cliente que se pasa por la tienda, que es lo primero, al que llama por tel\u00e9fono, hacer presupuestos, pedidos a los proveedores, contestar un mont\u00f3n de e-mails,\u2026 y preparar, por supuesto, el post con mucho cari\u00f1o y mimo.<\/p>\n<p style=\"text-align: justify;\"><span style=\"font-size: 120%; color: #993366;\">Ese cari\u00f1o y mimo queda plasmado en el blog. A nosotros nos encanta. Y nos preguntamos c\u00f3mo surgi\u00f3 la idea de crearlo<\/span><\/p>\n<p style=\"text-align: justify;\">Realmente fue una idea que se le ocurri\u00f3 a Toni, mi marido. Tenemos una tienda en Vila-real (Castell\u00f3n) desde hace m\u00e1s de 30 a\u00f1os, desde aqu\u00ed aconsejamos a nuestros clientes qu\u00e9 tipo de cortina elegir para su decoraci\u00f3n, qu\u00e9 distribuci\u00f3n de muebles es la m\u00e1s adecuada, qu\u00e9 colcha le queda mejor en la cama,\u2026 Entonces pens\u00f3 que <strong>todos estos consejos y experiencias del d\u00eda a d\u00eda de nuestra tienda, los podr\u00edamos contar en un blog<\/strong>, y as\u00ed fue, sin pensarlo mucho me puse manos a la obra y a primeros del 2012 abr\u00ed este blog.<\/p>\n<p style=\"text-align: justify;\"><span style=\"font-size: 120%; color: #993366;\">Desde entonces suponemos que ha habido una evoluci\u00f3n. \u00bfC\u00f3mo podemos definir Decoracioninteriorismo.me y qu\u00e9 podemos encontrar actualmente en \u00e9l?<\/span><\/p>\n<p style=\"text-align: justify;\">Es un blog de decoraci\u00f3n en general, donde qui\u00e9n se pase por \u00e9l puede encontrar un poco de todo, desde las <strong>\u00faltimas tendencias en decoraci\u00f3n, muchos consejos, las novedades<\/strong> que vamos recibiendo en la tienda, los trabajos que realizamos a nuestros clientes,\u2026 cosas interesantes para quien le guste tener su hogar c\u00f3modo, acogedor y elegante, sentirse feliz y disfrutarlo en familia.<\/p>\n<p style=\"text-align: justify;\"><img decoding=\"async\" loading=\"lazy\" class=\"aligncenter wp-image-4392 size-full\" title=\"Renders de sal\u00f3n de Villalba Interiorismo\" src=\"https:\/\/www.delsofa.es\/informacion\/wp-content\/uploads\/2015\/11\/renders-salon.jpg\" alt=\"renders-salon\" width=\"584\" height=\"299\" srcset=\"https:\/\/www.delsofa.es\/informacion\/wp-content\/uploads\/2015\/11\/renders-salon.jpg 584w, https:\/\/www.delsofa.es\/informacion\/wp-content\/uploads\/2015\/11\/renders-salon-300x154.jpg 300w, https:\/\/www.delsofa.es\/informacion\/wp-content\/uploads\/2015\/11\/renders-salon-500x256.jpg 500w\" sizes=\"(max-width: 584px) 100vw, 584px\" \/><\/p>\n<p style=\"text-align: justify;\"><span style=\"font-size: 120%; color: #993366;\">Tu trabajo te permite estar al d\u00eda de todas las tendencias en decoraci\u00f3n, \u00bfhay alguna que te llame m\u00e1s la atenci\u00f3n?<\/span><\/p>\n<p style=\"text-align: justify;\">En la actualidad hay tanta variedad de tendencias que <strong>es complicado decirte <\/strong>por una en concreto, adem\u00e1s, hoy en d\u00eda se mezclan para sacar de cada una de ellas lo mejor, y as\u00ed hacer ambientes \u00fanicos y especiales.<\/p>\n<p style=\"text-align: justify;\"><span style=\"font-size: 120%; color: #993366;\">Lo entendemos, es dif\u00edcil elegir. Pero seguro que hay alg\u00fan estilo decorativo en el que te identificas m\u00e1s.<\/span><\/p>\n<p style=\"text-align: justify;\">Me identifico con cualquier estilo de decoraci\u00f3n donde los <strong>detalles sean elegantes, con toques sofisticados<\/strong> y, al mismo tiempo, sean decoraciones c\u00f3modas y pr\u00e1cticas para vivirlas.<\/p>\n<p style=\"text-align: justify;\"><img decoding=\"async\" loading=\"lazy\" class=\"aligncenter wp-image-4390 size-full\" title=\"Escaparate de Villalba Interiorismo\" src=\"https:\/\/www.delsofa.es\/informacion\/wp-content\/uploads\/2015\/11\/Escaparate-actual.jpg\" alt=\"Escaparate-actual\" width=\"584\" height=\"422\" srcset=\"https:\/\/www.delsofa.es\/informacion\/wp-content\/uploads\/2015\/11\/Escaparate-actual.jpg 584w, https:\/\/www.delsofa.es\/informacion\/wp-content\/uploads\/2015\/11\/Escaparate-actual-300x217.jpg 300w, https:\/\/www.delsofa.es\/informacion\/wp-content\/uploads\/2015\/11\/Escaparate-actual-415x300.jpg 415w\" sizes=\"(max-width: 584px) 100vw, 584px\" \/><\/p>\n<p style=\"text-align: justify;\"><span style=\"font-size: 120%; color: #993366;\">Como experta en decoraci\u00f3n nos gustar\u00eda que nos dijeras algunos consejos para decorar el sal\u00f3n este invierno 2015<\/span><\/p>\n<ul>\n<li style=\"text-align: justify;\"><strong>\u00bfC\u00f3mo debemos decorar el sal\u00f3n en invierno?<\/strong><\/li>\n<\/ul>\n<p style=\"text-align: justify;\">En invierno es la \u00e9poca del a\u00f1o que mejor se est\u00e1 en casa, y donde nos reunimos con familiares y amigos por eso <strong>tiene que ser pr\u00e1ctica y c\u00f3moda<\/strong>, para eso tienes que decorarla a tu gusto, sin olvidarte de observar de reojo las tendencias, y renovar de vez en cuanto algunos detalles, sobre todo las mantitas o los plaids, cojines con tacto agradable y peluditos, son piezas f\u00e1ciles de cambiar, con ello se puede jugar a ser un poco atrevidos y darle otro aire distinto al sal\u00f3n, y conseguir sorprender a nuestros invitados.<\/p>\n<ul>\n<li style=\"text-align: justify;\"><strong>\u00bfQu\u00e9 no debe faltar en el sal\u00f3n de una casa en invierno?<\/strong><\/li>\n<\/ul>\n<p style=\"text-align: justify;\">Para tener un sal\u00f3n perfecto en invierno <strong>son muy importante los textiles<\/strong>, como los que te he comentado antes los plaids, mantitas, cojines,\u2026Tambi\u00e9n da mucha calidez al sal\u00f3n colocar en las ventanas unas dobles cortinas, eso solo si el sal\u00f3n lo permite.<\/p>\n<p style=\"text-align: justify;\"><img decoding=\"async\" loading=\"lazy\" class=\"aligncenter wp-image-4393 size-full\" title=\"Sal\u00f3n decorado por Villalba Interiorismo\" src=\"https:\/\/www.delsofa.es\/informacion\/wp-content\/uploads\/2015\/11\/salon-villalba.jpg\" alt=\"salon-villalba\" width=\"584\" height=\"389\" srcset=\"https:\/\/www.delsofa.es\/informacion\/wp-content\/uploads\/2015\/11\/salon-villalba.jpg 584w, https:\/\/www.delsofa.es\/informacion\/wp-content\/uploads\/2015\/11\/salon-villalba-300x200.jpg 300w, https:\/\/www.delsofa.es\/informacion\/wp-content\/uploads\/2015\/11\/salon-villalba-450x300.jpg 450w\" sizes=\"(max-width: 584px) 100vw, 584px\" \/><\/p>\n<ul>\n<li style=\"text-align: justify;\"><strong>\u00bfQu\u00e9 importancia tiene el sof\u00e1 en la decoraci\u00f3n del sal\u00f3n?<\/strong><\/li>\n<\/ul>\n<p style=\"text-align: justify;\"><strong>El sof\u00e1 es la pieza imprescindible de un sal\u00f3n<\/strong>, y de las m\u00e1s importantes a la hora de decorarlo, muchas veces la decoraci\u00f3n gira alrededor de \u00e9l.<\/p>\n<p style=\"text-align: justify;\"><span style=\"font-size: 120%; color: #993366;\">En Delsofa compartimos contigo esta visi\u00f3n. Adem\u00e1s somos un poco \u201ccotillas\u201d y nos gusta conocer como un experto en decoraci\u00f3n como t\u00fa tienen decorado el sal\u00f3n de su casa. \u00bfNos puedes dar alguna pista?<\/span><\/p>\n<p style=\"text-align: justify;\">En mi sal\u00f3n los muebles son de <strong>madera de nogal de l\u00edneas cl\u00e1sicas<\/strong>, tengo una l\u00e1mpara en encima de la mesa que me gusta mucho, al\u00f3genos en la zona del sal\u00f3n y varias l\u00e1mparas de sobremesa, me encanta el ambiente que se crea cuando las tengo encendidas. Las cortinas para m\u00ed tambi\u00e9n son importantes, tengo unos visillos con unas dobles cortinas que sobre todo en invierno <strong>le dan calidez al sal\u00f3n<\/strong>. Tambi\u00e9n las paredes las tengo decoradas con algunos cuadros de un pintor de la localidad.<\/p>\n<p style=\"text-align: justify;\"><span style=\"font-size: 120%; color: #993366;\">Y c\u00f3mo es el rey del sal\u00f3n. \u00bfQu\u00e9 sof\u00e1 tienes en casa?<\/span><\/p>\n<p style=\"text-align: justify;\">En mi sal\u00f3n tengo 2 sof\u00e1s de distintas formas y tapicer\u00edas, <strong>me gusta mezclar texturas y colores en un mismo ambiente<\/strong>. En los sof\u00e1s tengo un mont\u00f3n de cojines y plaids que en invierno nos van muy bien.<\/p>\n<p style=\"text-align: justify;\"><span style=\"font-size: 120%; color: #993366;\">Una \u00faltima pregunta. Si tuvieras que elegir un sof\u00e1 de nuestra tienda online delsofa.es cu\u00e1l ser\u00eda.<\/span><\/p>\n<p style=\"text-align: justify;\">Hay varios que me gustan pero si es solo uno el que puedo elegir ser\u00eda la <a href=\"#\" target=\"_blank\">chaise longue Vurton<\/a>, porque <strong>tiene muchas posibilidades de movimiento<\/strong> y adaptarse a los usos de toda la familia.<\/p>\n<p style=\"text-align: justify;\">No podemos terminar esta charla sin dar las gracias a nuestra compa\u00f1era de sof\u00e1. Esperamos que las ideas que tan amablemente nos ha dado Gloria os sirvan de inspiraci\u00f3n para darle ese toque acogedor a vuestro hogar en este invierno 2015. <strong>Os animamos a compartir vuestro resultado con nosotros<\/strong>. Esperamos vuestros comentarios.<\/p>\n<p style=\"text-align: justify;\">Si quer\u00e9is ver m\u00e1s ideas, adem\u00e1s de visitar el blog de Villalba Interiorismo <strong>os recomendamos seguirles en Facebook<\/strong>, desde su p\u00e1gina, comparten muchas ideas y consejos que os ayudar\u00e1n en la labor de decorar vuestro hogar.<\/p>\n<p><strong>Muchas gracias Gloria<\/strong><\/p>\n","protected":false},"excerpt":{"rendered":"<p>Se va acercando el invierno y con \u00e9l aumentan las ganas de quedarnos en casa, disfrutando del calor del hogar. Para sentirnos m\u00e1s c\u00e1lidos y c\u00f3modos en casa, en Delsofa.es le hemos pedido a Gloria Corominas de Villalba Interiorismo que &hellip; <a href=\"https:\/\/www.delsofa.es\/informacion\/en-el-sofa-con-gloria-de-villalba-interiorismo-decoracion-de-salones-invernales\/\">Sigue leyendo <span class=\"meta-nav\">&rarr;<\/span><\/a><\/p>\n","protected":false},"author":3,"featured_media":0,"comment_status":"open","ping_status":"open","sticky":false,"template":"","format":"standard","meta":[],"categories":[203,967,405],"tags":[1397,1394,1396,1395],"yoast_head":"<!-- This site is optimized with the Yoast SEO plugin v18.6 - https:\/\/yoast.com\/wordpress\/plugins\/seo\/ -->\n<title>En el sof\u00e1 con Gloria de Villalba Interiorismo<\/title>\n<meta name=\"description\" content=\"En Delsof\u00e1 entrevistamos a Gloria Corominas de Villalba Interiorismo para que nos inspire en la decoraci\u00f3n de nuestro sal\u00f3n este invierno.\" \/>\n<meta name=\"robots\" content=\"index, follow, max-snippet:-1, max-image-preview:large, max-video-preview:-1\" \/>\n<link rel=\"canonical\" href=\"https:\/\/www.delsofa.es\/informacion\/en-el-sofa-con-gloria-de-villalba-interiorismo-decoracion-de-salones-invernales\/\" \/>\n<meta name=\"twitter:card\" content=\"summary_large_image\" \/>\n<meta name=\"twitter:title\" content=\"En el sof\u00e1 con Gloria de Villalba Interiorismo\" \/>\n<meta name=\"twitter:description\" content=\"En Delsof\u00e1 entrevistamos a Gloria Corominas de Villalba Interiorismo para que nos inspire en la decoraci\u00f3n de nuestro sal\u00f3n este invierno.\" \/>\n<meta name=\"twitter:image\" content=\"https:\/\/www.delsofa.es\/informacion\/wp-content\/uploads\/2015\/11\/Gloria-Corominas.jpg\" \/>\n<meta name=\"twitter:creator\" content=\"@http:\/\/www.twitter.com\/inmolber\" \/>\n<meta name=\"twitter:site\" content=\"@delsofaES\" \/>\n<meta name=\"twitter:label1\" content=\"Escrito por\" \/>\n\t<meta name=\"twitter:data1\" content=\"Inma Molt\u00f3\" \/>\n\t<meta name=\"twitter:label2\" content=\"Tiempo de lectura\" \/>\n\t<meta name=\"twitter:data2\" content=\"6 minutos\" \/>\n<script type=\"application\/ld+json\" class=\"yoast-schema-graph\">{\"@context\":\"https:\/\/schema.org\",\"@graph\":[{\"@type\":\"WebSite\",\"@id\":\"https:\/\/www.delsofa.es\/informacion\/#website\",\"url\":\"https:\/\/www.delsofa.es\/informacion\/\",\"name\":\"\",\"description\":\"\",\"potentialAction\":[{\"@type\":\"SearchAction\",\"target\":{\"@type\":\"EntryPoint\",\"urlTemplate\":\"https:\/\/www.delsofa.es\/informacion\/?s={search_term_string}\"},\"query-input\":\"required name=search_term_string\"}],\"inLanguage\":\"es\"},{\"@type\":\"ImageObject\",\"@id\":\"https:\/\/www.delsofa.es\/informacion\/en-el-sofa-con-gloria-de-villalba-interiorismo-decoracion-de-salones-invernales\/#primaryimage\",\"inLanguage\":\"es\",\"url\":\"https:\/\/www.delsofa.es\/informacion\/wp-content\/uploads\/2015\/11\/Gloria-Corominas.jpg\",\"contentUrl\":\"https:\/\/www.delsofa.es\/informacion\/wp-content\/uploads\/2015\/11\/Gloria-Corominas.jpg\",\"width\":584,\"height\":357},{\"@type\":\"WebPage\",\"@id\":\"https:\/\/www.delsofa.es\/informacion\/en-el-sofa-con-gloria-de-villalba-interiorismo-decoracion-de-salones-invernales\/#webpage\",\"url\":\"https:\/\/www.delsofa.es\/informacion\/en-el-sofa-con-gloria-de-villalba-interiorismo-decoracion-de-salones-invernales\/\",\"name\":\"En el sof\u00e1 con Gloria de Villalba Interiorismo\",\"isPartOf\":{\"@id\":\"https:\/\/www.delsofa.es\/informacion\/#website\"},\"primaryImageOfPage\":{\"@id\":\"https:\/\/www.delsofa.es\/informacion\/en-el-sofa-con-gloria-de-villalba-interiorismo-decoracion-de-salones-invernales\/#primaryimage\"},\"datePublished\":\"2015-11-17T12:05:00+00:00\",\"dateModified\":\"2015-12-21T09:37:13+00:00\",\"author\":{\"@id\":\"https:\/\/www.delsofa.es\/informacion\/#\/schema\/person\/904d00808e282031a3b11f51524d259c\"},\"description\":\"En Delsof\u00e1 entrevistamos a Gloria Corominas de Villalba Interiorismo para que nos inspire en la decoraci\u00f3n de nuestro sal\u00f3n este invierno.\",\"breadcrumb\":{\"@id\":\"https:\/\/www.delsofa.es\/informacion\/en-el-sofa-con-gloria-de-villalba-interiorismo-decoracion-de-salones-invernales\/#breadcrumb\"},\"inLanguage\":\"es\",\"potentialAction\":[{\"@type\":\"ReadAction\",\"target\":[\"https:\/\/www.delsofa.es\/informacion\/en-el-sofa-con-gloria-de-villalba-interiorismo-decoracion-de-salones-invernales\/\"]}]},{\"@type\":\"BreadcrumbList\",\"@id\":\"https:\/\/www.delsofa.es\/informacion\/en-el-sofa-con-gloria-de-villalba-interiorismo-decoracion-de-salones-invernales\/#breadcrumb\",\"itemListElement\":[{\"@type\":\"ListItem\",\"position\":1,\"name\":\"Portada\",\"item\":\"https:\/\/www.delsofa.es\/informacion\/\"},{\"@type\":\"ListItem\",\"position\":2,\"name\":\"En el sof\u00e1 con Gloria de Villalba Interiorismo. Decoraci\u00f3n de salones invernales\"}]},{\"@type\":\"Person\",\"@id\":\"https:\/\/www.delsofa.es\/informacion\/#\/schema\/person\/904d00808e282031a3b11f51524d259c\",\"name\":\"Inma Molt\u00f3\",\"image\":{\"@type\":\"ImageObject\",\"@id\":\"https:\/\/www.delsofa.es\/informacion\/#personlogo\",\"inLanguage\":\"es\",\"url\":\"https:\/\/secure.gravatar.com\/avatar\/6411caf208a31a6dd0c4c353341facb7?s=96&d=mm&r=g\",\"contentUrl\":\"https:\/\/secure.gravatar.com\/avatar\/6411caf208a31a6dd0c4c353341facb7?s=96&d=mm&r=g\",\"caption\":\"Inma Molt\u00f3\"},\"description\":\"Soy periodista, community manager y formadora en redes sociales. Desde enero de 2013 escribo en el Blog Delsofa y actualmente tambi\u00e9n me encargo de su supervisi\u00f3n. Me encanta todo lo relacionado con la decoraci\u00f3n y el dise\u00f1o. Si quer\u00e9is saber m\u00e1s os dejo mi web: www.periodistasocialmedia.com\",\"sameAs\":[\"http:\/\/www.periodistasocialmedia.com\",\"https:\/\/twitter.com\/http:\/\/www.twitter.com\/inmolber\"],\"url\":\"https:\/\/www.delsofa.es\/informacion\/author\/inma\/\"}]}<\/script>\n<!-- \/ Yoast SEO plugin. -->","yoast_head_json":{"title":"En el sof\u00e1 con Gloria de Villalba Interiorismo","description":"En Delsof\u00e1 entrevistamos a Gloria Corominas de Villalba Interiorismo para que nos inspire en la decoraci\u00f3n de nuestro sal\u00f3n este invierno.","robots":{"index":"index","follow":"follow","max-snippet":"max-snippet:-1","max-image-preview":"max-image-preview:large","max-video-preview":"max-video-preview:-1"},"canonical":"https:\/\/www.delsofa.es\/informacion\/en-el-sofa-con-gloria-de-villalba-interiorismo-decoracion-de-salones-invernales\/","twitter_card":"summary_large_image","twitter_title":"En el sof\u00e1 con Gloria de Villalba Interiorismo","twitter_description":"En Delsof\u00e1 entrevistamos a Gloria Corominas de Villalba Interiorismo para que nos inspire en la decoraci\u00f3n de nuestro sal\u00f3n este invierno.","twitter_image":"https:\/\/www.delsofa.es\/informacion\/wp-content\/uploads\/2015\/11\/Gloria-Corominas.jpg","twitter_creator":"@http:\/\/www.twitter.com\/inmolber","twitter_site":"@delsofaES","twitter_misc":{"Escrito por":"Inma Molt\u00f3","Tiempo de lectura":"6 minutos"},"schema":{"@context":"https:\/\/schema.org","@graph":[{"@type":"WebSite","@id":"https:\/\/www.delsofa.es\/informacion\/#website","url":"https:\/\/www.delsofa.es\/informacion\/","name":"","description":"","potentialAction":[{"@type":"SearchAction","target":{"@type":"EntryPoint","urlTemplate":"https:\/\/www.delsofa.es\/informacion\/?s={search_term_string}"},"query-input":"required name=search_term_string"}],"inLanguage":"es"},{"@type":"ImageObject","@id":"https:\/\/www.delsofa.es\/informacion\/en-el-sofa-con-gloria-de-villalba-interiorismo-decoracion-de-salones-invernales\/#primaryimage","inLanguage":"es","url":"https:\/\/www.delsofa.es\/informacion\/wp-content\/uploads\/2015\/11\/Gloria-Corominas.jpg","contentUrl":"https:\/\/www.delsofa.es\/informacion\/wp-content\/uploads\/2015\/11\/Gloria-Corominas.jpg","width":584,"height":357},{"@type":"WebPage","@id":"https:\/\/www.delsofa.es\/informacion\/en-el-sofa-con-gloria-de-villalba-interiorismo-decoracion-de-salones-invernales\/#webpage","url":"https:\/\/www.delsofa.es\/informacion\/en-el-sofa-con-gloria-de-villalba-interiorismo-decoracion-de-salones-invernales\/","name":"En el sof\u00e1 con Gloria de Villalba Interiorismo","isPartOf":{"@id":"https:\/\/www.delsofa.es\/informacion\/#website"},"primaryImageOfPage":{"@id":"https:\/\/www.delsofa.es\/informacion\/en-el-sofa-con-gloria-de-villalba-interiorismo-decoracion-de-salones-invernales\/#primaryimage"},"datePublished":"2015-11-17T12:05:00+00:00","dateModified":"2015-12-21T09:37:13+00:00","author":{"@id":"https:\/\/www.delsofa.es\/informacion\/#\/schema\/person\/904d00808e282031a3b11f51524d259c"},"description":"En Delsof\u00e1 entrevistamos a Gloria Corominas de Villalba Interiorismo para que nos inspire en la decoraci\u00f3n de nuestro sal\u00f3n este invierno.","breadcrumb":{"@id":"https:\/\/www.delsofa.es\/informacion\/en-el-sofa-con-gloria-de-villalba-interiorismo-decoracion-de-salones-invernales\/#breadcrumb"},"inLanguage":"es","potentialAction":[{"@type":"ReadAction","target":["https:\/\/www.delsofa.es\/informacion\/en-el-sofa-con-gloria-de-villalba-interiorismo-decoracion-de-salones-invernales\/"]}]},{"@type":"BreadcrumbList","@id":"https:\/\/www.delsofa.es\/informacion\/en-el-sofa-con-gloria-de-villalba-interiorismo-decoracion-de-salones-invernales\/#breadcrumb","itemListElement":[{"@type":"ListItem","position":1,"name":"Portada","item":"https:\/\/www.delsofa.es\/informacion\/"},{"@type":"ListItem","position":2,"name":"En el sof\u00e1 con Gloria de Villalba Interiorismo. Decoraci\u00f3n de salones invernales"}]},{"@type":"Person","@id":"https:\/\/www.delsofa.es\/informacion\/#\/schema\/person\/904d00808e282031a3b11f51524d259c","name":"Inma Molt\u00f3","image":{"@type":"ImageObject","@id":"https:\/\/www.delsofa.es\/informacion\/#personlogo","inLanguage":"es","url":"https:\/\/secure.gravatar.com\/avatar\/6411caf208a31a6dd0c4c353341facb7?s=96&d=mm&r=g","contentUrl":"https:\/\/secure.gravatar.com\/avatar\/6411caf208a31a6dd0c4c353341facb7?s=96&d=mm&r=g","caption":"Inma Molt\u00f3"},"description":"Soy periodista, community manager y formadora en redes sociales. Desde enero de 2013 escribo en el Blog Delsofa y actualmente tambi\u00e9n me encargo de su supervisi\u00f3n. Me encanta todo lo relacionado con la decoraci\u00f3n y el dise\u00f1o. Si quer\u00e9is saber m\u00e1s os dejo mi web: www.periodistasocialmedia.com","sameAs":["http:\/\/www.periodistasocialmedia.com","https:\/\/twitter.com\/http:\/\/www.twitter.com\/inmolber"],"url":"https:\/\/www.delsofa.es\/informacion\/author\/inma\/"}]}},"amp_enabled":true,"_links":{"self":[{"href":"https:\/\/www.delsofa.es\/informacion\/wp-json\/wp\/v2\/posts\/4394"}],"collection":[{"href":"https:\/\/www.delsofa.es\/informacion\/wp-json\/wp\/v2\/posts"}],"about":[{"href":"https:\/\/www.delsofa.es\/informacion\/wp-json\/wp\/v2\/types\/post"}],"author":[{"embeddable":true,"href":"https:\/\/www.delsofa.es\/informacion\/wp-json\/wp\/v2\/users\/3"}],"replies":[{"embeddable":true,"href":"https:\/\/www.delsofa.es\/informacion\/wp-json\/wp\/v2\/comments?post=4394"}],"version-history":[{"count":6,"href":"https:\/\/www.delsofa.es\/informacion\/wp-json\/wp\/v2\/posts\/4394\/revisions"}],"predecessor-version":[{"id":4401,"href":"https:\/\/www.delsofa.es\/informacion\/wp-json\/wp\/v2\/posts\/4394\/revisions\/4401"}],"wp:attachment":[{"href":"https:\/\/www.delsofa.es\/informacion\/wp-json\/wp\/v2\/media?parent=4394"}],"wp:term":[{"taxonomy":"category","embeddable":true,"href":"https:\/\/www.delsofa.es\/informacion\/wp-json\/wp\/v2\/categories?post=4394"},{"taxonomy":"post_tag","embeddable":true,"href":"https:\/\/www.delsofa.es\/informacion\/wp-json\/wp\/v2\/tags?post=4394"}],"curies":[{"name":"wp","href":"https:\/\/api.w.org\/{rel}","templated":true}]}}