{"id":445,"date":"2013-06-04T09:26:42","date_gmt":"2013-06-04T09:26:42","guid":{"rendered":"https:\/\/www.delsofa.es\/informacion\/?p=445"},"modified":"2014-07-17T10:37:47","modified_gmt":"2014-07-17T10:37:47","slug":"factores-a-tener-en-cuenta-en-la-compra-de-un-chaise-longue","status":"publish","type":"post","link":"https:\/\/www.delsofa.es\/informacion\/factores-a-tener-en-cuenta-en-la-compra-de-un-chaise-longue\/","title":{"rendered":"Factores a tener en cuenta en la compra de un chaise longue"},"content":{"rendered":"<p dir=\"ltr\" style=\"text-align: justify;\">Cuando nos enfrentamos a la decisi\u00f3n de comprar un sof\u00e1, una de las m\u00faltiples posibilidades que encontramos en el mercado son los denominados <strong>chaise longue, que ofrecen un valor a\u00f1adido de comodidad y dise\u00f1o<\/strong>. En este post os vamos a hablar de las distintas posibilidades que ofrece este tipo de distribuci\u00f3n.<b><b>\u00a0<\/b><\/b><\/p>\n<p dir=\"ltr\" style=\"text-align: justify;\">A la hora de comprar un chaise longue hay <strong>cuatro factores importantes<\/strong> que deben tenerse en cuenta, son: la <strong>comodidad, las dimensiones, el dise\u00f1o y los extras<\/strong> a a\u00f1adir a la pieza. No deb\u00e9is olvidar que los chaise longue tienen una forma muy particular y es muy importante que \u00e9sta se ajuste perfectamente a nuestro sal\u00f3n o a la habitaci\u00f3n donde vamos a colocarlo. Para no hacer un escrito \u00abinfinito\u00bb os hablar\u00e9 de <strong>todos los posibles extras<\/strong> en la siguiente publicaci\u00f3n. Uffff! os he librado de una \u00abmaster-class\u00bb.<\/p>\n<p style=\"text-align: justify;\"><span style=\"font-size: 120%; color: #993366;\">Comodidad<\/span><\/p>\n<p dir=\"ltr\" style=\"text-align: justify;\">La comodidad, al igual que ocurre con cualquier otro tipo de sof\u00e1s, depender\u00e1 fundamentalmente del <strong>tipo de relleno de los asientos y de los respaldos de la chaise longue<\/strong>. Os recomiendo que consult\u00e9is nuestros art\u00edculos anteriores sobre <a title=\"Tipos de rellenos o acolchados de un sof\u00e1\" href=\"https:\/\/www.delsofa.es\/informacion\/tipos-de-rellenos-o-acolchados-en-sofas\/ \" target=\"_blank\">rellenos y acolchados de un sof\u00e1<\/a> y sobre <a title=\"C\u00f3mo saber si un sof\u00e1 es c\u00f3modo\" href=\"https:\/\/www.delsofa.es\/informacion\/como-saber-si-un-sofa-es-comodo\/ \" target=\"_blank\">c\u00f3mo saber si un sof\u00e1 es c\u00f3modo<\/a> con solo mirarlo. Os pueden ayudar a elegir el modelo de chaise longue que mejor se amolda a vuestras necesidades y gustos.<\/p>\n<p dir=\"ltr\" style=\"text-align: justify;\"><a href=\"https:\/\/www.delsofa.es\/chaise-longue-noelia.php\" target=\"_blank\"><img decoding=\"async\" loading=\"lazy\" class=\"aligncenter wp-image-3673 size-full\" title=\"Saber m\u00e1s de la chaise longue Noellia en la web Delsofa.es\" src=\"https:\/\/www.delsofa.es\/informacion\/wp-content\/uploads\/2014\/07\/Sof\u00e1-blando-Noelia-e1405530867157.jpg\" alt=\"Sof\u00e1 blando\" width=\"584\" height=\"235\" \/><\/a><\/p>\n<p style=\"text-align: justify;\"><span style=\"font-size: 120%; color: #993366;\">Dimensiones<\/span><\/p>\n<p dir=\"ltr\" style=\"text-align: justify;\">Normalmente <strong>los chaise longue ocupan m\u00e1s espacio que los sof\u00e1s tradicionales<\/strong>, por lo que es muy importante conocer las medidas del sal\u00f3n para poder elegir una pieza que encaje en \u00e9l. Deb\u00e9is evitar tener sensaci\u00f3n de agobio cuando entr\u00e1is en el sal\u00f3n, pensad que es una de las habitaciones de la casa destinadas al descanso, ocio y relax.<\/p>\n<p dir=\"ltr\" style=\"text-align: justify;\">La gran mayor\u00eda de los chaise longue tienen un ancho que va de los 2,5 metros hasta los 3 metros, un alto de entre 90 cm y 1,20 metros y un fondo de entre 1,60 metros a 1,80 metros, en su parte m\u00e1s larga.<b><b>\u00a0Os recomendamos que antes de comprarlo, hag\u00e1is un <\/b><\/b><strong>dibujo sencillo y a mano<\/strong> de c\u00f3mo quedar\u00eda en vuestro sal\u00f3n, para que os asegur\u00e9is de que los <strong>espacios de paso<\/strong> ser\u00e1n suficientes.<\/p>\n<p dir=\"ltr\" style=\"text-align: justify;\"><a href=\"#\" target=\"_blank\"><img decoding=\"async\" loading=\"lazy\" class=\"aligncenter wp-image-1671 size-full\" title=\"Saber m\u00e1s e la chaise longue modular Bely en la web de Delsofa.es\" src=\"https:\/\/www.delsofa.es\/informacion\/wp-content\/uploads\/2013\/12\/Sofa-Modular-Bely.jpg\" alt=\"Sofa-Modular-Bely\" width=\"520\" height=\"400\" srcset=\"https:\/\/www.delsofa.es\/informacion\/wp-content\/uploads\/2013\/12\/Sofa-Modular-Bely.jpg 520w, https:\/\/www.delsofa.es\/informacion\/wp-content\/uploads\/2013\/12\/Sofa-Modular-Bely-300x230.jpg 300w, https:\/\/www.delsofa.es\/informacion\/wp-content\/uploads\/2013\/12\/Sofa-Modular-Bely-390x300.jpg 390w\" sizes=\"(max-width: 520px) 100vw, 520px\" \/><\/a><\/p>\n<p style=\"text-align: justify;\"><span style=\"font-size: 120%; color: #993366;\">Dise\u00f1o<\/span><\/p>\n<p dir=\"ltr\" style=\"text-align: justify;\">Aunque <strong>la distribuci\u00f3n m\u00e1s habitual suele estar compuesta por 2 plazas m\u00e1s chaise longue<\/strong>, se pueden encontrar <strong>piezas m\u00e1s grandes<\/strong>, ideales para una casa con muchos miembros en la familia -3 \u00f3 4 plazas m\u00e1s chaise longue- o <strong>piezas m\u00e1s peque\u00f1as<\/strong>, que encajan en salones m\u00e1s peque\u00f1os o en casa de solteros o parejas sin hijos (1 plaza m\u00e1s chaise longue). Por tanto, aunque vuestro sal\u00f3n sea peque\u00f1o no ten\u00e9is porqu\u00e9 privaros de la comodidad y la est\u00e9tica de esta pieza tan especial.<\/p>\n<p dir=\"ltr\" style=\"text-align: justify;\">Nuestra experiencia en la venta de chaise longues nos dice que uno de los factores a tener m\u00e1s en cuenta a la hora de optar por el dise\u00f1o de un chaise longue es <strong>decidir el lado donde colocaremos la parte m\u00e1s larga <\/strong>(el m\u00f3dulo chaise longue). Deber\u00e9is tener en cuenta la disposici\u00f3n de los muebles y la forma y medidas de vuestro sal\u00f3n.<\/p>\n<p dir=\"ltr\" style=\"text-align: justify;\"><a href=\"https:\/\/www.delsofa.es\/chaise-longue-theo.php\" target=\"_blank\"><img decoding=\"async\" loading=\"lazy\" class=\"aligncenter wp-image-3649 size-full\" title=\"Saber m\u00e1s de la chaise longue convertible en cama Theo en la web Delsofa.es\" src=\"https:\/\/www.delsofa.es\/informacion\/wp-content\/uploads\/2013\/01\/THEO_chaiselonque_0_0.jpg\" alt=\"THEO_chaiselonque_0_0\" width=\"584\" height=\"345\" srcset=\"https:\/\/www.delsofa.es\/informacion\/wp-content\/uploads\/2013\/01\/THEO_chaiselonque_0_0.jpg 584w, https:\/\/www.delsofa.es\/informacion\/wp-content\/uploads\/2013\/01\/THEO_chaiselonque_0_0-300x177.jpg 300w, https:\/\/www.delsofa.es\/informacion\/wp-content\/uploads\/2013\/01\/THEO_chaiselonque_0_0-500x295.jpg 500w\" sizes=\"(max-width: 584px) 100vw, 584px\" \/><\/a><\/p>\n<p dir=\"ltr\" style=\"text-align: justify;\">Os recuerdo que en <strong>nuestra tienda online Delsof\u00e1.es pod\u00e9is <a href=\"https:\/\/www.delsofa.es\/chaise-longues.php\" target=\"_blank\">elegir el chaise longue<\/a><\/strong> con el dise\u00f1o, las medidas, distribuci\u00f3n, rellenos, estructuras que m\u00e1s se adecue a vuestros gustos y necesidades. Adem\u00e1s, si os gusta un modelo que est\u00e9 en otra secci\u00f3n distinta a la de nuestros chaise longue, lo podemos fabricar con el dise\u00f1o y forma de \u00e9stos.<\/p>\n<p dir=\"ltr\" style=\"text-align: justify;\">Tambi\u00e9n\u00a0<strong>pod\u00e9is probar todos nuestros chaise longue<\/strong> con toda la confianza y sin ning\u00fan compromiso en las m\u00e1s de 160 tiendas f\u00edsicas que tenemos repartidas por toda Espa\u00f1a. Aqu\u00ed os dejamos un enlace a\u00a0nuestro\u00a0<a title=\"Tienda online de chaise longue\" href=\"https:\/\/www.delsofa.es\/tiendas-chaise-longue.php?utm_source=smm&amp;utm_medium=linkb&amp;utm_campaign=blog\" target=\"_blank\">directorio de tiendas de chaise longue<\/a>.<\/p>\n<p style=\"text-align: justify;\">Para cualquier duda, nuestro personal especializado est\u00e1 encantado de atenderte en nuestro <strong>tel\u00e9fono gratuito de atenci\u00f3n al cliente<\/strong> 900.701.086 en horario de 8 de la ma\u00f1ana a 8 de la tarde.<\/p>\n","protected":false},"excerpt":{"rendered":"<p>Cuando nos enfrentamos a la decisi\u00f3n de comprar un sof\u00e1, una de las m\u00faltiples posibilidades que encontramos en el mercado son los denominados chaise longue, que ofrecen un valor a\u00f1adido de comodidad y dise\u00f1o. En este post os vamos a &hellip; <a href=\"https:\/\/www.delsofa.es\/informacion\/factores-a-tener-en-cuenta-en-la-compra-de-un-chaise-longue\/\">Sigue leyendo <span class=\"meta-nav\">&rarr;<\/span><\/a><\/p>\n","protected":false},"author":3,"featured_media":0,"comment_status":"open","ping_status":"open","sticky":false,"template":"","format":"standard","meta":[],"categories":[135,359,577],"tags":[131,125,134,122,1211,104,1212,130,127,126,123,124,133,129,128,1387,1213],"yoast_head":"<!-- This site is optimized with the Yoast SEO plugin v18.6 - https:\/\/yoast.com\/wordpress\/plugins\/seo\/ -->\n<title>Factores a tener en cuenta en la compra de un chaise longue<\/title>\n<meta name=\"description\" content=\"Te explicamos qu\u00e9 modelos de chaise longue encontrar\u00e1s en el mercado y qu\u00e9 opciones de extras, as\u00ed como consejos para una buena compra online o en tienda.\" \/>\n<meta name=\"robots\" content=\"index, follow, max-snippet:-1, max-image-preview:large, max-video-preview:-1\" \/>\n<link rel=\"canonical\" href=\"https:\/\/www.delsofa.es\/informacion\/factores-a-tener-en-cuenta-en-la-compra-de-un-chaise-longue\/\" \/>\n<meta name=\"twitter:card\" content=\"summary_large_image\" \/>\n<meta name=\"twitter:title\" content=\"Factores a tener en cuenta en la compra de un chaise longue\" \/>\n<meta name=\"twitter:description\" content=\"Te explicamos qu\u00e9 modelos de chaise longue encontrar\u00e1s en el mercado y qu\u00e9 opciones de extras, as\u00ed como consejos para una buena compra online o en tienda.\" \/>\n<meta name=\"twitter:image\" content=\"https:\/\/www.delsofa.es\/informacion\/wp-content\/uploads\/2013\/12\/Sofa-Modular-Bely.jpg\" \/>\n<meta name=\"twitter:creator\" content=\"@http:\/\/www.twitter.com\/inmolber\" \/>\n<meta name=\"twitter:site\" content=\"@delsofaES\" \/>\n<meta name=\"twitter:label1\" content=\"Escrito por\" \/>\n\t<meta name=\"twitter:data1\" content=\"Inma Molt\u00f3\" \/>\n\t<meta name=\"twitter:label2\" content=\"Tiempo de lectura\" \/>\n\t<meta name=\"twitter:data2\" content=\"3 minutos\" \/>\n<script type=\"application\/ld+json\" class=\"yoast-schema-graph\">{\"@context\":\"https:\/\/schema.org\",\"@graph\":[{\"@type\":\"WebSite\",\"@id\":\"https:\/\/www.delsofa.es\/informacion\/#website\",\"url\":\"https:\/\/www.delsofa.es\/informacion\/\",\"name\":\"\",\"description\":\"\",\"potentialAction\":[{\"@type\":\"SearchAction\",\"target\":{\"@type\":\"EntryPoint\",\"urlTemplate\":\"https:\/\/www.delsofa.es\/informacion\/?s={search_term_string}\"},\"query-input\":\"required name=search_term_string\"}],\"inLanguage\":\"es\"},{\"@type\":\"ImageObject\",\"@id\":\"https:\/\/www.delsofa.es\/informacion\/factores-a-tener-en-cuenta-en-la-compra-de-un-chaise-longue\/#primaryimage\",\"inLanguage\":\"es\",\"url\":\"https:\/\/www.delsofa.es\/informacion\/wp-content\/uploads\/2013\/12\/Sofa-Modular-Bely.jpg\",\"contentUrl\":\"https:\/\/www.delsofa.es\/informacion\/wp-content\/uploads\/2013\/12\/Sofa-Modular-Bely.jpg\",\"width\":520,\"height\":400},{\"@type\":\"WebPage\",\"@id\":\"https:\/\/www.delsofa.es\/informacion\/factores-a-tener-en-cuenta-en-la-compra-de-un-chaise-longue\/#webpage\",\"url\":\"https:\/\/www.delsofa.es\/informacion\/factores-a-tener-en-cuenta-en-la-compra-de-un-chaise-longue\/\",\"name\":\"Factores a tener en cuenta en la compra de un chaise longue\",\"isPartOf\":{\"@id\":\"https:\/\/www.delsofa.es\/informacion\/#website\"},\"primaryImageOfPage\":{\"@id\":\"https:\/\/www.delsofa.es\/informacion\/factores-a-tener-en-cuenta-en-la-compra-de-un-chaise-longue\/#primaryimage\"},\"datePublished\":\"2013-06-04T09:26:42+00:00\",\"dateModified\":\"2014-07-17T10:37:47+00:00\",\"author\":{\"@id\":\"https:\/\/www.delsofa.es\/informacion\/#\/schema\/person\/904d00808e282031a3b11f51524d259c\"},\"description\":\"Te explicamos qu\u00e9 modelos de chaise longue encontrar\u00e1s en el mercado y qu\u00e9 opciones de extras, as\u00ed como consejos para una buena compra online o en tienda.\",\"breadcrumb\":{\"@id\":\"https:\/\/www.delsofa.es\/informacion\/factores-a-tener-en-cuenta-en-la-compra-de-un-chaise-longue\/#breadcrumb\"},\"inLanguage\":\"es\",\"potentialAction\":[{\"@type\":\"ReadAction\",\"target\":[\"https:\/\/www.delsofa.es\/informacion\/factores-a-tener-en-cuenta-en-la-compra-de-un-chaise-longue\/\"]}]},{\"@type\":\"BreadcrumbList\",\"@id\":\"https:\/\/www.delsofa.es\/informacion\/factores-a-tener-en-cuenta-en-la-compra-de-un-chaise-longue\/#breadcrumb\",\"itemListElement\":[{\"@type\":\"ListItem\",\"position\":1,\"name\":\"Portada\",\"item\":\"https:\/\/www.delsofa.es\/informacion\/\"},{\"@type\":\"ListItem\",\"position\":2,\"name\":\"Factores a tener en cuenta en la compra de un chaise longue\"}]},{\"@type\":\"Person\",\"@id\":\"https:\/\/www.delsofa.es\/informacion\/#\/schema\/person\/904d00808e282031a3b11f51524d259c\",\"name\":\"Inma Molt\u00f3\",\"image\":{\"@type\":\"ImageObject\",\"@id\":\"https:\/\/www.delsofa.es\/informacion\/#personlogo\",\"inLanguage\":\"es\",\"url\":\"https:\/\/secure.gravatar.com\/avatar\/6411caf208a31a6dd0c4c353341facb7?s=96&d=mm&r=g\",\"contentUrl\":\"https:\/\/secure.gravatar.com\/avatar\/6411caf208a31a6dd0c4c353341facb7?s=96&d=mm&r=g\",\"caption\":\"Inma Molt\u00f3\"},\"description\":\"Soy periodista, community manager y formadora en redes sociales. Desde enero de 2013 escribo en el Blog Delsofa y actualmente tambi\u00e9n me encargo de su supervisi\u00f3n. Me encanta todo lo relacionado con la decoraci\u00f3n y el dise\u00f1o. Si quer\u00e9is saber m\u00e1s os dejo mi web: www.periodistasocialmedia.com\",\"sameAs\":[\"http:\/\/www.periodistasocialmedia.com\",\"https:\/\/twitter.com\/http:\/\/www.twitter.com\/inmolber\"],\"url\":\"https:\/\/www.delsofa.es\/informacion\/author\/inma\/\"}]}<\/script>\n<!-- \/ Yoast SEO plugin. -->","yoast_head_json":{"title":"Factores a tener en cuenta en la compra de un chaise longue","description":"Te explicamos qu\u00e9 modelos de chaise longue encontrar\u00e1s en el mercado y qu\u00e9 opciones de extras, as\u00ed como consejos para una buena compra online o en tienda.","robots":{"index":"index","follow":"follow","max-snippet":"max-snippet:-1","max-image-preview":"max-image-preview:large","max-video-preview":"max-video-preview:-1"},"canonical":"https:\/\/www.delsofa.es\/informacion\/factores-a-tener-en-cuenta-en-la-compra-de-un-chaise-longue\/","twitter_card":"summary_large_image","twitter_title":"Factores a tener en cuenta en la compra de un chaise longue","twitter_description":"Te explicamos qu\u00e9 modelos de chaise longue encontrar\u00e1s en el mercado y qu\u00e9 opciones de extras, as\u00ed como consejos para una buena compra online o en tienda.","twitter_image":"https:\/\/www.delsofa.es\/informacion\/wp-content\/uploads\/2013\/12\/Sofa-Modular-Bely.jpg","twitter_creator":"@http:\/\/www.twitter.com\/inmolber","twitter_site":"@delsofaES","twitter_misc":{"Escrito por":"Inma Molt\u00f3","Tiempo de lectura":"3 minutos"},"schema":{"@context":"https:\/\/schema.org","@graph":[{"@type":"WebSite","@id":"https:\/\/www.delsofa.es\/informacion\/#website","url":"https:\/\/www.delsofa.es\/informacion\/","name":"","description":"","potentialAction":[{"@type":"SearchAction","target":{"@type":"EntryPoint","urlTemplate":"https:\/\/www.delsofa.es\/informacion\/?s={search_term_string}"},"query-input":"required name=search_term_string"}],"inLanguage":"es"},{"@type":"ImageObject","@id":"https:\/\/www.delsofa.es\/informacion\/factores-a-tener-en-cuenta-en-la-compra-de-un-chaise-longue\/#primaryimage","inLanguage":"es","url":"https:\/\/www.delsofa.es\/informacion\/wp-content\/uploads\/2013\/12\/Sofa-Modular-Bely.jpg","contentUrl":"https:\/\/www.delsofa.es\/informacion\/wp-content\/uploads\/2013\/12\/Sofa-Modular-Bely.jpg","width":520,"height":400},{"@type":"WebPage","@id":"https:\/\/www.delsofa.es\/informacion\/factores-a-tener-en-cuenta-en-la-compra-de-un-chaise-longue\/#webpage","url":"https:\/\/www.delsofa.es\/informacion\/factores-a-tener-en-cuenta-en-la-compra-de-un-chaise-longue\/","name":"Factores a tener en cuenta en la compra de un chaise longue","isPartOf":{"@id":"https:\/\/www.delsofa.es\/informacion\/#website"},"primaryImageOfPage":{"@id":"https:\/\/www.delsofa.es\/informacion\/factores-a-tener-en-cuenta-en-la-compra-de-un-chaise-longue\/#primaryimage"},"datePublished":"2013-06-04T09:26:42+00:00","dateModified":"2014-07-17T10:37:47+00:00","author":{"@id":"https:\/\/www.delsofa.es\/informacion\/#\/schema\/person\/904d00808e282031a3b11f51524d259c"},"description":"Te explicamos qu\u00e9 modelos de chaise longue encontrar\u00e1s en el mercado y qu\u00e9 opciones de extras, as\u00ed como consejos para una buena compra online o en tienda.","breadcrumb":{"@id":"https:\/\/www.delsofa.es\/informacion\/factores-a-tener-en-cuenta-en-la-compra-de-un-chaise-longue\/#breadcrumb"},"inLanguage":"es","potentialAction":[{"@type":"ReadAction","target":["https:\/\/www.delsofa.es\/informacion\/factores-a-tener-en-cuenta-en-la-compra-de-un-chaise-longue\/"]}]},{"@type":"BreadcrumbList","@id":"https:\/\/www.delsofa.es\/informacion\/factores-a-tener-en-cuenta-en-la-compra-de-un-chaise-longue\/#breadcrumb","itemListElement":[{"@type":"ListItem","position":1,"name":"Portada","item":"https:\/\/www.delsofa.es\/informacion\/"},{"@type":"ListItem","position":2,"name":"Factores a tener en cuenta en la compra de un chaise longue"}]},{"@type":"Person","@id":"https:\/\/www.delsofa.es\/informacion\/#\/schema\/person\/904d00808e282031a3b11f51524d259c","name":"Inma Molt\u00f3","image":{"@type":"ImageObject","@id":"https:\/\/www.delsofa.es\/informacion\/#personlogo","inLanguage":"es","url":"https:\/\/secure.gravatar.com\/avatar\/6411caf208a31a6dd0c4c353341facb7?s=96&d=mm&r=g","contentUrl":"https:\/\/secure.gravatar.com\/avatar\/6411caf208a31a6dd0c4c353341facb7?s=96&d=mm&r=g","caption":"Inma Molt\u00f3"},"description":"Soy periodista, community manager y formadora en redes sociales. Desde enero de 2013 escribo en el Blog Delsofa y actualmente tambi\u00e9n me encargo de su supervisi\u00f3n. Me encanta todo lo relacionado con la decoraci\u00f3n y el dise\u00f1o. Si quer\u00e9is saber m\u00e1s os dejo mi web: www.periodistasocialmedia.com","sameAs":["http:\/\/www.periodistasocialmedia.com","https:\/\/twitter.com\/http:\/\/www.twitter.com\/inmolber"],"url":"https:\/\/www.delsofa.es\/informacion\/author\/inma\/"}]}},"amp_enabled":true,"_links":{"self":[{"href":"https:\/\/www.delsofa.es\/informacion\/wp-json\/wp\/v2\/posts\/445"}],"collection":[{"href":"https:\/\/www.delsofa.es\/informacion\/wp-json\/wp\/v2\/posts"}],"about":[{"href":"https:\/\/www.delsofa.es\/informacion\/wp-json\/wp\/v2\/types\/post"}],"author":[{"embeddable":true,"href":"https:\/\/www.delsofa.es\/informacion\/wp-json\/wp\/v2\/users\/3"}],"replies":[{"embeddable":true,"href":"https:\/\/www.delsofa.es\/informacion\/wp-json\/wp\/v2\/comments?post=445"}],"version-history":[{"count":39,"href":"https:\/\/www.delsofa.es\/informacion\/wp-json\/wp\/v2\/posts\/445\/revisions"}],"predecessor-version":[{"id":3678,"href":"https:\/\/www.delsofa.es\/informacion\/wp-json\/wp\/v2\/posts\/445\/revisions\/3678"}],"wp:attachment":[{"href":"https:\/\/www.delsofa.es\/informacion\/wp-json\/wp\/v2\/media?parent=445"}],"wp:term":[{"taxonomy":"category","embeddable":true,"href":"https:\/\/www.delsofa.es\/informacion\/wp-json\/wp\/v2\/categories?post=445"},{"taxonomy":"post_tag","embeddable":true,"href":"https:\/\/www.delsofa.es\/informacion\/wp-json\/wp\/v2\/tags?post=445"}],"curies":[{"name":"wp","href":"https:\/\/api.w.org\/{rel}","templated":true}]}}