{"id":4705,"date":"2017-11-14T12:10:15","date_gmt":"2017-11-14T12:10:15","guid":{"rendered":"https:\/\/www.delsofa.es\/informacion\/?p=4705"},"modified":"2017-11-14T12:10:15","modified_gmt":"2017-11-14T12:10:15","slug":"tienda-de-sofas-en-elche-alicante-muebles-el-rebajon","status":"publish","type":"post","link":"https:\/\/www.delsofa.es\/informacion\/tienda-de-sofas-en-elche-alicante-muebles-el-rebajon\/","title":{"rendered":"Tienda de sof\u00e1s en Elche (Alicante): Muebles El Rebaj\u00f3n"},"content":{"rendered":"<p style=\"text-align: justify;\">Si vives en Alicante o provincia y quieres <strong>probar nuestros sof\u00e1s<\/strong>, sof\u00e1s cama, sillones, Chaise longue, productos de tapicer\u00eda, puedes hacerlo en nuestra tienda de sof\u00e1s en Elche, <a href=\"https:\/\/www.delsofa.es\/tiendas-de-sofas-y-sillones-alicante\/muebles-el-rebajon-elche.php\" target=\"_blank\" rel=\"noopener\">Muebles El Rebaj\u00f3n<\/a>. Puedes comprarlos al mejor precio.<\/p>\n<p style=\"text-align: justify;\">En Muebles El Rebaj\u00f3n son <strong>especialistas en muebles baratos<\/strong>. Tienes un gran cat\u00e1logo de muebles para elegir. Adem\u00e1s puedes probar en su zona de exposici\u00f3n de muebles tapizados, el cat\u00e1logo online de Delsofa. Vis\u00edtales sin compromiso.<\/p>\n<p><img decoding=\"async\" loading=\"lazy\" class=\"aligncenter wp-image-4706 size-full\" title=\"Tienda de sof\u00e1s en Elche (Alicante): Muebles El Rebaj\u00f3n\" src=\"https:\/\/www.delsofa.es\/informacion\/wp-content\/uploads\/2017\/11\/rebajon-elche.jpg\" alt=\"Tienda de sof\u00e1s en Elche (Alicante): Muebles El Rebaj\u00f3n\" width=\"557\" height=\"407\" srcset=\"https:\/\/www.delsofa.es\/informacion\/wp-content\/uploads\/2017\/11\/rebajon-elche.jpg 557w, https:\/\/www.delsofa.es\/informacion\/wp-content\/uploads\/2017\/11\/rebajon-elche-300x219.jpg 300w, https:\/\/www.delsofa.es\/informacion\/wp-content\/uploads\/2017\/11\/rebajon-elche-411x300.jpg 411w\" sizes=\"(max-width: 557px) 100vw, 557px\" \/><!--more--><\/p>\n<p style=\"text-align: justify;\">Muebles El Rebaj\u00f3n Elche est\u00e1 abierto al p\u00fablico de lunes a s\u00e1bado de 10 a 14 horas y de 17 a 21 horas. Est\u00e1 situada en en la <strong>carretera Elche a Crevillente, en el Pol\u00edgono Llano San Jos\u00e9<\/strong>, junto al centro comerical L\u2019Aljub, justo en frente de MediaMarkt y Carrefour.<\/p>\n<p style=\"text-align: justify;\">Su personal experto en muebles de todo tipo y tapicer\u00eda te aconseja sin coste alguno sobre <strong>el mejor sof\u00e1, sof\u00e1 cama, sill\u00f3n, chaise longue que se adapte a tu hogar<\/strong> y a tus necesidades. Tiene para todo tipo de presupuestos.<\/p>\n<p style=\"text-align: justify;\">En <a href=\"http:\/\/www.muebleselrebajon.com\/\" target=\"_blank\" rel=\"noopener\">Muebles El Rebaj\u00f3n<\/a> son especialistas en muebles baratos, de la <strong>mejor relaci\u00f3n calidad precio<\/strong>. Puedes aprovechar para amueblar tu hogar por completo y disfrutar de sus incre\u00edbles descuentos: para padres primerizos, familias numerosas, reci\u00e9n casados, mayores de 65 a\u00f1os, para ahorradores, funcionarios. Adem\u00e1s te ofrecen todos los meses grandes \u201cchollazos\u201d.<\/p>\n<p style=\"text-align: justify;\">Si quieres estar informado de todas sus novedades, descuentos, promociones, os animamos a seguirles en su <strong>perfiles sociales<\/strong>: <a href=\"https:\/\/www.facebook.com\/muebleselrebajon\" target=\"_blank\" rel=\"noopener\">Facebook Muebles El Rebaj\u00f3n<\/a>, Twitter <a href=\"https:\/\/twitter.com\/@mueblesrebajon\" target=\"_blank\" rel=\"noopener\">@mueblesrebajon<\/a>.<\/p>\n<p style=\"text-align: justify;\">En sus instalaciones puedes ver en exposici\u00f3n una<strong> gran cantidad de muebles para las distintas estancias del hogar<\/strong>: dormitorio principal, juveniles, dormitorio de invitados, muebles de sal\u00f3n, muebles auxiliares. Adem\u00e1s de nuestros, sof\u00e1s, sillones, sof\u00e1s cama, chaise longue y equipos de descanso, con colchones, canap\u00e9s, almohadas, somieres, bases tapizadas.<\/p>\n<p style=\"text-align: justify;\">A su amplio cat\u00e1logo se unen una gran cantidad de <strong>servicios a\u00f1adidos<\/strong> que hacen de tu experiencia de compra algo excepcional. Disfrutar\u00e1s de montaje e instalaci\u00f3n gratis, en la habitaci\u00f3n o estancia del hogar que quieras, garant\u00eda de fabricaci\u00f3n, montadores expertos, formas de pago adaptadas a tus posibilidades, que incluyen el pago a plazo y la financiaci\u00f3n gratuita.<\/p>\n<h2><span style=\"font-size: 120%; color: #993366;\">Tu tienda Delsofa te espera con los mejores precios<\/span><\/h2>\n<p style=\"text-align: justify;\">En Delsof\u00e1 tenemos presencia f\u00edsica en todo el territorio espa\u00f1ol, con <strong>m\u00e1s de 160 tiendas oficiales y distribuidores autorizados<\/strong> dondes puedes probar y si quieres comprar nuestros sof\u00e1s, sof\u00e1s cama, sillones, chaise longue, a la venta en la tienda online.<\/p>\n<p style=\"text-align: justify;\">Saber qu\u00e9 tienda Delsof\u00e1 est\u00e1 mas cerca de ti, es muy sencillo con nuestro <strong>Buscador de tiendas<\/strong>. En la web delsofa.es, ver\u00e1s una pesta\u00f1a en la esquina superior derecha con el texto \u201cTiendas F\u00edsicas\u201d, al visitar este enlace, accedes directamente al buscador.<\/p>\n<p><img decoding=\"async\" loading=\"lazy\" class=\"aligncenter wp-image-4071 size-full\" title=\"Buscador de tiendas Delsof\u00e1\" src=\"https:\/\/www.delsofa.es\/informacion\/wp-content\/uploads\/2014\/08\/buscador-alicante.jpg\" alt=\"Tienda de sof\u00e1s en Elche\" width=\"584\" height=\"619\" srcset=\"https:\/\/www.delsofa.es\/informacion\/wp-content\/uploads\/2014\/08\/buscador-alicante.jpg 584w, https:\/\/www.delsofa.es\/informacion\/wp-content\/uploads\/2014\/08\/buscador-alicante-283x300.jpg 283w\" sizes=\"(max-width: 584px) 100vw, 584px\" \/><\/p>\n<p style=\"text-align: justify;\">En el buscador debes <strong>elegir tu provincia en el desplegable<\/strong>. Si vives en le l\u00edmite de varias regiones, puedes elegirlas todas y ver\u00e1s las tiendas que se sit\u00faan en cada una de ellas. Cuando accedes al listado de tiendas, visita su ficha, haciendo clic sobre el nombre de cada establecimiento.<\/p>\n<p style=\"text-align: justify;\">En la ficha de tienda te damos informaci\u00f3n sobre ella: direcci\u00f3n, tel\u00e9fono, email, horario comercial, web, localizaci\u00f3n en Google Maps, ruta m\u00e1s r\u00e1pida desde tu origen\u2026 Adem\u00e1s puedes rellenar el formulario y tu consulta llegar\u00e1 directamente a su personal.<\/p>\n<p style=\"text-align: justify;\">Si necesitas contactar con el departamento de atenci\u00f3n al cliente de Delsof\u00e1 llama al <strong>tel\u00e9fono gratuito 900.701.086<\/strong>, de lunes a viernes de 8 a 20 horas, o deja un comentario en este post y te responderemos.<\/p>\n","protected":false},"excerpt":{"rendered":"<p>Si vives en Alicante o provincia y quieres probar nuestros sof\u00e1s, sof\u00e1s cama, sillones, Chaise longue, productos de tapicer\u00eda, puedes hacerlo en nuestra tienda de sof\u00e1s en Elche, Muebles El Rebaj\u00f3n. Puedes comprarlos al mejor precio. En Muebles El Rebaj\u00f3n &hellip; <a href=\"https:\/\/www.delsofa.es\/informacion\/tienda-de-sofas-en-elche-alicante-muebles-el-rebajon\/\">Sigue leyendo <span class=\"meta-nav\">&rarr;<\/span><\/a><\/p>\n","protected":false},"author":3,"featured_media":0,"comment_status":"open","ping_status":"open","sticky":false,"template":"","format":"standard","meta":[],"categories":[204],"tags":[1459,122,1508,1458,1367,1387,42,580,1502,1484,1507,1485],"yoast_head":"<!-- This site is optimized with the Yoast SEO plugin v18.6 - https:\/\/yoast.com\/wordpress\/plugins\/seo\/ -->\n<title>Tienda de sof\u00e1s en Elche (Alicante): Muebles El Rebaj\u00f3n<\/title>\n<meta name=\"description\" content=\"Visita nuestra tienda de sof\u00e1s en Elche Muebles El Rebaj\u00f3n y prueba nuestros sof\u00e1s, sof\u00e1s cama, sillones, chaise longue. Amuebla tu hogar al mejor precio.\" \/>\n<meta name=\"robots\" content=\"index, follow, max-snippet:-1, max-image-preview:large, max-video-preview:-1\" \/>\n<link rel=\"canonical\" href=\"https:\/\/www.delsofa.es\/informacion\/tienda-de-sofas-en-elche-alicante-muebles-el-rebajon\/\" \/>\n<meta name=\"twitter:card\" content=\"summary_large_image\" \/>\n<meta name=\"twitter:title\" content=\"Tienda de sof\u00e1s en Elche (Alicante): Muebles El Rebaj\u00f3n\" \/>\n<meta name=\"twitter:description\" content=\"Visita nuestra tienda de sof\u00e1s en Elche Muebles El Rebaj\u00f3n y prueba nuestros sof\u00e1s, sof\u00e1s cama, sillones, chaise longue. Amuebla tu hogar al mejor precio.\" \/>\n<meta name=\"twitter:image\" content=\"https:\/\/www.delsofa.es\/informacion\/wp-content\/uploads\/2017\/11\/rebajon-elche.jpg\" \/>\n<meta name=\"twitter:creator\" content=\"@http:\/\/www.twitter.com\/inmolber\" \/>\n<meta name=\"twitter:site\" content=\"@delsofaES\" \/>\n<meta name=\"twitter:label1\" content=\"Escrito por\" \/>\n\t<meta name=\"twitter:data1\" content=\"Inma Molt\u00f3\" \/>\n\t<meta name=\"twitter:label2\" content=\"Tiempo de lectura\" \/>\n\t<meta name=\"twitter:data2\" content=\"3 minutos\" \/>\n<script type=\"application\/ld+json\" class=\"yoast-schema-graph\">{\"@context\":\"https:\/\/schema.org\",\"@graph\":[{\"@type\":\"WebSite\",\"@id\":\"https:\/\/www.delsofa.es\/informacion\/#website\",\"url\":\"https:\/\/www.delsofa.es\/informacion\/\",\"name\":\"\",\"description\":\"\",\"potentialAction\":[{\"@type\":\"SearchAction\",\"target\":{\"@type\":\"EntryPoint\",\"urlTemplate\":\"https:\/\/www.delsofa.es\/informacion\/?s={search_term_string}\"},\"query-input\":\"required name=search_term_string\"}],\"inLanguage\":\"es\"},{\"@type\":\"ImageObject\",\"@id\":\"https:\/\/www.delsofa.es\/informacion\/tienda-de-sofas-en-elche-alicante-muebles-el-rebajon\/#primaryimage\",\"inLanguage\":\"es\",\"url\":\"https:\/\/www.delsofa.es\/informacion\/wp-content\/uploads\/2017\/11\/rebajon-elche.jpg\",\"contentUrl\":\"https:\/\/www.delsofa.es\/informacion\/wp-content\/uploads\/2017\/11\/rebajon-elche.jpg\",\"width\":557,\"height\":407},{\"@type\":\"WebPage\",\"@id\":\"https:\/\/www.delsofa.es\/informacion\/tienda-de-sofas-en-elche-alicante-muebles-el-rebajon\/#webpage\",\"url\":\"https:\/\/www.delsofa.es\/informacion\/tienda-de-sofas-en-elche-alicante-muebles-el-rebajon\/\",\"name\":\"Tienda de sof\u00e1s en Elche (Alicante): Muebles El Rebaj\u00f3n\",\"isPartOf\":{\"@id\":\"https:\/\/www.delsofa.es\/informacion\/#website\"},\"primaryImageOfPage\":{\"@id\":\"https:\/\/www.delsofa.es\/informacion\/tienda-de-sofas-en-elche-alicante-muebles-el-rebajon\/#primaryimage\"},\"datePublished\":\"2017-11-14T12:10:15+00:00\",\"dateModified\":\"2017-11-14T12:10:15+00:00\",\"author\":{\"@id\":\"https:\/\/www.delsofa.es\/informacion\/#\/schema\/person\/904d00808e282031a3b11f51524d259c\"},\"description\":\"Visita nuestra tienda de sof\u00e1s en Elche Muebles El Rebaj\u00f3n y prueba nuestros sof\u00e1s, sof\u00e1s cama, sillones, chaise longue. Amuebla tu hogar al mejor precio.\",\"breadcrumb\":{\"@id\":\"https:\/\/www.delsofa.es\/informacion\/tienda-de-sofas-en-elche-alicante-muebles-el-rebajon\/#breadcrumb\"},\"inLanguage\":\"es\",\"potentialAction\":[{\"@type\":\"ReadAction\",\"target\":[\"https:\/\/www.delsofa.es\/informacion\/tienda-de-sofas-en-elche-alicante-muebles-el-rebajon\/\"]}]},{\"@type\":\"BreadcrumbList\",\"@id\":\"https:\/\/www.delsofa.es\/informacion\/tienda-de-sofas-en-elche-alicante-muebles-el-rebajon\/#breadcrumb\",\"itemListElement\":[{\"@type\":\"ListItem\",\"position\":1,\"name\":\"Portada\",\"item\":\"https:\/\/www.delsofa.es\/informacion\/\"},{\"@type\":\"ListItem\",\"position\":2,\"name\":\"Tienda de sof\u00e1s en Elche (Alicante): Muebles El Rebaj\u00f3n\"}]},{\"@type\":\"Person\",\"@id\":\"https:\/\/www.delsofa.es\/informacion\/#\/schema\/person\/904d00808e282031a3b11f51524d259c\",\"name\":\"Inma Molt\u00f3\",\"image\":{\"@type\":\"ImageObject\",\"@id\":\"https:\/\/www.delsofa.es\/informacion\/#personlogo\",\"inLanguage\":\"es\",\"url\":\"https:\/\/secure.gravatar.com\/avatar\/6411caf208a31a6dd0c4c353341facb7?s=96&d=mm&r=g\",\"contentUrl\":\"https:\/\/secure.gravatar.com\/avatar\/6411caf208a31a6dd0c4c353341facb7?s=96&d=mm&r=g\",\"caption\":\"Inma Molt\u00f3\"},\"description\":\"Soy periodista, community manager y formadora en redes sociales. Desde enero de 2013 escribo en el Blog Delsofa y actualmente tambi\u00e9n me encargo de su supervisi\u00f3n. Me encanta todo lo relacionado con la decoraci\u00f3n y el dise\u00f1o. Si quer\u00e9is saber m\u00e1s os dejo mi web: www.periodistasocialmedia.com\",\"sameAs\":[\"http:\/\/www.periodistasocialmedia.com\",\"https:\/\/twitter.com\/http:\/\/www.twitter.com\/inmolber\"],\"url\":\"https:\/\/www.delsofa.es\/informacion\/author\/inma\/\"}]}<\/script>\n<!-- \/ Yoast SEO plugin. -->","yoast_head_json":{"title":"Tienda de sof\u00e1s en Elche (Alicante): Muebles El Rebaj\u00f3n","description":"Visita nuestra tienda de sof\u00e1s en Elche Muebles El Rebaj\u00f3n y prueba nuestros sof\u00e1s, sof\u00e1s cama, sillones, chaise longue. Amuebla tu hogar al mejor precio.","robots":{"index":"index","follow":"follow","max-snippet":"max-snippet:-1","max-image-preview":"max-image-preview:large","max-video-preview":"max-video-preview:-1"},"canonical":"https:\/\/www.delsofa.es\/informacion\/tienda-de-sofas-en-elche-alicante-muebles-el-rebajon\/","twitter_card":"summary_large_image","twitter_title":"Tienda de sof\u00e1s en Elche (Alicante): Muebles El Rebaj\u00f3n","twitter_description":"Visita nuestra tienda de sof\u00e1s en Elche Muebles El Rebaj\u00f3n y prueba nuestros sof\u00e1s, sof\u00e1s cama, sillones, chaise longue. Amuebla tu hogar al mejor precio.","twitter_image":"https:\/\/www.delsofa.es\/informacion\/wp-content\/uploads\/2017\/11\/rebajon-elche.jpg","twitter_creator":"@http:\/\/www.twitter.com\/inmolber","twitter_site":"@delsofaES","twitter_misc":{"Escrito por":"Inma Molt\u00f3","Tiempo de lectura":"3 minutos"},"schema":{"@context":"https:\/\/schema.org","@graph":[{"@type":"WebSite","@id":"https:\/\/www.delsofa.es\/informacion\/#website","url":"https:\/\/www.delsofa.es\/informacion\/","name":"","description":"","potentialAction":[{"@type":"SearchAction","target":{"@type":"EntryPoint","urlTemplate":"https:\/\/www.delsofa.es\/informacion\/?s={search_term_string}"},"query-input":"required name=search_term_string"}],"inLanguage":"es"},{"@type":"ImageObject","@id":"https:\/\/www.delsofa.es\/informacion\/tienda-de-sofas-en-elche-alicante-muebles-el-rebajon\/#primaryimage","inLanguage":"es","url":"https:\/\/www.delsofa.es\/informacion\/wp-content\/uploads\/2017\/11\/rebajon-elche.jpg","contentUrl":"https:\/\/www.delsofa.es\/informacion\/wp-content\/uploads\/2017\/11\/rebajon-elche.jpg","width":557,"height":407},{"@type":"WebPage","@id":"https:\/\/www.delsofa.es\/informacion\/tienda-de-sofas-en-elche-alicante-muebles-el-rebajon\/#webpage","url":"https:\/\/www.delsofa.es\/informacion\/tienda-de-sofas-en-elche-alicante-muebles-el-rebajon\/","name":"Tienda de sof\u00e1s en Elche (Alicante): Muebles El Rebaj\u00f3n","isPartOf":{"@id":"https:\/\/www.delsofa.es\/informacion\/#website"},"primaryImageOfPage":{"@id":"https:\/\/www.delsofa.es\/informacion\/tienda-de-sofas-en-elche-alicante-muebles-el-rebajon\/#primaryimage"},"datePublished":"2017-11-14T12:10:15+00:00","dateModified":"2017-11-14T12:10:15+00:00","author":{"@id":"https:\/\/www.delsofa.es\/informacion\/#\/schema\/person\/904d00808e282031a3b11f51524d259c"},"description":"Visita nuestra tienda de sof\u00e1s en Elche Muebles El Rebaj\u00f3n y prueba nuestros sof\u00e1s, sof\u00e1s cama, sillones, chaise longue. Amuebla tu hogar al mejor precio.","breadcrumb":{"@id":"https:\/\/www.delsofa.es\/informacion\/tienda-de-sofas-en-elche-alicante-muebles-el-rebajon\/#breadcrumb"},"inLanguage":"es","potentialAction":[{"@type":"ReadAction","target":["https:\/\/www.delsofa.es\/informacion\/tienda-de-sofas-en-elche-alicante-muebles-el-rebajon\/"]}]},{"@type":"BreadcrumbList","@id":"https:\/\/www.delsofa.es\/informacion\/tienda-de-sofas-en-elche-alicante-muebles-el-rebajon\/#breadcrumb","itemListElement":[{"@type":"ListItem","position":1,"name":"Portada","item":"https:\/\/www.delsofa.es\/informacion\/"},{"@type":"ListItem","position":2,"name":"Tienda de sof\u00e1s en Elche (Alicante): Muebles El Rebaj\u00f3n"}]},{"@type":"Person","@id":"https:\/\/www.delsofa.es\/informacion\/#\/schema\/person\/904d00808e282031a3b11f51524d259c","name":"Inma Molt\u00f3","image":{"@type":"ImageObject","@id":"https:\/\/www.delsofa.es\/informacion\/#personlogo","inLanguage":"es","url":"https:\/\/secure.gravatar.com\/avatar\/6411caf208a31a6dd0c4c353341facb7?s=96&d=mm&r=g","contentUrl":"https:\/\/secure.gravatar.com\/avatar\/6411caf208a31a6dd0c4c353341facb7?s=96&d=mm&r=g","caption":"Inma Molt\u00f3"},"description":"Soy periodista, community manager y formadora en redes sociales. Desde enero de 2013 escribo en el Blog Delsofa y actualmente tambi\u00e9n me encargo de su supervisi\u00f3n. Me encanta todo lo relacionado con la decoraci\u00f3n y el dise\u00f1o. Si quer\u00e9is saber m\u00e1s os dejo mi web: www.periodistasocialmedia.com","sameAs":["http:\/\/www.periodistasocialmedia.com","https:\/\/twitter.com\/http:\/\/www.twitter.com\/inmolber"],"url":"https:\/\/www.delsofa.es\/informacion\/author\/inma\/"}]}},"amp_enabled":true,"_links":{"self":[{"href":"https:\/\/www.delsofa.es\/informacion\/wp-json\/wp\/v2\/posts\/4705"}],"collection":[{"href":"https:\/\/www.delsofa.es\/informacion\/wp-json\/wp\/v2\/posts"}],"about":[{"href":"https:\/\/www.delsofa.es\/informacion\/wp-json\/wp\/v2\/types\/post"}],"author":[{"embeddable":true,"href":"https:\/\/www.delsofa.es\/informacion\/wp-json\/wp\/v2\/users\/3"}],"replies":[{"embeddable":true,"href":"https:\/\/www.delsofa.es\/informacion\/wp-json\/wp\/v2\/comments?post=4705"}],"version-history":[{"count":2,"href":"https:\/\/www.delsofa.es\/informacion\/wp-json\/wp\/v2\/posts\/4705\/revisions"}],"predecessor-version":[{"id":4708,"href":"https:\/\/www.delsofa.es\/informacion\/wp-json\/wp\/v2\/posts\/4705\/revisions\/4708"}],"wp:attachment":[{"href":"https:\/\/www.delsofa.es\/informacion\/wp-json\/wp\/v2\/media?parent=4705"}],"wp:term":[{"taxonomy":"category","embeddable":true,"href":"https:\/\/www.delsofa.es\/informacion\/wp-json\/wp\/v2\/categories?post=4705"},{"taxonomy":"post_tag","embeddable":true,"href":"https:\/\/www.delsofa.es\/informacion\/wp-json\/wp\/v2\/tags?post=4705"}],"curies":[{"name":"wp","href":"https:\/\/api.w.org\/{rel}","templated":true}]}}