{"id":4749,"date":"2018-05-17T13:15:02","date_gmt":"2018-05-17T13:15:02","guid":{"rendered":"https:\/\/www.delsofa.es\/informacion\/?p=4749"},"modified":"2018-05-17T13:15:02","modified_gmt":"2018-05-17T13:15:02","slug":"tienda-de-sofas-en-sabadell-spaccio-descans","status":"publish","type":"post","link":"https:\/\/www.delsofa.es\/informacion\/tienda-de-sofas-en-sabadell-spaccio-descans\/","title":{"rendered":"Tienda de sof\u00e1s en Sabadell (Barcelona) Spaccio Descans"},"content":{"rendered":"<p style=\"text-align: justify;\">Si vives en Barcelona o su provincia y quieres <strong>probar nuestros sof\u00e1s, sof\u00e1s cama, chaise longue<\/strong>, sillones, puedes hacerlo en nuestra tienda de sof\u00e1s en Sabadell <a href=\"https:\/\/www.delsofa.es\/tiendas-sofas-cama-barcelona\/spaccio-descans-terrasa.php\">Spaccio Descans<\/a>, tambi\u00e9n puedes comprarlos f\u00edsicamente en su establecimiento, si lo prefieres.<\/p>\n<p style=\"text-align: justify;\">Puedes dirigirte a uno de los <strong>dos establecimientos<\/strong> que Spaccio Descans tiene en la localidad de Sabadell. Est\u00e1n situados en la Avenida Matadepera, 171 y en la Carretera de Terrasa, 377. Su horario comercial es de lunes a s\u00e1bado de 10 a 13:30 y de 17 a 20:30 horas.<!--more--><\/p>\n<p style=\"text-align: justify;\">Spaccio Descanso cuenta con <strong>m\u00e1s de 40 a\u00f1os de existencia<\/strong>, se cre\u00f3 en 1977 y apuesta por ofrecer a sus clientes una gran variedad de soluciones de amueblamiento, con una gran relaci\u00f3n calidad precio y con varios estilos decorativos, para que encuentres todo lo que est\u00e1s buscando.<\/p>\n<p><img decoding=\"async\" loading=\"lazy\" class=\"aligncenter wp-image-4751 size-full\" title=\"Tienda de sof\u00e1s en Sabadell (Barcelona) Spaccio Descans\" src=\"https:\/\/www.delsofa.es\/informacion\/wp-content\/uploads\/2018\/05\/spaccio-descans.jpg\" alt=\"Tienda de sof\u00e1s en Sabadell (Barcelona) Spaccio Descans\" width=\"584\" height=\"438\" srcset=\"https:\/\/www.delsofa.es\/informacion\/wp-content\/uploads\/2018\/05\/spaccio-descans.jpg 584w, https:\/\/www.delsofa.es\/informacion\/wp-content\/uploads\/2018\/05\/spaccio-descans-300x225.jpg 300w, https:\/\/www.delsofa.es\/informacion\/wp-content\/uploads\/2018\/05\/spaccio-descans-400x300.jpg 400w\" sizes=\"(max-width: 584px) 100vw, 584px\" \/><\/p>\n<p style=\"text-align: justify;\">Tienes muebles para todas las estancias del hogar, con un <strong>amplio cat\u00e1logo<\/strong> para salones, dormitorios, salas de estar. Son especialistas, como dice su nombre, en descanso, con una gran variedad de opciones para equipar tu cama, con los mejores colchones y bases del mercado, de grandes marcas como Pikolin, Relax, Flex, Astral, Sonpura.<\/p>\n<p style=\"text-align: justify;\">Adem\u00e1s te ofrece <strong>todo el cat\u00e1logo a la venta en la tienda online de Delsof\u00e1<\/strong>, con todo tipo de tapizados y composiciones. Puedes comprar sof\u00e1s de 3 plazas, de 2, chaise longue, sof\u00e1s cama, sillones, sillones relax, con una gran variedad de extras: arc\u00f3n de almacenaje, asientos extensibles, respaldos reclinables\u2026<\/p>\n<p style=\"text-align: justify;\">D\u00e9jate <a href=\"http:\/\/spaccio-descans-sabadell.es\/\" target=\"_blank\" rel=\"noopener\">aconsejar<\/a> por sus <strong>expertos en decoraci\u00f3n y amueblamiento<\/strong> para equipar tu casa con todo a tu gusto y adecuado a tu hogar. Pregunta todas tus dudas a su personal. Se ajustan a tus necesidades y presupuesto.<\/p>\n<p style=\"text-align: justify;\">Puedes probar una <strong>gran variedad de modelos tapizados<\/strong> de diferentes tejidos para saber cu\u00e1l es el que mejor se adapta a ti. Adem\u00e1s puedes comprarlos f\u00edsicamente al mejor precio del mercado. Son distribuidores autorizados de Delsofa.<\/p>\n<p style=\"text-align: justify;\">Benef\u00edciate de sus grandes<strong> servicios post venta<\/strong>, con garant\u00edas en todos los productos, montaje e instalaci\u00f3n gratuita, de manos de expertos. A la hora de pagar pregunta por sus grandes condiciones de financiaci\u00f3n, para que el precio no sea un problema.<\/p>\n<h2><span style=\"font-size: 120%; color: #993366;\">Tu tienda Delsofa a tu alcance<\/span><\/h2>\n<p style=\"text-align: justify;\">El sof\u00e1 es a nuestro modo de ver, el rey del sal\u00f3n. En \u00e9l pasamos muchas horas relaj\u00e1ndonos del estr\u00e9s diario. Por ello debe ser <strong>extremadamente c\u00f3modo<\/strong> para que cumpla su funci\u00f3n. Para saber si es lo qu\u00e9 necesitas, en Delsofa contamos con una red de m\u00e1s de 160 tienda donde puedes probar los modelos a la venta online.<\/p>\n<p style=\"text-align: justify;\">Para saber qu\u00e9 tienda de Delsofa est\u00e1 m\u00e1s cerca a tu hogar, te animamos a usar nuestro <strong>Buscador web<\/strong>. Accedes a \u00e9l desde la pesta\u00f1a superior \u201cTiendas..\u201d, el texto cambia seg\u00fan la secci\u00f3n en la que est\u00e9s.<\/p>\n<p><img decoding=\"async\" loading=\"lazy\" class=\"aligncenter wp-image-4071 size-full\" title=\"Buscador tiendas Delsofa\" src=\"https:\/\/www.delsofa.es\/informacion\/wp-content\/uploads\/2014\/08\/buscador-alicante.jpg\" alt=\"Tienda de sof\u00e1s en Sabadell (Barcelona) Spaccio Descans\" width=\"584\" height=\"619\" srcset=\"https:\/\/www.delsofa.es\/informacion\/wp-content\/uploads\/2014\/08\/buscador-alicante.jpg 584w, https:\/\/www.delsofa.es\/informacion\/wp-content\/uploads\/2014\/08\/buscador-alicante-283x300.jpg 283w\" sizes=\"(max-width: 584px) 100vw, 584px\" \/><\/p>\n<p style=\"text-align: justify;\">Cuando visitas el enlace de las Tiendas ver\u00e1s que aparece un <strong>desplegable con las provincias<\/strong>. Solo debes elegir la tuya y si quieres las otras que tengas m\u00e1s cerca. No lo dudes y b\u00fascanos tambi\u00e9n para tu casa de alquiler y segunda residencia, tenemos sof\u00e1s muy econ\u00f3micos para este tipo de hogares.<\/p>\n<p style=\"text-align: justify;\">Cuando hayas marcado la provincia te mostramos el listado de tiendas que encuentras en ella. Solo debes <strong>visitar el enlace a la ficha<\/strong> de cada tienda para saber m\u00e1s informaci\u00f3n sobre ella: direcci\u00f3n, tel\u00e9fono, localizaci\u00f3n en Google Maps, email, formulario de contacto, horario comercial, web\u2026<\/p>\n<p style=\"text-align: justify;\">Si tienes dudas sobre nuestro buscador o nuestra red de tiendas oficiales y distribuidores autorizados, puedes <strong>dejarnos un comentario<\/strong> o llamar al tel\u00e9fono gratuito 900.701.086, de lunes a viernes de 8 a 20 horas.<\/p>\n","protected":false},"excerpt":{"rendered":"<p>Si vives en Barcelona o su provincia y quieres probar nuestros sof\u00e1s, sof\u00e1s cama, chaise longue, sillones, puedes hacerlo en nuestra tienda de sof\u00e1s en Sabadell Spaccio Descans, tambi\u00e9n puedes comprarlos f\u00edsicamente en su establecimiento, si lo prefieres. Puedes dirigirte &hellip; <a href=\"https:\/\/www.delsofa.es\/informacion\/tienda-de-sofas-en-sabadell-spaccio-descans\/\">Sigue leyendo <span class=\"meta-nav\">&rarr;<\/span><\/a><\/p>\n","protected":false},"author":3,"featured_media":0,"comment_status":"open","ping_status":"open","sticky":false,"template":"","format":"standard","meta":[],"categories":[204],"tags":[146,1523,122,1367,1387,42,580,1526,1502,1484,1525,1485],"yoast_head":"<!-- This site is optimized with the Yoast SEO plugin v18.6 - https:\/\/yoast.com\/wordpress\/plugins\/seo\/ -->\n<title>Tienda de sof\u00e1s en Sabadell (Barcelona) Spaccio Descans<\/title>\n<meta name=\"description\" content=\"Ven a visitar nuestra tienda de sof\u00e1s en Sabadell (Barcelona) Spaccio Descans. En ella puedes probar y comprar al mejor precio nuestros sof\u00e1s, sillones, sof\u00e1s cama, chaise longue.\" \/>\n<meta name=\"robots\" content=\"index, follow, max-snippet:-1, max-image-preview:large, max-video-preview:-1\" \/>\n<link rel=\"canonical\" href=\"https:\/\/www.delsofa.es\/informacion\/tienda-de-sofas-en-sabadell-spaccio-descans\/\" \/>\n<meta name=\"twitter:card\" content=\"summary_large_image\" \/>\n<meta name=\"twitter:title\" content=\"Tienda de sof\u00e1s en Sabadell (Barcelona) Spaccio Descans\" \/>\n<meta name=\"twitter:description\" content=\"Ven a visitar nuestra tienda de sof\u00e1s en Sabadell (Barcelona) Spaccio Descans. En ella puedes probar y comprar al mejor precio nuestros sof\u00e1s, sillones, sof\u00e1s cama, chaise longue.\" \/>\n<meta name=\"twitter:image\" content=\"https:\/\/www.delsofa.es\/informacion\/wp-content\/uploads\/2018\/05\/spaccio-descans.jpg\" \/>\n<meta name=\"twitter:creator\" content=\"@http:\/\/www.twitter.com\/inmolber\" \/>\n<meta name=\"twitter:site\" content=\"@delsofaES\" \/>\n<meta name=\"twitter:label1\" content=\"Escrito por\" \/>\n\t<meta name=\"twitter:data1\" content=\"Inma Molt\u00f3\" \/>\n\t<meta name=\"twitter:label2\" content=\"Tiempo de lectura\" \/>\n\t<meta name=\"twitter:data2\" content=\"3 minutos\" \/>\n<script type=\"application\/ld+json\" class=\"yoast-schema-graph\">{\"@context\":\"https:\/\/schema.org\",\"@graph\":[{\"@type\":\"WebSite\",\"@id\":\"https:\/\/www.delsofa.es\/informacion\/#website\",\"url\":\"https:\/\/www.delsofa.es\/informacion\/\",\"name\":\"\",\"description\":\"\",\"potentialAction\":[{\"@type\":\"SearchAction\",\"target\":{\"@type\":\"EntryPoint\",\"urlTemplate\":\"https:\/\/www.delsofa.es\/informacion\/?s={search_term_string}\"},\"query-input\":\"required name=search_term_string\"}],\"inLanguage\":\"es\"},{\"@type\":\"ImageObject\",\"@id\":\"https:\/\/www.delsofa.es\/informacion\/tienda-de-sofas-en-sabadell-spaccio-descans\/#primaryimage\",\"inLanguage\":\"es\",\"url\":\"https:\/\/www.delsofa.es\/informacion\/wp-content\/uploads\/2018\/05\/spaccio-descans.jpg\",\"contentUrl\":\"https:\/\/www.delsofa.es\/informacion\/wp-content\/uploads\/2018\/05\/spaccio-descans.jpg\",\"width\":584,\"height\":438},{\"@type\":\"WebPage\",\"@id\":\"https:\/\/www.delsofa.es\/informacion\/tienda-de-sofas-en-sabadell-spaccio-descans\/#webpage\",\"url\":\"https:\/\/www.delsofa.es\/informacion\/tienda-de-sofas-en-sabadell-spaccio-descans\/\",\"name\":\"Tienda de sof\u00e1s en Sabadell (Barcelona) Spaccio Descans\",\"isPartOf\":{\"@id\":\"https:\/\/www.delsofa.es\/informacion\/#website\"},\"primaryImageOfPage\":{\"@id\":\"https:\/\/www.delsofa.es\/informacion\/tienda-de-sofas-en-sabadell-spaccio-descans\/#primaryimage\"},\"datePublished\":\"2018-05-17T13:15:02+00:00\",\"dateModified\":\"2018-05-17T13:15:02+00:00\",\"author\":{\"@id\":\"https:\/\/www.delsofa.es\/informacion\/#\/schema\/person\/904d00808e282031a3b11f51524d259c\"},\"description\":\"Ven a visitar nuestra tienda de sof\u00e1s en Sabadell (Barcelona) Spaccio Descans. En ella puedes probar y comprar al mejor precio nuestros sof\u00e1s, sillones, sof\u00e1s cama, chaise longue.\",\"breadcrumb\":{\"@id\":\"https:\/\/www.delsofa.es\/informacion\/tienda-de-sofas-en-sabadell-spaccio-descans\/#breadcrumb\"},\"inLanguage\":\"es\",\"potentialAction\":[{\"@type\":\"ReadAction\",\"target\":[\"https:\/\/www.delsofa.es\/informacion\/tienda-de-sofas-en-sabadell-spaccio-descans\/\"]}]},{\"@type\":\"BreadcrumbList\",\"@id\":\"https:\/\/www.delsofa.es\/informacion\/tienda-de-sofas-en-sabadell-spaccio-descans\/#breadcrumb\",\"itemListElement\":[{\"@type\":\"ListItem\",\"position\":1,\"name\":\"Portada\",\"item\":\"https:\/\/www.delsofa.es\/informacion\/\"},{\"@type\":\"ListItem\",\"position\":2,\"name\":\"Tienda de sof\u00e1s en Sabadell (Barcelona) Spaccio Descans\"}]},{\"@type\":\"Person\",\"@id\":\"https:\/\/www.delsofa.es\/informacion\/#\/schema\/person\/904d00808e282031a3b11f51524d259c\",\"name\":\"Inma Molt\u00f3\",\"image\":{\"@type\":\"ImageObject\",\"@id\":\"https:\/\/www.delsofa.es\/informacion\/#personlogo\",\"inLanguage\":\"es\",\"url\":\"https:\/\/secure.gravatar.com\/avatar\/6411caf208a31a6dd0c4c353341facb7?s=96&d=mm&r=g\",\"contentUrl\":\"https:\/\/secure.gravatar.com\/avatar\/6411caf208a31a6dd0c4c353341facb7?s=96&d=mm&r=g\",\"caption\":\"Inma Molt\u00f3\"},\"description\":\"Soy periodista, community manager y formadora en redes sociales. Desde enero de 2013 escribo en el Blog Delsofa y actualmente tambi\u00e9n me encargo de su supervisi\u00f3n. Me encanta todo lo relacionado con la decoraci\u00f3n y el dise\u00f1o. Si quer\u00e9is saber m\u00e1s os dejo mi web: www.periodistasocialmedia.com\",\"sameAs\":[\"http:\/\/www.periodistasocialmedia.com\",\"https:\/\/twitter.com\/http:\/\/www.twitter.com\/inmolber\"],\"url\":\"https:\/\/www.delsofa.es\/informacion\/author\/inma\/\"}]}<\/script>\n<!-- \/ Yoast SEO plugin. -->","yoast_head_json":{"title":"Tienda de sof\u00e1s en Sabadell (Barcelona) Spaccio Descans","description":"Ven a visitar nuestra tienda de sof\u00e1s en Sabadell (Barcelona) Spaccio Descans. En ella puedes probar y comprar al mejor precio nuestros sof\u00e1s, sillones, sof\u00e1s cama, chaise longue.","robots":{"index":"index","follow":"follow","max-snippet":"max-snippet:-1","max-image-preview":"max-image-preview:large","max-video-preview":"max-video-preview:-1"},"canonical":"https:\/\/www.delsofa.es\/informacion\/tienda-de-sofas-en-sabadell-spaccio-descans\/","twitter_card":"summary_large_image","twitter_title":"Tienda de sof\u00e1s en Sabadell (Barcelona) Spaccio Descans","twitter_description":"Ven a visitar nuestra tienda de sof\u00e1s en Sabadell (Barcelona) Spaccio Descans. En ella puedes probar y comprar al mejor precio nuestros sof\u00e1s, sillones, sof\u00e1s cama, chaise longue.","twitter_image":"https:\/\/www.delsofa.es\/informacion\/wp-content\/uploads\/2018\/05\/spaccio-descans.jpg","twitter_creator":"@http:\/\/www.twitter.com\/inmolber","twitter_site":"@delsofaES","twitter_misc":{"Escrito por":"Inma Molt\u00f3","Tiempo de lectura":"3 minutos"},"schema":{"@context":"https:\/\/schema.org","@graph":[{"@type":"WebSite","@id":"https:\/\/www.delsofa.es\/informacion\/#website","url":"https:\/\/www.delsofa.es\/informacion\/","name":"","description":"","potentialAction":[{"@type":"SearchAction","target":{"@type":"EntryPoint","urlTemplate":"https:\/\/www.delsofa.es\/informacion\/?s={search_term_string}"},"query-input":"required name=search_term_string"}],"inLanguage":"es"},{"@type":"ImageObject","@id":"https:\/\/www.delsofa.es\/informacion\/tienda-de-sofas-en-sabadell-spaccio-descans\/#primaryimage","inLanguage":"es","url":"https:\/\/www.delsofa.es\/informacion\/wp-content\/uploads\/2018\/05\/spaccio-descans.jpg","contentUrl":"https:\/\/www.delsofa.es\/informacion\/wp-content\/uploads\/2018\/05\/spaccio-descans.jpg","width":584,"height":438},{"@type":"WebPage","@id":"https:\/\/www.delsofa.es\/informacion\/tienda-de-sofas-en-sabadell-spaccio-descans\/#webpage","url":"https:\/\/www.delsofa.es\/informacion\/tienda-de-sofas-en-sabadell-spaccio-descans\/","name":"Tienda de sof\u00e1s en Sabadell (Barcelona) Spaccio Descans","isPartOf":{"@id":"https:\/\/www.delsofa.es\/informacion\/#website"},"primaryImageOfPage":{"@id":"https:\/\/www.delsofa.es\/informacion\/tienda-de-sofas-en-sabadell-spaccio-descans\/#primaryimage"},"datePublished":"2018-05-17T13:15:02+00:00","dateModified":"2018-05-17T13:15:02+00:00","author":{"@id":"https:\/\/www.delsofa.es\/informacion\/#\/schema\/person\/904d00808e282031a3b11f51524d259c"},"description":"Ven a visitar nuestra tienda de sof\u00e1s en Sabadell (Barcelona) Spaccio Descans. En ella puedes probar y comprar al mejor precio nuestros sof\u00e1s, sillones, sof\u00e1s cama, chaise longue.","breadcrumb":{"@id":"https:\/\/www.delsofa.es\/informacion\/tienda-de-sofas-en-sabadell-spaccio-descans\/#breadcrumb"},"inLanguage":"es","potentialAction":[{"@type":"ReadAction","target":["https:\/\/www.delsofa.es\/informacion\/tienda-de-sofas-en-sabadell-spaccio-descans\/"]}]},{"@type":"BreadcrumbList","@id":"https:\/\/www.delsofa.es\/informacion\/tienda-de-sofas-en-sabadell-spaccio-descans\/#breadcrumb","itemListElement":[{"@type":"ListItem","position":1,"name":"Portada","item":"https:\/\/www.delsofa.es\/informacion\/"},{"@type":"ListItem","position":2,"name":"Tienda de sof\u00e1s en Sabadell (Barcelona) Spaccio Descans"}]},{"@type":"Person","@id":"https:\/\/www.delsofa.es\/informacion\/#\/schema\/person\/904d00808e282031a3b11f51524d259c","name":"Inma Molt\u00f3","image":{"@type":"ImageObject","@id":"https:\/\/www.delsofa.es\/informacion\/#personlogo","inLanguage":"es","url":"https:\/\/secure.gravatar.com\/avatar\/6411caf208a31a6dd0c4c353341facb7?s=96&d=mm&r=g","contentUrl":"https:\/\/secure.gravatar.com\/avatar\/6411caf208a31a6dd0c4c353341facb7?s=96&d=mm&r=g","caption":"Inma Molt\u00f3"},"description":"Soy periodista, community manager y formadora en redes sociales. Desde enero de 2013 escribo en el Blog Delsofa y actualmente tambi\u00e9n me encargo de su supervisi\u00f3n. Me encanta todo lo relacionado con la decoraci\u00f3n y el dise\u00f1o. Si quer\u00e9is saber m\u00e1s os dejo mi web: www.periodistasocialmedia.com","sameAs":["http:\/\/www.periodistasocialmedia.com","https:\/\/twitter.com\/http:\/\/www.twitter.com\/inmolber"],"url":"https:\/\/www.delsofa.es\/informacion\/author\/inma\/"}]}},"amp_enabled":true,"_links":{"self":[{"href":"https:\/\/www.delsofa.es\/informacion\/wp-json\/wp\/v2\/posts\/4749"}],"collection":[{"href":"https:\/\/www.delsofa.es\/informacion\/wp-json\/wp\/v2\/posts"}],"about":[{"href":"https:\/\/www.delsofa.es\/informacion\/wp-json\/wp\/v2\/types\/post"}],"author":[{"embeddable":true,"href":"https:\/\/www.delsofa.es\/informacion\/wp-json\/wp\/v2\/users\/3"}],"replies":[{"embeddable":true,"href":"https:\/\/www.delsofa.es\/informacion\/wp-json\/wp\/v2\/comments?post=4749"}],"version-history":[{"count":3,"href":"https:\/\/www.delsofa.es\/informacion\/wp-json\/wp\/v2\/posts\/4749\/revisions"}],"predecessor-version":[{"id":4753,"href":"https:\/\/www.delsofa.es\/informacion\/wp-json\/wp\/v2\/posts\/4749\/revisions\/4753"}],"wp:attachment":[{"href":"https:\/\/www.delsofa.es\/informacion\/wp-json\/wp\/v2\/media?parent=4749"}],"wp:term":[{"taxonomy":"category","embeddable":true,"href":"https:\/\/www.delsofa.es\/informacion\/wp-json\/wp\/v2\/categories?post=4749"},{"taxonomy":"post_tag","embeddable":true,"href":"https:\/\/www.delsofa.es\/informacion\/wp-json\/wp\/v2\/tags?post=4749"}],"curies":[{"name":"wp","href":"https:\/\/api.w.org\/{rel}","templated":true}]}}