{"id":475,"date":"2013-05-26T13:35:24","date_gmt":"2013-05-26T13:35:24","guid":{"rendered":"https:\/\/www.delsofa.es\/informacion\/?p=475"},"modified":"2014-07-16T12:11:47","modified_gmt":"2014-07-16T12:11:47","slug":"casa-decor-2013-un-paseo-inolvidable-para-los-amantes-de-la-decoracion","status":"publish","type":"post","link":"https:\/\/www.delsofa.es\/informacion\/casa-decor-2013-un-paseo-inolvidable-para-los-amantes-de-la-decoracion\/","title":{"rendered":"Casa Decor 2013, un paseo inolvidable para los amantes de la decoraci\u00f3n"},"content":{"rendered":"<p style=\"text-align: justify;\">Un a\u00f1o m\u00e1s, los amantes de la decoraci\u00f3n e interiorismo tienen una cita en\u00a0<strong>Casa Decor 2013<\/strong>, la mayor exposici\u00f3n de arte, dise\u00f1o, arquitectura, decoraci\u00f3n e interiorismo de Europa. Hasta el pr\u00f3ximo 23 de junio se puede visitar en la antigua embajada brit\u00e1nica en Madrid. Si no os pod\u00e9is acercar os proponemos que nos acompa\u00f1\u00e9is por este tour virtual que os hemos preparado. \u00a1Empezamos el viaje!<\/p>\n<p style=\"text-align: justify;\"><strong>La exposici\u00f3n alberga m\u00e1s de cincuenta espacios<\/strong> para disfrutar de las \u00faltimas tendencias y estilos de decoraci\u00f3n e interiorismo, cada uno con un encanto y personalidad especial que evocan al visitante sensaciones en muchos casos indescriptibles.<\/p>\n<p style=\"text-align: justify;\"><img decoding=\"async\" loading=\"lazy\" class=\"aligncenter wp-image-3638 size-full\" title=\"Edificio Casa Decor 2013\" src=\"https:\/\/www.delsofa.es\/informacion\/wp-content\/uploads\/2013\/05\/edificio-casadecor-foto-cas.jpg\" alt=\"edificio-casadecor-foto-cas\" width=\"584\" height=\"391\" srcset=\"https:\/\/www.delsofa.es\/informacion\/wp-content\/uploads\/2013\/05\/edificio-casadecor-foto-cas.jpg 584w, https:\/\/www.delsofa.es\/informacion\/wp-content\/uploads\/2013\/05\/edificio-casadecor-foto-cas-300x200.jpg 300w, https:\/\/www.delsofa.es\/informacion\/wp-content\/uploads\/2013\/05\/edificio-casadecor-foto-cas-448x300.jpg 448w\" sizes=\"(max-width: 584px) 100vw, 584px\" \/><\/p>\n<p style=\"text-align: justify;\">Este es el caso del espacio de <a title=\"Web Marisa Guti\u00e9rerez decoraci\u00f3n\" href=\"http:\/\/www.marisagutierrez.com\" target=\"_blank\">Marisa Guti\u00e9rrez<\/a>\u00a0que nos transporta al futuro con su <strong>decoraci\u00f3n vanguardista<\/strong>. Su composici\u00f3n de sal\u00f3n combinando los blancos, negros y rojos, junto con una disposici\u00f3n y formas rompedoras ha hecho que nos sintamos en el interior de una nave espacial.<\/p>\n<p style=\"text-align: justify;\"><img decoding=\"async\" loading=\"lazy\" class=\"aligncenter wp-image-3639 size-full\" title=\"Espacio Deco de Marisa Guti\u00e9rrez. en Casa Decor 2013\" src=\"https:\/\/www.delsofa.es\/informacion\/wp-content\/uploads\/2013\/05\/marisaguierrez1.jpg\" alt=\"marisaguierrez\" width=\"584\" height=\"289\" srcset=\"https:\/\/www.delsofa.es\/informacion\/wp-content\/uploads\/2013\/05\/marisaguierrez1.jpg 584w, https:\/\/www.delsofa.es\/informacion\/wp-content\/uploads\/2013\/05\/marisaguierrez1-300x148.jpg 300w, https:\/\/www.delsofa.es\/informacion\/wp-content\/uploads\/2013\/05\/marisaguierrez1-500x247.jpg 500w\" sizes=\"(max-width: 584px) 100vw, 584px\" \/><\/p>\n<p style=\"text-align: justify;\">En el lado opuesto -para nosotros-\u00a0<strong>la propuesta m\u00e1s cl\u00e1sica,<\/strong>\u00a0que llega de la mano de los interioristas Juan Artanza, Simona Garufi y Pepe Mart\u00edn que componen\u00a0<a title=\"Web Estudio 108 Decoraci\u00f3n\" href=\"http:\/\/www.estudio108.net\" target=\"_blank\">Estudio 108<\/a>. En el <strong>espacio Alhambra<\/strong> funden elegancia, exquisitez y clasicismo a partes iguales.<\/p>\n<p style=\"text-align: justify;\"><img decoding=\"async\" loading=\"lazy\" class=\"aligncenter wp-image-3640 size-full\" title=\"Descubre el Espacio Alhambra en Casa Decor 2013\" src=\"https:\/\/www.delsofa.es\/informacion\/wp-content\/uploads\/2013\/05\/cad13-estudio108-bar-alhamb.jpg\" alt=\"cad13-estudio108-bar-alhamb\" width=\"584\" height=\"338\" srcset=\"https:\/\/www.delsofa.es\/informacion\/wp-content\/uploads\/2013\/05\/cad13-estudio108-bar-alhamb.jpg 584w, https:\/\/www.delsofa.es\/informacion\/wp-content\/uploads\/2013\/05\/cad13-estudio108-bar-alhamb-300x173.jpg 300w, https:\/\/www.delsofa.es\/informacion\/wp-content\/uploads\/2013\/05\/cad13-estudio108-bar-alhamb-500x289.jpg 500w\" sizes=\"(max-width: 584px) 100vw, 584px\" \/><\/p>\n<p style=\"text-align: justify;\">Otro espacio que nos ha llamado la atenci\u00f3n por su<strong> interiorismo rompedor<\/strong> es el dise\u00f1ado por Sabina Rossignoli y Jes\u00fas Galiana de <a title=\"Web estudio Yissus Decoraci\u00f3n\" href=\"http:\/\/www.yissus.es\" target=\"_blank\">Yissus<\/a>. Es como estar en una pel\u00edcula de Hollywood en la que nos encontramos al mism\u00edsimo King Kong. Nos propone adentrarnos en <strong>un mundo de sue\u00f1os para vivir experiencias inveros\u00edmiles<\/strong>.<\/p>\n<p style=\"text-align: justify;\"><img decoding=\"async\" loading=\"lazy\" class=\"aligncenter wp-image-3641 size-full\" title=\"Descubre el espacio dise\u00f1ado por Yissus en Casa Decor 2013\" src=\"https:\/\/www.delsofa.es\/informacion\/wp-content\/uploads\/2013\/05\/cad13-sabinarossignoli-jesu.jpg\" alt=\"cad13-sabinarossignoli-jesu\" width=\"584\" height=\"287\" srcset=\"https:\/\/www.delsofa.es\/informacion\/wp-content\/uploads\/2013\/05\/cad13-sabinarossignoli-jesu.jpg 584w, https:\/\/www.delsofa.es\/informacion\/wp-content\/uploads\/2013\/05\/cad13-sabinarossignoli-jesu-300x147.jpg 300w, https:\/\/www.delsofa.es\/informacion\/wp-content\/uploads\/2013\/05\/cad13-sabinarossignoli-jesu-500x245.jpg 500w\" sizes=\"(max-width: 584px) 100vw, 584px\" \/><\/p>\n<p style=\"text-align: justify;\">Y al estar en la antigua embajada brit\u00e1nica, <strong>el estilo British<\/strong> no pod\u00eda dejar de estar presente. Y una de las mejores estancias para representarlo es el propio despacho del embajador. En \u00e9l se han conservado algunos de los <strong>muebles originales, que nos evocan tiempos pasados<\/strong>. A cargo del proyecto ha estado la interiorista <a title=\"Espacio Deco Casa Decor\" href=\"http:\/\/www.casadecor.es\/galeria\/olga-palmero-mazon\/\" target=\"_blank\">Olga Palmero Maz\u00f3n<\/a>.<\/p>\n<p style=\"text-align: justify;\"><img decoding=\"async\" loading=\"lazy\" class=\"aligncenter wp-image-3642 size-full\" title=\"Espacio Deco British Casa Decor 2013\" src=\"https:\/\/www.delsofa.es\/informacion\/wp-content\/uploads\/2013\/05\/cad13-olga-palmero-11.jpg\" alt=\"cad13-olga-palmero-1\" width=\"584\" height=\"391\" srcset=\"https:\/\/www.delsofa.es\/informacion\/wp-content\/uploads\/2013\/05\/cad13-olga-palmero-11.jpg 584w, https:\/\/www.delsofa.es\/informacion\/wp-content\/uploads\/2013\/05\/cad13-olga-palmero-11-300x200.jpg 300w, https:\/\/www.delsofa.es\/informacion\/wp-content\/uploads\/2013\/05\/cad13-olga-palmero-11-448x300.jpg 448w\" sizes=\"(max-width: 584px) 100vw, 584px\" \/><\/p>\n<p style=\"text-align: justify;\">Javier Castilla Reparaz de la <a title=\"Web Tienda Reforma\" href=\"http:\/\/www.javiercastilla.net\" target=\"_blank\">Tienda Reforma<\/a>, nos traslada tambi\u00e9n a \u00e9pocas pasadas, a <strong>la decoraci\u00f3n del siglo XIX<\/strong>, donde el color mezclado con <strong>muebles cl\u00e1sicos y l\u00edneas vintage<\/strong> definen un espacio repleto de sensaciones para el visitante. A nosotros nos ha conquistado su apuesta.<\/p>\n<p style=\"text-align: justify;\"><img decoding=\"async\" loading=\"lazy\" class=\"aligncenter wp-image-3643 size-full\" title=\"Descubre Espacio decoraci\u00f3n siglo XIX en Casa Decor 2013\" src=\"https:\/\/www.delsofa.es\/informacion\/wp-content\/uploads\/2013\/05\/cad13-javier-castilla1.jpg\" alt=\"cad13-javier-castilla\" width=\"584\" height=\"458\" srcset=\"https:\/\/www.delsofa.es\/informacion\/wp-content\/uploads\/2013\/05\/cad13-javier-castilla1.jpg 584w, https:\/\/www.delsofa.es\/informacion\/wp-content\/uploads\/2013\/05\/cad13-javier-castilla1-300x235.jpg 300w, https:\/\/www.delsofa.es\/informacion\/wp-content\/uploads\/2013\/05\/cad13-javier-castilla1-382x300.jpg 382w\" sizes=\"(max-width: 584px) 100vw, 584px\" \/><\/p>\n<p style=\"text-align: justify;\">Si hay una palabra que para nosotros define otro de los espacios que pod\u00e9is encontrar en Casa Decor ser\u00eda \u00abimponente\u00bb. Porque as\u00ed es <strong>la l\u00e1mpara que ilumina este comedor<\/strong> dise\u00f1ado por Diego Rodr\u00edguez de <a title=\"Web Concepto DR decoraci\u00f3n\" href=\"http:\/\/www.conceptodr.com\" target=\"_blank\">Concepto DR<\/a>, merece unas l\u00edneas en este post. Su originalidad y personalidad nos impresion\u00f3 nada m\u00e1s verla.<\/p>\n<p style=\"text-align: justify;\"><img decoding=\"async\" loading=\"lazy\" class=\"aligncenter wp-image-3644 size-full\" title=\"Descubre espacio deco de Concepto DR en Casa Decor 2013\" src=\"https:\/\/www.delsofa.es\/informacion\/wp-content\/uploads\/2013\/05\/cad13-diego-rodriguez-11.jpg\" alt=\"cad13-diego-rodriguez-1\" width=\"584\" height=\"538\" srcset=\"https:\/\/www.delsofa.es\/informacion\/wp-content\/uploads\/2013\/05\/cad13-diego-rodriguez-11.jpg 584w, https:\/\/www.delsofa.es\/informacion\/wp-content\/uploads\/2013\/05\/cad13-diego-rodriguez-11-300x276.jpg 300w, https:\/\/www.delsofa.es\/informacion\/wp-content\/uploads\/2013\/05\/cad13-diego-rodriguez-11-325x300.jpg 325w\" sizes=\"(max-width: 584px) 100vw, 584px\" \/><\/p>\n<p style=\"text-align: justify;\">Esta es s\u00f3lo una peque\u00f1a muestra de lo que pod\u00e9is encontrar en Casa Decor 2013, si quer\u00e9is <strong>descubrir los dem\u00e1s espacios<\/strong> no dud\u00e9is en visitar la web del evento, <a title=\"Galer\u00eda Espacio de Casa Decor 2013\" href=\"http:\/\/www.casadecor.es\/madrid-2013\/profesionales-y-fotos-de-los-espacios-madrid-2013\/\" target=\"_blank\">en este enlace<\/a> pod\u00e9is encontrar una muestra de todos los espacios.<\/p>\n<p style=\"text-align: justify;\"><img decoding=\"async\" loading=\"lazy\" class=\"aligncenter wp-image-3645 size-full\" title=\"Descubre todos los espacios deco de Casa Decor 2013\" src=\"https:\/\/www.delsofa.es\/informacion\/wp-content\/uploads\/2013\/05\/espacios-deco-casa-decor1.jpg\" alt=\"espacios-deco-casa-decor\" width=\"584\" height=\"391\" srcset=\"https:\/\/www.delsofa.es\/informacion\/wp-content\/uploads\/2013\/05\/espacios-deco-casa-decor1.jpg 584w, https:\/\/www.delsofa.es\/informacion\/wp-content\/uploads\/2013\/05\/espacios-deco-casa-decor1-300x200.jpg 300w, https:\/\/www.delsofa.es\/informacion\/wp-content\/uploads\/2013\/05\/espacios-deco-casa-decor1-448x300.jpg 448w\" sizes=\"(max-width: 584px) 100vw, 584px\" \/><\/p>\n<p style=\"text-align: justify;\">Recordad que en Casa Decor no solo hay espacio para la decoraci\u00f3n. Como nos cuentan en <a title=\"Eventos en Casa Decor 2013\" href=\"http:\/\/www.lightecture.com\/la-vivienda-del-futuro-en-casa-decor-madrid-2013\/\" target=\"_blank\">@Lightecture<\/a>, tambi\u00e9n se\u00a0<strong>ofrecen al visitante talleres de diversa \u00edndole<\/strong>: maquillaje, dise\u00f1o, decoraci\u00f3n&#8230;, catas, degustaciones, conciertos&#8230;<\/p>\n<p style=\"text-align: justify;\">Si al final os decid\u00eds por acercaros a Madrid para disfrutar de Casa Decor, pod\u00e9is comenzar a <strong>planear vuestra visita<\/strong> echando un vistazo al post en el que os habl\u00e1bamos de <a title=\"ver el post\" href=\"https:\/\/www.delsofa.es\/informacion\/un-dia-de-compras-por-madrid-os-apuntais\/\" target=\"_blank\">lugares DECO recomendados en Madrid<\/a>, os ayudar\u00e1 a completar vuestra apretada agenda.<\/p>\n<p style=\"text-align: justify;\">De cualquier forma \u00a1qu\u00e9 disfrut\u00e9is un mont\u00f3n! de este paseo por la mejor decoraci\u00f3n actual. Ya nos contar\u00e9is.<\/p>\n","protected":false},"excerpt":{"rendered":"<p>Un a\u00f1o m\u00e1s, los amantes de la decoraci\u00f3n e interiorismo tienen una cita en\u00a0Casa Decor 2013, la mayor exposici\u00f3n de arte, dise\u00f1o, arquitectura, decoraci\u00f3n e interiorismo de Europa. Hasta el pr\u00f3ximo 23 de junio se puede visitar en la antigua &hellip; <a href=\"https:\/\/www.delsofa.es\/informacion\/casa-decor-2013-un-paseo-inolvidable-para-los-amantes-de-la-decoracion\/\">Sigue leyendo <span class=\"meta-nav\">&rarr;<\/span><\/a><\/p>\n","protected":false},"author":3,"featured_media":0,"comment_status":"closed","ping_status":"closed","sticky":false,"template":"","format":"standard","meta":[],"categories":[4,405],"tags":[136,141,142,143,138,139,144,140],"yoast_head":"<!-- This site is optimized with the Yoast SEO plugin v18.6 - https:\/\/yoast.com\/wordpress\/plugins\/seo\/ -->\n<title>Casa Decor 2013, una cita para los amantes de la decoraci\u00f3n<\/title>\n<meta name=\"description\" content=\"Casa Decor 2013 ha abierto sus puertas en Madrid. Nos acompa\u00f1\u00e1is en este tour virtual que hemos preparado para los amantes de la decoraci\u00f3n e interiorismo.\" \/>\n<meta name=\"robots\" content=\"index, follow, max-snippet:-1, max-image-preview:large, max-video-preview:-1\" \/>\n<link rel=\"canonical\" href=\"https:\/\/www.delsofa.es\/informacion\/casa-decor-2013-un-paseo-inolvidable-para-los-amantes-de-la-decoracion\/\" \/>\n<meta name=\"twitter:card\" content=\"summary_large_image\" \/>\n<meta name=\"twitter:title\" content=\"Casa Decor 2013, una cita para los amantes de la decoraci\u00f3n\" \/>\n<meta name=\"twitter:description\" content=\"Casa Decor 2013 ha abierto sus puertas en Madrid. Nos acompa\u00f1\u00e1is en este tour virtual que hemos preparado para los amantes de la decoraci\u00f3n e interiorismo.\" \/>\n<meta name=\"twitter:image\" content=\"https:\/\/www.delsofa.es\/informacion\/wp-content\/uploads\/2013\/05\/edificio-casadecor-foto-cas.jpg\" \/>\n<meta name=\"twitter:creator\" content=\"@http:\/\/www.twitter.com\/inmolber\" \/>\n<meta name=\"twitter:site\" content=\"@delsofaES\" \/>\n<meta name=\"twitter:label1\" content=\"Escrito por\" \/>\n\t<meta name=\"twitter:data1\" content=\"Inma Molt\u00f3\" \/>\n\t<meta name=\"twitter:label2\" content=\"Tiempo de lectura\" \/>\n\t<meta name=\"twitter:data2\" content=\"3 minutos\" \/>\n<script type=\"application\/ld+json\" class=\"yoast-schema-graph\">{\"@context\":\"https:\/\/schema.org\",\"@graph\":[{\"@type\":\"WebSite\",\"@id\":\"https:\/\/www.delsofa.es\/informacion\/#website\",\"url\":\"https:\/\/www.delsofa.es\/informacion\/\",\"name\":\"\",\"description\":\"\",\"potentialAction\":[{\"@type\":\"SearchAction\",\"target\":{\"@type\":\"EntryPoint\",\"urlTemplate\":\"https:\/\/www.delsofa.es\/informacion\/?s={search_term_string}\"},\"query-input\":\"required name=search_term_string\"}],\"inLanguage\":\"es\"},{\"@type\":\"ImageObject\",\"@id\":\"https:\/\/www.delsofa.es\/informacion\/casa-decor-2013-un-paseo-inolvidable-para-los-amantes-de-la-decoracion\/#primaryimage\",\"inLanguage\":\"es\",\"url\":\"https:\/\/www.delsofa.es\/informacion\/wp-content\/uploads\/2013\/05\/edificio-casadecor-foto-cas.jpg\",\"contentUrl\":\"https:\/\/www.delsofa.es\/informacion\/wp-content\/uploads\/2013\/05\/edificio-casadecor-foto-cas.jpg\",\"width\":584,\"height\":391},{\"@type\":\"WebPage\",\"@id\":\"https:\/\/www.delsofa.es\/informacion\/casa-decor-2013-un-paseo-inolvidable-para-los-amantes-de-la-decoracion\/#webpage\",\"url\":\"https:\/\/www.delsofa.es\/informacion\/casa-decor-2013-un-paseo-inolvidable-para-los-amantes-de-la-decoracion\/\",\"name\":\"Casa Decor 2013, una cita para los amantes de la decoraci\u00f3n\",\"isPartOf\":{\"@id\":\"https:\/\/www.delsofa.es\/informacion\/#website\"},\"primaryImageOfPage\":{\"@id\":\"https:\/\/www.delsofa.es\/informacion\/casa-decor-2013-un-paseo-inolvidable-para-los-amantes-de-la-decoracion\/#primaryimage\"},\"datePublished\":\"2013-05-26T13:35:24+00:00\",\"dateModified\":\"2014-07-16T12:11:47+00:00\",\"author\":{\"@id\":\"https:\/\/www.delsofa.es\/informacion\/#\/schema\/person\/904d00808e282031a3b11f51524d259c\"},\"description\":\"Casa Decor 2013 ha abierto sus puertas en Madrid. Nos acompa\u00f1\u00e1is en este tour virtual que hemos preparado para los amantes de la decoraci\u00f3n e interiorismo.\",\"breadcrumb\":{\"@id\":\"https:\/\/www.delsofa.es\/informacion\/casa-decor-2013-un-paseo-inolvidable-para-los-amantes-de-la-decoracion\/#breadcrumb\"},\"inLanguage\":\"es\",\"potentialAction\":[{\"@type\":\"ReadAction\",\"target\":[\"https:\/\/www.delsofa.es\/informacion\/casa-decor-2013-un-paseo-inolvidable-para-los-amantes-de-la-decoracion\/\"]}]},{\"@type\":\"BreadcrumbList\",\"@id\":\"https:\/\/www.delsofa.es\/informacion\/casa-decor-2013-un-paseo-inolvidable-para-los-amantes-de-la-decoracion\/#breadcrumb\",\"itemListElement\":[{\"@type\":\"ListItem\",\"position\":1,\"name\":\"Portada\",\"item\":\"https:\/\/www.delsofa.es\/informacion\/\"},{\"@type\":\"ListItem\",\"position\":2,\"name\":\"Casa Decor 2013, un paseo inolvidable para los amantes de la decoraci\u00f3n\"}]},{\"@type\":\"Person\",\"@id\":\"https:\/\/www.delsofa.es\/informacion\/#\/schema\/person\/904d00808e282031a3b11f51524d259c\",\"name\":\"Inma Molt\u00f3\",\"image\":{\"@type\":\"ImageObject\",\"@id\":\"https:\/\/www.delsofa.es\/informacion\/#personlogo\",\"inLanguage\":\"es\",\"url\":\"https:\/\/secure.gravatar.com\/avatar\/6411caf208a31a6dd0c4c353341facb7?s=96&d=mm&r=g\",\"contentUrl\":\"https:\/\/secure.gravatar.com\/avatar\/6411caf208a31a6dd0c4c353341facb7?s=96&d=mm&r=g\",\"caption\":\"Inma Molt\u00f3\"},\"description\":\"Soy periodista, community manager y formadora en redes sociales. Desde enero de 2013 escribo en el Blog Delsofa y actualmente tambi\u00e9n me encargo de su supervisi\u00f3n. Me encanta todo lo relacionado con la decoraci\u00f3n y el dise\u00f1o. Si quer\u00e9is saber m\u00e1s os dejo mi web: www.periodistasocialmedia.com\",\"sameAs\":[\"http:\/\/www.periodistasocialmedia.com\",\"https:\/\/twitter.com\/http:\/\/www.twitter.com\/inmolber\"],\"url\":\"https:\/\/www.delsofa.es\/informacion\/author\/inma\/\"}]}<\/script>\n<!-- \/ Yoast SEO plugin. -->","yoast_head_json":{"title":"Casa Decor 2013, una cita para los amantes de la decoraci\u00f3n","description":"Casa Decor 2013 ha abierto sus puertas en Madrid. Nos acompa\u00f1\u00e1is en este tour virtual que hemos preparado para los amantes de la decoraci\u00f3n e interiorismo.","robots":{"index":"index","follow":"follow","max-snippet":"max-snippet:-1","max-image-preview":"max-image-preview:large","max-video-preview":"max-video-preview:-1"},"canonical":"https:\/\/www.delsofa.es\/informacion\/casa-decor-2013-un-paseo-inolvidable-para-los-amantes-de-la-decoracion\/","twitter_card":"summary_large_image","twitter_title":"Casa Decor 2013, una cita para los amantes de la decoraci\u00f3n","twitter_description":"Casa Decor 2013 ha abierto sus puertas en Madrid. Nos acompa\u00f1\u00e1is en este tour virtual que hemos preparado para los amantes de la decoraci\u00f3n e interiorismo.","twitter_image":"https:\/\/www.delsofa.es\/informacion\/wp-content\/uploads\/2013\/05\/edificio-casadecor-foto-cas.jpg","twitter_creator":"@http:\/\/www.twitter.com\/inmolber","twitter_site":"@delsofaES","twitter_misc":{"Escrito por":"Inma Molt\u00f3","Tiempo de lectura":"3 minutos"},"schema":{"@context":"https:\/\/schema.org","@graph":[{"@type":"WebSite","@id":"https:\/\/www.delsofa.es\/informacion\/#website","url":"https:\/\/www.delsofa.es\/informacion\/","name":"","description":"","potentialAction":[{"@type":"SearchAction","target":{"@type":"EntryPoint","urlTemplate":"https:\/\/www.delsofa.es\/informacion\/?s={search_term_string}"},"query-input":"required name=search_term_string"}],"inLanguage":"es"},{"@type":"ImageObject","@id":"https:\/\/www.delsofa.es\/informacion\/casa-decor-2013-un-paseo-inolvidable-para-los-amantes-de-la-decoracion\/#primaryimage","inLanguage":"es","url":"https:\/\/www.delsofa.es\/informacion\/wp-content\/uploads\/2013\/05\/edificio-casadecor-foto-cas.jpg","contentUrl":"https:\/\/www.delsofa.es\/informacion\/wp-content\/uploads\/2013\/05\/edificio-casadecor-foto-cas.jpg","width":584,"height":391},{"@type":"WebPage","@id":"https:\/\/www.delsofa.es\/informacion\/casa-decor-2013-un-paseo-inolvidable-para-los-amantes-de-la-decoracion\/#webpage","url":"https:\/\/www.delsofa.es\/informacion\/casa-decor-2013-un-paseo-inolvidable-para-los-amantes-de-la-decoracion\/","name":"Casa Decor 2013, una cita para los amantes de la decoraci\u00f3n","isPartOf":{"@id":"https:\/\/www.delsofa.es\/informacion\/#website"},"primaryImageOfPage":{"@id":"https:\/\/www.delsofa.es\/informacion\/casa-decor-2013-un-paseo-inolvidable-para-los-amantes-de-la-decoracion\/#primaryimage"},"datePublished":"2013-05-26T13:35:24+00:00","dateModified":"2014-07-16T12:11:47+00:00","author":{"@id":"https:\/\/www.delsofa.es\/informacion\/#\/schema\/person\/904d00808e282031a3b11f51524d259c"},"description":"Casa Decor 2013 ha abierto sus puertas en Madrid. Nos acompa\u00f1\u00e1is en este tour virtual que hemos preparado para los amantes de la decoraci\u00f3n e interiorismo.","breadcrumb":{"@id":"https:\/\/www.delsofa.es\/informacion\/casa-decor-2013-un-paseo-inolvidable-para-los-amantes-de-la-decoracion\/#breadcrumb"},"inLanguage":"es","potentialAction":[{"@type":"ReadAction","target":["https:\/\/www.delsofa.es\/informacion\/casa-decor-2013-un-paseo-inolvidable-para-los-amantes-de-la-decoracion\/"]}]},{"@type":"BreadcrumbList","@id":"https:\/\/www.delsofa.es\/informacion\/casa-decor-2013-un-paseo-inolvidable-para-los-amantes-de-la-decoracion\/#breadcrumb","itemListElement":[{"@type":"ListItem","position":1,"name":"Portada","item":"https:\/\/www.delsofa.es\/informacion\/"},{"@type":"ListItem","position":2,"name":"Casa Decor 2013, un paseo inolvidable para los amantes de la decoraci\u00f3n"}]},{"@type":"Person","@id":"https:\/\/www.delsofa.es\/informacion\/#\/schema\/person\/904d00808e282031a3b11f51524d259c","name":"Inma Molt\u00f3","image":{"@type":"ImageObject","@id":"https:\/\/www.delsofa.es\/informacion\/#personlogo","inLanguage":"es","url":"https:\/\/secure.gravatar.com\/avatar\/6411caf208a31a6dd0c4c353341facb7?s=96&d=mm&r=g","contentUrl":"https:\/\/secure.gravatar.com\/avatar\/6411caf208a31a6dd0c4c353341facb7?s=96&d=mm&r=g","caption":"Inma Molt\u00f3"},"description":"Soy periodista, community manager y formadora en redes sociales. Desde enero de 2013 escribo en el Blog Delsofa y actualmente tambi\u00e9n me encargo de su supervisi\u00f3n. Me encanta todo lo relacionado con la decoraci\u00f3n y el dise\u00f1o. Si quer\u00e9is saber m\u00e1s os dejo mi web: www.periodistasocialmedia.com","sameAs":["http:\/\/www.periodistasocialmedia.com","https:\/\/twitter.com\/http:\/\/www.twitter.com\/inmolber"],"url":"https:\/\/www.delsofa.es\/informacion\/author\/inma\/"}]}},"amp_enabled":true,"_links":{"self":[{"href":"https:\/\/www.delsofa.es\/informacion\/wp-json\/wp\/v2\/posts\/475"}],"collection":[{"href":"https:\/\/www.delsofa.es\/informacion\/wp-json\/wp\/v2\/posts"}],"about":[{"href":"https:\/\/www.delsofa.es\/informacion\/wp-json\/wp\/v2\/types\/post"}],"author":[{"embeddable":true,"href":"https:\/\/www.delsofa.es\/informacion\/wp-json\/wp\/v2\/users\/3"}],"replies":[{"embeddable":true,"href":"https:\/\/www.delsofa.es\/informacion\/wp-json\/wp\/v2\/comments?post=475"}],"version-history":[{"count":15,"href":"https:\/\/www.delsofa.es\/informacion\/wp-json\/wp\/v2\/posts\/475\/revisions"}],"predecessor-version":[{"id":3647,"href":"https:\/\/www.delsofa.es\/informacion\/wp-json\/wp\/v2\/posts\/475\/revisions\/3647"}],"wp:attachment":[{"href":"https:\/\/www.delsofa.es\/informacion\/wp-json\/wp\/v2\/media?parent=475"}],"wp:term":[{"taxonomy":"category","embeddable":true,"href":"https:\/\/www.delsofa.es\/informacion\/wp-json\/wp\/v2\/categories?post=475"},{"taxonomy":"post_tag","embeddable":true,"href":"https:\/\/www.delsofa.es\/informacion\/wp-json\/wp\/v2\/tags?post=475"}],"curies":[{"name":"wp","href":"https:\/\/api.w.org\/{rel}","templated":true}]}}