{"id":4826,"date":"2019-01-16T10:16:51","date_gmt":"2019-01-16T10:16:51","guid":{"rendered":"https:\/\/www.delsofa.es\/informacion\/?p=4826"},"modified":"2019-01-16T10:24:00","modified_gmt":"2019-01-16T10:24:00","slug":"tienda-oficial-delsofa-en-barcelona-mobles-ciutat-meridiana","status":"publish","type":"post","link":"https:\/\/www.delsofa.es\/informacion\/tienda-oficial-delsofa-en-barcelona-mobles-ciutat-meridiana\/","title":{"rendered":"Mobles Ciutat Meridiana, tienda oficial Delsofa en Barcelona"},"content":{"rendered":"<p style=\"text-align: justify;\">Si quieres <strong>probar nuestros sof\u00e1s, sillones, sof\u00e1s cama, chaise longue<\/strong>\u2026 puedes hacerlo en nuestra tienda oficial Delsofa en Barcelona. En <a href=\"https:\/\/www.delsofa.es\/tiendas-de-sofas-y-sillones-barcelona\/muebles-ciudad-meridiana.php\">Mobles Ciutat Meridiana<\/a> tambi\u00e9n puedes comprarlos f\u00edsicamente al mejor precio.<\/p>\n<p style=\"text-align: justify;\">Mobles Ciutat Meridiana est\u00e1 situada en la <strong>Avenida Rasos de Peguera, n\u00famero 13-15 (Plaza Roja)<\/strong> de la capital catalana. Su horario comercial es de lunes a viernes de 9:30 a 13:30 horas y de 17:00 a 20:00 horas y los s\u00e1bados de 10:30 a 13:00 horas.<!--more--><\/p>\n<h2><span style=\"font-size: 120%; color: #993366;\">Mobles Ciutat Meridiana, tu sof\u00e1 de Delsofa<\/span><\/h2>\n<p style=\"text-align: justify;\">En Delsofa somos conscientes de la importancia de probar el sof\u00e1, sill\u00f3n, sof\u00e1 cama, chaise longue que estar\u00e1 en tu sal\u00f3n durante m\u00e1s de una d\u00e9cada. Por ello, ponemos a disposici\u00f3n de nuestros clientes <strong>m\u00e1s de 160 puntos de venta en Espa\u00f1a<\/strong>. Uno de ellos, es nuestra tienda oficial Delsofa en Barcelona, Mobles Ciutat Meridiana.<\/p>\n<p><img decoding=\"async\" loading=\"lazy\" class=\"aligncenter size-full wp-image-4825\" src=\"https:\/\/www.delsofa.es\/informacion\/wp-content\/uploads\/2019\/01\/ciutat-meridiana.jpg\" alt=\"Mobles Ciutat Meridiana, tienda oficial Delsofa en Barcelona\" width=\"584\" height=\"321\" srcset=\"https:\/\/www.delsofa.es\/informacion\/wp-content\/uploads\/2019\/01\/ciutat-meridiana.jpg 584w, https:\/\/www.delsofa.es\/informacion\/wp-content\/uploads\/2019\/01\/ciutat-meridiana-300x165.jpg 300w, https:\/\/www.delsofa.es\/informacion\/wp-content\/uploads\/2019\/01\/ciutat-meridiana-500x275.jpg 500w\" sizes=\"(max-width: 584px) 100vw, 584px\" \/><\/p>\n<p style=\"text-align: justify;\">En este establecimiento de la capital catalana encontrar\u00e1s muchos de nuestros sof\u00e1s, sillones, sof\u00e1s cama, chaise longue del cat\u00e1logo online. Puedes <strong>probarlos sin compromiso y comprarlos al mejor precio<\/strong> en ella, si lo prefieres. D\u00e9jate aconsejar por sus expertos y ll\u00e9vate a casa el sof\u00e1 que se adapte a tus gustos y necesidades.<\/p>\n<p style=\"text-align: justify;\">Puedes elegir entre los <strong>distintos modelos y composiciones<\/strong>: sof\u00e1s de dos plazas, tres plazas, composiciones 3+2, chaise longue, extras a\u00f1adidos (asientos extensibles, respaldos reclinables, arc\u00f3n almacenamiento, luces LED, reposabrazos, distintos rellenos\u2026). Adem\u00e1s tienes de distintos rangos de precios. Elige tu sof\u00e1 para tu sal\u00f3n, casas de alquiler, segundas residencias\u2026<\/p>\n<p style=\"text-align: justify;\">Adem\u00e1s en Mobles Ciutat Meridiana puedes aprovechar para <strong>amueblar tu hogar al mejor precio<\/strong>. Elige tus muebles de sal\u00f3n, comedor, habitaciones, despachos, muebles auxiliares. Con los mejores precios.<\/p>\n<p style=\"text-align: justify;\">Aprovecha sus <strong>grandes ventajas y servicios post venta<\/strong>. Excepcionales condiciones de financiaci\u00f3n, asesoramiento de expertos en decoraci\u00f3n, mediciones a domicilio, presupuestos muy ajustados, montaje y transporte de manos de expertos\u2026 Son todo ventajas.<\/p>\n<h2><span style=\"font-size: 120%; color: #993366;\">Busca tu tienda Delsofa m\u00e1s pr\u00f3xima<\/span><\/h2>\n<p style=\"text-align: justify;\">Si quieres saber qu\u00e9 tienda o distribuidor autorizado de Delsofa est\u00e1 m\u00e1s cerca de tu hogar, te invitamos a utilizar <strong>nuestro buscador web<\/strong>. Es muy f\u00e1cil acceder a \u00e9l. Ver\u00e1s en la esquina superior derecha de delsofa.es un enlace con el texto \u201cTiendas de\u2026\u201d. Al acceder a este enlace, entras directamente a la pantalla del buscador de tiendas.<\/p>\n<p><img decoding=\"async\" loading=\"lazy\" class=\"aligncenter size-full wp-image-4071\" src=\"https:\/\/www.delsofa.es\/informacion\/wp-content\/uploads\/2014\/08\/buscador-alicante.jpg\" alt=\"Buscador tiendas de sof\u00e1s\" width=\"584\" height=\"619\" srcset=\"https:\/\/www.delsofa.es\/informacion\/wp-content\/uploads\/2014\/08\/buscador-alicante.jpg 584w, https:\/\/www.delsofa.es\/informacion\/wp-content\/uploads\/2014\/08\/buscador-alicante-283x300.jpg 283w\" sizes=\"(max-width: 584px) 100vw, 584px\" \/><\/p>\n<p style=\"text-align: justify;\">En el buscador puedes <strong>elegir tu provincia en el desplegable<\/strong> que ver\u00e1s despu\u00e9s de la foto. Un consejo: si vives en el l\u00edmite de varias provincias, puedes hacer la b\u00fasqueda para tus provincias lim\u00edtrofes y ver todas las tiendas que est\u00e1n cerca. Tambi\u00e9n puedes ir descendiendo por la pantalla y ver todas las tiendas de cada provincia.<\/p>\n<p style=\"text-align: justify;\">Una vez elegida la provincia, te mostramos una lista con las tiendas que hay en ella. Para saber m\u00e1s informaci\u00f3n, solo debes <strong>visitar el enlace que lleva el nombre de cada tienda<\/strong>. Ver\u00e1s as\u00ed datos sobre su direcci\u00f3n, email, web, horario comercial, tel\u00e9fono, perfiles sociales. Tambi\u00e9n tienes un formulario para contactar directamente con su personal. Adem\u00e1s de una herramienta que te sugiere la ruta en coche m\u00e1s r\u00e1pida desde un punto de origen hasta la tienda.<\/p>\n<p style=\"text-align: justify;\">Si necesitas ayuda para elegir tu tienda Delsofa m\u00e1s pr\u00f3xima, puedes escribirnos un comentario en esta entrada. O bien llamar al <strong>tel\u00e9fono gratuito de atenci\u00f3n al cliente: 900.701.086<\/strong>, de lunes a viernes de 8 a 20 horas. Te lo diremos.<\/p>\n","protected":false},"excerpt":{"rendered":"<p>Si quieres probar nuestros sof\u00e1s, sillones, sof\u00e1s cama, chaise longue\u2026 puedes hacerlo en nuestra tienda oficial Delsofa en Barcelona. En Mobles Ciutat Meridiana tambi\u00e9n puedes comprarlos f\u00edsicamente al mejor precio. Mobles Ciutat Meridiana est\u00e1 situada en la Avenida Rasos de &hellip; <a href=\"https:\/\/www.delsofa.es\/informacion\/tienda-oficial-delsofa-en-barcelona-mobles-ciutat-meridiana\/\">Sigue leyendo <span class=\"meta-nav\">&rarr;<\/span><\/a><\/p>\n","protected":false},"author":3,"featured_media":0,"comment_status":"open","ping_status":"open","sticky":false,"template":"","format":"standard","meta":[],"categories":[204],"tags":[146,1523,122,1367,1387,1484,1497,1485],"yoast_head":"<!-- This site is optimized with the Yoast SEO plugin v18.6 - https:\/\/yoast.com\/wordpress\/plugins\/seo\/ -->\n<title>Mobles Ciutat Meridiana, tienda oficial Delsofa en Barcelona -<\/title>\n<meta name=\"description\" content=\"Visita la tienda oficial Delsofa en Barcelona Mobles Ciutat Meridiana y prueba nuestro cat\u00e1logo online: sof\u00e1s, chaise longue, sillones, sof\u00e1s cama.\" \/>\n<meta name=\"robots\" content=\"index, follow, max-snippet:-1, max-image-preview:large, max-video-preview:-1\" \/>\n<link rel=\"canonical\" href=\"https:\/\/www.delsofa.es\/informacion\/tienda-oficial-delsofa-en-barcelona-mobles-ciutat-meridiana\/\" \/>\n<meta name=\"twitter:card\" content=\"summary_large_image\" \/>\n<meta name=\"twitter:title\" content=\"Mobles Ciutat Meridiana, tienda oficial Delsofa en Barcelona -\" \/>\n<meta name=\"twitter:description\" content=\"Visita la tienda oficial Delsofa en Barcelona Mobles Ciutat Meridiana y prueba nuestro cat\u00e1logo online: sof\u00e1s, chaise longue, sillones, sof\u00e1s cama.\" \/>\n<meta name=\"twitter:image\" content=\"https:\/\/www.delsofa.es\/informacion\/wp-content\/uploads\/2019\/01\/ciutat-meridiana.jpg\" \/>\n<meta name=\"twitter:creator\" content=\"@http:\/\/www.twitter.com\/inmolber\" \/>\n<meta name=\"twitter:site\" content=\"@delsofaES\" \/>\n<meta name=\"twitter:label1\" content=\"Escrito por\" \/>\n\t<meta name=\"twitter:data1\" content=\"Inma Molt\u00f3\" \/>\n\t<meta name=\"twitter:label2\" content=\"Tiempo de lectura\" \/>\n\t<meta name=\"twitter:data2\" content=\"3 minutos\" \/>\n<script type=\"application\/ld+json\" class=\"yoast-schema-graph\">{\"@context\":\"https:\/\/schema.org\",\"@graph\":[{\"@type\":\"WebSite\",\"@id\":\"https:\/\/www.delsofa.es\/informacion\/#website\",\"url\":\"https:\/\/www.delsofa.es\/informacion\/\",\"name\":\"\",\"description\":\"\",\"potentialAction\":[{\"@type\":\"SearchAction\",\"target\":{\"@type\":\"EntryPoint\",\"urlTemplate\":\"https:\/\/www.delsofa.es\/informacion\/?s={search_term_string}\"},\"query-input\":\"required name=search_term_string\"}],\"inLanguage\":\"es\"},{\"@type\":\"ImageObject\",\"@id\":\"https:\/\/www.delsofa.es\/informacion\/tienda-oficial-delsofa-en-barcelona-mobles-ciutat-meridiana\/#primaryimage\",\"inLanguage\":\"es\",\"url\":\"https:\/\/www.delsofa.es\/informacion\/wp-content\/uploads\/2019\/01\/ciutat-meridiana.jpg\",\"contentUrl\":\"https:\/\/www.delsofa.es\/informacion\/wp-content\/uploads\/2019\/01\/ciutat-meridiana.jpg\",\"width\":584,\"height\":321,\"caption\":\"Mobles Ciutat Meridiana, tienda oficial Delsofa en Barcelona\"},{\"@type\":\"WebPage\",\"@id\":\"https:\/\/www.delsofa.es\/informacion\/tienda-oficial-delsofa-en-barcelona-mobles-ciutat-meridiana\/#webpage\",\"url\":\"https:\/\/www.delsofa.es\/informacion\/tienda-oficial-delsofa-en-barcelona-mobles-ciutat-meridiana\/\",\"name\":\"Mobles Ciutat Meridiana, tienda oficial Delsofa en Barcelona -\",\"isPartOf\":{\"@id\":\"https:\/\/www.delsofa.es\/informacion\/#website\"},\"primaryImageOfPage\":{\"@id\":\"https:\/\/www.delsofa.es\/informacion\/tienda-oficial-delsofa-en-barcelona-mobles-ciutat-meridiana\/#primaryimage\"},\"datePublished\":\"2019-01-16T10:16:51+00:00\",\"dateModified\":\"2019-01-16T10:24:00+00:00\",\"author\":{\"@id\":\"https:\/\/www.delsofa.es\/informacion\/#\/schema\/person\/904d00808e282031a3b11f51524d259c\"},\"description\":\"Visita la tienda oficial Delsofa en Barcelona Mobles Ciutat Meridiana y prueba nuestro cat\u00e1logo online: sof\u00e1s, chaise longue, sillones, sof\u00e1s cama.\",\"breadcrumb\":{\"@id\":\"https:\/\/www.delsofa.es\/informacion\/tienda-oficial-delsofa-en-barcelona-mobles-ciutat-meridiana\/#breadcrumb\"},\"inLanguage\":\"es\",\"potentialAction\":[{\"@type\":\"ReadAction\",\"target\":[\"https:\/\/www.delsofa.es\/informacion\/tienda-oficial-delsofa-en-barcelona-mobles-ciutat-meridiana\/\"]}]},{\"@type\":\"BreadcrumbList\",\"@id\":\"https:\/\/www.delsofa.es\/informacion\/tienda-oficial-delsofa-en-barcelona-mobles-ciutat-meridiana\/#breadcrumb\",\"itemListElement\":[{\"@type\":\"ListItem\",\"position\":1,\"name\":\"Portada\",\"item\":\"https:\/\/www.delsofa.es\/informacion\/\"},{\"@type\":\"ListItem\",\"position\":2,\"name\":\"Mobles Ciutat Meridiana, tienda oficial Delsofa en Barcelona\"}]},{\"@type\":\"Person\",\"@id\":\"https:\/\/www.delsofa.es\/informacion\/#\/schema\/person\/904d00808e282031a3b11f51524d259c\",\"name\":\"Inma Molt\u00f3\",\"image\":{\"@type\":\"ImageObject\",\"@id\":\"https:\/\/www.delsofa.es\/informacion\/#personlogo\",\"inLanguage\":\"es\",\"url\":\"https:\/\/secure.gravatar.com\/avatar\/6411caf208a31a6dd0c4c353341facb7?s=96&d=mm&r=g\",\"contentUrl\":\"https:\/\/secure.gravatar.com\/avatar\/6411caf208a31a6dd0c4c353341facb7?s=96&d=mm&r=g\",\"caption\":\"Inma Molt\u00f3\"},\"description\":\"Soy periodista, community manager y formadora en redes sociales. Desde enero de 2013 escribo en el Blog Delsofa y actualmente tambi\u00e9n me encargo de su supervisi\u00f3n. Me encanta todo lo relacionado con la decoraci\u00f3n y el dise\u00f1o. Si quer\u00e9is saber m\u00e1s os dejo mi web: www.periodistasocialmedia.com\",\"sameAs\":[\"http:\/\/www.periodistasocialmedia.com\",\"https:\/\/twitter.com\/http:\/\/www.twitter.com\/inmolber\"],\"url\":\"https:\/\/www.delsofa.es\/informacion\/author\/inma\/\"}]}<\/script>\n<!-- \/ Yoast SEO plugin. -->","yoast_head_json":{"title":"Mobles Ciutat Meridiana, tienda oficial Delsofa en Barcelona -","description":"Visita la tienda oficial Delsofa en Barcelona Mobles Ciutat Meridiana y prueba nuestro cat\u00e1logo online: sof\u00e1s, chaise longue, sillones, sof\u00e1s cama.","robots":{"index":"index","follow":"follow","max-snippet":"max-snippet:-1","max-image-preview":"max-image-preview:large","max-video-preview":"max-video-preview:-1"},"canonical":"https:\/\/www.delsofa.es\/informacion\/tienda-oficial-delsofa-en-barcelona-mobles-ciutat-meridiana\/","twitter_card":"summary_large_image","twitter_title":"Mobles Ciutat Meridiana, tienda oficial Delsofa en Barcelona -","twitter_description":"Visita la tienda oficial Delsofa en Barcelona Mobles Ciutat Meridiana y prueba nuestro cat\u00e1logo online: sof\u00e1s, chaise longue, sillones, sof\u00e1s cama.","twitter_image":"https:\/\/www.delsofa.es\/informacion\/wp-content\/uploads\/2019\/01\/ciutat-meridiana.jpg","twitter_creator":"@http:\/\/www.twitter.com\/inmolber","twitter_site":"@delsofaES","twitter_misc":{"Escrito por":"Inma Molt\u00f3","Tiempo de lectura":"3 minutos"},"schema":{"@context":"https:\/\/schema.org","@graph":[{"@type":"WebSite","@id":"https:\/\/www.delsofa.es\/informacion\/#website","url":"https:\/\/www.delsofa.es\/informacion\/","name":"","description":"","potentialAction":[{"@type":"SearchAction","target":{"@type":"EntryPoint","urlTemplate":"https:\/\/www.delsofa.es\/informacion\/?s={search_term_string}"},"query-input":"required name=search_term_string"}],"inLanguage":"es"},{"@type":"ImageObject","@id":"https:\/\/www.delsofa.es\/informacion\/tienda-oficial-delsofa-en-barcelona-mobles-ciutat-meridiana\/#primaryimage","inLanguage":"es","url":"https:\/\/www.delsofa.es\/informacion\/wp-content\/uploads\/2019\/01\/ciutat-meridiana.jpg","contentUrl":"https:\/\/www.delsofa.es\/informacion\/wp-content\/uploads\/2019\/01\/ciutat-meridiana.jpg","width":584,"height":321,"caption":"Mobles Ciutat Meridiana, tienda oficial Delsofa en Barcelona"},{"@type":"WebPage","@id":"https:\/\/www.delsofa.es\/informacion\/tienda-oficial-delsofa-en-barcelona-mobles-ciutat-meridiana\/#webpage","url":"https:\/\/www.delsofa.es\/informacion\/tienda-oficial-delsofa-en-barcelona-mobles-ciutat-meridiana\/","name":"Mobles Ciutat Meridiana, tienda oficial Delsofa en Barcelona -","isPartOf":{"@id":"https:\/\/www.delsofa.es\/informacion\/#website"},"primaryImageOfPage":{"@id":"https:\/\/www.delsofa.es\/informacion\/tienda-oficial-delsofa-en-barcelona-mobles-ciutat-meridiana\/#primaryimage"},"datePublished":"2019-01-16T10:16:51+00:00","dateModified":"2019-01-16T10:24:00+00:00","author":{"@id":"https:\/\/www.delsofa.es\/informacion\/#\/schema\/person\/904d00808e282031a3b11f51524d259c"},"description":"Visita la tienda oficial Delsofa en Barcelona Mobles Ciutat Meridiana y prueba nuestro cat\u00e1logo online: sof\u00e1s, chaise longue, sillones, sof\u00e1s cama.","breadcrumb":{"@id":"https:\/\/www.delsofa.es\/informacion\/tienda-oficial-delsofa-en-barcelona-mobles-ciutat-meridiana\/#breadcrumb"},"inLanguage":"es","potentialAction":[{"@type":"ReadAction","target":["https:\/\/www.delsofa.es\/informacion\/tienda-oficial-delsofa-en-barcelona-mobles-ciutat-meridiana\/"]}]},{"@type":"BreadcrumbList","@id":"https:\/\/www.delsofa.es\/informacion\/tienda-oficial-delsofa-en-barcelona-mobles-ciutat-meridiana\/#breadcrumb","itemListElement":[{"@type":"ListItem","position":1,"name":"Portada","item":"https:\/\/www.delsofa.es\/informacion\/"},{"@type":"ListItem","position":2,"name":"Mobles Ciutat Meridiana, tienda oficial Delsofa en Barcelona"}]},{"@type":"Person","@id":"https:\/\/www.delsofa.es\/informacion\/#\/schema\/person\/904d00808e282031a3b11f51524d259c","name":"Inma Molt\u00f3","image":{"@type":"ImageObject","@id":"https:\/\/www.delsofa.es\/informacion\/#personlogo","inLanguage":"es","url":"https:\/\/secure.gravatar.com\/avatar\/6411caf208a31a6dd0c4c353341facb7?s=96&d=mm&r=g","contentUrl":"https:\/\/secure.gravatar.com\/avatar\/6411caf208a31a6dd0c4c353341facb7?s=96&d=mm&r=g","caption":"Inma Molt\u00f3"},"description":"Soy periodista, community manager y formadora en redes sociales. Desde enero de 2013 escribo en el Blog Delsofa y actualmente tambi\u00e9n me encargo de su supervisi\u00f3n. Me encanta todo lo relacionado con la decoraci\u00f3n y el dise\u00f1o. Si quer\u00e9is saber m\u00e1s os dejo mi web: www.periodistasocialmedia.com","sameAs":["http:\/\/www.periodistasocialmedia.com","https:\/\/twitter.com\/http:\/\/www.twitter.com\/inmolber"],"url":"https:\/\/www.delsofa.es\/informacion\/author\/inma\/"}]}},"amp_enabled":true,"_links":{"self":[{"href":"https:\/\/www.delsofa.es\/informacion\/wp-json\/wp\/v2\/posts\/4826"}],"collection":[{"href":"https:\/\/www.delsofa.es\/informacion\/wp-json\/wp\/v2\/posts"}],"about":[{"href":"https:\/\/www.delsofa.es\/informacion\/wp-json\/wp\/v2\/types\/post"}],"author":[{"embeddable":true,"href":"https:\/\/www.delsofa.es\/informacion\/wp-json\/wp\/v2\/users\/3"}],"replies":[{"embeddable":true,"href":"https:\/\/www.delsofa.es\/informacion\/wp-json\/wp\/v2\/comments?post=4826"}],"version-history":[{"count":3,"href":"https:\/\/www.delsofa.es\/informacion\/wp-json\/wp\/v2\/posts\/4826\/revisions"}],"predecessor-version":[{"id":4829,"href":"https:\/\/www.delsofa.es\/informacion\/wp-json\/wp\/v2\/posts\/4826\/revisions\/4829"}],"wp:attachment":[{"href":"https:\/\/www.delsofa.es\/informacion\/wp-json\/wp\/v2\/media?parent=4826"}],"wp:term":[{"taxonomy":"category","embeddable":true,"href":"https:\/\/www.delsofa.es\/informacion\/wp-json\/wp\/v2\/categories?post=4826"},{"taxonomy":"post_tag","embeddable":true,"href":"https:\/\/www.delsofa.es\/informacion\/wp-json\/wp\/v2\/tags?post=4826"}],"curies":[{"name":"wp","href":"https:\/\/api.w.org\/{rel}","templated":true}]}}