{"id":4877,"date":"2019-03-22T13:40:04","date_gmt":"2019-03-22T13:40:04","guid":{"rendered":"https:\/\/www.delsofa.es\/informacion\/?p=4877"},"modified":"2019-04-08T16:05:30","modified_gmt":"2019-04-08T16:05:30","slug":"sofa-cama-dali-personaliza-tu-sofa","status":"publish","type":"post","link":"https:\/\/www.delsofa.es\/informacion\/sofa-cama-dali-personaliza-tu-sofa\/","title":{"rendered":"Sof\u00e1 Cama Dal\u00ed, una gran paleta de colores a elegir. Personaliza tu sof\u00e1"},"content":{"rendered":"<p style=\"text-align: justify;\">Nuestra gama de sof\u00e1s cama se ampl\u00eda con un nuevo art\u00edculo. El sof\u00e1 Cama Dal\u00ed, disponible en una gran cantidad de colores, con cojines de regalo. Puedes jugar con la paleta de colores y <strong>personalizar este nuevo sof\u00e1 cama<\/strong> a tu gusto.<\/p>\n<p style=\"text-align: justify;\">El nuevo sof\u00e1 cama Dal\u00ed est\u00e1 disponible en medidas de <strong>cama de matrimonio de 150 cm de ancho, o sill\u00f3n cama individual de 90 cm de ancho<\/strong>. Es un sof\u00e1 cama de gran durabilidad gracias a su estructura de madera. Es la soluci\u00f3n perfecta para recibir hu\u00e9spedes en casa y contar as\u00ed con una cama extra y c\u00f3moda.<\/p>\n<p><iframe loading=\"lazy\" width=\"584\" height=\"329\" src=\"https:\/\/www.youtube.com\/embed\/rNwrLArOYrY?feature=oembed\" frameborder=\"0\" allow=\"accelerometer; autoplay; encrypted-media; gyroscope; picture-in-picture\" allowfullscreen><\/iframe><\/p>\n<p><!--more--><\/p>\n<h2><span style=\"font-size: 120%; color: #993366;\">Caracter\u00edsticas del nuevo sof\u00e1 cama Dal\u00ed<\/span><\/h2>\n<p style=\"text-align: justify;\">La estructura del sof\u00e1 cama Dal\u00ed destaca por su durabilidad. Est\u00e1 fabricada en <strong>madera recubierta de espuma de poliuretano<\/strong> que le aporta una muy buena acogida a la sentada. Las almohadas de los respaldos y asientos est\u00e1n rellenas de espumaci\u00f3n de 28 kg\/m3 de densidad recubierta de fibra para un mayor confort y suavidad. Las patas son de madera en color wengu\u00e9 y los brazos de madera est\u00e1 tapizados.<\/p>\n<p><img decoding=\"async\" loading=\"lazy\" class=\"aligncenter wp-image-4873 size-full\" title=\"Sof\u00e1 cama Dal\u00ed\" src=\"https:\/\/www.delsofa.es\/informacion\/wp-content\/uploads\/2019\/03\/dali_sofacama_4.jpg\" alt=\"Sof\u00e1 cama Dal\u00ed\" width=\"535\" height=\"309\" srcset=\"https:\/\/www.delsofa.es\/informacion\/wp-content\/uploads\/2019\/03\/dali_sofacama_4.jpg 535w, https:\/\/www.delsofa.es\/informacion\/wp-content\/uploads\/2019\/03\/dali_sofacama_4-300x173.jpg 300w, https:\/\/www.delsofa.es\/informacion\/wp-content\/uploads\/2019\/03\/dali_sofacama_4-500x289.jpg 500w\" sizes=\"(max-width: 535px) 100vw, 535px\" \/><\/p>\n<p style=\"text-align: justify;\">El sof\u00e1 cama <strong>se abre con sistema italiano SIDEFLANC, muy f\u00e1cil de utilizar<\/strong>. La cama est\u00e1 compuesta de un somier met\u00e1lico con l\u00e1minas de madera y un colch\u00f3n de espumaci\u00f3n de 14 cm de grosor.<\/p>\n<p>El sof\u00e1 cama Dal\u00ed est\u00e1 <strong>tapizado en tejido antimanchas con tratamiento Easy Care, muy f\u00e1cil de limpiar<\/strong>. Se puede desenfundar y lavar las fundas. Este tratamiento impide que las manchas penetren en el interior y facilita su limpieza. Para limpiarlo hay que seguir las instrucciones que da el fabricante. No usar productos qu\u00edmicos ni aspirar con fuerza para que no se desprendan las fibras.<\/p>\n<p><img decoding=\"async\" loading=\"lazy\" class=\"aligncenter wp-image-4876 size-full\" title=\"Sof\u00e1 cama Dal\u00ed\" src=\"https:\/\/www.delsofa.es\/informacion\/wp-content\/uploads\/2019\/03\/DALI_sofacama_1_0_0.jpg\" alt=\"Sof\u00e1 cama Dal\u00ed\" width=\"653\" height=\"427\" srcset=\"https:\/\/www.delsofa.es\/informacion\/wp-content\/uploads\/2019\/03\/DALI_sofacama_1_0_0.jpg 653w, https:\/\/www.delsofa.es\/informacion\/wp-content\/uploads\/2019\/03\/DALI_sofacama_1_0_0-300x196.jpg 300w, https:\/\/www.delsofa.es\/informacion\/wp-content\/uploads\/2019\/03\/DALI_sofacama_1_0_0-459x300.jpg 459w\" sizes=\"(max-width: 653px) 100vw, 653px\" \/><\/p>\n<h6><a href=\"https:\/\/www.delsofa.es\/sofa-cama-dali.php\" target=\"_blank\" rel=\"noopener noreferrer\">SABER M\u00c1S DEL NUEVO SOF\u00c1 CAMA DAL\u00cd<\/a><\/h6>\n<p style=\"text-align: justify;\">El sof\u00e1 cama est\u00e1 <strong>disponible en medidas de sof\u00e1 cama doble<\/strong>. Con un ancho de sof\u00e1 de 178 cm, 150 cm de ancho de cama y 200 cm de largo de cama. La altura es de 98 cm y el fondo del sof\u00e1 92 cm. En la distribuci\u00f3n sill\u00f3n, el ancho de sof\u00e1 es de 115 cm y 90 cm de cama.<\/p>\n<h2><span style=\"font-size: 120%; color: #993366;\">Elige el acabado que m\u00e1s te guste<\/span><\/h2>\n<p style=\"text-align: justify;\">El nuevo sof\u00e1 cama Dal\u00ed est\u00e1 disponible en una <strong>gran gama de colores<\/strong>, te los mostramos en la imagen siguiente. En la ficha de producto, disponible en el enlace \u201cSABER M\u00c1S\u2026\u201d puedes elegir la combinaci\u00f3n de colores que quieras. Hay hasta 24 colores distintos para elegir.<\/p>\n<p style=\"text-align: justify;\">En el recuadro del final de la ficha, en la segunda pesta\u00f1a \u201cTapicer\u00edas\u201d, elige en los desplegables los colores que quieras para el tapizado del sof\u00e1 cama, los cojines grandes rectangulares de respaldo y los cojines peque\u00f1os cuadrados. <strong>Puedes jugar con la paleta de colores o elegir todo en el mismo color<\/strong>. Lo que tu quieras.<\/p>\n<p style=\"text-align: justify;\">Si quieres ver y comprobar personalmente la textura de la tela. Una vez elegidos los colores, haz clic en el texto <strong>\u201csolicitar muestra tejido\u201d<\/strong>. Te enviaremos gratis, a la direcci\u00f3n que nos indiques una muestra del tejido con el color elegido.<\/p>\n<p><img decoding=\"async\" loading=\"lazy\" class=\"aligncenter wp-image-4874 size-full\" title=\"Paleta de colores del Sof\u00e1 cama Dal\u00ed\" src=\"https:\/\/www.delsofa.es\/informacion\/wp-content\/uploads\/2019\/03\/dali_sofacama_3.jpg\" alt=\"Sof\u00e1 cama Dal\u00ed\" width=\"700\" height=\"590\" srcset=\"https:\/\/www.delsofa.es\/informacion\/wp-content\/uploads\/2019\/03\/dali_sofacama_3.jpg 700w, https:\/\/www.delsofa.es\/informacion\/wp-content\/uploads\/2019\/03\/dali_sofacama_3-300x253.jpg 300w, https:\/\/www.delsofa.es\/informacion\/wp-content\/uploads\/2019\/03\/dali_sofacama_3-356x300.jpg 356w\" sizes=\"(max-width: 700px) 100vw, 700px\" \/><\/p>\n<p style=\"text-align: justify;\">En Delsof\u00e1 te enviamos tu sof\u00e1 cama Dal\u00ed que quieras sin coste de transporte, montaje e instalaci\u00f3n. Si lo necesitas retiramos tu sof\u00e1 cama viejo, sin gastos extras. <strong>Lo recibir\u00e1s en un plazo m\u00e1ximo de 10 d\u00edas<\/strong>. Tienes, adem\u00e1s 14 d\u00edas de prueba y si no te convence lo devuelves.<\/p>\n<p style=\"text-align: justify;\">Tienes muchas facilidades y formas de pago: Pay Pal, transferencia bancaria, tarjeta, ingreso en efectivo. Si lo necesitas <strong>puedes financiar tu compra sin intereses ni gastos<\/strong>. Pregunta tus dudas en el tel\u00e9fono gratuito 900.701.086, de lunes a viernes de 8 a 20 horas. Tambi\u00e9n puedes consultarnos escribiendo tu duda en el campo de comentarios.<\/p>\n","protected":false},"excerpt":{"rendered":"<p>Nuestra gama de sof\u00e1s cama se ampl\u00eda con un nuevo art\u00edculo. El sof\u00e1 Cama Dal\u00ed, disponible en una gran cantidad de colores, con cojines de regalo. Puedes jugar con la paleta de colores y personalizar este nuevo sof\u00e1 cama a &hellip; <a href=\"https:\/\/www.delsofa.es\/informacion\/sofa-cama-dali-personaliza-tu-sofa\/\">Sigue leyendo <span class=\"meta-nav\">&rarr;<\/span><\/a><\/p>\n","protected":false},"author":3,"featured_media":0,"comment_status":"open","ping_status":"open","sticky":false,"template":"","format":"standard","meta":[],"categories":[111],"tags":[1136,115,1570,1571,1569,1572],"yoast_head":"<!-- This site is optimized with the Yoast SEO plugin v18.6 - https:\/\/yoast.com\/wordpress\/plugins\/seo\/ -->\n<title>Sof\u00e1 Cama Dal\u00ed, una gran paleta de colores a elegir. Personaliza tu sof\u00e1 -<\/title>\n<meta name=\"description\" content=\"El sof\u00e1 Cama Dal\u00ed, disponible en muchos colores, con cojines de regalo. Puedes jugar con la paleta de colores y personalizarlo a tu gusto en Delsofa.\" \/>\n<meta name=\"robots\" content=\"index, follow, max-snippet:-1, max-image-preview:large, max-video-preview:-1\" \/>\n<link rel=\"canonical\" href=\"https:\/\/www.delsofa.es\/informacion\/sofa-cama-dali-personaliza-tu-sofa\/\" \/>\n<meta name=\"twitter:card\" content=\"summary_large_image\" \/>\n<meta name=\"twitter:title\" content=\"Sof\u00e1 Cama Dal\u00ed, una gran paleta de colores a elegir. Personaliza tu sof\u00e1 -\" \/>\n<meta name=\"twitter:description\" content=\"El sof\u00e1 Cama Dal\u00ed, disponible en muchos colores, con cojines de regalo. Puedes jugar con la paleta de colores y personalizarlo a tu gusto en Delsofa.\" \/>\n<meta name=\"twitter:image\" content=\"https:\/\/www.delsofa.es\/informacion\/wp-content\/uploads\/2019\/03\/dali_sofacama_4.jpg\" \/>\n<meta name=\"twitter:creator\" content=\"@http:\/\/www.twitter.com\/inmolber\" \/>\n<meta name=\"twitter:site\" content=\"@delsofaES\" \/>\n<meta name=\"twitter:label1\" content=\"Escrito por\" \/>\n\t<meta name=\"twitter:data1\" content=\"Inma Molt\u00f3\" \/>\n\t<meta name=\"twitter:label2\" content=\"Tiempo de lectura\" \/>\n\t<meta name=\"twitter:data2\" content=\"3 minutos\" \/>\n<script type=\"application\/ld+json\" class=\"yoast-schema-graph\">{\"@context\":\"https:\/\/schema.org\",\"@graph\":[{\"@type\":\"WebSite\",\"@id\":\"https:\/\/www.delsofa.es\/informacion\/#website\",\"url\":\"https:\/\/www.delsofa.es\/informacion\/\",\"name\":\"\",\"description\":\"\",\"potentialAction\":[{\"@type\":\"SearchAction\",\"target\":{\"@type\":\"EntryPoint\",\"urlTemplate\":\"https:\/\/www.delsofa.es\/informacion\/?s={search_term_string}\"},\"query-input\":\"required name=search_term_string\"}],\"inLanguage\":\"es\"},{\"@type\":\"ImageObject\",\"@id\":\"https:\/\/www.delsofa.es\/informacion\/sofa-cama-dali-personaliza-tu-sofa\/#primaryimage\",\"inLanguage\":\"es\",\"url\":\"https:\/\/www.delsofa.es\/informacion\/wp-content\/uploads\/2019\/03\/dali_sofacama_4.jpg\",\"contentUrl\":\"https:\/\/www.delsofa.es\/informacion\/wp-content\/uploads\/2019\/03\/dali_sofacama_4.jpg\",\"width\":535,\"height\":309},{\"@type\":\"WebPage\",\"@id\":\"https:\/\/www.delsofa.es\/informacion\/sofa-cama-dali-personaliza-tu-sofa\/#webpage\",\"url\":\"https:\/\/www.delsofa.es\/informacion\/sofa-cama-dali-personaliza-tu-sofa\/\",\"name\":\"Sof\u00e1 Cama Dal\u00ed, una gran paleta de colores a elegir. Personaliza tu sof\u00e1 -\",\"isPartOf\":{\"@id\":\"https:\/\/www.delsofa.es\/informacion\/#website\"},\"primaryImageOfPage\":{\"@id\":\"https:\/\/www.delsofa.es\/informacion\/sofa-cama-dali-personaliza-tu-sofa\/#primaryimage\"},\"datePublished\":\"2019-03-22T13:40:04+00:00\",\"dateModified\":\"2019-04-08T16:05:30+00:00\",\"author\":{\"@id\":\"https:\/\/www.delsofa.es\/informacion\/#\/schema\/person\/904d00808e282031a3b11f51524d259c\"},\"description\":\"El sof\u00e1 Cama Dal\u00ed, disponible en muchos colores, con cojines de regalo. Puedes jugar con la paleta de colores y personalizarlo a tu gusto en Delsofa.\",\"breadcrumb\":{\"@id\":\"https:\/\/www.delsofa.es\/informacion\/sofa-cama-dali-personaliza-tu-sofa\/#breadcrumb\"},\"inLanguage\":\"es\",\"potentialAction\":[{\"@type\":\"ReadAction\",\"target\":[\"https:\/\/www.delsofa.es\/informacion\/sofa-cama-dali-personaliza-tu-sofa\/\"]}]},{\"@type\":\"BreadcrumbList\",\"@id\":\"https:\/\/www.delsofa.es\/informacion\/sofa-cama-dali-personaliza-tu-sofa\/#breadcrumb\",\"itemListElement\":[{\"@type\":\"ListItem\",\"position\":1,\"name\":\"Portada\",\"item\":\"https:\/\/www.delsofa.es\/informacion\/\"},{\"@type\":\"ListItem\",\"position\":2,\"name\":\"Sof\u00e1 Cama Dal\u00ed, una gran paleta de colores a elegir. Personaliza tu sof\u00e1\"}]},{\"@type\":\"Person\",\"@id\":\"https:\/\/www.delsofa.es\/informacion\/#\/schema\/person\/904d00808e282031a3b11f51524d259c\",\"name\":\"Inma Molt\u00f3\",\"image\":{\"@type\":\"ImageObject\",\"@id\":\"https:\/\/www.delsofa.es\/informacion\/#personlogo\",\"inLanguage\":\"es\",\"url\":\"https:\/\/secure.gravatar.com\/avatar\/6411caf208a31a6dd0c4c353341facb7?s=96&d=mm&r=g\",\"contentUrl\":\"https:\/\/secure.gravatar.com\/avatar\/6411caf208a31a6dd0c4c353341facb7?s=96&d=mm&r=g\",\"caption\":\"Inma Molt\u00f3\"},\"description\":\"Soy periodista, community manager y formadora en redes sociales. Desde enero de 2013 escribo en el Blog Delsofa y actualmente tambi\u00e9n me encargo de su supervisi\u00f3n. Me encanta todo lo relacionado con la decoraci\u00f3n y el dise\u00f1o. Si quer\u00e9is saber m\u00e1s os dejo mi web: www.periodistasocialmedia.com\",\"sameAs\":[\"http:\/\/www.periodistasocialmedia.com\",\"https:\/\/twitter.com\/http:\/\/www.twitter.com\/inmolber\"],\"url\":\"https:\/\/www.delsofa.es\/informacion\/author\/inma\/\"}]}<\/script>\n<!-- \/ Yoast SEO plugin. -->","yoast_head_json":{"title":"Sof\u00e1 Cama Dal\u00ed, una gran paleta de colores a elegir. Personaliza tu sof\u00e1 -","description":"El sof\u00e1 Cama Dal\u00ed, disponible en muchos colores, con cojines de regalo. Puedes jugar con la paleta de colores y personalizarlo a tu gusto en Delsofa.","robots":{"index":"index","follow":"follow","max-snippet":"max-snippet:-1","max-image-preview":"max-image-preview:large","max-video-preview":"max-video-preview:-1"},"canonical":"https:\/\/www.delsofa.es\/informacion\/sofa-cama-dali-personaliza-tu-sofa\/","twitter_card":"summary_large_image","twitter_title":"Sof\u00e1 Cama Dal\u00ed, una gran paleta de colores a elegir. Personaliza tu sof\u00e1 -","twitter_description":"El sof\u00e1 Cama Dal\u00ed, disponible en muchos colores, con cojines de regalo. Puedes jugar con la paleta de colores y personalizarlo a tu gusto en Delsofa.","twitter_image":"https:\/\/www.delsofa.es\/informacion\/wp-content\/uploads\/2019\/03\/dali_sofacama_4.jpg","twitter_creator":"@http:\/\/www.twitter.com\/inmolber","twitter_site":"@delsofaES","twitter_misc":{"Escrito por":"Inma Molt\u00f3","Tiempo de lectura":"3 minutos"},"schema":{"@context":"https:\/\/schema.org","@graph":[{"@type":"WebSite","@id":"https:\/\/www.delsofa.es\/informacion\/#website","url":"https:\/\/www.delsofa.es\/informacion\/","name":"","description":"","potentialAction":[{"@type":"SearchAction","target":{"@type":"EntryPoint","urlTemplate":"https:\/\/www.delsofa.es\/informacion\/?s={search_term_string}"},"query-input":"required name=search_term_string"}],"inLanguage":"es"},{"@type":"ImageObject","@id":"https:\/\/www.delsofa.es\/informacion\/sofa-cama-dali-personaliza-tu-sofa\/#primaryimage","inLanguage":"es","url":"https:\/\/www.delsofa.es\/informacion\/wp-content\/uploads\/2019\/03\/dali_sofacama_4.jpg","contentUrl":"https:\/\/www.delsofa.es\/informacion\/wp-content\/uploads\/2019\/03\/dali_sofacama_4.jpg","width":535,"height":309},{"@type":"WebPage","@id":"https:\/\/www.delsofa.es\/informacion\/sofa-cama-dali-personaliza-tu-sofa\/#webpage","url":"https:\/\/www.delsofa.es\/informacion\/sofa-cama-dali-personaliza-tu-sofa\/","name":"Sof\u00e1 Cama Dal\u00ed, una gran paleta de colores a elegir. Personaliza tu sof\u00e1 -","isPartOf":{"@id":"https:\/\/www.delsofa.es\/informacion\/#website"},"primaryImageOfPage":{"@id":"https:\/\/www.delsofa.es\/informacion\/sofa-cama-dali-personaliza-tu-sofa\/#primaryimage"},"datePublished":"2019-03-22T13:40:04+00:00","dateModified":"2019-04-08T16:05:30+00:00","author":{"@id":"https:\/\/www.delsofa.es\/informacion\/#\/schema\/person\/904d00808e282031a3b11f51524d259c"},"description":"El sof\u00e1 Cama Dal\u00ed, disponible en muchos colores, con cojines de regalo. Puedes jugar con la paleta de colores y personalizarlo a tu gusto en Delsofa.","breadcrumb":{"@id":"https:\/\/www.delsofa.es\/informacion\/sofa-cama-dali-personaliza-tu-sofa\/#breadcrumb"},"inLanguage":"es","potentialAction":[{"@type":"ReadAction","target":["https:\/\/www.delsofa.es\/informacion\/sofa-cama-dali-personaliza-tu-sofa\/"]}]},{"@type":"BreadcrumbList","@id":"https:\/\/www.delsofa.es\/informacion\/sofa-cama-dali-personaliza-tu-sofa\/#breadcrumb","itemListElement":[{"@type":"ListItem","position":1,"name":"Portada","item":"https:\/\/www.delsofa.es\/informacion\/"},{"@type":"ListItem","position":2,"name":"Sof\u00e1 Cama Dal\u00ed, una gran paleta de colores a elegir. Personaliza tu sof\u00e1"}]},{"@type":"Person","@id":"https:\/\/www.delsofa.es\/informacion\/#\/schema\/person\/904d00808e282031a3b11f51524d259c","name":"Inma Molt\u00f3","image":{"@type":"ImageObject","@id":"https:\/\/www.delsofa.es\/informacion\/#personlogo","inLanguage":"es","url":"https:\/\/secure.gravatar.com\/avatar\/6411caf208a31a6dd0c4c353341facb7?s=96&d=mm&r=g","contentUrl":"https:\/\/secure.gravatar.com\/avatar\/6411caf208a31a6dd0c4c353341facb7?s=96&d=mm&r=g","caption":"Inma Molt\u00f3"},"description":"Soy periodista, community manager y formadora en redes sociales. Desde enero de 2013 escribo en el Blog Delsofa y actualmente tambi\u00e9n me encargo de su supervisi\u00f3n. Me encanta todo lo relacionado con la decoraci\u00f3n y el dise\u00f1o. Si quer\u00e9is saber m\u00e1s os dejo mi web: www.periodistasocialmedia.com","sameAs":["http:\/\/www.periodistasocialmedia.com","https:\/\/twitter.com\/http:\/\/www.twitter.com\/inmolber"],"url":"https:\/\/www.delsofa.es\/informacion\/author\/inma\/"}]}},"amp_enabled":true,"_links":{"self":[{"href":"https:\/\/www.delsofa.es\/informacion\/wp-json\/wp\/v2\/posts\/4877"}],"collection":[{"href":"https:\/\/www.delsofa.es\/informacion\/wp-json\/wp\/v2\/posts"}],"about":[{"href":"https:\/\/www.delsofa.es\/informacion\/wp-json\/wp\/v2\/types\/post"}],"author":[{"embeddable":true,"href":"https:\/\/www.delsofa.es\/informacion\/wp-json\/wp\/v2\/users\/3"}],"replies":[{"embeddable":true,"href":"https:\/\/www.delsofa.es\/informacion\/wp-json\/wp\/v2\/comments?post=4877"}],"version-history":[{"count":6,"href":"https:\/\/www.delsofa.es\/informacion\/wp-json\/wp\/v2\/posts\/4877\/revisions"}],"predecessor-version":[{"id":4885,"href":"https:\/\/www.delsofa.es\/informacion\/wp-json\/wp\/v2\/posts\/4877\/revisions\/4885"}],"wp:attachment":[{"href":"https:\/\/www.delsofa.es\/informacion\/wp-json\/wp\/v2\/media?parent=4877"}],"wp:term":[{"taxonomy":"category","embeddable":true,"href":"https:\/\/www.delsofa.es\/informacion\/wp-json\/wp\/v2\/categories?post=4877"},{"taxonomy":"post_tag","embeddable":true,"href":"https:\/\/www.delsofa.es\/informacion\/wp-json\/wp\/v2\/tags?post=4877"}],"curies":[{"name":"wp","href":"https:\/\/api.w.org\/{rel}","templated":true}]}}