{"id":625,"date":"2013-07-18T17:23:20","date_gmt":"2013-07-18T17:23:20","guid":{"rendered":"https:\/\/www.delsofa.es\/informacion\/?p=625"},"modified":"2014-07-17T12:50:43","modified_gmt":"2014-07-17T12:50:43","slug":"ideas-para-decorar-el-salon-via-el-mueble","status":"publish","type":"post","link":"https:\/\/www.delsofa.es\/informacion\/ideas-para-decorar-el-salon-via-el-mueble\/","title":{"rendered":"Ideas para decorar el sal\u00f3n y llenarlo de vida, v\u00eda @ELMueble"},"content":{"rendered":"<p style=\"text-align: justify;\">En este post os queremos acercar una serie de art\u00edculos que nos gustar\u00eda compartir con vosotros para decorar el sal\u00f3n. Son de una de nuestras revistas de cabecera, <a title=\"Web revista El Mueble\" href=\"http:\/\/www.elmueble.com\/\" target=\"_blank\">El Mueble<\/a>, cuyos n\u00fameros esperamos siempre con mucha ilusi\u00f3n e impaciencia. \u00a1El \u00faltimo nos ha encantado!<\/p>\n<p style=\"text-align: justify;\">En esta serie de art\u00edculos pod\u00e9is encontrar muchas,<strong> buenas y originales ideas para decorar vuestro sal\u00f3n de forma muy personal<\/strong>. Adem\u00e1s, de saber cu\u00e1les son las \u00faltimas tendencias en la decoraci\u00f3n e interiorismo de esta estancia tan especial de nuestro hogar.<\/p>\n<p style=\"text-align: justify;\"><span style=\"font-size: 140%; color: #993366;\">Salones llenos de luz<\/span><\/p>\n<p style=\"text-align: justify;\">Estamos totalmente de acuerdo con el experto de Casa Sana de El Mueble, Mariano Bueno, cuando afirma que <strong>la luz natural es fuente de salud, de vida y da alegr\u00eda a la casa<\/strong>. En el sal\u00f3n es un elemento indispensable para sentirnos bien. De ah\u00ed la importancia, como relata este art\u00edculo sobre <a title=\"Post El Mueble: salones llenos de luz\" href=\"http:\/\/www.elmueble.com\/articulo\/salones\/5951\/salones_llenos_luz.html\" target=\"_blank\">12 salones llenos de luz<\/a>, de distribuir los muebles en funci\u00f3n de la fuente de luz.<\/p>\n<p style=\"text-align: center;\"><img decoding=\"async\" loading=\"lazy\" class=\"aligncenter wp-image-626 size-large\" title=\"Salones llenos de luz en la revista El Mueble\" src=\"https:\/\/www.delsofa.es\/informacion\/wp-content\/uploads\/2013\/07\/salon_blanco_con_toques_azules_1280x874-1-1024x699.jpg\" alt=\"salon_blanco_con_toques_azules_1280x874 (1)\" width=\"584\" height=\"398\" srcset=\"https:\/\/www.delsofa.es\/informacion\/wp-content\/uploads\/2013\/07\/salon_blanco_con_toques_azules_1280x874-1-1024x699.jpg 1024w, https:\/\/www.delsofa.es\/informacion\/wp-content\/uploads\/2013\/07\/salon_blanco_con_toques_azules_1280x874-1-300x204.jpg 300w, https:\/\/www.delsofa.es\/informacion\/wp-content\/uploads\/2013\/07\/salon_blanco_con_toques_azules_1280x874-1-439x300.jpg 439w, https:\/\/www.delsofa.es\/informacion\/wp-content\/uploads\/2013\/07\/salon_blanco_con_toques_azules_1280x874-1.jpg 1280w\" sizes=\"(max-width: 584px) 100vw, 584px\" \/><\/p>\n<p style=\"text-align: justify;\">Como nos asesoran en la revista, <strong>el sof\u00e1 debe situarse lo m\u00e1s pr\u00f3ximo posible a las fuentes de luz<\/strong>, pero recordad nuestro consejo de que para conservar su calidad y color original debe evitarse la exposici\u00f3n directa a la luz solar, ya que \u00e9sta puede aclarar y envejecer m\u00e1s r\u00e1pidamente la tapicer\u00eda de la pieza.<\/p>\n<p style=\"text-align: center;\"><img decoding=\"async\" loading=\"lazy\" class=\"aligncenter wp-image-640 size-large\" title=\"Sal\u00f3n lleno de luz en El Mueble\" src=\"https:\/\/www.delsofa.es\/informacion\/wp-content\/uploads\/2013\/07\/salon_con_una_gran_mesa_de_centro_1280x868-1024x694.jpg\" alt=\"salon_con_una_gran_mesa_de_centro_1280x868\" width=\"584\" height=\"395\" srcset=\"https:\/\/www.delsofa.es\/informacion\/wp-content\/uploads\/2013\/07\/salon_con_una_gran_mesa_de_centro_1280x868-1024x694.jpg 1024w, https:\/\/www.delsofa.es\/informacion\/wp-content\/uploads\/2013\/07\/salon_con_una_gran_mesa_de_centro_1280x868-300x203.jpg 300w, https:\/\/www.delsofa.es\/informacion\/wp-content\/uploads\/2013\/07\/salon_con_una_gran_mesa_de_centro_1280x868-442x300.jpg 442w, https:\/\/www.delsofa.es\/informacion\/wp-content\/uploads\/2013\/07\/salon_con_una_gran_mesa_de_centro_1280x868.jpg 1280w\" sizes=\"(max-width: 584px) 100vw, 584px\" \/><\/p>\n<p style=\"text-align: justify;\"><strong>Jugar con los colores de la tapicer\u00eda y de las paredes y techos<\/strong> tambi\u00e9n nos puede ayudar a dotar de una mayor luminosidad a nuestro sal\u00f3n, los tonos claros como el blanco, beige, amarillos, son muy \u00fatiles para conseguir esta sensaci\u00f3n, pero tambi\u00e9n podemos <strong>jugar con la combinaci\u00f3n de colores m\u00e1s atrevidos<\/strong>. Un ejemplo de ello es el sal\u00f3n de la imagen que mostramos a continuaci\u00f3n, que combina el blanco con los tonos frambuesa, sin restarle ning\u00fan \u00e1pice de luminosidad a la estancia. \u00bfQu\u00e9 os parece la decoraci\u00f3n? A nosotros nos encanta por su alegr\u00eda.<\/p>\n<p style=\"text-align: center;\"><img decoding=\"async\" loading=\"lazy\" class=\"aligncenter wp-image-641 size-large\" title=\"Sal\u00f3n lleno de luz en blanco y frambuesa El Mueble\" src=\"https:\/\/www.delsofa.es\/informacion\/wp-content\/uploads\/2013\/07\/a_1279x1280-1024x1024.jpg\" alt=\"a_1279x1280\" width=\"584\" height=\"584\" srcset=\"https:\/\/www.delsofa.es\/informacion\/wp-content\/uploads\/2013\/07\/a_1279x1280-1024x1024.jpg 1024w, https:\/\/www.delsofa.es\/informacion\/wp-content\/uploads\/2013\/07\/a_1279x1280-150x150.jpg 150w, https:\/\/www.delsofa.es\/informacion\/wp-content\/uploads\/2013\/07\/a_1279x1280-300x300.jpg 300w, https:\/\/www.delsofa.es\/informacion\/wp-content\/uploads\/2013\/07\/a_1279x1280-299x300.jpg 299w, https:\/\/www.delsofa.es\/informacion\/wp-content\/uploads\/2013\/07\/a_1279x1280.jpg 1279w\" sizes=\"(max-width: 584px) 100vw, 584px\" \/><\/p>\n<p style=\"text-align: justify;\"><span style=\"font-size: 140%; color: #993366;\">Elementos decorativos del sal\u00f3n<\/span><\/p>\n<p style=\"text-align: justify;\">El sal\u00f3n es sin lugar a dudas una de las estancias de la casa en la que m\u00e1s tiempo pasamos y llegado el momento nos puede aburrir su decoraci\u00f3n. Este problema lo podemos solucionar de forma muy sencilla y sin elevado coste. <strong>Podemos cambiar la vista de nuestro sal\u00f3n con simples cambios de los elementos decorativos<\/strong>, como cojines, flores, peque\u00f1os objetos&#8230;<\/p>\n<p style=\"text-align: justify;\"><a title=\"Decoraci\u00f3n del sal\u00f3n para cada estaci\u00f3n del a\u00f1o. El Mueble\" href=\"http:\/\/www.elmueble.com\/articulo\/salones\/4875\/renueva_salon_ritmo_las_estaciones.html\" target=\"_blank\">Mirad c\u00f3mo cambia un sal\u00f3n<\/a> con unos <strong>peque\u00f1os toques, inspirados en la estaci\u00f3n del a\u00f1o<\/strong> en el que nos encontremos. \u00bfA qu\u00e9 parece una estancia totalmente distinta y muy acogedora?<\/p>\n<p style=\"text-align: justify;\">En invierno, <strong>los tonos blancos y beige de las cortinas<\/strong> y de los elementos de la tapicer\u00eda evocan sensaci\u00f3n de nostalgia, un sentimiento muy acorde con la \u00e9poca del a\u00f1o, como se puede ver en la siguiente imagen.<\/p>\n<p style=\"text-align: center;\"><img decoding=\"async\" loading=\"lazy\" class=\"aligncenter wp-image-627 size-large\" title=\"Cambia la decoraci\u00f3n seg\u00fan la estaci\u00f3n del a\u00f1o. El Mueble\" src=\"https:\/\/www.delsofa.es\/informacion\/wp-content\/uploads\/2013\/07\/salon_de_invierno_922x1280-737x1024.jpg\" alt=\"salon_de_invierno_922x1280\" width=\"584\" height=\"811\" srcset=\"https:\/\/www.delsofa.es\/informacion\/wp-content\/uploads\/2013\/07\/salon_de_invierno_922x1280-737x1024.jpg 737w, https:\/\/www.delsofa.es\/informacion\/wp-content\/uploads\/2013\/07\/salon_de_invierno_922x1280-216x300.jpg 216w, https:\/\/www.delsofa.es\/informacion\/wp-content\/uploads\/2013\/07\/salon_de_invierno_922x1280.jpg 922w\" sizes=\"(max-width: 584px) 100vw, 584px\" \/><\/p>\n<p style=\"text-align: justify;\">En cambio, <strong>el verano trae consigo la alegr\u00eda<\/strong>, la felicidad, la luminosidad, unos sentimientos que se logran con el uso de colores muy mediterr\u00e1neos como el azul y lavanda que predominan en la composici\u00f3n siguiente.<\/p>\n<p style=\"text-align: center;\"><img decoding=\"async\" loading=\"lazy\" class=\"aligncenter wp-image-642 size-large\" title=\"Sal\u00f3n de verano decorado en azul y lavanda. El Mueble\" src=\"https:\/\/www.delsofa.es\/informacion\/wp-content\/uploads\/2013\/07\/salon_de_verano_902x1280-721x1024.jpg\" alt=\"salon_de_verano_902x1280\" width=\"584\" height=\"829\" srcset=\"https:\/\/www.delsofa.es\/informacion\/wp-content\/uploads\/2013\/07\/salon_de_verano_902x1280-721x1024.jpg 721w, https:\/\/www.delsofa.es\/informacion\/wp-content\/uploads\/2013\/07\/salon_de_verano_902x1280-211x300.jpg 211w, https:\/\/www.delsofa.es\/informacion\/wp-content\/uploads\/2013\/07\/salon_de_verano_902x1280.jpg 902w\" sizes=\"(max-width: 584px) 100vw, 584px\" \/><\/p>\n<p style=\"text-align: justify;\"><span style=\"font-size: 140%; color: #993366;\">El sof\u00e1, el Rey del sal\u00f3n<\/span><\/p>\n<p style=\"text-align: justify;\">El sof\u00e1 es para nosotros y para muchos expertos en decoraci\u00f3n, el mueble que marca la personalidad de un sal\u00f3n. <a title=\"El sof\u00e1 en la decoraci\u00f3n del sal\u00f3n. El Mueble\" href=\"http:\/\/www.elmueble.com\/articulo\/salones\/5036\/cuatro_estilos_para_salon.html\" target=\"_blank\">En este art\u00edculo<\/a> pod\u00e9is ver c\u00f3mo cuatro <strong>sof\u00e1s diferentes delimitan el estilo de decoraci\u00f3n<\/strong>. Seg\u00fan sea el sof\u00e1, nuestro sal\u00f3n ser\u00e1 de corte m\u00e1s femenino, moderno, cl\u00e1sico, vintage&#8230;<\/p>\n<p style=\"text-align: justify;\">Os animamos si sois atrevidos a <strong>apostar por piezas rompedoras, de colores, originales<\/strong>&#8230;que reflejen vuestra personalidad. Como por ejemplo, nuestro modelo de sof\u00e1 Java que os mostramos en la imagen siguiente.<\/p>\n<p style=\"text-align: center;\"><a href=\"#\" target=\"_blank\"><img decoding=\"async\" loading=\"lazy\" class=\"aligncenter wp-image-628 size-large\" title=\"Saber m\u00e1s sobre el sof\u00e1 modelo Java de la web delsofa.es\" src=\"https:\/\/www.delsofa.es\/informacion\/wp-content\/uploads\/2013\/07\/JAVA_sofa_JAMAICA_2_OK-1024x399.jpg\" alt=\"JAVA_sofa_JAMAICA_(2)_OK\" width=\"584\" height=\"227\" srcset=\"https:\/\/www.delsofa.es\/informacion\/wp-content\/uploads\/2013\/07\/JAVA_sofa_JAMAICA_2_OK-1024x399.jpg 1024w, https:\/\/www.delsofa.es\/informacion\/wp-content\/uploads\/2013\/07\/JAVA_sofa_JAMAICA_2_OK-300x116.jpg 300w, https:\/\/www.delsofa.es\/informacion\/wp-content\/uploads\/2013\/07\/JAVA_sofa_JAMAICA_2_OK-500x194.jpg 500w, https:\/\/www.delsofa.es\/informacion\/wp-content\/uploads\/2013\/07\/JAVA_sofa_JAMAICA_2_OK.jpg 1144w\" sizes=\"(max-width: 584px) 100vw, 584px\" \/><\/a><\/p>\n<p style=\"text-align: justify;\">Para los m\u00e1s cl\u00e1sico, una de las mejores opciones, es optar por <strong>la elegancia y versatilidad que ofrecen los sof\u00e1s en blanco<\/strong>. Os permitir\u00e1n jugar con los detalles decorativos y personalizar vuestro sal\u00f3n, sin restarle protagonismo a los detalles.<\/p>\n<p style=\"text-align: center;\"><img decoding=\"async\" loading=\"lazy\" class=\"aligncenter wp-image-643 size-large\" title=\"Sal\u00f3n con sof\u00e1 blanco en El Mueble\" src=\"https:\/\/www.delsofa.es\/informacion\/wp-content\/uploads\/2013\/07\/salon_en_tonos_blancos_1126x1280-900x1024.jpg\" alt=\"salon_en_tonos_blancos_1126x1280\" width=\"584\" height=\"664\" srcset=\"https:\/\/www.delsofa.es\/informacion\/wp-content\/uploads\/2013\/07\/salon_en_tonos_blancos_1126x1280-900x1024.jpg 900w, https:\/\/www.delsofa.es\/informacion\/wp-content\/uploads\/2013\/07\/salon_en_tonos_blancos_1126x1280-263x300.jpg 263w, https:\/\/www.delsofa.es\/informacion\/wp-content\/uploads\/2013\/07\/salon_en_tonos_blancos_1126x1280.jpg 1126w\" sizes=\"(max-width: 584px) 100vw, 584px\" \/><\/p>\n<p style=\"text-align: justify;\"><span style=\"font-size: 140%; color: #993366;\">Una estancia acogedora<\/span><\/p>\n<p style=\"text-align: justify;\">Dado el tiempo que pasamos en el sal\u00f3n, es ideal que nos encontremos c\u00f3modos y felices en \u00e9l. Pensad lo bien que sienta tumbarse en el sof\u00e1 cuando llegamos a casa y disfrutar de una buena pel\u00edcula o de un buen rato en familia.<\/p>\n<p style=\"text-align: justify;\">Adem\u00e1s de un sof\u00e1 c\u00f3modo, <strong>es recomendable tener decorado el sal\u00f3n a nuestro gusto<\/strong>. Por ejemplo, si nos gusta la naturaleza, las flores, plantas de interior nos pueden ayudar a conseguir las sensaciones que tenemos cuando estamos al aire libre.<\/p>\n<p style=\"text-align: center;\"><img decoding=\"async\" loading=\"lazy\" class=\"aligncenter wp-image-644 size-large\" title=\"Sal\u00f3n con toques florales en El Mueble\" src=\"https:\/\/www.delsofa.es\/informacion\/wp-content\/uploads\/2013\/07\/salon_con_sofa_color_burdeos_936x1280-748x1024.jpg\" alt=\"salon_con_sofa_color_burdeos_936x1280\" width=\"584\" height=\"799\" srcset=\"https:\/\/www.delsofa.es\/informacion\/wp-content\/uploads\/2013\/07\/salon_con_sofa_color_burdeos_936x1280-748x1024.jpg 748w, https:\/\/www.delsofa.es\/informacion\/wp-content\/uploads\/2013\/07\/salon_con_sofa_color_burdeos_936x1280-219x300.jpg 219w, https:\/\/www.delsofa.es\/informacion\/wp-content\/uploads\/2013\/07\/salon_con_sofa_color_burdeos_936x1280.jpg 936w\" sizes=\"(max-width: 584px) 100vw, 584px\" \/><\/p>\n<p style=\"text-align: justify;\">Tambi\u00e9n es importante <a title=\"Toques decorativos para un sal\u00f3n m\u00e1s acogedor. El Mueble\" href=\"http:\/\/www.elmueble.com\/articulo\/salones\/4924\/pequenos_toques_para_crear_salon_mas_acogedor.html\" target=\"_blank\">darle nuestro toque personal<\/a>, con <strong>objetos que nos evoquen sentimientos y sensaciones agradables<\/strong>. Pero recordad, como se\u00f1alan muy bien en la revista, \u00abno se trata de llenar el sal\u00f3n, pero s\u00ed de decorarlo con objetos que reflejen la personalidad de quien lo habita\u00bb. \u00bfQui\u00e9n dir\u00edais que vive en el sal\u00f3n de la siguiente fotograf\u00eda? Yo creo que un gran amante de la lectura, que disfruta de los momentos de soledad.<\/p>\n<p style=\"text-align: center;\"><img decoding=\"async\" loading=\"lazy\" class=\"aligncenter wp-image-629 size-large\" title=\"Dar un toque al sal\u00f3n para hacerlo m\u00e1s acogedor. El Mueble\" src=\"https:\/\/www.delsofa.es\/informacion\/wp-content\/uploads\/2013\/07\/chaise_longue_junto_a_un_radiador_1151x1280-920x1024.jpg\" alt=\"chaise_longue_junto_a_un_radiador_1151x1280\" width=\"584\" height=\"650\" srcset=\"https:\/\/www.delsofa.es\/informacion\/wp-content\/uploads\/2013\/07\/chaise_longue_junto_a_un_radiador_1151x1280-920x1024.jpg 920w, https:\/\/www.delsofa.es\/informacion\/wp-content\/uploads\/2013\/07\/chaise_longue_junto_a_un_radiador_1151x1280-269x300.jpg 269w, https:\/\/www.delsofa.es\/informacion\/wp-content\/uploads\/2013\/07\/chaise_longue_junto_a_un_radiador_1151x1280.jpg 1151w\" sizes=\"(max-width: 584px) 100vw, 584px\" \/><\/p>\n<p style=\"text-align: justify;\"><span style=\"font-size: 140%; color: #993366;\">El sal\u00f3n, lugar de encuentro y celebraciones<\/span><\/p>\n<p style=\"text-align: justify;\">Cuando vienen familiares, amigos a visitarnos, la mayor parte del tiempo que pasamos con ellos en casa, es en el sal\u00f3n. Es importante <strong>tenerlo acondicionado y c\u00f3modo para recibirlos y hacerles sentir como en casa<\/strong>. En este art\u00edculo, <a title=\"ir a su twitter\" href=\"https:\/\/twitter.com\/ELMueble\" target=\"_blank\">@ELMueble<\/a> nos da algunos <a title=\"Renovar el sal\u00f3n con poco presupuesto\" href=\"http:\/\/www.elmueble.com\/articulo\/salones\/4499\/pon_precioso_salon_gastando_muy_poco.html\" target=\"_blank\">trucos para conseguirlo<\/a>, sin dejarnos mucho dinero.<\/p>\n<p style=\"text-align: justify;\">Lo primero, como nos aconsejan es \u00ab<strong>hacer una foto de tu sal\u00f3n<\/strong> y mirarla como si estuvieras viendo una revista. As\u00ed puedes ver si faltan cojines, si necesitas toques de color, alg\u00fan complemento luminoso&#8230; \u00ab<\/p>\n<p style=\"text-align: center;\"><img decoding=\"async\" loading=\"lazy\" class=\"aligncenter wp-image-646 size-large\" title=\"Sal\u00f3n acogedor para recibir visitas El Mueble\" src=\"https:\/\/www.delsofa.es\/informacion\/wp-content\/uploads\/2013\/07\/salon_cristina_castano_1184x1280-947x1024.jpg\" alt=\"salon_cristina_castano_1184x1280\" width=\"584\" height=\"631\" srcset=\"https:\/\/www.delsofa.es\/informacion\/wp-content\/uploads\/2013\/07\/salon_cristina_castano_1184x1280-947x1024.jpg 947w, https:\/\/www.delsofa.es\/informacion\/wp-content\/uploads\/2013\/07\/salon_cristina_castano_1184x1280-277x300.jpg 277w, https:\/\/www.delsofa.es\/informacion\/wp-content\/uploads\/2013\/07\/salon_cristina_castano_1184x1280.jpg 1184w\" sizes=\"(max-width: 584px) 100vw, 584px\" \/><\/p>\n<p style=\"text-align: justify;\">Es importante <strong>mantener el sal\u00f3n ordenado<\/strong>, en la medida de lo posible -es m\u00e1s dif\u00edcil conseguirlo en casas con ni\u00f1os-. Tambi\u00e9n es aconsejable distribuir los muebles con el fin de <strong>dar sensaci\u00f3n de amplitud<\/strong>, as\u00ed ser\u00e1 m\u00e1s c\u00f3modo recibir a las visitas.<\/p>\n<p style=\"text-align: justify;\">Una buena anfitriona o buen anfitri\u00f3n, debe preocuparse por <strong>la comodidad de sus visitas<\/strong>. Ser\u00eda recomendable que tod@s puedan sentarse c\u00f3modamente, aunque siempre pod\u00e9is hacer acopio de todas las sillas que teng\u00e1is en casa, muchas veces es lo m\u00e1s socorrido. No todos contamos con salones tan amplios como el de la siguiente imagen.<\/p>\n<p style=\"text-align: center;\"><img decoding=\"async\" loading=\"lazy\" class=\"aligncenter wp-image-647 size-large\" title=\"Sal\u00f3n amplio para visitas El Mueble\" src=\"https:\/\/www.delsofa.es\/informacion\/wp-content\/uploads\/2013\/07\/salon_beige_con_mucho_asiento_1280x1111-1024x888.jpg\" alt=\"salon_beige_con_mucho_asiento_1280x1111\" width=\"584\" height=\"506\" srcset=\"https:\/\/www.delsofa.es\/informacion\/wp-content\/uploads\/2013\/07\/salon_beige_con_mucho_asiento_1280x1111-1024x888.jpg 1024w, https:\/\/www.delsofa.es\/informacion\/wp-content\/uploads\/2013\/07\/salon_beige_con_mucho_asiento_1280x1111-300x260.jpg 300w, https:\/\/www.delsofa.es\/informacion\/wp-content\/uploads\/2013\/07\/salon_beige_con_mucho_asiento_1280x1111-345x300.jpg 345w, https:\/\/www.delsofa.es\/informacion\/wp-content\/uploads\/2013\/07\/salon_beige_con_mucho_asiento_1280x1111.jpg 1280w\" sizes=\"(max-width: 584px) 100vw, 584px\" \/><\/p>\n<p style=\"text-align: justify;\">Si ten\u00e9is dudas sobre c\u00f3mo decorar vuestro sal\u00f3n, os animamos a visitar la <a title=\"Secci\u00f3n decoraci\u00f3n de salones revista El Mueble\" href=\"http:\/\/www.elmueble.com\/categoria\/salones\" target=\"_blank\">secci\u00f3n de Salones<\/a> que pod\u00e9is encontrar en la web de la revista. <strong>\u00a1Hay muchas ideas y fotos de salones!<\/strong><\/p>\n<p style=\"text-align: justify;\">Si vuestras dudas son sobre <strong>qu\u00e9 sof\u00e1 elegir<\/strong>, nos pod\u00e9is consultar sin ning\u00fan compromiso. Nuestro tel\u00e9fono de atenci\u00f3n al cliente 900.701.086 es totalmente gratuito y funciona de lunes a viernes de 8 a 20 horas.<\/p>\n","protected":false},"excerpt":{"rendered":"<p>En este post os queremos acercar una serie de art\u00edculos que nos gustar\u00eda compartir con vosotros para decorar el sal\u00f3n. Son de una de nuestras revistas de cabecera, El Mueble, cuyos n\u00fameros esperamos siempre con mucha ilusi\u00f3n e impaciencia. \u00a1El &hellip; <a href=\"https:\/\/www.delsofa.es\/informacion\/ideas-para-decorar-el-salon-via-el-mueble\/\">Sigue leyendo <span class=\"meta-nav\">&rarr;<\/span><\/a><\/p>\n","protected":false},"author":3,"featured_media":0,"comment_status":"open","ping_status":"open","sticky":false,"template":"","format":"standard","meta":[],"categories":[61,4,203],"tags":[48,180,186,183,184,185,182,181,42],"yoast_head":"<!-- This site is optimized with the Yoast SEO plugin v18.6 - https:\/\/yoast.com\/wordpress\/plugins\/seo\/ -->\n<title>Ideas para la decorar el sal\u00f3n y llenarlo de vida, v\u00eda ELMueble<\/title>\n<meta name=\"description\" content=\"Recopilamos las ideas que m\u00e1s nos gustan de la revista El Mueble para decorar el sal\u00f3n \u00a1Atr\u00e9vete a darle un toque personal a esta estancia tan especial!\" \/>\n<meta name=\"robots\" content=\"index, follow, max-snippet:-1, max-image-preview:large, max-video-preview:-1\" \/>\n<link rel=\"canonical\" href=\"https:\/\/www.delsofa.es\/informacion\/ideas-para-decorar-el-salon-via-el-mueble\/\" \/>\n<meta name=\"twitter:card\" content=\"summary_large_image\" \/>\n<meta name=\"twitter:title\" content=\"Ideas para la decorar el sal\u00f3n y llenarlo de vida, v\u00eda ELMueble\" \/>\n<meta name=\"twitter:description\" content=\"Recopilamos las ideas que m\u00e1s nos gustan de la revista El Mueble para decorar el sal\u00f3n \u00a1Atr\u00e9vete a darle un toque personal a esta estancia tan especial!\" \/>\n<meta name=\"twitter:image\" content=\"https:\/\/www.delsofa.es\/informacion\/wp-content\/uploads\/2013\/07\/salon_blanco_con_toques_azules_1280x874-1.jpg\" \/>\n<meta name=\"twitter:creator\" content=\"@http:\/\/www.twitter.com\/inmolber\" \/>\n<meta name=\"twitter:site\" content=\"@delsofaES\" \/>\n<meta name=\"twitter:label1\" content=\"Escrito por\" \/>\n\t<meta name=\"twitter:data1\" content=\"Inma Molt\u00f3\" \/>\n\t<meta name=\"twitter:label2\" content=\"Tiempo de lectura\" \/>\n\t<meta name=\"twitter:data2\" content=\"6 minutos\" \/>\n<script type=\"application\/ld+json\" class=\"yoast-schema-graph\">{\"@context\":\"https:\/\/schema.org\",\"@graph\":[{\"@type\":\"WebSite\",\"@id\":\"https:\/\/www.delsofa.es\/informacion\/#website\",\"url\":\"https:\/\/www.delsofa.es\/informacion\/\",\"name\":\"\",\"description\":\"\",\"potentialAction\":[{\"@type\":\"SearchAction\",\"target\":{\"@type\":\"EntryPoint\",\"urlTemplate\":\"https:\/\/www.delsofa.es\/informacion\/?s={search_term_string}\"},\"query-input\":\"required name=search_term_string\"}],\"inLanguage\":\"es\"},{\"@type\":\"ImageObject\",\"@id\":\"https:\/\/www.delsofa.es\/informacion\/ideas-para-decorar-el-salon-via-el-mueble\/#primaryimage\",\"inLanguage\":\"es\",\"url\":\"https:\/\/www.delsofa.es\/informacion\/wp-content\/uploads\/2013\/07\/salon_blanco_con_toques_azules_1280x874-1.jpg\",\"contentUrl\":\"https:\/\/www.delsofa.es\/informacion\/wp-content\/uploads\/2013\/07\/salon_blanco_con_toques_azules_1280x874-1.jpg\",\"width\":1280,\"height\":874},{\"@type\":\"WebPage\",\"@id\":\"https:\/\/www.delsofa.es\/informacion\/ideas-para-decorar-el-salon-via-el-mueble\/#webpage\",\"url\":\"https:\/\/www.delsofa.es\/informacion\/ideas-para-decorar-el-salon-via-el-mueble\/\",\"name\":\"Ideas para la decorar el sal\u00f3n y llenarlo de vida, v\u00eda ELMueble\",\"isPartOf\":{\"@id\":\"https:\/\/www.delsofa.es\/informacion\/#website\"},\"primaryImageOfPage\":{\"@id\":\"https:\/\/www.delsofa.es\/informacion\/ideas-para-decorar-el-salon-via-el-mueble\/#primaryimage\"},\"datePublished\":\"2013-07-18T17:23:20+00:00\",\"dateModified\":\"2014-07-17T12:50:43+00:00\",\"author\":{\"@id\":\"https:\/\/www.delsofa.es\/informacion\/#\/schema\/person\/904d00808e282031a3b11f51524d259c\"},\"description\":\"Recopilamos las ideas que m\u00e1s nos gustan de la revista El Mueble para decorar el sal\u00f3n \u00a1Atr\u00e9vete a darle un toque personal a esta estancia tan especial!\",\"breadcrumb\":{\"@id\":\"https:\/\/www.delsofa.es\/informacion\/ideas-para-decorar-el-salon-via-el-mueble\/#breadcrumb\"},\"inLanguage\":\"es\",\"potentialAction\":[{\"@type\":\"ReadAction\",\"target\":[\"https:\/\/www.delsofa.es\/informacion\/ideas-para-decorar-el-salon-via-el-mueble\/\"]}]},{\"@type\":\"BreadcrumbList\",\"@id\":\"https:\/\/www.delsofa.es\/informacion\/ideas-para-decorar-el-salon-via-el-mueble\/#breadcrumb\",\"itemListElement\":[{\"@type\":\"ListItem\",\"position\":1,\"name\":\"Portada\",\"item\":\"https:\/\/www.delsofa.es\/informacion\/\"},{\"@type\":\"ListItem\",\"position\":2,\"name\":\"Ideas para decorar el sal\u00f3n y llenarlo de vida, v\u00eda @ELMueble\"}]},{\"@type\":\"Person\",\"@id\":\"https:\/\/www.delsofa.es\/informacion\/#\/schema\/person\/904d00808e282031a3b11f51524d259c\",\"name\":\"Inma Molt\u00f3\",\"image\":{\"@type\":\"ImageObject\",\"@id\":\"https:\/\/www.delsofa.es\/informacion\/#personlogo\",\"inLanguage\":\"es\",\"url\":\"https:\/\/secure.gravatar.com\/avatar\/6411caf208a31a6dd0c4c353341facb7?s=96&d=mm&r=g\",\"contentUrl\":\"https:\/\/secure.gravatar.com\/avatar\/6411caf208a31a6dd0c4c353341facb7?s=96&d=mm&r=g\",\"caption\":\"Inma Molt\u00f3\"},\"description\":\"Soy periodista, community manager y formadora en redes sociales. Desde enero de 2013 escribo en el Blog Delsofa y actualmente tambi\u00e9n me encargo de su supervisi\u00f3n. Me encanta todo lo relacionado con la decoraci\u00f3n y el dise\u00f1o. Si quer\u00e9is saber m\u00e1s os dejo mi web: www.periodistasocialmedia.com\",\"sameAs\":[\"http:\/\/www.periodistasocialmedia.com\",\"https:\/\/twitter.com\/http:\/\/www.twitter.com\/inmolber\"],\"url\":\"https:\/\/www.delsofa.es\/informacion\/author\/inma\/\"}]}<\/script>\n<!-- \/ Yoast SEO plugin. -->","yoast_head_json":{"title":"Ideas para la decorar el sal\u00f3n y llenarlo de vida, v\u00eda ELMueble","description":"Recopilamos las ideas que m\u00e1s nos gustan de la revista El Mueble para decorar el sal\u00f3n \u00a1Atr\u00e9vete a darle un toque personal a esta estancia tan especial!","robots":{"index":"index","follow":"follow","max-snippet":"max-snippet:-1","max-image-preview":"max-image-preview:large","max-video-preview":"max-video-preview:-1"},"canonical":"https:\/\/www.delsofa.es\/informacion\/ideas-para-decorar-el-salon-via-el-mueble\/","twitter_card":"summary_large_image","twitter_title":"Ideas para la decorar el sal\u00f3n y llenarlo de vida, v\u00eda ELMueble","twitter_description":"Recopilamos las ideas que m\u00e1s nos gustan de la revista El Mueble para decorar el sal\u00f3n \u00a1Atr\u00e9vete a darle un toque personal a esta estancia tan especial!","twitter_image":"https:\/\/www.delsofa.es\/informacion\/wp-content\/uploads\/2013\/07\/salon_blanco_con_toques_azules_1280x874-1.jpg","twitter_creator":"@http:\/\/www.twitter.com\/inmolber","twitter_site":"@delsofaES","twitter_misc":{"Escrito por":"Inma Molt\u00f3","Tiempo de lectura":"6 minutos"},"schema":{"@context":"https:\/\/schema.org","@graph":[{"@type":"WebSite","@id":"https:\/\/www.delsofa.es\/informacion\/#website","url":"https:\/\/www.delsofa.es\/informacion\/","name":"","description":"","potentialAction":[{"@type":"SearchAction","target":{"@type":"EntryPoint","urlTemplate":"https:\/\/www.delsofa.es\/informacion\/?s={search_term_string}"},"query-input":"required name=search_term_string"}],"inLanguage":"es"},{"@type":"ImageObject","@id":"https:\/\/www.delsofa.es\/informacion\/ideas-para-decorar-el-salon-via-el-mueble\/#primaryimage","inLanguage":"es","url":"https:\/\/www.delsofa.es\/informacion\/wp-content\/uploads\/2013\/07\/salon_blanco_con_toques_azules_1280x874-1.jpg","contentUrl":"https:\/\/www.delsofa.es\/informacion\/wp-content\/uploads\/2013\/07\/salon_blanco_con_toques_azules_1280x874-1.jpg","width":1280,"height":874},{"@type":"WebPage","@id":"https:\/\/www.delsofa.es\/informacion\/ideas-para-decorar-el-salon-via-el-mueble\/#webpage","url":"https:\/\/www.delsofa.es\/informacion\/ideas-para-decorar-el-salon-via-el-mueble\/","name":"Ideas para la decorar el sal\u00f3n y llenarlo de vida, v\u00eda ELMueble","isPartOf":{"@id":"https:\/\/www.delsofa.es\/informacion\/#website"},"primaryImageOfPage":{"@id":"https:\/\/www.delsofa.es\/informacion\/ideas-para-decorar-el-salon-via-el-mueble\/#primaryimage"},"datePublished":"2013-07-18T17:23:20+00:00","dateModified":"2014-07-17T12:50:43+00:00","author":{"@id":"https:\/\/www.delsofa.es\/informacion\/#\/schema\/person\/904d00808e282031a3b11f51524d259c"},"description":"Recopilamos las ideas que m\u00e1s nos gustan de la revista El Mueble para decorar el sal\u00f3n \u00a1Atr\u00e9vete a darle un toque personal a esta estancia tan especial!","breadcrumb":{"@id":"https:\/\/www.delsofa.es\/informacion\/ideas-para-decorar-el-salon-via-el-mueble\/#breadcrumb"},"inLanguage":"es","potentialAction":[{"@type":"ReadAction","target":["https:\/\/www.delsofa.es\/informacion\/ideas-para-decorar-el-salon-via-el-mueble\/"]}]},{"@type":"BreadcrumbList","@id":"https:\/\/www.delsofa.es\/informacion\/ideas-para-decorar-el-salon-via-el-mueble\/#breadcrumb","itemListElement":[{"@type":"ListItem","position":1,"name":"Portada","item":"https:\/\/www.delsofa.es\/informacion\/"},{"@type":"ListItem","position":2,"name":"Ideas para decorar el sal\u00f3n y llenarlo de vida, v\u00eda @ELMueble"}]},{"@type":"Person","@id":"https:\/\/www.delsofa.es\/informacion\/#\/schema\/person\/904d00808e282031a3b11f51524d259c","name":"Inma Molt\u00f3","image":{"@type":"ImageObject","@id":"https:\/\/www.delsofa.es\/informacion\/#personlogo","inLanguage":"es","url":"https:\/\/secure.gravatar.com\/avatar\/6411caf208a31a6dd0c4c353341facb7?s=96&d=mm&r=g","contentUrl":"https:\/\/secure.gravatar.com\/avatar\/6411caf208a31a6dd0c4c353341facb7?s=96&d=mm&r=g","caption":"Inma Molt\u00f3"},"description":"Soy periodista, community manager y formadora en redes sociales. Desde enero de 2013 escribo en el Blog Delsofa y actualmente tambi\u00e9n me encargo de su supervisi\u00f3n. Me encanta todo lo relacionado con la decoraci\u00f3n y el dise\u00f1o. Si quer\u00e9is saber m\u00e1s os dejo mi web: www.periodistasocialmedia.com","sameAs":["http:\/\/www.periodistasocialmedia.com","https:\/\/twitter.com\/http:\/\/www.twitter.com\/inmolber"],"url":"https:\/\/www.delsofa.es\/informacion\/author\/inma\/"}]}},"amp_enabled":true,"_links":{"self":[{"href":"https:\/\/www.delsofa.es\/informacion\/wp-json\/wp\/v2\/posts\/625"}],"collection":[{"href":"https:\/\/www.delsofa.es\/informacion\/wp-json\/wp\/v2\/posts"}],"about":[{"href":"https:\/\/www.delsofa.es\/informacion\/wp-json\/wp\/v2\/types\/post"}],"author":[{"embeddable":true,"href":"https:\/\/www.delsofa.es\/informacion\/wp-json\/wp\/v2\/users\/3"}],"replies":[{"embeddable":true,"href":"https:\/\/www.delsofa.es\/informacion\/wp-json\/wp\/v2\/comments?post=625"}],"version-history":[{"count":22,"href":"https:\/\/www.delsofa.es\/informacion\/wp-json\/wp\/v2\/posts\/625\/revisions"}],"predecessor-version":[{"id":3729,"href":"https:\/\/www.delsofa.es\/informacion\/wp-json\/wp\/v2\/posts\/625\/revisions\/3729"}],"wp:attachment":[{"href":"https:\/\/www.delsofa.es\/informacion\/wp-json\/wp\/v2\/media?parent=625"}],"wp:term":[{"taxonomy":"category","embeddable":true,"href":"https:\/\/www.delsofa.es\/informacion\/wp-json\/wp\/v2\/categories?post=625"},{"taxonomy":"post_tag","embeddable":true,"href":"https:\/\/www.delsofa.es\/informacion\/wp-json\/wp\/v2\/tags?post=625"}],"curies":[{"name":"wp","href":"https:\/\/api.w.org\/{rel}","templated":true}]}}