{"id":986,"date":"2013-09-13T15:40:26","date_gmt":"2013-09-13T15:40:26","guid":{"rendered":"https:\/\/www.delsofa.es\/informacion\/?p=986"},"modified":"2014-07-21T11:41:52","modified_gmt":"2014-07-21T11:41:52","slug":"salones_modernos","status":"publish","type":"post","link":"https:\/\/www.delsofa.es\/informacion\/salones_modernos\/","title":{"rendered":"Decoraci\u00f3n de salones modernos"},"content":{"rendered":"<p style=\"text-align: justify;\">El sal\u00f3n como os hemos dicho en muchas ocasiones es uno de los lugares m\u00e1s especiales del hogar. En \u00e9l pasamos mucho tiempo, recibimos a las visitas, amigos, familiares&#8230; <strong>Sentirnos a gusto es fundamental para poder disfrutar del sal\u00f3n<\/strong>. La decoraci\u00f3n de este espacio tiene mucho que ver para conseguir esta sensaci\u00f3n. Por ello en una serie de post os estamos dando consejos sobre estilos de decoraci\u00f3n que pod\u00e9is elegir para el sal\u00f3n. Hasta ahora os hemos hablado de los estilos <a title=\"Consejos de decoraci\u00f3n estilo vintage\" href=\"https:\/\/www.delsofa.es\/informacion\/decoracion-vintage-una-apuesta-elegante-y-de-calidad\/\" target=\"_blank\">vintage<\/a> y <a title=\"Consejos de decoraci\u00f3n de estilo retro\" href=\"https:\/\/www.delsofa.es\/informacion\/decoracion-retro-el-pasado-convertido-en-tendencia\/\" target=\"_blank\">retro<\/a>, hoy escribo sobre la decoraci\u00f3n moderna.<\/p>\n<p style=\"text-align: justify;\"><span style=\"text-align: justify;\">Como nos cuentan en este <a title=\"Caracter\u00edsticas del estilo de decoraci\u00f3n moderno\" href=\"http:\/\/www.bloghogar.com\/2010\/01\/15\/decoracion-del-hogar-estilo-moderno\/\" target=\"_blank\">post de Blog Hogar<\/a>, <strong>el estilo de decoraci\u00f3n moderna se populariz\u00f3 gracias a los j\u00f3venes profesionales<\/strong> del dise\u00f1o y la decoraci\u00f3n, que comenzaron a apostar por una decoraci\u00f3n m\u00e1s minimalista, enfocada a las personas que prefieren las formas sencillas y los espacios con pocos muebles, en contraposici\u00f3n a otros estilos que apuestan por recargar m\u00e1s el ambiente. \u00a0<\/span><\/p>\n<p style=\"text-align: justify;\"><img decoding=\"async\" loading=\"lazy\" class=\"aligncenter wp-image-3808 size-full\" title=\"Sal\u00f3n decorado con estilo moderno\" src=\"https:\/\/www.delsofa.es\/informacion\/wp-content\/uploads\/2013\/09\/mobiliario-simple11.jpg\" alt=\"mobiliario-simple1\" width=\"584\" height=\"361\" srcset=\"https:\/\/www.delsofa.es\/informacion\/wp-content\/uploads\/2013\/09\/mobiliario-simple11.jpg 584w, https:\/\/www.delsofa.es\/informacion\/wp-content\/uploads\/2013\/09\/mobiliario-simple11-300x185.jpg 300w, https:\/\/www.delsofa.es\/informacion\/wp-content\/uploads\/2013\/09\/mobiliario-simple11-485x300.jpg 485w\" sizes=\"(max-width: 584px) 100vw, 584px\" \/><\/p>\n<p style=\"text-align: justify;\">Como pod\u00e9is ver en la imagen anterior, <strong>un sal\u00f3n de estilo moderno se caracteriza por el uso de mobiliario simple de l\u00edneas rectas<\/strong>, combinando tonos oscuros, o en este caso rojizos, con los colores crudos y blancos, para darle contraste. Todo ello dota la estancia de <strong>un gran toque de dise\u00f1o, elegancia y modernidad<\/strong>, cualidades que est\u00e1n presentes en este estilo decorativo.<\/p>\n<p style=\"text-align: justify;\">Para que pod\u00e1is tener una idea m\u00e1s completa de todo lo que pod\u00e9is hacer para decorar vuestro sal\u00f3n con estilo moderno, os voy a explicar paso a paso y por apartados c\u00f3mo conseguirlo.<\/p>\n<p style=\"text-align: justify;\"><span style=\"font-size: 125%; color: #993366;\">Colores en salones modernos<\/span><\/p>\n<p style=\"text-align: justify;\">La mayor\u00eda de los salones modernos se distinguen, sobre todo, en el color utilizado, tanto en muebles, paredes, textiles&#8230;\u00e9stos dan a la estancia un aire nuevo y renovado. <strong>No existe un color \u00fanico o un grupo de colores establecidos<\/strong> para decorar los salones modernos, aunque s\u00ed existe una pauta de jugar con el contraste, combinando tonos claros y oscuros.<\/p>\n<p style=\"text-align: center;\"><img decoding=\"async\" loading=\"lazy\" class=\"aligncenter wp-image-674 size-full\" title=\"Sal\u00f3n decorado con estilo moderno con pared roja\" src=\"https:\/\/www.delsofa.es\/informacion\/wp-content\/uploads\/2013\/07\/salon-a-tres-colores.jpg\" alt=\"Salones atrevidos\" width=\"400\" height=\"362\" srcset=\"https:\/\/www.delsofa.es\/informacion\/wp-content\/uploads\/2013\/07\/salon-a-tres-colores.jpg 400w, https:\/\/www.delsofa.es\/informacion\/wp-content\/uploads\/2013\/07\/salon-a-tres-colores-300x271.jpg 300w, https:\/\/www.delsofa.es\/informacion\/wp-content\/uploads\/2013\/07\/salon-a-tres-colores-331x300.jpg 331w\" sizes=\"(max-width: 400px) 100vw, 400px\" \/><\/p>\n<p style=\"text-align: justify;\">Un truco. Si queremos darle un toque moderno al sal\u00f3n sin gastar mucho dinero ni renovar mobiliario, podemos pintar las paredes de un color que contraste con el de nuestros muebles. Por ejemplo, sin los muebles tienden a ser oscuros, las paredes pueden pintarse de un tono claro.<\/p>\n<p style=\"text-align: justify;\"><strong>La combinaci\u00f3n del negro y el blanco asegura una decoraci\u00f3n moderna<\/strong>, elegante y sofisticada. Esta combinaci\u00f3n siempre es un valor seguro y una de las opciones m\u00e1s elegidas y socorridas dentro de este estilo de decoraci\u00f3n.<\/p>\n<p style=\"text-align: justify;\">Tambi\u00e9n pod\u00e9is optar por <strong>pintar una de las paredes o muros del sal\u00f3n de un color distinto<\/strong> al resto, dar\u00e1 un aire m\u00e1s desenfadado, divertido y positivo. Un efecto que se conseguir\u00e1 sobe todo si utilizamos colores alegres, como el naranja, morado o azul.<\/p>\n<p style=\"text-align: center;\"><img decoding=\"async\" loading=\"lazy\" class=\"aligncenter wp-image-676 size-full\" title=\"Sal\u00f3n decorado con estilo moderno en violeta\" src=\"https:\/\/www.delsofa.es\/informacion\/wp-content\/uploads\/2013\/07\/sala-pequena-moderna.jpg\" alt=\"Sal\u00f3n peque\u00f1o pintado en violeta\" width=\"589\" height=\"393\" srcset=\"https:\/\/www.delsofa.es\/informacion\/wp-content\/uploads\/2013\/07\/sala-pequena-moderna.jpg 589w, https:\/\/www.delsofa.es\/informacion\/wp-content\/uploads\/2013\/07\/sala-pequena-moderna-300x200.jpg 300w, https:\/\/www.delsofa.es\/informacion\/wp-content\/uploads\/2013\/07\/sala-pequena-moderna-449x300.jpg 449w\" sizes=\"(max-width: 589px) 100vw, 589px\" \/><\/p>\n<p style=\"text-align: justify;\">Otra opci\u00f3n, \u00faltimamente muy de moda es apostar por el <strong>papel pintado, ya sea de colores o estampados modernos<\/strong>. Os dejamos una idea: estampados rosas y morados acompa\u00f1ados de tonos rosas suaves y blancos en las paredes, convierten el sal\u00f3n en un espacio lleno de armon\u00eda y color, como pod\u00e9is ver en la fotograf\u00eda anterior.<\/p>\n<p style=\"text-align: justify;\">La decoraci\u00f3n r\u00fastica, aunque parezca contradictorio, tambi\u00e9n puede crear un sal\u00f3n moderno. Tan solo hay que <strong>encontrar colores y materiales adecuados<\/strong>. Las paredes pintadas con rojo ingl\u00e9s acompa\u00f1adas de un mural de piedra falsa, y un sof\u00e1 de piel oscura, hacen que el sal\u00f3n, adem\u00e1s de moderno, posea un matiz r\u00fastico.<\/p>\n<p style=\"text-align: center;\"><img decoding=\"async\" loading=\"lazy\" class=\"aligncenter wp-image-993 size-full\" style=\"border-color: #bbbbbb; background-color: #eeeeee;\" title=\"Sal\u00f3n decorado con estilo r\u00fastico moderno\" src=\"https:\/\/www.delsofa.es\/informacion\/wp-content\/uploads\/2013\/09\/decoracion-rustica.jpg\" alt=\"decoracion rustica\" width=\"450\" height=\"330\" srcset=\"https:\/\/www.delsofa.es\/informacion\/wp-content\/uploads\/2013\/09\/decoracion-rustica.jpg 450w, https:\/\/www.delsofa.es\/informacion\/wp-content\/uploads\/2013\/09\/decoracion-rustica-300x220.jpg 300w, https:\/\/www.delsofa.es\/informacion\/wp-content\/uploads\/2013\/09\/decoracion-rustica-409x300.jpg 409w\" sizes=\"(max-width: 450px) 100vw, 450px\" \/><\/p>\n<p style=\"text-align: justify;\">El negro, el gris y el blanco son colores fant\u00e1sticos para este tipo de decoraci\u00f3n, m\u00e1s si los mezclamos con detalles met\u00e1licos. Por ejemplo, utilizando <strong>muebles y complementos desenfadados<\/strong>, dise\u00f1os divertidos inspirados en el dise\u00f1o gr\u00e1fico y el mundo de la publicidad. Paredes con fotograf\u00edas cuidadas, lienzos al estilo de Andy Warhol, pueden darle un aire moderno a nuestro sal\u00f3n, como nos cuentan en este<a title=\"Salones modernos y divertidos\" href=\"http:\/\/www.decoratrix.com\/decoracion-moderna-y-divertida\/93382\/\" target=\"_blank\"> post de Decoratrix<\/a>.<\/p>\n<p style=\"text-align: justify;\"><img decoding=\"async\" loading=\"lazy\" class=\"aligncenter wp-image-3809 size-full\" title=\"Sal\u00f3n decorado con estilo moderno en blanco y negro\" src=\"https:\/\/www.delsofa.es\/informacion\/wp-content\/uploads\/2013\/09\/salones-modernos1.jpg\" alt=\"salones-modernos\" width=\"584\" height=\"298\" srcset=\"https:\/\/www.delsofa.es\/informacion\/wp-content\/uploads\/2013\/09\/salones-modernos1.jpg 584w, https:\/\/www.delsofa.es\/informacion\/wp-content\/uploads\/2013\/09\/salones-modernos1-300x153.jpg 300w, https:\/\/www.delsofa.es\/informacion\/wp-content\/uploads\/2013\/09\/salones-modernos1-500x255.jpg 500w\" sizes=\"(max-width: 584px) 100vw, 584px\" \/><\/p>\n<p style=\"text-align: justify;\">Como pod\u00e9is ver\u00a0<strong>no existen colores establecidos para la decoraci\u00f3n de un sal\u00f3n moderno<\/strong>, aunque s\u00ed es cierto que debemos buscar una combinaci\u00f3n entre todos los tonos de los elementos del sal\u00f3n.<\/p>\n<p style=\"text-align: justify;\"><span style=\"font-size: 125%; color: #993366;\">Mobiliario en salones modernos<\/span><\/p>\n<p style=\"text-align: justify;\"><span style=\"text-align: justify;\">La utilizaci\u00f3n de muebles de colores con unas paredes en tonos alegres, nos dar\u00e1 un estilo m\u00e1s desenfado, hippie y positivo, m\u00e1s todav\u00eda si utilizamos objetos de decoraci\u00f3n reciclados. Es muy\u00a0\u00fatil <strong>huir de los muebles monocrom\u00e1ticos<\/strong>, creando zonas diferenciadas para cada uno de ellos.<\/span><\/p>\n<p style=\"text-align: center;\"><img decoding=\"async\" loading=\"lazy\" class=\"aligncenter wp-image-994 size-full\" title=\"Sal\u00f3n decorado con estilo moderno de colores y mobiliario atrevido\" src=\"https:\/\/www.delsofa.es\/informacion\/wp-content\/uploads\/2013\/09\/decoracion-hippie.jpg\" alt=\"decoracion hippie\" width=\"450\" height=\"318\" srcset=\"https:\/\/www.delsofa.es\/informacion\/wp-content\/uploads\/2013\/09\/decoracion-hippie.jpg 450w, https:\/\/www.delsofa.es\/informacion\/wp-content\/uploads\/2013\/09\/decoracion-hippie-300x212.jpg 300w, https:\/\/www.delsofa.es\/informacion\/wp-content\/uploads\/2013\/09\/decoracion-hippie-424x300.jpg 424w\" sizes=\"(max-width: 450px) 100vw, 450px\" \/><\/p>\n<p style=\"text-align: justify;\">Si lo que queremos es un sal\u00f3n de corte minimalista, inspirados en la filosof\u00eda zen, el <strong>uso de muebles de estilo oriental<\/strong>, como resaltan en el <a title=\"Decoraci\u00f3n minimalista de estilo oriental del sal\u00f3n\" href=\"http:\/\/www.i-salones.com\/decoracion-de-un-salon-minimalista\" target=\"_blank\">blog de isalones<\/a>, tienen una cabida perfecta en este tipo de salones, y har\u00e1n que nos acerquemos a ese ambiente que buscamos crear. Lo ideal en un sal\u00f3n de este tipo es utilizar elementos geom\u00e9tricos rectos, l\u00edneas simples, evitando las curvas y ondulaciones. Esta pauta la seguiremos tanto en muebles como en otros elementos decorativos: espejos, cuadros, alfombras&#8230;<\/p>\n<p style=\"text-align: justify;\"><img decoding=\"async\" loading=\"lazy\" class=\"aligncenter wp-image-3810 size-full\" title=\"Sal\u00f3n decorado con estilo moderno de corte minimalista\" src=\"https:\/\/www.delsofa.es\/informacion\/wp-content\/uploads\/2013\/09\/decoracion-minimalista1.jpg\" alt=\"decoracion-minimalista\" width=\"584\" height=\"389\" srcset=\"https:\/\/www.delsofa.es\/informacion\/wp-content\/uploads\/2013\/09\/decoracion-minimalista1.jpg 584w, https:\/\/www.delsofa.es\/informacion\/wp-content\/uploads\/2013\/09\/decoracion-minimalista1-300x199.jpg 300w, https:\/\/www.delsofa.es\/informacion\/wp-content\/uploads\/2013\/09\/decoracion-minimalista1-450x300.jpg 450w\" sizes=\"(max-width: 584px) 100vw, 584px\" \/><\/p>\n<p style=\"text-align: justify;\">La combinaci\u00f3n de materiales en los salones modernos es uno de los secretos del \u00e9xito. Pero recordad, siempre hay que <strong>buscar la elegancia y la simplicidad<\/strong> de la estancia.<\/p>\n<p style=\"text-align: justify;\"><span style=\"font-size: 125%; color: #993366;\">Accesorios decorativos en salones modernos<\/span><\/p>\n<p style=\"text-align: justify;\">En la decoraci\u00f3n de un sal\u00f3n moderno la clave est\u00e1 en <strong>no utilizar m\u00e1s accesorios de los necesarios<\/strong>. Aqu\u00ed podr\u00edamos utilizar el dicho \u201cmenos es m\u00e1s\u201d. Hay que apostar por pocos detalles, pero que destaquen bien entre los tonos de las paredes o el mobiliario utilizado. Intentaremos que sean aut\u00e9nticas obras de arte, como espejos modernos, l\u00e1mparas de pie o de mesa llamativas&#8230;<\/p>\n<p style=\"text-align: center;\"><img decoding=\"async\" loading=\"lazy\" class=\"aligncenter\" title=\"Sal\u00f3n moderno en blanco\" src=\"https:\/\/www.delsofa.es\/informacion\/wp-content\/uploads\/2013\/09\/salones-modernos.jpg\" alt=\"Utilizacion del espacio\" width=\"450\" height=\"270\" \/><\/p>\n<p style=\"text-align: justify;\"><span style=\"font-size: 125%; color: #993366;\">Iluminaci\u00f3n en salones modernos<\/span><\/p>\n<p style=\"text-align: justify;\">La iluminaci\u00f3n es una de las claves para darle un aire moderno, minimalista o desenfado a nuestro sal\u00f3n, tal y como nos explican en el <a title=\"Iluminaci\u00f3n de salones modernos\" href=\"http:\/\/www.hogartotal.com\/4501\/ideas-para-decorar-interiores-modernos\" target=\"_blank\">blog de Hogartotal<\/a>.<\/p>\n<p style=\"text-align: justify;\">En un sal\u00f3n minimalista hay que <strong>potenciar la luz natural al m\u00e1ximo<\/strong>, con grandes ventanales y elementos que reflejen la luz solar, espejos, cristales, etc. En cambio, la luz artificial, hay que intentar que sea blanca y muy luminosa,\u00a0as\u00ed potencia los interiores, resaltando las texturas y el color del interior.<\/p>\n<p style=\"text-align: center;\"><img decoding=\"async\" loading=\"lazy\" class=\"aligncenter wp-image-995 size-large\" title=\"Iluminaci\u00f3n de un sal\u00f3n de estilo moderno\" src=\"https:\/\/www.delsofa.es\/informacion\/wp-content\/uploads\/2013\/09\/decoracion-minimalista2-1024x636.jpg\" alt=\"Sal\u00f3n minimalista\" width=\"584\" height=\"362\" srcset=\"https:\/\/www.delsofa.es\/informacion\/wp-content\/uploads\/2013\/09\/decoracion-minimalista2-1024x636.jpg 1024w, https:\/\/www.delsofa.es\/informacion\/wp-content\/uploads\/2013\/09\/decoracion-minimalista2-300x186.jpg 300w, https:\/\/www.delsofa.es\/informacion\/wp-content\/uploads\/2013\/09\/decoracion-minimalista2-482x300.jpg 482w, https:\/\/www.delsofa.es\/informacion\/wp-content\/uploads\/2013\/09\/decoracion-minimalista2.jpg 1600w\" sizes=\"(max-width: 584px) 100vw, 584px\" \/><\/p>\n<p style=\"text-align: justify;\">En un <strong>sal\u00f3n moderno con corte r\u00fastico<\/strong>, utilizaremos una luz m\u00e1s oscura, de tonos amarillentos. La luz natural la dejaremos entrar a trav\u00e9s de unas cortinas con colores que jueguen con los tonos de las paredes. A no ser que tengamos unas vistas tan incre\u00edbles como las de este sal\u00f3n r\u00fastico moderno que nos muestran en el <a title=\"Decoraci\u00f3n sal\u00f3n r\u00fastico moderno\" href=\"http:\/\/decoracion.facilisimo.com\/foros\/estilos\/clasico-renovado\/un-interior-pop-retro-espiritu-rustico_829646.html\" target=\"_blank\">blog Decoraci\u00f3n Facilisimo<\/a>.<\/p>\n<p style=\"text-align: justify;\"><img decoding=\"async\" loading=\"lazy\" class=\"aligncenter wp-image-3811 size-full\" title=\"Sal\u00f3n con decoraci\u00f3n r\u00fastica moderna\" src=\"https:\/\/www.delsofa.es\/informacion\/wp-content\/uploads\/2013\/09\/decoracion_rustica_colorida.jpg\" alt=\"decoracion_rustica_colorida\" width=\"584\" height=\"506\" srcset=\"https:\/\/www.delsofa.es\/informacion\/wp-content\/uploads\/2013\/09\/decoracion_rustica_colorida.jpg 584w, https:\/\/www.delsofa.es\/informacion\/wp-content\/uploads\/2013\/09\/decoracion_rustica_colorida-300x259.jpg 300w, https:\/\/www.delsofa.es\/informacion\/wp-content\/uploads\/2013\/09\/decoracion_rustica_colorida-346x300.jpg 346w\" sizes=\"(max-width: 584px) 100vw, 584px\" \/><\/p>\n<p style=\"text-align: justify;\"><span style=\"font-size: 125%; color: #993366;\">Organizaci\u00f3n y distribuci\u00f3n del espacio<\/span><\/p>\n<p style=\"text-align: justify;\">En todo sal\u00f3n la organizaci\u00f3n y distribuci\u00f3n del espacio son dos aspectos b\u00e1sicos. Utilizar <strong>muebles en los que se puedan guardar elementos<\/strong> necesarios en el sal\u00f3n para que no se vean, como sof\u00e1s con armaz\u00f3n, mesas con cajones, son imprescindibles en un sal\u00f3n moderno.<\/p>\n<p style=\"text-align: center;\"><img decoding=\"async\" loading=\"lazy\" class=\"aligncenter wp-image-873 size-full\" title=\"Sal\u00f3n con decoraci\u00f3n moderna en blanco\" src=\"https:\/\/www.delsofa.es\/informacion\/wp-content\/uploads\/2013\/08\/Sof\u00e1s-blancos-para-el-verano1.jpg\" alt=\"Sof\u00e1s blancos para el verano\" width=\"540\" height=\"337\" srcset=\"https:\/\/www.delsofa.es\/informacion\/wp-content\/uploads\/2013\/08\/Sof\u00e1s-blancos-para-el-verano1.jpg 540w, https:\/\/www.delsofa.es\/informacion\/wp-content\/uploads\/2013\/08\/Sof\u00e1s-blancos-para-el-verano1-300x187.jpg 300w, https:\/\/www.delsofa.es\/informacion\/wp-content\/uploads\/2013\/08\/Sof\u00e1s-blancos-para-el-verano1-480x300.jpg 480w\" sizes=\"(max-width: 540px) 100vw, 540px\" \/><\/p>\n<p style=\"text-align: justify;\">La distribuci\u00f3n del espacio es una de las claves a la hora de decorar un sal\u00f3n moderno. Podemos <strong>crear varios ambientes dentro de la sala<\/strong>, utilizando decoraci\u00f3n diferente, usando un sof\u00e1 como separador, haciendo de la chimenea -en caso de tenerla- el centro de la estancia.<\/p>\n<p style=\"text-align: justify;\"><span style=\"font-size: 125%; color: #993366;\">Lofts modernos<\/span><\/p>\n<p style=\"text-align: justify;\">No pod\u00eda despedir este post sin hacer una referencia a la decoraci\u00f3n de lofts, la vivienda emblema y bandera de la modernidad. Para decorar un loft con estilo moderno, adem\u00e1s de seguir los consejos anteriores, es bueno <strong>distribuir los ambientes<\/strong>, como se\u00f1alan en este <a title=\"Decoraci\u00f3n de lofts con estilo moderno\" href=\"http:\/\/www.decoraciondeinteriores10.com\/ambientes\/diseno-de-interiores-de-un-loft-moderno\/\" target=\"_blank\">post de Decoraci\u00f3n y Dise\u00f1o de Interiores<\/a>. Para ello podemos utilizar distintos tonos en las paredes, incluso utilizando las ventanas como elementos separadores naturales de los ambientes. Utilizar la madera junto al blanco dar\u00e1 m\u00e1s iluminaci\u00f3n a la sala. Tambi\u00e9n podemos aprovechar el espacio al servirnos de las columnas a modo de estanter\u00edas.<\/p>\n<p style=\"text-align: justify;\"><img decoding=\"async\" loading=\"lazy\" class=\"aligncenter wp-image-3812 size-full\" title=\"Loft decorado con estilo modernos\" src=\"https:\/\/www.delsofa.es\/informacion\/wp-content\/uploads\/2013\/09\/loft-moderno1.jpg\" alt=\"loft-moderno\" width=\"584\" height=\"438\" srcset=\"https:\/\/www.delsofa.es\/informacion\/wp-content\/uploads\/2013\/09\/loft-moderno1.jpg 584w, https:\/\/www.delsofa.es\/informacion\/wp-content\/uploads\/2013\/09\/loft-moderno1-300x225.jpg 300w, https:\/\/www.delsofa.es\/informacion\/wp-content\/uploads\/2013\/09\/loft-moderno1-400x300.jpg 400w\" sizes=\"(max-width: 584px) 100vw, 584px\" \/><\/p>\n<p style=\"text-align: justify;\">En pr\u00f3ximos post os hablaremos de otros estilos de decoraci\u00f3n. Si quer\u00e9is que recopilemos ideas de alguno en especial, no dud\u00e9is en utilizar el campo de comentarios que aparece a continuaci\u00f3n para mandarnos vuestra propuesta. Nuestros bloggers est\u00e1n encantados de sugeriros y <strong>ayudaros en vuestra decoraci\u00f3n del hogar<\/strong>. \u00a1Las esperamos!<\/p>\n","protected":false},"excerpt":{"rendered":"<p>El sal\u00f3n como os hemos dicho en muchas ocasiones es uno de los lugares m\u00e1s especiales del hogar. En \u00e9l pasamos mucho tiempo, recibimos a las visitas, amigos, familiares&#8230; Sentirnos a gusto es fundamental para poder disfrutar del sal\u00f3n. La &hellip; <a href=\"https:\/\/www.delsofa.es\/informacion\/salones_modernos\/\">Sigue leyendo <span class=\"meta-nav\">&rarr;<\/span><\/a><\/p>\n","protected":false},"author":13,"featured_media":0,"comment_status":"open","ping_status":"open","sticky":false,"template":"","format":"standard","meta":[],"categories":[4,203,16],"tags":[305,302,304,301,303,306],"yoast_head":"<!-- This site is optimized with the Yoast SEO plugin v18.6 - https:\/\/yoast.com\/wordpress\/plugins\/seo\/ -->\n<title>Decoraci\u00f3n de salones en estilo moderno<\/title>\n<meta name=\"description\" content=\"Conseguir una decoraci\u00f3n de salones modernos es, a veces, una tarea dif\u00edcil. En este post encontrar\u00e1s consejos para una decoraci\u00f3n moderna y contempor\u00e1nea.\" \/>\n<meta name=\"robots\" content=\"index, follow, max-snippet:-1, max-image-preview:large, max-video-preview:-1\" \/>\n<link rel=\"canonical\" href=\"https:\/\/www.delsofa.es\/informacion\/salones_modernos\/\" \/>\n<meta name=\"twitter:card\" content=\"summary_large_image\" \/>\n<meta name=\"twitter:title\" content=\"Decoraci\u00f3n de salones en estilo moderno\" \/>\n<meta name=\"twitter:description\" content=\"Conseguir una decoraci\u00f3n de salones modernos es, a veces, una tarea dif\u00edcil. En este post encontrar\u00e1s consejos para una decoraci\u00f3n moderna y contempor\u00e1nea.\" \/>\n<meta name=\"twitter:image\" content=\"https:\/\/www.delsofa.es\/informacion\/wp-content\/uploads\/2013\/09\/mobiliario-simple11.jpg\" \/>\n<meta name=\"twitter:creator\" content=\"@delsofaES\" \/>\n<meta name=\"twitter:site\" content=\"@delsofaES\" \/>\n<meta name=\"twitter:label1\" content=\"Escrito por\" \/>\n\t<meta name=\"twitter:data1\" content=\"Experto en tapicer\u00eda\" \/>\n\t<meta name=\"twitter:label2\" content=\"Tiempo de lectura\" \/>\n\t<meta name=\"twitter:data2\" content=\"7 minutos\" \/>\n<script type=\"application\/ld+json\" class=\"yoast-schema-graph\">{\"@context\":\"https:\/\/schema.org\",\"@graph\":[{\"@type\":\"WebSite\",\"@id\":\"https:\/\/www.delsofa.es\/informacion\/#website\",\"url\":\"https:\/\/www.delsofa.es\/informacion\/\",\"name\":\"\",\"description\":\"\",\"potentialAction\":[{\"@type\":\"SearchAction\",\"target\":{\"@type\":\"EntryPoint\",\"urlTemplate\":\"https:\/\/www.delsofa.es\/informacion\/?s={search_term_string}\"},\"query-input\":\"required name=search_term_string\"}],\"inLanguage\":\"es\"},{\"@type\":\"ImageObject\",\"@id\":\"https:\/\/www.delsofa.es\/informacion\/salones_modernos\/#primaryimage\",\"inLanguage\":\"es\",\"url\":\"https:\/\/www.delsofa.es\/informacion\/wp-content\/uploads\/2013\/09\/mobiliario-simple11.jpg\",\"contentUrl\":\"https:\/\/www.delsofa.es\/informacion\/wp-content\/uploads\/2013\/09\/mobiliario-simple11.jpg\",\"width\":584,\"height\":361},{\"@type\":\"WebPage\",\"@id\":\"https:\/\/www.delsofa.es\/informacion\/salones_modernos\/#webpage\",\"url\":\"https:\/\/www.delsofa.es\/informacion\/salones_modernos\/\",\"name\":\"Decoraci\u00f3n de salones en estilo moderno\",\"isPartOf\":{\"@id\":\"https:\/\/www.delsofa.es\/informacion\/#website\"},\"primaryImageOfPage\":{\"@id\":\"https:\/\/www.delsofa.es\/informacion\/salones_modernos\/#primaryimage\"},\"datePublished\":\"2013-09-13T15:40:26+00:00\",\"dateModified\":\"2014-07-21T11:41:52+00:00\",\"author\":{\"@id\":\"https:\/\/www.delsofa.es\/informacion\/#\/schema\/person\/03954eb9eac50ec42f52cf339b59cbb7\"},\"description\":\"Conseguir una decoraci\u00f3n de salones modernos es, a veces, una tarea dif\u00edcil. En este post encontrar\u00e1s consejos para una decoraci\u00f3n moderna y contempor\u00e1nea.\",\"breadcrumb\":{\"@id\":\"https:\/\/www.delsofa.es\/informacion\/salones_modernos\/#breadcrumb\"},\"inLanguage\":\"es\",\"potentialAction\":[{\"@type\":\"ReadAction\",\"target\":[\"https:\/\/www.delsofa.es\/informacion\/salones_modernos\/\"]}]},{\"@type\":\"BreadcrumbList\",\"@id\":\"https:\/\/www.delsofa.es\/informacion\/salones_modernos\/#breadcrumb\",\"itemListElement\":[{\"@type\":\"ListItem\",\"position\":1,\"name\":\"Portada\",\"item\":\"https:\/\/www.delsofa.es\/informacion\/\"},{\"@type\":\"ListItem\",\"position\":2,\"name\":\"Decoraci\u00f3n de salones modernos\"}]},{\"@type\":\"Person\",\"@id\":\"https:\/\/www.delsofa.es\/informacion\/#\/schema\/person\/03954eb9eac50ec42f52cf339b59cbb7\",\"name\":\"Experto en tapicer\u00eda\",\"image\":{\"@type\":\"ImageObject\",\"@id\":\"https:\/\/www.delsofa.es\/informacion\/#personlogo\",\"inLanguage\":\"es\",\"url\":\"https:\/\/secure.gravatar.com\/avatar\/891a340b2742555f2f2227f609efb98d?s=96&d=mm&r=g\",\"contentUrl\":\"https:\/\/secure.gravatar.com\/avatar\/891a340b2742555f2f2227f609efb98d?s=96&d=mm&r=g\",\"caption\":\"Experto en tapicer\u00eda\"},\"url\":\"https:\/\/www.delsofa.es\/informacion\/author\/experto-en-descanso\/\"}]}<\/script>\n<!-- \/ Yoast SEO plugin. -->","yoast_head_json":{"title":"Decoraci\u00f3n de salones en estilo moderno","description":"Conseguir una decoraci\u00f3n de salones modernos es, a veces, una tarea dif\u00edcil. En este post encontrar\u00e1s consejos para una decoraci\u00f3n moderna y contempor\u00e1nea.","robots":{"index":"index","follow":"follow","max-snippet":"max-snippet:-1","max-image-preview":"max-image-preview:large","max-video-preview":"max-video-preview:-1"},"canonical":"https:\/\/www.delsofa.es\/informacion\/salones_modernos\/","twitter_card":"summary_large_image","twitter_title":"Decoraci\u00f3n de salones en estilo moderno","twitter_description":"Conseguir una decoraci\u00f3n de salones modernos es, a veces, una tarea dif\u00edcil. En este post encontrar\u00e1s consejos para una decoraci\u00f3n moderna y contempor\u00e1nea.","twitter_image":"https:\/\/www.delsofa.es\/informacion\/wp-content\/uploads\/2013\/09\/mobiliario-simple11.jpg","twitter_creator":"@delsofaES","twitter_site":"@delsofaES","twitter_misc":{"Escrito por":"Experto en tapicer\u00eda","Tiempo de lectura":"7 minutos"},"schema":{"@context":"https:\/\/schema.org","@graph":[{"@type":"WebSite","@id":"https:\/\/www.delsofa.es\/informacion\/#website","url":"https:\/\/www.delsofa.es\/informacion\/","name":"","description":"","potentialAction":[{"@type":"SearchAction","target":{"@type":"EntryPoint","urlTemplate":"https:\/\/www.delsofa.es\/informacion\/?s={search_term_string}"},"query-input":"required name=search_term_string"}],"inLanguage":"es"},{"@type":"ImageObject","@id":"https:\/\/www.delsofa.es\/informacion\/salones_modernos\/#primaryimage","inLanguage":"es","url":"https:\/\/www.delsofa.es\/informacion\/wp-content\/uploads\/2013\/09\/mobiliario-simple11.jpg","contentUrl":"https:\/\/www.delsofa.es\/informacion\/wp-content\/uploads\/2013\/09\/mobiliario-simple11.jpg","width":584,"height":361},{"@type":"WebPage","@id":"https:\/\/www.delsofa.es\/informacion\/salones_modernos\/#webpage","url":"https:\/\/www.delsofa.es\/informacion\/salones_modernos\/","name":"Decoraci\u00f3n de salones en estilo moderno","isPartOf":{"@id":"https:\/\/www.delsofa.es\/informacion\/#website"},"primaryImageOfPage":{"@id":"https:\/\/www.delsofa.es\/informacion\/salones_modernos\/#primaryimage"},"datePublished":"2013-09-13T15:40:26+00:00","dateModified":"2014-07-21T11:41:52+00:00","author":{"@id":"https:\/\/www.delsofa.es\/informacion\/#\/schema\/person\/03954eb9eac50ec42f52cf339b59cbb7"},"description":"Conseguir una decoraci\u00f3n de salones modernos es, a veces, una tarea dif\u00edcil. En este post encontrar\u00e1s consejos para una decoraci\u00f3n moderna y contempor\u00e1nea.","breadcrumb":{"@id":"https:\/\/www.delsofa.es\/informacion\/salones_modernos\/#breadcrumb"},"inLanguage":"es","potentialAction":[{"@type":"ReadAction","target":["https:\/\/www.delsofa.es\/informacion\/salones_modernos\/"]}]},{"@type":"BreadcrumbList","@id":"https:\/\/www.delsofa.es\/informacion\/salones_modernos\/#breadcrumb","itemListElement":[{"@type":"ListItem","position":1,"name":"Portada","item":"https:\/\/www.delsofa.es\/informacion\/"},{"@type":"ListItem","position":2,"name":"Decoraci\u00f3n de salones modernos"}]},{"@type":"Person","@id":"https:\/\/www.delsofa.es\/informacion\/#\/schema\/person\/03954eb9eac50ec42f52cf339b59cbb7","name":"Experto en tapicer\u00eda","image":{"@type":"ImageObject","@id":"https:\/\/www.delsofa.es\/informacion\/#personlogo","inLanguage":"es","url":"https:\/\/secure.gravatar.com\/avatar\/891a340b2742555f2f2227f609efb98d?s=96&d=mm&r=g","contentUrl":"https:\/\/secure.gravatar.com\/avatar\/891a340b2742555f2f2227f609efb98d?s=96&d=mm&r=g","caption":"Experto en tapicer\u00eda"},"url":"https:\/\/www.delsofa.es\/informacion\/author\/experto-en-descanso\/"}]}},"amp_enabled":true,"_links":{"self":[{"href":"https:\/\/www.delsofa.es\/informacion\/wp-json\/wp\/v2\/posts\/986"}],"collection":[{"href":"https:\/\/www.delsofa.es\/informacion\/wp-json\/wp\/v2\/posts"}],"about":[{"href":"https:\/\/www.delsofa.es\/informacion\/wp-json\/wp\/v2\/types\/post"}],"author":[{"embeddable":true,"href":"https:\/\/www.delsofa.es\/informacion\/wp-json\/wp\/v2\/users\/13"}],"replies":[{"embeddable":true,"href":"https:\/\/www.delsofa.es\/informacion\/wp-json\/wp\/v2\/comments?post=986"}],"version-history":[{"count":21,"href":"https:\/\/www.delsofa.es\/informacion\/wp-json\/wp\/v2\/posts\/986\/revisions"}],"predecessor-version":[{"id":3814,"href":"https:\/\/www.delsofa.es\/informacion\/wp-json\/wp\/v2\/posts\/986\/revisions\/3814"}],"wp:attachment":[{"href":"https:\/\/www.delsofa.es\/informacion\/wp-json\/wp\/v2\/media?parent=986"}],"wp:term":[{"taxonomy":"category","embeddable":true,"href":"https:\/\/www.delsofa.es\/informacion\/wp-json\/wp\/v2\/categories?post=986"},{"taxonomy":"post_tag","embeddable":true,"href":"https:\/\/www.delsofa.es\/informacion\/wp-json\/wp\/v2\/tags?post=986"}],"curies":[{"name":"wp","href":"https:\/\/api.w.org\/{rel}","templated":true}]}}