{"id":3,"name":"Inma Molt\u00f3","url":"http:\/\/www.periodistasocialmedia.com","description":"Soy periodista, community manager y formadora en redes sociales. Desde enero de 2013 escribo en el Blog Delsofa y actualmente tambi\u00e9n me encargo de su supervisi\u00f3n. Me encanta todo lo relacionado con la decoraci\u00f3n y el dise\u00f1o. Si quer\u00e9is saber m\u00e1s os dejo mi web: <a href=\"http:\/\/www.periodistasocialmedia.com\">www.periodistasocialmedia.com<\/a>","link":"https:\/\/www.delsofa.es\/informacion\/author\/inma\/","slug":"inma","avatar_urls":{"24":"https:\/\/secure.gravatar.com\/avatar\/6411caf208a31a6dd0c4c353341facb7?s=24&d=mm&r=g","48":"https:\/\/secure.gravatar.com\/avatar\/6411caf208a31a6dd0c4c353341facb7?s=48&d=mm&r=g","96":"https:\/\/secure.gravatar.com\/avatar\/6411caf208a31a6dd0c4c353341facb7?s=96&d=mm&r=g"},"meta":[],"yoast_head":"<!-- This site is optimized with the Yoast SEO plugin v18.6 - https:\/\/yoast.com\/wordpress\/plugins\/seo\/ -->\n<title>Inma Molt\u00f3, Autor en<\/title>\n<meta name=\"robots\" content=\"index, follow, max-snippet:-1, max-image-preview:large, max-video-preview:-1\" \/>\n<link rel=\"canonical\" href=\"https:\/\/www.delsofa.es\/informacion\/author\/inma\/\" \/>\n<meta name=\"twitter:card\" content=\"summary_large_image\" \/>\n<meta name=\"twitter:title\" content=\"Inma Molt\u00f3, Autor en\" \/>\n<meta name=\"twitter:image\" content=\"https:\/\/secure.gravatar.com\/avatar\/6411caf208a31a6dd0c4c353341facb7?s=500&amp;d=mm&amp;r=g\" \/>\n<meta name=\"twitter:site\" content=\"@delsofaES\" \/>\n<script type=\"application\/ld+json\" class=\"yoast-schema-graph\">{\"@context\":\"https:\/\/schema.org\",\"@graph\":[{\"@type\":\"WebSite\",\"@id\":\"https:\/\/www.delsofa.es\/informacion\/#website\",\"url\":\"https:\/\/www.delsofa.es\/informacion\/\",\"name\":\"\",\"description\":\"\",\"potentialAction\":[{\"@type\":\"SearchAction\",\"target\":{\"@type\":\"EntryPoint\",\"urlTemplate\":\"https:\/\/www.delsofa.es\/informacion\/?s={search_term_string}\"},\"query-input\":\"required name=search_term_string\"}],\"inLanguage\":\"es\"},{\"@type\":\"ProfilePage\",\"@id\":\"https:\/\/www.delsofa.es\/informacion\/author\/inma\/#webpage\",\"url\":\"https:\/\/www.delsofa.es\/informacion\/author\/inma\/\",\"name\":\"Inma Molt\u00f3, Autor en\",\"isPartOf\":{\"@id\":\"https:\/\/www.delsofa.es\/informacion\/#website\"},\"breadcrumb\":{\"@id\":\"https:\/\/www.delsofa.es\/informacion\/author\/inma\/#breadcrumb\"},\"inLanguage\":\"es\",\"potentialAction\":[{\"@type\":\"ReadAction\",\"target\":[\"https:\/\/www.delsofa.es\/informacion\/author\/inma\/\"]}]},{\"@type\":\"BreadcrumbList\",\"@id\":\"https:\/\/www.delsofa.es\/informacion\/author\/inma\/#breadcrumb\",\"itemListElement\":[{\"@type\":\"ListItem\",\"position\":1,\"name\":\"Portada\",\"item\":\"https:\/\/www.delsofa.es\/informacion\/\"},{\"@type\":\"ListItem\",\"position\":2,\"name\":\"Archivos por Inma Molt\u00f3\"}]},{\"@type\":\"Person\",\"@id\":\"https:\/\/www.delsofa.es\/informacion\/#\/schema\/person\/904d00808e282031a3b11f51524d259c\",\"name\":\"Inma Molt\u00f3\",\"image\":{\"@type\":\"ImageObject\",\"@id\":\"https:\/\/www.delsofa.es\/informacion\/#personlogo\",\"inLanguage\":\"es\",\"url\":\"https:\/\/secure.gravatar.com\/avatar\/6411caf208a31a6dd0c4c353341facb7?s=96&d=mm&r=g\",\"contentUrl\":\"https:\/\/secure.gravatar.com\/avatar\/6411caf208a31a6dd0c4c353341facb7?s=96&d=mm&r=g\",\"caption\":\"Inma Molt\u00f3\"},\"description\":\"Soy periodista, community manager y formadora en redes sociales. Desde enero de 2013 escribo en el Blog Delsofa y actualmente tambi\u00e9n me encargo de su supervisi\u00f3n. Me encanta todo lo relacionado con la decoraci\u00f3n y el dise\u00f1o. Si quer\u00e9is saber m\u00e1s os dejo mi web: www.periodistasocialmedia.com\",\"sameAs\":[\"http:\/\/www.periodistasocialmedia.com\",\"https:\/\/twitter.com\/http:\/\/www.twitter.com\/inmolber\"],\"mainEntityOfPage\":{\"@id\":\"https:\/\/www.delsofa.es\/informacion\/author\/inma\/#webpage\"}}]}<\/script>\n<!-- \/ Yoast SEO plugin. -->","yoast_head_json":{"title":"Inma Molt\u00f3, Autor en","robots":{"index":"index","follow":"follow","max-snippet":"max-snippet:-1","max-image-preview":"max-image-preview:large","max-video-preview":"max-video-preview:-1"},"canonical":"https:\/\/www.delsofa.es\/informacion\/author\/inma\/","twitter_card":"summary_large_image","twitter_title":"Inma Molt\u00f3, Autor en","twitter_image":"https:\/\/secure.gravatar.com\/avatar\/6411caf208a31a6dd0c4c353341facb7?s=500&d=mm&r=g","twitter_site":"@delsofaES","schema":{"@context":"https:\/\/schema.org","@graph":[{"@type":"WebSite","@id":"https:\/\/www.delsofa.es\/informacion\/#website","url":"https:\/\/www.delsofa.es\/informacion\/","name":"","description":"","potentialAction":[{"@type":"SearchAction","target":{"@type":"EntryPoint","urlTemplate":"https:\/\/www.delsofa.es\/informacion\/?s={search_term_string}"},"query-input":"required name=search_term_string"}],"inLanguage":"es"},{"@type":"ProfilePage","@id":"https:\/\/www.delsofa.es\/informacion\/author\/inma\/#webpage","url":"https:\/\/www.delsofa.es\/informacion\/author\/inma\/","name":"Inma Molt\u00f3, Autor en","isPartOf":{"@id":"https:\/\/www.delsofa.es\/informacion\/#website"},"breadcrumb":{"@id":"https:\/\/www.delsofa.es\/informacion\/author\/inma\/#breadcrumb"},"inLanguage":"es","potentialAction":[{"@type":"ReadAction","target":["https:\/\/www.delsofa.es\/informacion\/author\/inma\/"]}]},{"@type":"BreadcrumbList","@id":"https:\/\/www.delsofa.es\/informacion\/author\/inma\/#breadcrumb","itemListElement":[{"@type":"ListItem","position":1,"name":"Portada","item":"https:\/\/www.delsofa.es\/informacion\/"},{"@type":"ListItem","position":2,"name":"Archivos por Inma Molt\u00f3"}]},{"@type":"Person","@id":"https:\/\/www.delsofa.es\/informacion\/#\/schema\/person\/904d00808e282031a3b11f51524d259c","name":"Inma Molt\u00f3","image":{"@type":"ImageObject","@id":"https:\/\/www.delsofa.es\/informacion\/#personlogo","inLanguage":"es","url":"https:\/\/secure.gravatar.com\/avatar\/6411caf208a31a6dd0c4c353341facb7?s=96&d=mm&r=g","contentUrl":"https:\/\/secure.gravatar.com\/avatar\/6411caf208a31a6dd0c4c353341facb7?s=96&d=mm&r=g","caption":"Inma Molt\u00f3"},"description":"Soy periodista, community manager y formadora en redes sociales. Desde enero de 2013 escribo en el Blog Delsofa y actualmente tambi\u00e9n me encargo de su supervisi\u00f3n. Me encanta todo lo relacionado con la decoraci\u00f3n y el dise\u00f1o. Si quer\u00e9is saber m\u00e1s os dejo mi web: www.periodistasocialmedia.com","sameAs":["http:\/\/www.periodistasocialmedia.com","https:\/\/twitter.com\/http:\/\/www.twitter.com\/inmolber"],"mainEntityOfPage":{"@id":"https:\/\/www.delsofa.es\/informacion\/author\/inma\/#webpage"}}]}},"amp_review_panel_dismissed_for_template_mode":"","amp_dev_tools_enabled":false,"_links":{"self":[{"href":"https:\/\/www.delsofa.es\/informacion\/wp-json\/wp\/v2\/users\/3"}],"collection":[{"href":"https:\/\/www.delsofa.es\/informacion\/wp-json\/wp\/v2\/users"}]}}